{"id":4202,"date":"2025-12-17T05:50:09","date_gmt":"2025-12-17T04:50:09","guid":{"rendered":"https:\/\/webalquimia.es\/?p=4202"},"modified":"2025-12-17T05:50:11","modified_gmt":"2025-12-17T04:50:11","slug":"el-tren-de-la-ilusion-se-pone-en-marcha-en-medina-de-rioseco-en-un-fin-de-semana-con-protagonismo-para-el-comercio-y-la-hosteleria-local","status":"publish","type":"post","link":"https:\/\/pueblosycomarcas.com\/en\/el-tren-de-la-ilusion-se-pone-en-marcha-en-medina-de-rioseco-en-un-fin-de-semana-con-protagonismo-para-el-comercio-y-la-hosteleria-local\/","title":{"rendered":"El tren de la ilusi\u00f3n se pone en marcha en Medina de Rioseco en un fin de semana con protagonismo para el comercio y la hosteler\u00eda local"},"content":{"rendered":"<div data-elementor-type=\"wp-post\" data-elementor-id=\"4202\" class=\"elementor elementor-4202\">\n\t\t\t\t<div class=\"elementor-element elementor-element-c88ab48 e-flex e-con-boxed wpr-particle-no wpr-jarallax-no wpr-parallax-no wpr-sticky-section-no wpr-equal-height-no e-con e-parent\" data-id=\"c88ab48\" data-element_type=\"container\" data-e-type=\"container\">\n\t\t\t\t\t<div class=\"e-con-inner\">\n\t\t\t\t<div class=\"elementor-element elementor-element-5cc57d7 elementor-widget elementor-widget-heading\" data-id=\"5cc57d7\" data-element_type=\"widget\" data-e-type=\"widget\" data-widget_type=\"heading.default\">\n\t\t\t\t\t<h2 class=\"elementor-heading-title elementor-size-default\">El tren de la ilusi\u00f3n se pone en marcha en Medina de Rioseco en un fin de semana con protagonismo para el comercio y la hosteler\u00eda local<\/h2>\t\t\t\t<\/div>\n\t\t\t\t<div class=\"elementor-element elementor-element-5e4bf99 elementor-widget elementor-widget-text-editor\" data-id=\"5e4bf99\" data-element_type=\"widget\" data-e-type=\"widget\" data-widget_type=\"text-editor.default\">\n\t\t\t\t\t\t\t\t\t<ul><li><h6><em><strong>El Mercado Navide\u00f1o de la Ciudad Europea de la Navidad muestra a vecinos y turistas lo mejor de cada establecimiento<\/strong><\/em><\/h6><\/li><li><h6><em><strong>El s\u00e1bado tambi\u00e9n tendr\u00e1 lugar el D\u00eda de los Jers\u00e9is Navide\u00f1os<\/strong><\/em><\/h6><\/li><\/ul>\t\t\t\t\t\t\t\t<\/div>\n\t\t\t\t<div class=\"elementor-element elementor-element-2ec7ea5 elementor-widget-divider--view-line elementor-widget elementor-widget-divider\" data-id=\"2ec7ea5\" data-element_type=\"widget\" data-e-type=\"widget\" data-widget_type=\"divider.default\">\n\t\t\t\t\t\t\t<div class=\"elementor-divider\">\n\t\t\t<span class=\"elementor-divider-separator\">\n\t\t\t\t\t\t<\/span>\n\t\t<\/div>\n\t\t\t\t\t\t<\/div>\n\t\t\t\t<div class=\"elementor-element elementor-element-eee6633 elementor-widget elementor-widget-image\" data-id=\"eee6633\" data-element_type=\"widget\" data-e-type=\"widget\" data-widget_type=\"image.default\">\n\t\t\t\t\t\t\t\t\t\t\t\t\t\t\t<img fetchpriority=\"high\" decoding=\"async\" width=\"800\" height=\"400\" src=\"https:\/\/pueblosycomarcas.com\/wp-content\/uploads\/2025\/12\/20251217_rioseco_navidad.jpeg\" class=\"attachment-large size-large wp-image-4203\" alt=\"\" srcset=\"https:\/\/pueblosycomarcas.com\/wp-content\/uploads\/2025\/12\/20251217_rioseco_navidad.jpeg 800w, https:\/\/pueblosycomarcas.com\/wp-content\/uploads\/2025\/12\/20251217_rioseco_navidad-300x150.jpeg 300w, https:\/\/pueblosycomarcas.com\/wp-content\/uploads\/2025\/12\/20251217_rioseco_navidad-768x384.jpeg 768w\" sizes=\"(max-width: 800px) 100vw, 800px\" \/>\t\t\t\t\t\t\t\t\t\t\t\t\t\t\t<\/div>\n\t\t\t\t<div class=\"elementor-element elementor-element-144b965 elementor-widget elementor-widget-text-editor\" data-id=\"144b965\" data-element_type=\"widget\" data-e-type=\"widget\" data-widget_type=\"text-editor.default\">\n\t\t\t\t\t\t\t\t\t<p><br \/><a href=\"https:\/\/www.facebook.com\/Pueblos-y-Comarcas-125437870924169\/?fref=ts\"><em><strong>Pueblosycomarcas.com<\/strong><\/em><\/a><em><strong>;\u00a0<\/strong><\/em><a href=\"https:\/\/twitter.com\/PueblosComarcas\"><em><strong>@PueblosComarcas<\/strong><\/em><\/a><\/p><p>Medina de Rioseco ya est\u00e1 inmersa en el programa navide\u00f1o con multitud de actividades desde la semana de la Constituci\u00f3n, si bien estos d\u00edas se acrecientan los eventos. Es el caso del fin de semana del 20 y 21 de diciembre, cuando se concentrar\u00e1n dos de los momentos que m\u00e1s gente sacan a la calle. As\u00ed lo han presentado el alcalde, David Esteban, y el presidente de la Asociaci\u00f3n de Empresarios Riosecanos y Comarca, Fran de la Iglesia, en la Diputaci\u00f3n de Valladolid.<\/p><p>El Mercado Navide\u00f1o de la Ciudad Europea de la Navidad, organizado por AEMPRYC y con la colaboraci\u00f3n de este Ayuntamiento, saca a la calle lo mejor del comercio rural durante todo el s\u00e1bado y la ma\u00f1ana del domingo. Distintos puestos de regalos, libros, alimentaci\u00f3n, ropa o calzado, entre otros, har\u00e1n las delicias del consumidor para ayudar a Pap\u00e1 Noel y a los Reyes Magos a elegir el mejor regalo para estos d\u00edas. Adem\u00e1s, los establecimientos que pertenecen a esta asociaci\u00f3n ya est\u00e1n inmersos en la campa\u00f1a \u2018El tren de la ilusi\u00f3n\u2019. As\u00ed, por cada compra superior a diez euros en los comercios participantes, el cliente recibe una papeleta para entrar en un sorteo de un vale de 500 euros. El ganador se conocer\u00e1 el D\u00eda de Reyes coincidiendo con el sorteo de la loter\u00eda de El Ni\u00f1o.<\/p><p>Adem\u00e1s, el 20 de diciembre, el Ayuntamiento ha programado el D\u00eda de los Jers\u00e9is Navide\u00f1os. Esta jornada tiene como fin que familias y grupos de amigos disfruten del verm\u00fa y del tardeo por las calles de Medina de Rioseco y consuman en la hosteler\u00eda riosecana, especialmente en los bares que participan con distintos regalos para los jers\u00e9is m\u00e1s originales. Por la ma\u00f1ana, una charanga amenizar\u00e1 la zona de la estaci\u00f3n de autobuses y plaza de la Solidaridad para acabar en la calle Mayor. Por la tarde, la m\u00fasica de charanga volver\u00e1 a animar el tardeo desde la Plaza Mayor hasta la plaza de Santo Domingo donde se har\u00e1 la entrega de premios.<\/p><p>Cabe recordar que precisamente en la Plaza Mayor se encuentra ya abierto el Mercado de Navidad, con puestos propios de las fechas y atracciones infantiles y permanecer\u00e1 en nuestra ciudad hasta el 6 de enero. Adem\u00e1s, esta semana los escolares visitar\u00e1n la residencia de ancianos para cantarles villancicos, llevar\u00e1n a cabo sendas funciones navide\u00f1as y pondr\u00e1n sus mensajes en el \u00c1rbol de los Deseos. El Museo Temporal del Bel\u00e9n abrir\u00e1 un a\u00f1o m\u00e1s sus puertas para el asombro de todos gracias al trabajo de la Asociaci\u00f3n Belenista Riosecana. Durante las fechas navide\u00f1as propiamente dichas, los peque\u00f1os son los protagonistas con cuentacuentos, teatro, parque de navilandia\u2026 Tambi\u00e9n hay tiempo para el folclore, la m\u00fasica cl\u00e1sica y distintos campeonatos deportivos con la solidaridad por bandera. Pero si hay un d\u00eda que destaca por encima del resto ese es el 5 de enero, la Noche de Reyes.<\/p><p>Sus Majestades de Oriente llegar\u00e1n a Medina de Rioseco surcando las aguas del Canal de Castilla en un momento que ya es Fiesta de Inter\u00e9s Tur\u00edstico Regional. Posteriormente, recorrer\u00e1n las principales calles de la Ciudad Europea de la Navidad para, en el Ayuntamiento, recibir a los m\u00e1s peque\u00f1os y conocer sus deseos para la noche m\u00e1s m\u00e1gica del a\u00f1o.<\/p>\t\t\t\t\t\t\t\t<\/div>\n\t\t\t\t\t<\/div>\n\t\t\t\t<\/div>\n\t\t\t\t<\/div>","protected":false},"excerpt":{"rendered":"<p>El tren de la ilusi\u00f3n se pone en marcha en Medina de Rioseco en un fin de semana con protagonismo para el comercio y la hosteler\u00eda local El Mercado Navide\u00f1o de la Ciudad Europea de la Navidad muestra a vecinos y turistas lo mejor de cada establecimiento El s\u00e1bado tambi\u00e9n tendr\u00e1 lugar el D\u00eda de los Jers\u00e9is Navide\u00f1os Pueblosycomarcas.com;\u00a0@PueblosComarcas Medina de Rioseco ya est\u00e1 inmersa en el programa navide\u00f1o con multitud de actividades desde la semana de la Constituci\u00f3n, si bien estos d\u00edas se acrecientan los eventos. Es el caso del fin de semana del 20 y 21 de diciembre, cuando se concentrar\u00e1n dos de los momentos que m\u00e1s gente sacan a la calle. As\u00ed lo han presentado el alcalde, David Esteban, y el presidente de la Asociaci\u00f3n de Empresarios Riosecanos y Comarca, Fran de la Iglesia, en la Diputaci\u00f3n de Valladolid. El Mercado Navide\u00f1o de la Ciudad Europea de la Navidad, organizado por AEMPRYC y con la colaboraci\u00f3n de este Ayuntamiento, saca a la calle lo mejor del comercio rural durante todo el s\u00e1bado y la ma\u00f1ana del domingo. Distintos puestos de regalos, libros, alimentaci\u00f3n, ropa o calzado, entre otros, har\u00e1n las delicias del consumidor para ayudar a Pap\u00e1 Noel y a los Reyes Magos a elegir el mejor regalo para estos d\u00edas. Adem\u00e1s, los establecimientos que pertenecen a esta asociaci\u00f3n ya est\u00e1n inmersos en la campa\u00f1a \u2018El tren de la ilusi\u00f3n\u2019. As\u00ed, por cada compra superior a diez euros en los comercios participantes, el cliente recibe una papeleta para entrar en un sorteo de un vale de 500 euros. El ganador se conocer\u00e1 el D\u00eda de Reyes coincidiendo con el sorteo de la loter\u00eda de El Ni\u00f1o. Adem\u00e1s, el 20 de diciembre, el Ayuntamiento ha programado el D\u00eda de los Jers\u00e9is Navide\u00f1os. Esta jornada tiene como fin que familias y grupos de amigos disfruten del verm\u00fa y del tardeo por las calles de Medina de Rioseco y consuman en la hosteler\u00eda riosecana, especialmente en los bares que participan con distintos regalos para los jers\u00e9is m\u00e1s originales. Por la ma\u00f1ana, una charanga amenizar\u00e1 la zona de la estaci\u00f3n de autobuses y plaza de la Solidaridad para acabar en la calle Mayor. Por la tarde, la m\u00fasica de charanga volver\u00e1 a animar el tardeo desde la Plaza Mayor hasta la plaza de Santo Domingo donde se har\u00e1 la entrega de premios. Cabe recordar que precisamente en la Plaza Mayor se encuentra ya abierto el Mercado de Navidad, con puestos propios de las fechas y atracciones infantiles y permanecer\u00e1 en nuestra ciudad hasta el 6 de enero. Adem\u00e1s, esta semana los escolares visitar\u00e1n la residencia de ancianos para cantarles villancicos, llevar\u00e1n a cabo sendas funciones navide\u00f1as y pondr\u00e1n sus mensajes en el \u00c1rbol de los Deseos. El Museo Temporal del Bel\u00e9n abrir\u00e1 un a\u00f1o m\u00e1s sus puertas para el asombro de todos gracias al trabajo de la Asociaci\u00f3n Belenista Riosecana. Durante las fechas navide\u00f1as propiamente dichas, los peque\u00f1os son los protagonistas con cuentacuentos, teatro, parque de navilandia\u2026 Tambi\u00e9n hay tiempo para el folclore, la m\u00fasica cl\u00e1sica y distintos campeonatos deportivos con la solidaridad por bandera. Pero si hay un d\u00eda que destaca por encima del resto ese es el 5 de enero, la Noche de Reyes. Sus Majestades de Oriente llegar\u00e1n a Medina de Rioseco surcando las aguas del Canal de Castilla en un momento que ya es Fiesta de Inter\u00e9s Tur\u00edstico Regional. Posteriormente, recorrer\u00e1n las principales calles de la Ciudad Europea de la Navidad para, en el Ayuntamiento, recibir a los m\u00e1s peque\u00f1os y conocer sus deseos para la noche m\u00e1s m\u00e1gica del a\u00f1o.<\/p>","protected":false},"author":1,"featured_media":4203,"comment_status":"open","ping_status":"closed","sticky":false,"template":"","format":"standard","meta":{"site-sidebar-layout":"default","site-content-layout":"","ast-site-content-layout":"default","site-content-style":"default","site-sidebar-style":"default","ast-global-header-display":"","ast-banner-title-visibility":"","ast-main-header-display":"","ast-hfb-above-header-display":"","ast-hfb-below-header-display":"","ast-hfb-mobile-header-display":"","site-post-title":"disabled","ast-breadcrumbs-content":"","ast-featured-img":"","footer-sml-layout":"","theme-transparent-header-meta":"","adv-header-id-meta":"","stick-header-meta":"","header-above-stick-meta":"","header-main-stick-meta":"","header-below-stick-meta":"","astra-migrate-meta-layouts":"default","ast-page-background-enabled":"default","ast-page-background-meta":{"desktop":{"background-color":"var(--ast-global-color-5)","background-image":"","background-repeat":"repeat","background-position":"center center","background-size":"auto","background-attachment":"scroll","background-type":"","background-media":"","overlay-type":"","overlay-color":"","overlay-opacity":"","overlay-gradient":""},"tablet":{"background-color":"","background-image":"","background-repeat":"repeat","background-position":"center center","background-size":"auto","background-attachment":"scroll","background-type":"","background-media":"","overlay-type":"","overlay-color":"","overlay-opacity":"","overlay-gradient":""},"mobile":{"background-color":"","background-image":"","background-repeat":"repeat","background-position":"center center","background-size":"auto","background-attachment":"scroll","background-type":"","background-media":"","overlay-type":"","overlay-color":"","overlay-opacity":"","overlay-gradient":""}},"ast-content-background-meta":{"desktop":{"background-color":"var(--ast-global-color-4)","background-image":"","background-repeat":"repeat","background-position":"center center","background-size":"auto","background-attachment":"scroll","background-type":"","background-media":"","overlay-type":"","overlay-color":"","overlay-opacity":"","overlay-gradient":""},"tablet":{"background-color":"var(--ast-global-color-4)","background-image":"","background-repeat":"repeat","background-position":"center center","background-size":"auto","background-attachment":"scroll","background-type":"","background-media":"","overlay-type":"","overlay-color":"","overlay-opacity":"","overlay-gradient":""},"mobile":{"background-color":"var(--ast-global-color-4)","background-image":"","background-repeat":"repeat","background-position":"center center","background-size":"auto","background-attachment":"scroll","background-type":"","background-media":"","overlay-type":"","overlay-color":"","overlay-opacity":"","overlay-gradient":""}},"ngg_post_thumbnail":0,"footnotes":""},"categories":[18,16],"tags":[108,236],"class_list":["post-4202","post","type-post","status-publish","format-standard","has-post-thumbnail","hentry","category-ocio","category-portada","tag-medina-de-rioseco","tag-navidad"],"aioseo_notices":[],"rttpg_featured_image_url":{"full":["https:\/\/pueblosycomarcas.com\/wp-content\/uploads\/2025\/12\/20251217_rioseco_navidad.jpeg",800,400,false],"landscape":["https:\/\/pueblosycomarcas.com\/wp-content\/uploads\/2025\/12\/20251217_rioseco_navidad.jpeg",800,400,false],"portraits":["https:\/\/pueblosycomarcas.com\/wp-content\/uploads\/2025\/12\/20251217_rioseco_navidad.jpeg",800,400,false],"thumbnail":["https:\/\/pueblosycomarcas.com\/wp-content\/uploads\/2025\/12\/20251217_rioseco_navidad-150x150.jpeg",150,150,true],"medium":["https:\/\/pueblosycomarcas.com\/wp-content\/uploads\/2025\/12\/20251217_rioseco_navidad-300x150.jpeg",300,150,true],"large":["https:\/\/pueblosycomarcas.com\/wp-content\/uploads\/2025\/12\/20251217_rioseco_navidad.jpeg",800,400,false],"1536x1536":["https:\/\/pueblosycomarcas.com\/wp-content\/uploads\/2025\/12\/20251217_rioseco_navidad.jpeg",800,400,false],"2048x2048":["https:\/\/pueblosycomarcas.com\/wp-content\/uploads\/2025\/12\/20251217_rioseco_navidad.jpeg",800,400,false],"trp-custom-language-flag":["https:\/\/pueblosycomarcas.com\/wp-content\/uploads\/2025\/12\/20251217_rioseco_navidad.jpeg",18,9,false]},"rttpg_author":{"display_name":"admin","author_link":"https:\/\/pueblosycomarcas.com\/en\/author\/webalquimia\/"},"rttpg_comment":0,"rttpg_category":"<a href=\"https:\/\/pueblosycomarcas.com\/en\/category\/ocio\/\" rel=\"category tag\">Ocio<\/a> <a href=\"https:\/\/pueblosycomarcas.com\/en\/category\/portada\/\" rel=\"category tag\">Portada<\/a>","rttpg_excerpt":"El tren de la ilusi\u00f3n se pone en marcha en Medina de Rioseco en un fin de semana con protagonismo para el comercio y la hosteler\u00eda local El Mercado Navide\u00f1o de la Ciudad Europea de la Navidad muestra a vecinos y turistas lo mejor de cada establecimiento El s\u00e1bado tambi\u00e9n tendr\u00e1 lugar el D\u00eda de&hellip;","_links":{"self":[{"href":"https:\/\/pueblosycomarcas.com\/en\/wp-json\/wp\/v2\/posts\/4202","targetHints":{"allow":["GET"]}}],"collection":[{"href":"https:\/\/pueblosycomarcas.com\/en\/wp-json\/wp\/v2\/posts"}],"about":[{"href":"https:\/\/pueblosycomarcas.com\/en\/wp-json\/wp\/v2\/types\/post"}],"author":[{"embeddable":true,"href":"https:\/\/pueblosycomarcas.com\/en\/wp-json\/wp\/v2\/users\/1"}],"replies":[{"embeddable":true,"href":"https:\/\/pueblosycomarcas.com\/en\/wp-json\/wp\/v2\/comments?post=4202"}],"version-history":[{"count":5,"href":"https:\/\/pueblosycomarcas.com\/en\/wp-json\/wp\/v2\/posts\/4202\/revisions"}],"predecessor-version":[{"id":4208,"href":"https:\/\/pueblosycomarcas.com\/en\/wp-json\/wp\/v2\/posts\/4202\/revisions\/4208"}],"wp:featuredmedia":[{"embeddable":true,"href":"https:\/\/pueblosycomarcas.com\/en\/wp-json\/wp\/v2\/media\/4203"}],"wp:attachment":[{"href":"https:\/\/pueblosycomarcas.com\/en\/wp-json\/wp\/v2\/media?parent=4202"}],"wp:term":[{"taxonomy":"category","embeddable":true,"href":"https:\/\/pueblosycomarcas.com\/en\/wp-json\/wp\/v2\/categories?post=4202"},{"taxonomy":"post_tag","embeddable":true,"href":"https:\/\/pueblosycomarcas.com\/en\/wp-json\/wp\/v2\/tags?post=4202"}],"curies":[{"name":"wp","href":"https:\/\/api.w.org\/{rel}","templated":true}]}}