{"id":4194,"date":"2025-12-17T11:39:08","date_gmt":"2025-12-17T10:39:08","guid":{"rendered":"https:\/\/webalquimia.es\/?p=4194"},"modified":"2025-12-17T11:39:10","modified_gmt":"2025-12-17T10:39:10","slug":"aldeamayor-de-san-martin-celebro-su-iii-cata-solidaria-de-vinos-a-favor-de-maldita-valina","status":"publish","type":"post","link":"https:\/\/pueblosycomarcas.com\/en\/aldeamayor-de-san-martin-celebro-su-iii-cata-solidaria-de-vinos-a-favor-de-maldita-valina\/","title":{"rendered":"Aldeamayor de San Mart\u00edn celebr\u00f3 su III Cata Solidaria de Vinos a favor de Maldita Valina"},"content":{"rendered":"<div data-elementor-type=\"wp-post\" data-elementor-id=\"4194\" class=\"elementor elementor-4194\">\n\t\t\t\t<div class=\"elementor-element elementor-element-9354d94 e-flex e-con-boxed wpr-particle-no wpr-jarallax-no wpr-parallax-no wpr-sticky-section-no wpr-equal-height-no e-con e-parent\" data-id=\"9354d94\" data-element_type=\"container\" data-e-type=\"container\">\n\t\t\t\t\t<div class=\"e-con-inner\">\n\t\t\t\t<div class=\"elementor-element elementor-element-6666de8 elementor-widget elementor-widget-heading\" data-id=\"6666de8\" data-element_type=\"widget\" data-e-type=\"widget\" data-widget_type=\"heading.default\">\n\t\t\t\t\t<h2 class=\"elementor-heading-title elementor-size-default\">Aldeamayor de San Mart\u00edn celebr\u00f3 su III Cata Solidaria de Vinos a favor de Maldita Valina<\/h2>\t\t\t\t<\/div>\n\t\t\t\t<div class=\"elementor-element elementor-element-c355ea6 elementor-widget elementor-widget-text-editor\" data-id=\"c355ea6\" data-element_type=\"widget\" data-e-type=\"widget\" data-widget_type=\"text-editor.default\">\n\t\t\t\t\t\t\t\t\t<ul><li><h6><em><strong>La organizaci\u00f3n corri\u00f3 a cargo de Vox Aldeamayor de San Mart\u00edn con la colaboraci\u00f3n del Ayuntamiento de Aldeamayor, Ayeal, Asociaci\u00f3n El Laurel y Queser\u00eda Campoveja, adem\u00e1s del compromiso solidario de todas las bodegas participantes.<\/strong><\/em><\/h6><\/li><\/ul>\t\t\t\t\t\t\t\t<\/div>\n\t\t\t\t<div class=\"elementor-element elementor-element-7711c1a elementor-widget-divider--view-line elementor-widget elementor-widget-divider\" data-id=\"7711c1a\" data-element_type=\"widget\" data-e-type=\"widget\" data-widget_type=\"divider.default\">\n\t\t\t\t\t\t\t<div class=\"elementor-divider\">\n\t\t\t<span class=\"elementor-divider-separator\">\n\t\t\t\t\t\t<\/span>\n\t\t<\/div>\n\t\t\t\t\t\t<\/div>\n\t\t\t\t<div class=\"elementor-element elementor-element-dd1184d elementor-widget elementor-widget-image\" data-id=\"dd1184d\" data-element_type=\"widget\" data-e-type=\"widget\" data-widget_type=\"image.default\">\n\t\t\t\t\t\t\t\t\t\t\t\t\t\t\t<img fetchpriority=\"high\" decoding=\"async\" width=\"800\" height=\"400\" src=\"https:\/\/pueblosycomarcas.com\/wp-content\/uploads\/2025\/12\/20251217_cata_solidaria_vox.jpg\" class=\"attachment-large size-large wp-image-4195\" alt=\"\" srcset=\"https:\/\/pueblosycomarcas.com\/wp-content\/uploads\/2025\/12\/20251217_cata_solidaria_vox.jpg 800w, https:\/\/pueblosycomarcas.com\/wp-content\/uploads\/2025\/12\/20251217_cata_solidaria_vox-300x150.jpg 300w, https:\/\/pueblosycomarcas.com\/wp-content\/uploads\/2025\/12\/20251217_cata_solidaria_vox-768x384.jpg 768w\" sizes=\"(max-width: 800px) 100vw, 800px\" \/>\t\t\t\t\t\t\t\t\t\t\t\t\t\t\t<\/div>\n\t\t\t\t<div class=\"elementor-element elementor-element-d5987b5 elementor-widget elementor-widget-text-editor\" data-id=\"d5987b5\" data-element_type=\"widget\" data-e-type=\"widget\" data-widget_type=\"text-editor.default\">\n\t\t\t\t\t\t\t\t\t<p><a href=\"https:\/\/www.facebook.com\/Pueblos-y-Comarcas-125437870924169\/?fref=ts\"><em><strong>Pueblosycomarcas.com<\/strong><\/em><\/a><em><strong>;\u00a0<\/strong><\/em><a href=\"https:\/\/twitter.com\/PueblosComarcas\"><em><strong>@PueblosComarcas<\/strong><\/em><\/a><\/p><p>El Centro de d\u00eda de Aldeamayor de San Mart\u00edn acogi\u00f3 el pasado <strong>s\u00e1bado <\/strong>la <strong>III Cata Solidaria de Vinos a favor de Maldita Valina<\/strong>, un evento que se ha consolidado como una cita importante en el municipio y que re\u00fane a vecinos, amantes del vino y solidarios de toda la provincia.<\/p><p>Se trata de un evento organizado por <strong>Vox Aldeamayor de San Mart\u00edn<\/strong> con la colaboraci\u00f3n del <strong>Ayuntamiento de Aldeamayor<\/strong>, <strong>Ayeal<\/strong>, <strong>Asociaci\u00f3n El Laurel<\/strong> y <strong>Queser\u00eda Campoveja<\/strong>, adem\u00e1s del compromiso solidario de todas las bodegas participantes.<\/p><p>La cata, dirigida por <strong>Aitziber Bengoa<\/strong>, sumiller conocida por su estilo cercano, din\u00e1mico y accesible, cont\u00f3 con <strong>cinco vinos donados por bodegas colaboradoras<\/strong> como son <em>Protos Verdejo<\/em> (DO Rueda), <em>Protos Clarete<\/em> (DO Cigales), <em>Montepindadillo Crianza<\/em> (DO Ribera del Duero), <em>Previus de Neptis<\/em> (Bodegas Arco de Curiel \u2013 DO Ribera del Duero) y <em>Moscato Secret Moment<\/em> (Bodega Copaboca). Adem\u00e1s, <strong>Queser\u00eda Campoveja<\/strong> aport\u00f3 cuatro de sus elaboraciones artesanas: semicurado, viejo, ahumado y trufado, creando un maridaje \u00fanico y especialmente dise\u00f1ado para esta edici\u00f3n. De ah\u00ed que tambi\u00e9n participar\u00e1 <strong>Diego Sanz<\/strong>, maestro quesero de <strong>Campoveja<\/strong>, encargado de guiar un maridaje especial con cuatro quesos artesanos seleccionados para la ocasi\u00f3n.<\/p><p>Toda la recaudaci\u00f3n obtenida, 870 euros, se destinar\u00e1 \u00edntegramente a apoyar a <strong>Ibai<\/strong>, un ni\u00f1o del municipio cuya historia de lucha y superaci\u00f3n ha unido a toda la comunidad bajo el proyecto <strong>Maldita Valina<\/strong>.<\/p><p>En declaraciones a este medio, el portavoz de VOX en el Ayuntamiento de Aldeamayor de San Mart\u00edn, Javier G\u00f3mez, ha se\u00f1alado que \u201cla cata fue un rotundo \u00e9xito de participaci\u00f3n. Se quedaron sin poder asistir m\u00e1s de 40 solicitudes y tuvimos el privilegio de contar con el en\u00f3logo y gerente de la bodega Arco de Curiel, Juan Carlos Ortega Monteys, que es un gur\u00fa en esto de hacer vinazos. Tambi\u00e9n fue un lujo contar con los 2 sumilleres Aitziber Bengoa y Javier Maderuelo que, junto con Diego Sanz, de quesos Campoveja hicieron las delicias del p\u00fablico\u00a0asistente\u201d.<\/p>\t\t\t\t\t\t\t\t<\/div>\n\t\t\t\t<div class=\"elementor-element elementor-element-20b0999 elementor-widget elementor-widget-image\" data-id=\"20b0999\" data-element_type=\"widget\" data-e-type=\"widget\" data-widget_type=\"image.default\">\n\t\t\t\t\t\t\t\t\t\t\t\t\t\t\t<img decoding=\"async\" width=\"800\" height=\"500\" src=\"https:\/\/pueblosycomarcas.com\/wp-content\/uploads\/2025\/12\/20251217_cata_solidaria_vox_02.jpg\" class=\"attachment-large size-large wp-image-4197\" alt=\"\" srcset=\"https:\/\/pueblosycomarcas.com\/wp-content\/uploads\/2025\/12\/20251217_cata_solidaria_vox_02.jpg 800w, https:\/\/pueblosycomarcas.com\/wp-content\/uploads\/2025\/12\/20251217_cata_solidaria_vox_02-300x188.jpg 300w, https:\/\/pueblosycomarcas.com\/wp-content\/uploads\/2025\/12\/20251217_cata_solidaria_vox_02-768x480.jpg 768w\" sizes=\"(max-width: 800px) 100vw, 800px\" \/>\t\t\t\t\t\t\t\t\t\t\t\t\t\t\t<\/div>\n\t\t\t\t\t<\/div>\n\t\t\t\t<\/div>\n\t\t\t\t<\/div>","protected":false},"excerpt":{"rendered":"<p>Aldeamayor de San Mart\u00edn celebr\u00f3 su III Cata Solidaria de Vinos a favor de Maldita Valina La organizaci\u00f3n corri\u00f3 a cargo de Vox Aldeamayor de San Mart\u00edn con la colaboraci\u00f3n del Ayuntamiento de Aldeamayor, Ayeal, Asociaci\u00f3n El Laurel y Queser\u00eda Campoveja, adem\u00e1s del compromiso solidario de todas las bodegas participantes. Pueblosycomarcas.com;\u00a0@PueblosComarcas El Centro de d\u00eda de Aldeamayor de San Mart\u00edn acogi\u00f3 el pasado s\u00e1bado la III Cata Solidaria de Vinos a favor de Maldita Valina, un evento que se ha consolidado como una cita importante en el municipio y que re\u00fane a vecinos, amantes del vino y solidarios de toda la provincia. Se trata de un evento organizado por Vox Aldeamayor de San Mart\u00edn con la colaboraci\u00f3n del Ayuntamiento de Aldeamayor, Ayeal, Asociaci\u00f3n El Laurel y Queser\u00eda Campoveja, adem\u00e1s del compromiso solidario de todas las bodegas participantes. La cata, dirigida por Aitziber Bengoa, sumiller conocida por su estilo cercano, din\u00e1mico y accesible, cont\u00f3 con cinco vinos donados por bodegas colaboradoras como son Protos Verdejo (DO Rueda), Protos Clarete (DO Cigales), Montepindadillo Crianza (DO Ribera del Duero), Previus de Neptis (Bodegas Arco de Curiel \u2013 DO Ribera del Duero) y Moscato Secret Moment (Bodega Copaboca). Adem\u00e1s, Queser\u00eda Campoveja aport\u00f3 cuatro de sus elaboraciones artesanas: semicurado, viejo, ahumado y trufado, creando un maridaje \u00fanico y especialmente dise\u00f1ado para esta edici\u00f3n. De ah\u00ed que tambi\u00e9n participar\u00e1 Diego Sanz, maestro quesero de Campoveja, encargado de guiar un maridaje especial con cuatro quesos artesanos seleccionados para la ocasi\u00f3n. Toda la recaudaci\u00f3n obtenida, 870 euros, se destinar\u00e1 \u00edntegramente a apoyar a Ibai, un ni\u00f1o del municipio cuya historia de lucha y superaci\u00f3n ha unido a toda la comunidad bajo el proyecto Maldita Valina. En declaraciones a este medio, el portavoz de VOX en el Ayuntamiento de Aldeamayor de San Mart\u00edn, Javier G\u00f3mez, ha se\u00f1alado que \u201cla cata fue un rotundo \u00e9xito de participaci\u00f3n. Se quedaron sin poder asistir m\u00e1s de 40 solicitudes y tuvimos el privilegio de contar con el en\u00f3logo y gerente de la bodega Arco de Curiel, Juan Carlos Ortega Monteys, que es un gur\u00fa en esto de hacer vinazos. Tambi\u00e9n fue un lujo contar con los 2 sumilleres Aitziber Bengoa y Javier Maderuelo que, junto con Diego Sanz, de quesos Campoveja hicieron las delicias del p\u00fablico\u00a0asistente\u201d.<\/p>","protected":false},"author":1,"featured_media":4195,"comment_status":"open","ping_status":"closed","sticky":false,"template":"","format":"standard","meta":{"site-sidebar-layout":"default","site-content-layout":"","ast-site-content-layout":"default","site-content-style":"default","site-sidebar-style":"default","ast-global-header-display":"","ast-banner-title-visibility":"","ast-main-header-display":"","ast-hfb-above-header-display":"","ast-hfb-below-header-display":"","ast-hfb-mobile-header-display":"","site-post-title":"disabled","ast-breadcrumbs-content":"","ast-featured-img":"","footer-sml-layout":"","theme-transparent-header-meta":"","adv-header-id-meta":"","stick-header-meta":"","header-above-stick-meta":"","header-main-stick-meta":"","header-below-stick-meta":"","astra-migrate-meta-layouts":"default","ast-page-background-enabled":"default","ast-page-background-meta":{"desktop":{"background-color":"var(--ast-global-color-5)","background-image":"","background-repeat":"repeat","background-position":"center center","background-size":"auto","background-attachment":"scroll","background-type":"","background-media":"","overlay-type":"","overlay-color":"","overlay-opacity":"","overlay-gradient":""},"tablet":{"background-color":"","background-image":"","background-repeat":"repeat","background-position":"center center","background-size":"auto","background-attachment":"scroll","background-type":"","background-media":"","overlay-type":"","overlay-color":"","overlay-opacity":"","overlay-gradient":""},"mobile":{"background-color":"","background-image":"","background-repeat":"repeat","background-position":"center center","background-size":"auto","background-attachment":"scroll","background-type":"","background-media":"","overlay-type":"","overlay-color":"","overlay-opacity":"","overlay-gradient":""}},"ast-content-background-meta":{"desktop":{"background-color":"var(--ast-global-color-4)","background-image":"","background-repeat":"repeat","background-position":"center center","background-size":"auto","background-attachment":"scroll","background-type":"","background-media":"","overlay-type":"","overlay-color":"","overlay-opacity":"","overlay-gradient":""},"tablet":{"background-color":"var(--ast-global-color-4)","background-image":"","background-repeat":"repeat","background-position":"center center","background-size":"auto","background-attachment":"scroll","background-type":"","background-media":"","overlay-type":"","overlay-color":"","overlay-opacity":"","overlay-gradient":""},"mobile":{"background-color":"var(--ast-global-color-4)","background-image":"","background-repeat":"repeat","background-position":"center center","background-size":"auto","background-attachment":"scroll","background-type":"","background-media":"","overlay-type":"","overlay-color":"","overlay-opacity":"","overlay-gradient":""}},"ngg_post_thumbnail":0,"footnotes":""},"categories":[1,16],"tags":[35,240,212],"class_list":["post-4194","post","type-post","status-publish","format-standard","has-post-thumbnail","hentry","category-magazine","category-portada","tag-aldeamayor-de-san-martin","tag-maldita-valina","tag-vox"],"aioseo_notices":[],"rttpg_featured_image_url":{"full":["https:\/\/pueblosycomarcas.com\/wp-content\/uploads\/2025\/12\/20251217_cata_solidaria_vox.jpg",800,400,false],"landscape":["https:\/\/pueblosycomarcas.com\/wp-content\/uploads\/2025\/12\/20251217_cata_solidaria_vox.jpg",800,400,false],"portraits":["https:\/\/pueblosycomarcas.com\/wp-content\/uploads\/2025\/12\/20251217_cata_solidaria_vox.jpg",800,400,false],"thumbnail":["https:\/\/pueblosycomarcas.com\/wp-content\/uploads\/2025\/12\/20251217_cata_solidaria_vox-150x150.jpg",150,150,true],"medium":["https:\/\/pueblosycomarcas.com\/wp-content\/uploads\/2025\/12\/20251217_cata_solidaria_vox-300x150.jpg",300,150,true],"large":["https:\/\/pueblosycomarcas.com\/wp-content\/uploads\/2025\/12\/20251217_cata_solidaria_vox.jpg",800,400,false],"1536x1536":["https:\/\/pueblosycomarcas.com\/wp-content\/uploads\/2025\/12\/20251217_cata_solidaria_vox.jpg",800,400,false],"2048x2048":["https:\/\/pueblosycomarcas.com\/wp-content\/uploads\/2025\/12\/20251217_cata_solidaria_vox.jpg",800,400,false],"trp-custom-language-flag":["https:\/\/pueblosycomarcas.com\/wp-content\/uploads\/2025\/12\/20251217_cata_solidaria_vox.jpg",18,9,false]},"rttpg_author":{"display_name":"admin","author_link":"https:\/\/pueblosycomarcas.com\/en\/author\/webalquimia\/"},"rttpg_comment":0,"rttpg_category":"<a href=\"https:\/\/pueblosycomarcas.com\/en\/category\/magazine\/\" rel=\"category tag\">Magazine<\/a> <a href=\"https:\/\/pueblosycomarcas.com\/en\/category\/portada\/\" rel=\"category tag\">Portada<\/a>","rttpg_excerpt":"Aldeamayor de San Mart\u00edn celebr\u00f3 su III Cata Solidaria de Vinos a favor de Maldita Valina La organizaci\u00f3n corri\u00f3 a cargo de Vox Aldeamayor de San Mart\u00edn con la colaboraci\u00f3n del Ayuntamiento de Aldeamayor, Ayeal, Asociaci\u00f3n El Laurel y Queser\u00eda Campoveja, adem\u00e1s del compromiso solidario de todas las bodegas participantes. Pueblosycomarcas.com;\u00a0@PueblosComarcas El Centro de d\u00eda&hellip;","_links":{"self":[{"href":"https:\/\/pueblosycomarcas.com\/en\/wp-json\/wp\/v2\/posts\/4194","targetHints":{"allow":["GET"]}}],"collection":[{"href":"https:\/\/pueblosycomarcas.com\/en\/wp-json\/wp\/v2\/posts"}],"about":[{"href":"https:\/\/pueblosycomarcas.com\/en\/wp-json\/wp\/v2\/types\/post"}],"author":[{"embeddable":true,"href":"https:\/\/pueblosycomarcas.com\/en\/wp-json\/wp\/v2\/users\/1"}],"replies":[{"embeddable":true,"href":"https:\/\/pueblosycomarcas.com\/en\/wp-json\/wp\/v2\/comments?post=4194"}],"version-history":[{"count":5,"href":"https:\/\/pueblosycomarcas.com\/en\/wp-json\/wp\/v2\/posts\/4194\/revisions"}],"predecessor-version":[{"id":4201,"href":"https:\/\/pueblosycomarcas.com\/en\/wp-json\/wp\/v2\/posts\/4194\/revisions\/4201"}],"wp:featuredmedia":[{"embeddable":true,"href":"https:\/\/pueblosycomarcas.com\/en\/wp-json\/wp\/v2\/media\/4195"}],"wp:attachment":[{"href":"https:\/\/pueblosycomarcas.com\/en\/wp-json\/wp\/v2\/media?parent=4194"}],"wp:term":[{"taxonomy":"category","embeddable":true,"href":"https:\/\/pueblosycomarcas.com\/en\/wp-json\/wp\/v2\/categories?post=4194"},{"taxonomy":"post_tag","embeddable":true,"href":"https:\/\/pueblosycomarcas.com\/en\/wp-json\/wp\/v2\/tags?post=4194"}],"curies":[{"name":"wp","href":"https:\/\/api.w.org\/{rel}","templated":true}]}}