{"id":4162,"date":"2025-12-17T05:48:48","date_gmt":"2025-12-17T04:48:48","guid":{"rendered":"https:\/\/webalquimia.es\/?p=4162"},"modified":"2025-12-17T05:48:50","modified_gmt":"2025-12-17T04:48:50","slug":"de-margarida-castilla-y-leon-se-encuentra-ante-una-coyuntura-economica-favorable-y-a-la-vez-incierta","status":"publish","type":"post","link":"https:\/\/pueblosycomarcas.com\/en\/de-margarida-castilla-y-leon-se-encuentra-ante-una-coyuntura-economica-favorable-y-a-la-vez-incierta\/","title":{"rendered":"De Margarida: \u201cCastilla y Le\u00f3n se encuentra ante una coyuntura econ\u00f3mica favorable y a la vez incierta\u201d"},"content":{"rendered":"<div data-elementor-type=\"wp-post\" data-elementor-id=\"4162\" class=\"elementor elementor-4162\">\n\t\t\t\t<div class=\"elementor-element elementor-element-fd0a3ae e-flex e-con-boxed wpr-particle-no wpr-jarallax-no wpr-parallax-no wpr-sticky-section-no wpr-equal-height-no e-con e-parent\" data-id=\"fd0a3ae\" data-element_type=\"container\" data-e-type=\"container\">\n\t\t\t\t\t<div class=\"e-con-inner\">\n\t\t\t\t<div class=\"elementor-element elementor-element-64bf2af elementor-widget elementor-widget-heading\" data-id=\"64bf2af\" data-element_type=\"widget\" data-e-type=\"widget\" data-widget_type=\"heading.default\">\n\t\t\t\t\t<h2 class=\"elementor-heading-title elementor-size-default\">De Margarida: \u201cCastilla y Le\u00f3n se encuentra ante una coyuntura econ\u00f3mica favorable y a la vez incierta\u201d<\/h2>\t\t\t\t<\/div>\n\t\t\t\t<div class=\"elementor-element elementor-element-a4ca047 elementor-widget elementor-widget-text-editor\" data-id=\"a4ca047\" data-element_type=\"widget\" data-e-type=\"widget\" data-widget_type=\"text-editor.default\">\n\t\t\t\t\t\t\t\t\t<ul><li><h6><strong><em>ECOVAEstudios confirma que la econom\u00eda de Castilla y Le\u00f3n se encuentra en un momento fr\u00e1gil, a pesar del crecimiento en un contexto geopol\u00edtico complejo.<\/em><\/strong><\/h6><\/li><\/ul>\t\t\t\t\t\t\t\t<\/div>\n\t\t\t\t<div class=\"elementor-element elementor-element-11a98ba elementor-widget-divider--view-line elementor-widget elementor-widget-divider\" data-id=\"11a98ba\" data-element_type=\"widget\" data-e-type=\"widget\" data-widget_type=\"divider.default\">\n\t\t\t\t\t\t\t<div class=\"elementor-divider\">\n\t\t\t<span class=\"elementor-divider-separator\">\n\t\t\t\t\t\t<\/span>\n\t\t<\/div>\n\t\t\t\t\t\t<\/div>\n\t\t\t\t<div class=\"elementor-element elementor-element-efd9e2b elementor-widget elementor-widget-image\" data-id=\"efd9e2b\" data-element_type=\"widget\" data-e-type=\"widget\" data-widget_type=\"image.default\">\n\t\t\t\t\t\t\t\t\t\t\t\t\t\t\t<img fetchpriority=\"high\" decoding=\"async\" width=\"800\" height=\"400\" src=\"https:\/\/pueblosycomarcas.com\/wp-content\/uploads\/2025\/12\/20251217_margarida_ecova.jpg\" class=\"attachment-large size-large wp-image-4163\" alt=\"\" srcset=\"https:\/\/pueblosycomarcas.com\/wp-content\/uploads\/2025\/12\/20251217_margarida_ecova.jpg 800w, https:\/\/pueblosycomarcas.com\/wp-content\/uploads\/2025\/12\/20251217_margarida_ecova-300x150.jpg 300w, https:\/\/pueblosycomarcas.com\/wp-content\/uploads\/2025\/12\/20251217_margarida_ecova-768x384.jpg 768w\" sizes=\"(max-width: 800px) 100vw, 800px\" \/>\t\t\t\t\t\t\t\t\t\t\t\t\t\t\t<\/div>\n\t\t\t\t<div class=\"elementor-element elementor-element-193cbf3 elementor-widget elementor-widget-text-editor\" data-id=\"193cbf3\" data-element_type=\"widget\" data-e-type=\"widget\" data-widget_type=\"text-editor.default\">\n\t\t\t\t\t\t\t\t\t<p><a href=\"https:\/\/www.facebook.com\/Pueblos-y-Comarcas-125437870924169\/?fref=ts\"><em><strong>Pueblosycomarcas.com<\/strong><\/em><\/a><em><strong>;\u00a0<\/strong><\/em><a href=\"https:\/\/twitter.com\/PueblosComarcas\"><em><strong>@PueblosComarcas<\/strong><\/em><\/a><\/p><p>El <strong>Servicio de Estudios Econ\u00f3micos de Castilla y Le\u00f3n (ECOVAEstudios), <\/strong>dependiente del <strong>Colegio de Economistas de Valladolid, Palencia y Zamora (ECOVA<\/strong>) ha presentado el Observatorio Econ\u00f3mico regional del tercer trimestre, donde se ha constatado que la econom\u00eda regional \u201cse encuentra en un momento de estabilidad fr\u00e1gil, donde existe un crecimiento inestable en un entorno complejo\u201d.<\/p><p><strong>Juan Carlos De Margarida<\/strong>, director de ECOVAEstudios, ha manifestado que \u201cel final del a\u00f1o 2025 se caracteriza por una <strong>desaceleraci\u00f3n del crecimiento, as\u00ed como una alta volatilidad financiera<\/strong>, un aumento de las restricciones comerciales y una gran incertidumbre pol\u00edtica\u201d. En suma, ha a\u00f1adido que \u201caunque el d\u00e9ficit p\u00fablico se ha reducido debido al incremento de los ingresos, nos encontramos ante un despilfarro de gasto p\u00fablico sin contenci\u00f3n y sin voluntad pol\u00edtica de reversi\u00f3n, siendo del todo necesario aplicar presupuestos en base 0. Es decir, iniciar cada a\u00f1o presupuestario cuantificando las necesidades y proyectos a realizar sin partir del gasto aplicado o inversi\u00f3n del a\u00f1o anterior, al objeto de ajustar el gasto p\u00fablico a las necesidades reales de la sociedad\u201d.<\/p><p>En cuanto a la situaci\u00f3n de las cuentas p\u00fablica, <strong>De Margarida <\/strong>ha querido resaltar que \u201cla pr\u00f3rroga de los presupuestos de a\u00f1os anteriores se enfrenta a la imposibilidad de afrontar nuevas pol\u00edticas p\u00fablicas en sanidad, educaci\u00f3n o servicios sociales sin contar con inversiones en nuevos proyectos de infraestructuras determinantes para proyectar y <strong>consolidar la competitividad a nivel social y econ\u00f3mico de la regi\u00f3n<\/strong>\u201d. A todo ello se le debe sumar \u201cla ineficiencia en la ejecuci\u00f3n de los <strong>Fondos Next Generation<\/strong>, lo que supone una p\u00e9rdida de oportunidad, adem\u00e1s de una amenaza para el crecimiento econ\u00f3mico nacional y regional\u201d.<\/p><p>En cuanto al <strong>mercado de trabajo, <\/strong>las variables analizadas por el Observatorio han corroborado que \u201cla buena marcha del empleo depende, en gran medida, de la mano de obra extranjera que cubre los puestos de trabajo en sectores cr\u00edticos de la actividad econ\u00f3mica, as\u00ed como de la estabilidad empleadora de las Pymes y de los aut\u00f3nomos, que son verdaderos generadores de puestos de trabajo y creaci\u00f3n de riqueza\u201d.<\/p><p>Para concluir, <strong>De Margarida<\/strong> ha expresado que \u201cfrente a todas estas realidades, <strong>Castilla y Le\u00f3n se encuentra ante una coyuntura socioecon\u00f3mica favorable y a la vez incierta<\/strong>. La regi\u00f3n mantiene un crecimiento moderado, una base industrial m\u00e1s diversificada que otras comunidades y un capital humano cualificado, pero se enfrenta a una incertidumbre por la falta de impulso estrat\u00e9gico para afrontar retos como la despoblaci\u00f3n y la competitividad\u201d.\u00a0 Por este motivo \u201curge que la regi\u00f3n formule un plan econ\u00f3mico robusto que contemple ajuste del gasto, pero tambi\u00e9n un est\u00edmulo productivo para no restringir su desarrollo. Para ello<strong>, son determinantes unos presupuestos que marquen el camino hacia la estabilidad y el crecimiento<\/strong>, sorteando todos los impactos tanto econ\u00f3micos como sociales\u201d. Adem\u00e1s, \u201cpara conseguir estabilizar el crecimiento econ\u00f3mico y social de la regi\u00f3n es necesario reforzar su posicionamiento nacional e internacional para atraer empresas innovadoras, consolidar las existentes y crear un entorno favorable a la inversi\u00f3n que garantice la calidad de vida de los ciudadanos de hoy y de las nuevas generaciones de castellano y leoneses\u201d.<\/p>\t\t\t\t\t\t\t\t<\/div>\n\t\t\t\t\t<\/div>\n\t\t\t\t<\/div>\n\t\t\t\t<\/div>","protected":false},"excerpt":{"rendered":"<p>De Margarida: \u201cCastilla y Le\u00f3n se encuentra ante una coyuntura econ\u00f3mica favorable y a la vez incierta\u201d ECOVAEstudios confirma que la econom\u00eda de Castilla y Le\u00f3n se encuentra en un momento fr\u00e1gil, a pesar del crecimiento en un contexto geopol\u00edtico complejo. Pueblosycomarcas.com;\u00a0@PueblosComarcas El Servicio de Estudios Econ\u00f3micos de Castilla y Le\u00f3n (ECOVAEstudios), dependiente del Colegio de Economistas de Valladolid, Palencia y Zamora (ECOVA) ha presentado el Observatorio Econ\u00f3mico regional del tercer trimestre, donde se ha constatado que la econom\u00eda regional \u201cse encuentra en un momento de estabilidad fr\u00e1gil, donde existe un crecimiento inestable en un entorno complejo\u201d. Juan Carlos De Margarida, director de ECOVAEstudios, ha manifestado que \u201cel final del a\u00f1o 2025 se caracteriza por una desaceleraci\u00f3n del crecimiento, as\u00ed como una alta volatilidad financiera, un aumento de las restricciones comerciales y una gran incertidumbre pol\u00edtica\u201d. En suma, ha a\u00f1adido que \u201caunque el d\u00e9ficit p\u00fablico se ha reducido debido al incremento de los ingresos, nos encontramos ante un despilfarro de gasto p\u00fablico sin contenci\u00f3n y sin voluntad pol\u00edtica de reversi\u00f3n, siendo del todo necesario aplicar presupuestos en base 0. Es decir, iniciar cada a\u00f1o presupuestario cuantificando las necesidades y proyectos a realizar sin partir del gasto aplicado o inversi\u00f3n del a\u00f1o anterior, al objeto de ajustar el gasto p\u00fablico a las necesidades reales de la sociedad\u201d. En cuanto a la situaci\u00f3n de las cuentas p\u00fablica, De Margarida ha querido resaltar que \u201cla pr\u00f3rroga de los presupuestos de a\u00f1os anteriores se enfrenta a la imposibilidad de afrontar nuevas pol\u00edticas p\u00fablicas en sanidad, educaci\u00f3n o servicios sociales sin contar con inversiones en nuevos proyectos de infraestructuras determinantes para proyectar y consolidar la competitividad a nivel social y econ\u00f3mico de la regi\u00f3n\u201d. A todo ello se le debe sumar \u201cla ineficiencia en la ejecuci\u00f3n de los Fondos Next Generation, lo que supone una p\u00e9rdida de oportunidad, adem\u00e1s de una amenaza para el crecimiento econ\u00f3mico nacional y regional\u201d. En cuanto al mercado de trabajo, las variables analizadas por el Observatorio han corroborado que \u201cla buena marcha del empleo depende, en gran medida, de la mano de obra extranjera que cubre los puestos de trabajo en sectores cr\u00edticos de la actividad econ\u00f3mica, as\u00ed como de la estabilidad empleadora de las Pymes y de los aut\u00f3nomos, que son verdaderos generadores de puestos de trabajo y creaci\u00f3n de riqueza\u201d. Para concluir, De Margarida ha expresado que \u201cfrente a todas estas realidades, Castilla y Le\u00f3n se encuentra ante una coyuntura socioecon\u00f3mica favorable y a la vez incierta. La regi\u00f3n mantiene un crecimiento moderado, una base industrial m\u00e1s diversificada que otras comunidades y un capital humano cualificado, pero se enfrenta a una incertidumbre por la falta de impulso estrat\u00e9gico para afrontar retos como la despoblaci\u00f3n y la competitividad\u201d.\u00a0 Por este motivo \u201curge que la regi\u00f3n formule un plan econ\u00f3mico robusto que contemple ajuste del gasto, pero tambi\u00e9n un est\u00edmulo productivo para no restringir su desarrollo. Para ello, son determinantes unos presupuestos que marquen el camino hacia la estabilidad y el crecimiento, sorteando todos los impactos tanto econ\u00f3micos como sociales\u201d. Adem\u00e1s, \u201cpara conseguir estabilizar el crecimiento econ\u00f3mico y social de la regi\u00f3n es necesario reforzar su posicionamiento nacional e internacional para atraer empresas innovadoras, consolidar las existentes y crear un entorno favorable a la inversi\u00f3n que garantice la calidad de vida de los ciudadanos de hoy y de las nuevas generaciones de castellano y leoneses\u201d.<\/p>","protected":false},"author":1,"featured_media":4163,"comment_status":"open","ping_status":"closed","sticky":false,"template":"","format":"standard","meta":{"site-sidebar-layout":"default","site-content-layout":"","ast-site-content-layout":"default","site-content-style":"default","site-sidebar-style":"default","ast-global-header-display":"","ast-banner-title-visibility":"","ast-main-header-display":"","ast-hfb-above-header-display":"","ast-hfb-below-header-display":"","ast-hfb-mobile-header-display":"","site-post-title":"disabled","ast-breadcrumbs-content":"","ast-featured-img":"","footer-sml-layout":"","theme-transparent-header-meta":"","adv-header-id-meta":"","stick-header-meta":"","header-above-stick-meta":"","header-main-stick-meta":"","header-below-stick-meta":"","astra-migrate-meta-layouts":"default","ast-page-background-enabled":"default","ast-page-background-meta":{"desktop":{"background-color":"var(--ast-global-color-5)","background-image":"","background-repeat":"repeat","background-position":"center center","background-size":"auto","background-attachment":"scroll","background-type":"","background-media":"","overlay-type":"","overlay-color":"","overlay-opacity":"","overlay-gradient":""},"tablet":{"background-color":"","background-image":"","background-repeat":"repeat","background-position":"center center","background-size":"auto","background-attachment":"scroll","background-type":"","background-media":"","overlay-type":"","overlay-color":"","overlay-opacity":"","overlay-gradient":""},"mobile":{"background-color":"","background-image":"","background-repeat":"repeat","background-position":"center center","background-size":"auto","background-attachment":"scroll","background-type":"","background-media":"","overlay-type":"","overlay-color":"","overlay-opacity":"","overlay-gradient":""}},"ast-content-background-meta":{"desktop":{"background-color":"var(--ast-global-color-4)","background-image":"","background-repeat":"repeat","background-position":"center center","background-size":"auto","background-attachment":"scroll","background-type":"","background-media":"","overlay-type":"","overlay-color":"","overlay-opacity":"","overlay-gradient":""},"tablet":{"background-color":"var(--ast-global-color-4)","background-image":"","background-repeat":"repeat","background-position":"center center","background-size":"auto","background-attachment":"scroll","background-type":"","background-media":"","overlay-type":"","overlay-color":"","overlay-opacity":"","overlay-gradient":""},"mobile":{"background-color":"var(--ast-global-color-4)","background-image":"","background-repeat":"repeat","background-position":"center center","background-size":"auto","background-attachment":"scroll","background-type":"","background-media":"","overlay-type":"","overlay-color":"","overlay-opacity":"","overlay-gradient":""}},"ngg_post_thumbnail":0,"footnotes":""},"categories":[13,16],"tags":[138,22],"class_list":["post-4162","post","type-post","status-publish","format-standard","has-post-thumbnail","hentry","category-educacion-economia-y-empleo","category-portada","tag-ecova","tag-valladolid"],"aioseo_notices":[],"rttpg_featured_image_url":{"full":["https:\/\/pueblosycomarcas.com\/wp-content\/uploads\/2025\/12\/20251217_margarida_ecova.jpg",800,400,false],"landscape":["https:\/\/pueblosycomarcas.com\/wp-content\/uploads\/2025\/12\/20251217_margarida_ecova.jpg",800,400,false],"portraits":["https:\/\/pueblosycomarcas.com\/wp-content\/uploads\/2025\/12\/20251217_margarida_ecova.jpg",800,400,false],"thumbnail":["https:\/\/pueblosycomarcas.com\/wp-content\/uploads\/2025\/12\/20251217_margarida_ecova-150x150.jpg",150,150,true],"medium":["https:\/\/pueblosycomarcas.com\/wp-content\/uploads\/2025\/12\/20251217_margarida_ecova-300x150.jpg",300,150,true],"large":["https:\/\/pueblosycomarcas.com\/wp-content\/uploads\/2025\/12\/20251217_margarida_ecova.jpg",800,400,false],"1536x1536":["https:\/\/pueblosycomarcas.com\/wp-content\/uploads\/2025\/12\/20251217_margarida_ecova.jpg",800,400,false],"2048x2048":["https:\/\/pueblosycomarcas.com\/wp-content\/uploads\/2025\/12\/20251217_margarida_ecova.jpg",800,400,false],"trp-custom-language-flag":["https:\/\/pueblosycomarcas.com\/wp-content\/uploads\/2025\/12\/20251217_margarida_ecova.jpg",18,9,false]},"rttpg_author":{"display_name":"admin","author_link":"https:\/\/pueblosycomarcas.com\/en\/author\/webalquimia\/"},"rttpg_comment":0,"rttpg_category":"<a href=\"https:\/\/pueblosycomarcas.com\/en\/category\/educacion-economia-y-empleo\/\" rel=\"category tag\">Econom\u00eda, Educaci\u00f3n y Empleo<\/a> <a href=\"https:\/\/pueblosycomarcas.com\/en\/category\/portada\/\" rel=\"category tag\">Portada<\/a>","rttpg_excerpt":"De Margarida: \u201cCastilla y Le\u00f3n se encuentra ante una coyuntura econ\u00f3mica favorable y a la vez incierta\u201d ECOVAEstudios confirma que la econom\u00eda de Castilla y Le\u00f3n se encuentra en un momento fr\u00e1gil, a pesar del crecimiento en un contexto geopol\u00edtico complejo. Pueblosycomarcas.com;\u00a0@PueblosComarcas El Servicio de Estudios Econ\u00f3micos de Castilla y Le\u00f3n (ECOVAEstudios), dependiente del Colegio&hellip;","_links":{"self":[{"href":"https:\/\/pueblosycomarcas.com\/en\/wp-json\/wp\/v2\/posts\/4162","targetHints":{"allow":["GET"]}}],"collection":[{"href":"https:\/\/pueblosycomarcas.com\/en\/wp-json\/wp\/v2\/posts"}],"about":[{"href":"https:\/\/pueblosycomarcas.com\/en\/wp-json\/wp\/v2\/types\/post"}],"author":[{"embeddable":true,"href":"https:\/\/pueblosycomarcas.com\/en\/wp-json\/wp\/v2\/users\/1"}],"replies":[{"embeddable":true,"href":"https:\/\/pueblosycomarcas.com\/en\/wp-json\/wp\/v2\/comments?post=4162"}],"version-history":[{"count":5,"href":"https:\/\/pueblosycomarcas.com\/en\/wp-json\/wp\/v2\/posts\/4162\/revisions"}],"predecessor-version":[{"id":4168,"href":"https:\/\/pueblosycomarcas.com\/en\/wp-json\/wp\/v2\/posts\/4162\/revisions\/4168"}],"wp:featuredmedia":[{"embeddable":true,"href":"https:\/\/pueblosycomarcas.com\/en\/wp-json\/wp\/v2\/media\/4163"}],"wp:attachment":[{"href":"https:\/\/pueblosycomarcas.com\/en\/wp-json\/wp\/v2\/media?parent=4162"}],"wp:term":[{"taxonomy":"category","embeddable":true,"href":"https:\/\/pueblosycomarcas.com\/en\/wp-json\/wp\/v2\/categories?post=4162"},{"taxonomy":"post_tag","embeddable":true,"href":"https:\/\/pueblosycomarcas.com\/en\/wp-json\/wp\/v2\/tags?post=4162"}],"curies":[{"name":"wp","href":"https:\/\/api.w.org\/{rel}","templated":true}]}}