{"id":4105,"date":"2025-12-15T06:30:00","date_gmt":"2025-12-15T05:30:00","guid":{"rendered":"https:\/\/webalquimia.es\/?p=4105"},"modified":"2025-12-15T12:40:30","modified_gmt":"2025-12-15T11:40:30","slug":"transportes-completa-por-45-millones-la-contratacion-de-suministros-para-montar-la-segunda-via-entre-medina-del-campo-y-zamora-de-la-alta-velocidad-a-galicia","status":"publish","type":"post","link":"https:\/\/pueblosycomarcas.com\/en\/transportes-completa-por-45-millones-la-contratacion-de-suministros-para-montar-la-segunda-via-entre-medina-del-campo-y-zamora-de-la-alta-velocidad-a-galicia\/","title":{"rendered":"Transportes completa por 4,5 millones la contrataci\u00f3n de suministros para montar la segunda v\u00eda entre Medina del Campo y Zamora, de la alta velocidad a Galicia"},"content":{"rendered":"<div data-elementor-type=\"wp-post\" data-elementor-id=\"4105\" class=\"elementor elementor-4105\">\n\t\t\t\t<div class=\"elementor-element elementor-element-1f1b68b e-flex e-con-boxed wpr-particle-no wpr-jarallax-no wpr-parallax-no wpr-sticky-section-no wpr-equal-height-no e-con e-parent\" data-id=\"1f1b68b\" data-element_type=\"container\" data-e-type=\"container\">\n\t\t\t\t\t<div class=\"e-con-inner\">\n\t\t\t\t<div class=\"elementor-element elementor-element-9682e25 elementor-widget elementor-widget-heading\" data-id=\"9682e25\" data-element_type=\"widget\" data-e-type=\"widget\" data-widget_type=\"heading.default\">\n\t\t\t\t\t<h2 class=\"elementor-heading-title elementor-size-default\">Transportes completa por 4,5 millones la contrataci\u00f3n de suministros para montar la segunda v\u00eda entre Medina del Campo y Zamora, de la alta velocidad a Galicia<\/h2>\t\t\t\t<\/div>\n\t\t\t\t<div class=\"elementor-element elementor-element-ea7794c elementor-widget elementor-widget-text-editor\" data-id=\"ea7794c\" data-element_type=\"widget\" data-e-type=\"widget\" data-widget_type=\"text-editor.default\">\n\t\t\t\t\t\t\t\t\t<ul><li><h6><em><strong>En concreto, se ha adjudicado el suministro de seis desv\u00edos y cinco aparatos de dilataci\u00f3n, tras tener ya contratado el de carril y, en licitaci\u00f3n, 392.000 toneladas de balasto y 129.000 traviesas<\/strong><\/em><\/h6><\/li><\/ul>\t\t\t\t\t\t\t\t<\/div>\n\t\t\t\t<div class=\"elementor-element elementor-element-7c44ae0 elementor-widget-divider--view-line elementor-widget elementor-widget-divider\" data-id=\"7c44ae0\" data-element_type=\"widget\" data-e-type=\"widget\" data-widget_type=\"divider.default\">\n\t\t\t\t\t\t\t<div class=\"elementor-divider\">\n\t\t\t<span class=\"elementor-divider-separator\">\n\t\t\t\t\t\t<\/span>\n\t\t<\/div>\n\t\t\t\t\t\t<\/div>\n\t\t\t\t<div class=\"elementor-element elementor-element-9eb1e81 elementor-widget elementor-widget-image\" data-id=\"9eb1e81\" data-element_type=\"widget\" data-e-type=\"widget\" data-widget_type=\"image.default\">\n\t\t\t\t\t\t\t\t\t\t\t\t\t\t\t<img fetchpriority=\"high\" decoding=\"async\" width=\"800\" height=\"400\" src=\"https:\/\/pueblosycomarcas.com\/wp-content\/uploads\/2025\/12\/20251215_vias_tren.jpg\" class=\"attachment-large size-large wp-image-4106\" alt=\"\" srcset=\"https:\/\/pueblosycomarcas.com\/wp-content\/uploads\/2025\/12\/20251215_vias_tren.jpg 800w, https:\/\/pueblosycomarcas.com\/wp-content\/uploads\/2025\/12\/20251215_vias_tren-300x150.jpg 300w, https:\/\/pueblosycomarcas.com\/wp-content\/uploads\/2025\/12\/20251215_vias_tren-768x384.jpg 768w\" sizes=\"(max-width: 800px) 100vw, 800px\" \/>\t\t\t\t\t\t\t\t\t\t\t\t\t\t\t<\/div>\n\t\t\t\t<div class=\"elementor-element elementor-element-626a403 elementor-widget elementor-widget-text-editor\" data-id=\"626a403\" data-element_type=\"widget\" data-e-type=\"widget\" data-widget_type=\"text-editor.default\">\n\t\t\t\t\t\t\t\t\t<p><a href=\"https:\/\/www.facebook.com\/Pueblos-y-Comarcas-125437870924169\/?fref=ts\"><em><strong>Pueblosycomarcas.com<\/strong><\/em><\/a><em><strong>;&nbsp;<\/strong><\/em><a href=\"https:\/\/twitter.com\/PueblosComarcas\"><em><strong>@PueblosComarcas<\/strong><\/em><\/a><\/p>\n<p>El Ministerio de Transportes y Movilidad Sostenible ya tiene contratados o en licitaci\u00f3n todos los elementos de v\u00eda necesarios para tender la segunda v\u00eda en el tramo de 66km comprendido entre Medina del Campo (Valladolid) y la bifurcaci\u00f3n Coreses (Zamora) de la L\u00ednea de Alta Velocidad (LAV) a Galicia. En concreto, a trav\u00e9s de Adif, se ha adjudicado:<\/p>\n<ul>\n<li>Por 3,8 millones de euros (IVA incluido) el suministro de seis desv\u00edos, que son los aparatos de v\u00eda que permiten a los trenes en circulaci\u00f3n pasar de una v\u00eda a otra.<\/li>\n<li>Por otros 700.000 euros (IVA incluido) el de cinco aparatos de dilataci\u00f3n, que son los que preservan el carril de las tensiones generadas por variaciones t\u00e9rmicas.<\/li>\n<\/ul>\n<p>Estos contratos se suman a los que actualmente ya est\u00e1n adjudicados o en licitaci\u00f3n, para el resto de los elementos de v\u00eda necesarios para esta actuaci\u00f3n. As\u00ed, ya est\u00e1 contratado el carril y, recientemente, se licit\u00f3 el suministro de balasto (392.000 toneladas) y de traviesas (129.000 unidades de hormig\u00f3n para ancho est\u00e1ndar).<\/p>\n<h4><span style=\"font-weight: normal;\">AMPLIACI\u00d3N DE CAPACIDAD DEL CORREDOR NOROESTE <\/span><\/h4>\n<p>El Ministerio, a trav\u00e9s de Adif, ha emprendido los trabajos de despliegue de una segunda v\u00eda en el trazado de 66 km entre Medina del Campo (Valladolid) y Coreses (Zamora) para reforzar la capacidad y operatividad del corredor noroeste de alta velocidad, y que siga respondiendo al aumento de tr\u00e1fico y de viajeros.<\/p>\n<p>La actuaci\u00f3n incluye el montaje de la segunda v\u00eda, su electrificaci\u00f3n y el despliegue de las instalaciones de se\u00f1alizaci\u00f3n, comunicaciones y resto de equipos y sistemas.<\/p>\n<p>Los trabajos se han iniciado con el acondicionamiento de la plataforma sobre la que se coloca la v\u00eda, ya construida, y trabajos de topograf\u00eda.<\/p>\n<p>Esta actuaci\u00f3n contribuye a los ODS n\u00famero 9 (fomento de infraestructuras fiables, sostenibles y de calidad), el 7 (sostenibilidad) y el 8 (contribuci\u00f3n a la generaci\u00f3n de empleo y el crecimiento econ\u00f3mico).<\/p>\t\t\t\t\t\t\t\t<\/div>\n\t\t\t\t\t<\/div>\n\t\t\t\t<\/div>\n\t\t\t\t<\/div>","protected":false},"excerpt":{"rendered":"<p>Transportes completa por 4,5 millones la contrataci\u00f3n de suministros para montar la segunda v\u00eda entre Medina del Campo y Zamora, de la alta velocidad a Galicia En concreto, se ha adjudicado el suministro de seis desv\u00edos y cinco aparatos de dilataci\u00f3n, tras tener ya contratado el de carril y, en licitaci\u00f3n, 392.000 toneladas de balasto y 129.000 traviesas Pueblosycomarcas.com;&nbsp;@PueblosComarcas El Ministerio de Transportes y Movilidad Sostenible ya tiene contratados o en licitaci\u00f3n todos los elementos de v\u00eda necesarios para tender la segunda v\u00eda en el tramo de 66km comprendido entre Medina del Campo (Valladolid) y la bifurcaci\u00f3n Coreses (Zamora) de la L\u00ednea de Alta Velocidad (LAV) a Galicia. En concreto, a trav\u00e9s de Adif, se ha adjudicado: Por 3,8 millones de euros (IVA incluido) el suministro de seis desv\u00edos, que son los aparatos de v\u00eda que permiten a los trenes en circulaci\u00f3n pasar de una v\u00eda a otra. Por otros 700.000 euros (IVA incluido) el de cinco aparatos de dilataci\u00f3n, que son los que preservan el carril de las tensiones generadas por variaciones t\u00e9rmicas. Estos contratos se suman a los que actualmente ya est\u00e1n adjudicados o en licitaci\u00f3n, para el resto de los elementos de v\u00eda necesarios para esta actuaci\u00f3n. As\u00ed, ya est\u00e1 contratado el carril y, recientemente, se licit\u00f3 el suministro de balasto (392.000 toneladas) y de traviesas (129.000 unidades de hormig\u00f3n para ancho est\u00e1ndar). AMPLIACI\u00d3N DE CAPACIDAD DEL CORREDOR NOROESTE El Ministerio, a trav\u00e9s de Adif, ha emprendido los trabajos de despliegue de una segunda v\u00eda en el trazado de 66 km entre Medina del Campo (Valladolid) y Coreses (Zamora) para reforzar la capacidad y operatividad del corredor noroeste de alta velocidad, y que siga respondiendo al aumento de tr\u00e1fico y de viajeros. La actuaci\u00f3n incluye el montaje de la segunda v\u00eda, su electrificaci\u00f3n y el despliegue de las instalaciones de se\u00f1alizaci\u00f3n, comunicaciones y resto de equipos y sistemas. Los trabajos se han iniciado con el acondicionamiento de la plataforma sobre la que se coloca la v\u00eda, ya construida, y trabajos de topograf\u00eda. Esta actuaci\u00f3n contribuye a los ODS n\u00famero 9 (fomento de infraestructuras fiables, sostenibles y de calidad), el 7 (sostenibilidad) y el 8 (contribuci\u00f3n a la generaci\u00f3n de empleo y el crecimiento econ\u00f3mico).<\/p>","protected":false},"author":1,"featured_media":4106,"comment_status":"open","ping_status":"closed","sticky":false,"template":"","format":"standard","meta":{"site-sidebar-layout":"default","site-content-layout":"","ast-site-content-layout":"default","site-content-style":"default","site-sidebar-style":"default","ast-global-header-display":"","ast-banner-title-visibility":"","ast-main-header-display":"","ast-hfb-above-header-display":"","ast-hfb-below-header-display":"","ast-hfb-mobile-header-display":"","site-post-title":"disabled","ast-breadcrumbs-content":"","ast-featured-img":"","footer-sml-layout":"","theme-transparent-header-meta":"","adv-header-id-meta":"","stick-header-meta":"","header-above-stick-meta":"","header-main-stick-meta":"","header-below-stick-meta":"","astra-migrate-meta-layouts":"default","ast-page-background-enabled":"default","ast-page-background-meta":{"desktop":{"background-color":"var(--ast-global-color-5)","background-image":"","background-repeat":"repeat","background-position":"center center","background-size":"auto","background-attachment":"scroll","background-type":"","background-media":"","overlay-type":"","overlay-color":"","overlay-opacity":"","overlay-gradient":""},"tablet":{"background-color":"","background-image":"","background-repeat":"repeat","background-position":"center center","background-size":"auto","background-attachment":"scroll","background-type":"","background-media":"","overlay-type":"","overlay-color":"","overlay-opacity":"","overlay-gradient":""},"mobile":{"background-color":"","background-image":"","background-repeat":"repeat","background-position":"center center","background-size":"auto","background-attachment":"scroll","background-type":"","background-media":"","overlay-type":"","overlay-color":"","overlay-opacity":"","overlay-gradient":""}},"ast-content-background-meta":{"desktop":{"background-color":"var(--ast-global-color-4)","background-image":"","background-repeat":"repeat","background-position":"center center","background-size":"auto","background-attachment":"scroll","background-type":"","background-media":"","overlay-type":"","overlay-color":"","overlay-opacity":"","overlay-gradient":""},"tablet":{"background-color":"var(--ast-global-color-4)","background-image":"","background-repeat":"repeat","background-position":"center center","background-size":"auto","background-attachment":"scroll","background-type":"","background-media":"","overlay-type":"","overlay-color":"","overlay-opacity":"","overlay-gradient":""},"mobile":{"background-color":"var(--ast-global-color-4)","background-image":"","background-repeat":"repeat","background-position":"center center","background-size":"auto","background-attachment":"scroll","background-type":"","background-media":"","overlay-type":"","overlay-color":"","overlay-opacity":"","overlay-gradient":""}},"ngg_post_thumbnail":0,"footnotes":""},"categories":[10,16],"tags":[33],"class_list":["post-4105","post","type-post","status-publish","format-standard","has-post-thumbnail","hentry","category-otras-comarcas","category-portada","tag-medina-del-campo"],"aioseo_notices":[],"rttpg_featured_image_url":{"full":["https:\/\/pueblosycomarcas.com\/wp-content\/uploads\/2025\/12\/20251215_vias_tren.jpg",800,400,false],"landscape":["https:\/\/pueblosycomarcas.com\/wp-content\/uploads\/2025\/12\/20251215_vias_tren.jpg",800,400,false],"portraits":["https:\/\/pueblosycomarcas.com\/wp-content\/uploads\/2025\/12\/20251215_vias_tren.jpg",800,400,false],"thumbnail":["https:\/\/pueblosycomarcas.com\/wp-content\/uploads\/2025\/12\/20251215_vias_tren-150x150.jpg",150,150,true],"medium":["https:\/\/pueblosycomarcas.com\/wp-content\/uploads\/2025\/12\/20251215_vias_tren-300x150.jpg",300,150,true],"large":["https:\/\/pueblosycomarcas.com\/wp-content\/uploads\/2025\/12\/20251215_vias_tren.jpg",800,400,false],"1536x1536":["https:\/\/pueblosycomarcas.com\/wp-content\/uploads\/2025\/12\/20251215_vias_tren.jpg",800,400,false],"2048x2048":["https:\/\/pueblosycomarcas.com\/wp-content\/uploads\/2025\/12\/20251215_vias_tren.jpg",800,400,false],"trp-custom-language-flag":["https:\/\/pueblosycomarcas.com\/wp-content\/uploads\/2025\/12\/20251215_vias_tren.jpg",18,9,false]},"rttpg_author":{"display_name":"admin","author_link":"https:\/\/pueblosycomarcas.com\/en\/author\/webalquimia\/"},"rttpg_comment":0,"rttpg_category":"<a href=\"https:\/\/pueblosycomarcas.com\/en\/category\/otras-comarcas\/\" rel=\"category tag\">Otras Comarcas<\/a> <a href=\"https:\/\/pueblosycomarcas.com\/en\/category\/portada\/\" rel=\"category tag\">Portada<\/a>","rttpg_excerpt":"Transportes completa por 4,5 millones la contrataci\u00f3n de suministros para montar la segunda v\u00eda entre Medina del Campo y Zamora, de la alta velocidad a Galicia En concreto, se ha adjudicado el suministro de seis desv\u00edos y cinco aparatos de dilataci\u00f3n, tras tener ya contratado el de carril y, en licitaci\u00f3n, 392.000 toneladas de balasto&hellip;","_links":{"self":[{"href":"https:\/\/pueblosycomarcas.com\/en\/wp-json\/wp\/v2\/posts\/4105","targetHints":{"allow":["GET"]}}],"collection":[{"href":"https:\/\/pueblosycomarcas.com\/en\/wp-json\/wp\/v2\/posts"}],"about":[{"href":"https:\/\/pueblosycomarcas.com\/en\/wp-json\/wp\/v2\/types\/post"}],"author":[{"embeddable":true,"href":"https:\/\/pueblosycomarcas.com\/en\/wp-json\/wp\/v2\/users\/1"}],"replies":[{"embeddable":true,"href":"https:\/\/pueblosycomarcas.com\/en\/wp-json\/wp\/v2\/comments?post=4105"}],"version-history":[{"count":5,"href":"https:\/\/pueblosycomarcas.com\/en\/wp-json\/wp\/v2\/posts\/4105\/revisions"}],"predecessor-version":[{"id":4111,"href":"https:\/\/pueblosycomarcas.com\/en\/wp-json\/wp\/v2\/posts\/4105\/revisions\/4111"}],"wp:featuredmedia":[{"embeddable":true,"href":"https:\/\/pueblosycomarcas.com\/en\/wp-json\/wp\/v2\/media\/4106"}],"wp:attachment":[{"href":"https:\/\/pueblosycomarcas.com\/en\/wp-json\/wp\/v2\/media?parent=4105"}],"wp:term":[{"taxonomy":"category","embeddable":true,"href":"https:\/\/pueblosycomarcas.com\/en\/wp-json\/wp\/v2\/categories?post=4105"},{"taxonomy":"post_tag","embeddable":true,"href":"https:\/\/pueblosycomarcas.com\/en\/wp-json\/wp\/v2\/tags?post=4105"}],"curies":[{"name":"wp","href":"https:\/\/api.w.org\/{rel}","templated":true}]}}