{"id":4083,"date":"2025-12-15T12:25:00","date_gmt":"2025-12-15T11:25:00","guid":{"rendered":"https:\/\/webalquimia.es\/?p=4083"},"modified":"2025-12-15T12:34:30","modified_gmt":"2025-12-15T11:34:30","slug":"con-la-tradicional-visita-de-la-asociacion-de-vehiculos-veteranos-de-valladolid-viana-inaugura-oficialmente-su-programa-de-navidad","status":"publish","type":"post","link":"https:\/\/pueblosycomarcas.com\/en\/con-la-tradicional-visita-de-la-asociacion-de-vehiculos-veteranos-de-valladolid-viana-inaugura-oficialmente-su-programa-de-navidad\/","title":{"rendered":"Con la tradicional visita de la Asociaci\u00f3n de Veh\u00edculos Veteranos de Valladolid, Viana inaugura oficialmente su programa de Navidad"},"content":{"rendered":"<div data-elementor-type=\"wp-post\" data-elementor-id=\"4083\" class=\"elementor elementor-4083\">\n\t\t\t\t<div class=\"elementor-element elementor-element-4434fb4 e-flex e-con-boxed wpr-particle-no wpr-jarallax-no wpr-parallax-no wpr-sticky-section-no wpr-equal-height-no e-con e-parent\" data-id=\"4434fb4\" data-element_type=\"container\" data-e-type=\"container\">\n\t\t\t\t\t<div class=\"e-con-inner\">\n\t\t\t\t<div class=\"elementor-element elementor-element-dc696c0 elementor-widget elementor-widget-heading\" data-id=\"dc696c0\" data-element_type=\"widget\" data-e-type=\"widget\" data-widget_type=\"heading.default\">\n\t\t\t\t\t<h2 class=\"elementor-heading-title elementor-size-default\"><p class=\"MsoNormal\" align=\"center\" style=\"text-align:center\"><b>Con\nla tradicional visita de la Asociaci\u00f3n de Veh\u00edculos Veteranos de Valladolid,\nViana inaugura oficialmente su programa de Navidad<\/b><\/p><\/h2>\t\t\t\t<\/div>\n\t\t\t\t<div class=\"elementor-element elementor-element-8697fc3 elementor-widget elementor-widget-text-editor\" data-id=\"8697fc3\" data-element_type=\"widget\" data-e-type=\"widget\" data-widget_type=\"text-editor.default\">\n\t\t\t\t\t\t\t\t\t<ul><li><h6><em><strong>Una veintena de veh\u00edculos de diferentes marcas y modelos arribaron hasta la localidad como parada de una de sus rutas<\/strong><\/em><\/h6><\/li><\/ul><h6><em><strong>Con esta actividad se da el pistoletazo de salida al programa de Navidad que se extender\u00e1 hasta el 6 de enero<\/strong><\/em><\/h6>\t\t\t\t\t\t\t\t<\/div>\n\t\t\t\t<div class=\"elementor-element elementor-element-79d5324 elementor-widget-divider--view-line elementor-widget elementor-widget-divider\" data-id=\"79d5324\" data-element_type=\"widget\" data-e-type=\"widget\" data-widget_type=\"divider.default\">\n\t\t\t\t\t\t\t<div class=\"elementor-divider\">\n\t\t\t<span class=\"elementor-divider-separator\">\n\t\t\t\t\t\t<\/span>\n\t\t<\/div>\n\t\t\t\t\t\t<\/div>\n\t\t\t\t<div class=\"elementor-element elementor-element-832e4ef elementor-widget elementor-widget-image\" data-id=\"832e4ef\" data-element_type=\"widget\" data-e-type=\"widget\" data-widget_type=\"image.default\">\n\t\t\t\t\t\t\t\t\t\t\t\t\t\t\t<img fetchpriority=\"high\" decoding=\"async\" width=\"800\" height=\"400\" src=\"https:\/\/pueblosycomarcas.com\/wp-content\/uploads\/2025\/12\/20251215_visita_coches_veteranos_viana.jpg\" class=\"attachment-large size-large wp-image-4084\" alt=\"\" srcset=\"https:\/\/pueblosycomarcas.com\/wp-content\/uploads\/2025\/12\/20251215_visita_coches_veteranos_viana.jpg 800w, https:\/\/pueblosycomarcas.com\/wp-content\/uploads\/2025\/12\/20251215_visita_coches_veteranos_viana-300x150.jpg 300w, https:\/\/pueblosycomarcas.com\/wp-content\/uploads\/2025\/12\/20251215_visita_coches_veteranos_viana-768x384.jpg 768w\" sizes=\"(max-width: 800px) 100vw, 800px\" \/>\t\t\t\t\t\t\t\t\t\t\t\t\t\t\t<\/div>\n\t\t\t\t\t<\/div>\n\t\t\t\t<\/div>\n\t\t<div class=\"elementor-element elementor-element-48209e4 e-flex e-con-boxed wpr-particle-no wpr-jarallax-no wpr-parallax-no wpr-sticky-section-no wpr-equal-height-no e-con e-parent\" data-id=\"48209e4\" data-element_type=\"container\" data-e-type=\"container\">\n\t\t\t\t\t<div class=\"e-con-inner\">\n\t\t\t\t<div class=\"elementor-element elementor-element-6b18861 elementor-widget elementor-widget-text-editor\" data-id=\"6b18861\" data-element_type=\"widget\" data-e-type=\"widget\" data-widget_type=\"text-editor.default\">\n\t\t\t\t\t\t\t\t\t<p><a href=\"https:\/\/www.facebook.com\/Pueblos-y-Comarcas-125437870924169\/?fref=ts\"><strong><em>Pueblosycomarcas.com<\/em><\/strong><\/a><strong><em>;\u00a0<\/em><\/strong><a href=\"https:\/\/twitter.com\/PueblosComarcas\"><strong><em>@PueblosComarcas<\/em><\/strong><\/a><\/p><p>Viana de Cega ha dado este fin de semana el pistoletazo inicial de su programa de Navidad 25\/26. Durante el pasado fin de semana, desde el Ayuntamiento, a trav\u00e9s de sus diferentes \u00e1reas, se han programado talleres para una gran variedad de p\u00fablicos como uno de lana afieltrada para adultos y de Spintronics para ni\u00f1os y j\u00f3venes.<\/p><p>Pero sin duda, si hay una actividad que los vecinos han adaptado como la que marca el arranque oficial de la Navidad es la tradicional visita de la Asociaci\u00f3n de Coches Veteranos de Valladolid que se repite desde hace una d\u00e9cada.<\/p><p>Sobre las doce y cuarto del mediod\u00eda, y tras realizar un peque\u00f1o recorrido por varias calles del pueblo, los participantes en esta visita fueron aparcando en la Plaza Mayor modelos de marcas tan emblem\u00e1ticas como Mercedes, Seat, Triumph, Porche, BMW, Land Rover, Citro\u00ebn, Ranault o Riley. Acto, seguido, y acompa\u00f1ados por el alcalde, Alberto Collantes, y varios ediles de la corporaci\u00f3n disfrutar de un caf\u00e9 caliente, muy apropiado y necesario dada la climatolog\u00eda, en la Casa de Cultura.<\/p><p>El acto concluy\u00f3 con intercambio de obsequios entre Ayuntamiento y Asociaci\u00f3n durante el cual el alcalde agradeci\u00f3 la visita, dese\u00f3 que siga produci\u00e9ndose en a\u00f1os venideros y tuvo un sentido recuerdo \u201cpara todos aquellos socios que en ediciones anteriores visitaron Viana con sus veh\u00edculos y hoy, tristemente, ya no est\u00e1n entre nosotros\u201d.<\/p>\t\t\t\t\t\t\t\t<\/div>\n\t\t\t\t<div class=\"elementor-element elementor-element-dc35dff elementor-widget elementor-widget-image\" data-id=\"dc35dff\" data-element_type=\"widget\" data-e-type=\"widget\" data-widget_type=\"image.default\">\n\t\t\t\t\t\t\t\t\t\t\t\t\t\t\t<img decoding=\"async\" width=\"800\" height=\"400\" src=\"https:\/\/pueblosycomarcas.com\/wp-content\/uploads\/2025\/12\/20251215_visita_coches_veteranos_viana_02.jpg\" class=\"attachment-large size-large wp-image-4086\" alt=\"\" srcset=\"https:\/\/pueblosycomarcas.com\/wp-content\/uploads\/2025\/12\/20251215_visita_coches_veteranos_viana_02.jpg 800w, https:\/\/pueblosycomarcas.com\/wp-content\/uploads\/2025\/12\/20251215_visita_coches_veteranos_viana_02-300x150.jpg 300w, https:\/\/pueblosycomarcas.com\/wp-content\/uploads\/2025\/12\/20251215_visita_coches_veteranos_viana_02-768x384.jpg 768w\" sizes=\"(max-width: 800px) 100vw, 800px\" \/>\t\t\t\t\t\t\t\t\t\t\t\t\t\t\t<\/div>\n\t\t\t\t<div class=\"elementor-element elementor-element-6755395 elementor-widget elementor-widget-text-editor\" data-id=\"6755395\" data-element_type=\"widget\" data-e-type=\"widget\" data-widget_type=\"text-editor.default\">\n\t\t\t\t\t\t\t\t\t<h4><strong>LAS ACTIVIDADES CONTIN\u00daAN<\/strong><\/h4>\n<p>Los d\u00edas previos a la Nochebuena y la Navidad hay prevista la realizaci\u00f3n de m\u00e1s talleres (uno organizado por el grupo de Almazuelas el 16 de diciembre, uno de cocina para ni\u00f1os el 22 y otro de fieltro al d\u00eda siguiente dirigido tambi\u00e9n a ni\u00f1os), una sesi\u00f3n de cortos y palomitas en la Casa de Cultura la tarde del 19 o una de las grandes novedades con respecto a otros a\u00f1os: la Cabalgata de Pap\u00e1 Noel en la tarde del s\u00e1bado 20 de diciembre.<\/p>\n<p>Pasada la Navidad y antes de que lleguen Nochevieja y A\u00f1o Nuevo, el programa incluye m\u00e1s talleres para diferentes p\u00fablicos desde beb\u00e9s a adultos; actividades deportivas, como la San Silvestre vianera, el 5\u00ba Desaf\u00edo Compasquillo o el tradicional partido de f\u00fatbol de solteros contra casados; tardes de juegos, de mesa en el Centro de Ocio Joven para las familias y de juegos de corte l\u00fadico (hinchables, rana bomb\u00f3n, juegos predeportivos, etc.) en el polideportivo; o un concierto de Navidad en la Iglesia Parroquial. Destaca tambi\u00e9n en esta parte del calendario la celebraci\u00f3n de la Nochevieja Joven en el Centro de Ocio Joven el 30 de diciembre.<\/p>\n<p>Pasado el A\u00f1o Nuevo, el 2 de enero la Casa de Cultura acoger\u00e1 un espect\u00e1culo de magia a cargo de Max Verdie y el 5 llegar\u00e1 la gran cita navide\u00f1a por excelencia como es la Cabalgata de SSMM los Reyes Magos.<\/p>\n<p>Complementariamente, a lo largo de todo el periodo, se han organizado m\u00e1s talleres, como uno de ajedrez en familia, varios torneos en el Centro de Ocio Joven, un stage de balonmano, as\u00ed como la campa\u00f1a de fomento del consumo en el comercio local.<\/p>\n<p>El programa completo se puede consultar y descargar en el siguiente enlace:<\/p>\n<ul>\n<li><a href=\"https:\/\/pueblosycomarcas.com\/wp-content\/uploads\/2025\/12\/programa_navidad_viana_compressed.pdf\"><strong>Programa de Navidad 2025 de Viana de Cega<\/strong><\/a><\/li>\n<\/ul>\n<p><strong>&nbsp;<\/strong><\/p>\t\t\t\t\t\t\t\t<\/div>\n\t\t\t\t\t<\/div>\n\t\t\t\t<\/div>\n\t\t\t\t<\/div>","protected":false},"excerpt":{"rendered":"<p>Con la tradicional visita de la Asociaci\u00f3n de Veh\u00edculos Veteranos de Valladolid, Viana inaugura oficialmente su programa de Navidad Una veintena de veh\u00edculos de diferentes marcas y modelos arribaron hasta la localidad como parada de una de sus rutas Con esta actividad se da el pistoletazo de salida al programa de Navidad que se extender\u00e1 hasta el 6 de enero Pueblosycomarcas.com;\u00a0@PueblosComarcas Viana de Cega ha dado este fin de semana el pistoletazo inicial de su programa de Navidad 25\/26. Durante el pasado fin de semana, desde el Ayuntamiento, a trav\u00e9s de sus diferentes \u00e1reas, se han programado talleres para una gran variedad de p\u00fablicos como uno de lana afieltrada para adultos y de Spintronics para ni\u00f1os y j\u00f3venes. Pero sin duda, si hay una actividad que los vecinos han adaptado como la que marca el arranque oficial de la Navidad es la tradicional visita de la Asociaci\u00f3n de Coches Veteranos de Valladolid que se repite desde hace una d\u00e9cada. Sobre las doce y cuarto del mediod\u00eda, y tras realizar un peque\u00f1o recorrido por varias calles del pueblo, los participantes en esta visita fueron aparcando en la Plaza Mayor modelos de marcas tan emblem\u00e1ticas como Mercedes, Seat, Triumph, Porche, BMW, Land Rover, Citro\u00ebn, Ranault o Riley. Acto, seguido, y acompa\u00f1ados por el alcalde, Alberto Collantes, y varios ediles de la corporaci\u00f3n disfrutar de un caf\u00e9 caliente, muy apropiado y necesario dada la climatolog\u00eda, en la Casa de Cultura. El acto concluy\u00f3 con intercambio de obsequios entre Ayuntamiento y Asociaci\u00f3n durante el cual el alcalde agradeci\u00f3 la visita, dese\u00f3 que siga produci\u00e9ndose en a\u00f1os venideros y tuvo un sentido recuerdo \u201cpara todos aquellos socios que en ediciones anteriores visitaron Viana con sus veh\u00edculos y hoy, tristemente, ya no est\u00e1n entre nosotros\u201d. LAS ACTIVIDADES CONTIN\u00daAN Los d\u00edas previos a la Nochebuena y la Navidad hay prevista la realizaci\u00f3n de m\u00e1s talleres (uno organizado por el grupo de Almazuelas el 16 de diciembre, uno de cocina para ni\u00f1os el 22 y otro de fieltro al d\u00eda siguiente dirigido tambi\u00e9n a ni\u00f1os), una sesi\u00f3n de cortos y palomitas en la Casa de Cultura la tarde del 19 o una de las grandes novedades con respecto a otros a\u00f1os: la Cabalgata de Pap\u00e1 Noel en la tarde del s\u00e1bado 20 de diciembre. Pasada la Navidad y antes de que lleguen Nochevieja y A\u00f1o Nuevo, el programa incluye m\u00e1s talleres para diferentes p\u00fablicos desde beb\u00e9s a adultos; actividades deportivas, como la San Silvestre vianera, el 5\u00ba Desaf\u00edo Compasquillo o el tradicional partido de f\u00fatbol de solteros contra casados; tardes de juegos, de mesa en el Centro de Ocio Joven para las familias y de juegos de corte l\u00fadico (hinchables, rana bomb\u00f3n, juegos predeportivos, etc.) en el polideportivo; o un concierto de Navidad en la Iglesia Parroquial. Destaca tambi\u00e9n en esta parte del calendario la celebraci\u00f3n de la Nochevieja Joven en el Centro de Ocio Joven el 30 de diciembre. Pasado el A\u00f1o Nuevo, el 2 de enero la Casa de Cultura acoger\u00e1 un espect\u00e1culo de magia a cargo de Max Verdie y el 5 llegar\u00e1 la gran cita navide\u00f1a por excelencia como es la Cabalgata de SSMM los Reyes Magos. Complementariamente, a lo largo de todo el periodo, se han organizado m\u00e1s talleres, como uno de ajedrez en familia, varios torneos en el Centro de Ocio Joven, un stage de balonmano, as\u00ed como la campa\u00f1a de fomento del consumo en el comercio local. El programa completo se puede consultar y descargar en el siguiente enlace: Programa de Navidad 2025 de Viana de Cega &nbsp;<\/p>","protected":false},"author":1,"featured_media":4084,"comment_status":"open","ping_status":"closed","sticky":false,"template":"","format":"standard","meta":{"site-sidebar-layout":"default","site-content-layout":"","ast-site-content-layout":"default","site-content-style":"default","site-sidebar-style":"default","ast-global-header-display":"","ast-banner-title-visibility":"","ast-main-header-display":"","ast-hfb-above-header-display":"","ast-hfb-below-header-display":"","ast-hfb-mobile-header-display":"","site-post-title":"disabled","ast-breadcrumbs-content":"","ast-featured-img":"","footer-sml-layout":"","theme-transparent-header-meta":"","adv-header-id-meta":"","stick-header-meta":"","header-above-stick-meta":"","header-main-stick-meta":"","header-below-stick-meta":"","astra-migrate-meta-layouts":"default","ast-page-background-enabled":"default","ast-page-background-meta":{"desktop":{"background-color":"var(--ast-global-color-5)","background-image":"","background-repeat":"repeat","background-position":"center center","background-size":"auto","background-attachment":"scroll","background-type":"","background-media":"","overlay-type":"","overlay-color":"","overlay-opacity":"","overlay-gradient":""},"tablet":{"background-color":"","background-image":"","background-repeat":"repeat","background-position":"center center","background-size":"auto","background-attachment":"scroll","background-type":"","background-media":"","overlay-type":"","overlay-color":"","overlay-opacity":"","overlay-gradient":""},"mobile":{"background-color":"","background-image":"","background-repeat":"repeat","background-position":"center center","background-size":"auto","background-attachment":"scroll","background-type":"","background-media":"","overlay-type":"","overlay-color":"","overlay-opacity":"","overlay-gradient":""}},"ast-content-background-meta":{"desktop":{"background-color":"var(--ast-global-color-4)","background-image":"","background-repeat":"repeat","background-position":"center center","background-size":"auto","background-attachment":"scroll","background-type":"","background-media":"","overlay-type":"","overlay-color":"","overlay-opacity":"","overlay-gradient":""},"tablet":{"background-color":"var(--ast-global-color-4)","background-image":"","background-repeat":"repeat","background-position":"center center","background-size":"auto","background-attachment":"scroll","background-type":"","background-media":"","overlay-type":"","overlay-color":"","overlay-opacity":"","overlay-gradient":""},"mobile":{"background-color":"var(--ast-global-color-4)","background-image":"","background-repeat":"repeat","background-position":"center center","background-size":"auto","background-attachment":"scroll","background-type":"","background-media":"","overlay-type":"","overlay-color":"","overlay-opacity":"","overlay-gradient":""}},"ngg_post_thumbnail":0,"footnotes":""},"categories":[14,18,16],"tags":[82],"class_list":["post-4083","post","type-post","status-publish","format-standard","has-post-thumbnail","hentry","category-cultura-y-tradicion","category-ocio","category-portada","tag-viana-de-cega"],"aioseo_notices":[],"rttpg_featured_image_url":{"full":["https:\/\/pueblosycomarcas.com\/wp-content\/uploads\/2025\/12\/20251215_visita_coches_veteranos_viana.jpg",800,400,false],"landscape":["https:\/\/pueblosycomarcas.com\/wp-content\/uploads\/2025\/12\/20251215_visita_coches_veteranos_viana.jpg",800,400,false],"portraits":["https:\/\/pueblosycomarcas.com\/wp-content\/uploads\/2025\/12\/20251215_visita_coches_veteranos_viana.jpg",800,400,false],"thumbnail":["https:\/\/pueblosycomarcas.com\/wp-content\/uploads\/2025\/12\/20251215_visita_coches_veteranos_viana-150x150.jpg",150,150,true],"medium":["https:\/\/pueblosycomarcas.com\/wp-content\/uploads\/2025\/12\/20251215_visita_coches_veteranos_viana-300x150.jpg",300,150,true],"large":["https:\/\/pueblosycomarcas.com\/wp-content\/uploads\/2025\/12\/20251215_visita_coches_veteranos_viana.jpg",800,400,false],"1536x1536":["https:\/\/pueblosycomarcas.com\/wp-content\/uploads\/2025\/12\/20251215_visita_coches_veteranos_viana.jpg",800,400,false],"2048x2048":["https:\/\/pueblosycomarcas.com\/wp-content\/uploads\/2025\/12\/20251215_visita_coches_veteranos_viana.jpg",800,400,false],"trp-custom-language-flag":["https:\/\/pueblosycomarcas.com\/wp-content\/uploads\/2025\/12\/20251215_visita_coches_veteranos_viana.jpg",18,9,false]},"rttpg_author":{"display_name":"admin","author_link":"https:\/\/pueblosycomarcas.com\/en\/author\/webalquimia\/"},"rttpg_comment":0,"rttpg_category":"<a href=\"https:\/\/pueblosycomarcas.com\/en\/category\/cultura-y-tradicion\/\" rel=\"category tag\">Cultura y Tradici\u00f3n<\/a> <a href=\"https:\/\/pueblosycomarcas.com\/en\/category\/ocio\/\" rel=\"category tag\">Ocio<\/a> <a href=\"https:\/\/pueblosycomarcas.com\/en\/category\/portada\/\" rel=\"category tag\">Portada<\/a>","rttpg_excerpt":"Con la tradicional visita de la Asociaci\u00f3n de Veh\u00edculos Veteranos de Valladolid, Viana inaugura oficialmente su programa de Navidad Una veintena de veh\u00edculos de diferentes marcas y modelos arribaron hasta la localidad como parada de una de sus rutas Con esta actividad se da el pistoletazo de salida al programa de Navidad que se extender\u00e1&hellip;","_links":{"self":[{"href":"https:\/\/pueblosycomarcas.com\/en\/wp-json\/wp\/v2\/posts\/4083","targetHints":{"allow":["GET"]}}],"collection":[{"href":"https:\/\/pueblosycomarcas.com\/en\/wp-json\/wp\/v2\/posts"}],"about":[{"href":"https:\/\/pueblosycomarcas.com\/en\/wp-json\/wp\/v2\/types\/post"}],"author":[{"embeddable":true,"href":"https:\/\/pueblosycomarcas.com\/en\/wp-json\/wp\/v2\/users\/1"}],"replies":[{"embeddable":true,"href":"https:\/\/pueblosycomarcas.com\/en\/wp-json\/wp\/v2\/comments?post=4083"}],"version-history":[{"count":5,"href":"https:\/\/pueblosycomarcas.com\/en\/wp-json\/wp\/v2\/posts\/4083\/revisions"}],"predecessor-version":[{"id":4090,"href":"https:\/\/pueblosycomarcas.com\/en\/wp-json\/wp\/v2\/posts\/4083\/revisions\/4090"}],"wp:featuredmedia":[{"embeddable":true,"href":"https:\/\/pueblosycomarcas.com\/en\/wp-json\/wp\/v2\/media\/4084"}],"wp:attachment":[{"href":"https:\/\/pueblosycomarcas.com\/en\/wp-json\/wp\/v2\/media?parent=4083"}],"wp:term":[{"taxonomy":"category","embeddable":true,"href":"https:\/\/pueblosycomarcas.com\/en\/wp-json\/wp\/v2\/categories?post=4083"},{"taxonomy":"post_tag","embeddable":true,"href":"https:\/\/pueblosycomarcas.com\/en\/wp-json\/wp\/v2\/tags?post=4083"}],"curies":[{"name":"wp","href":"https:\/\/api.w.org\/{rel}","templated":true}]}}