{"id":4056,"date":"2025-12-15T06:04:00","date_gmt":"2025-12-15T05:04:00","guid":{"rendered":"https:\/\/webalquimia.es\/?p=4056"},"modified":"2025-12-14T07:15:56","modified_gmt":"2025-12-14T06:15:56","slug":"la-diputacion-de-valladolid-impulsa-su-semana-santa-en-oporto","status":"publish","type":"post","link":"https:\/\/pueblosycomarcas.com\/en\/la-diputacion-de-valladolid-impulsa-su-semana-santa-en-oporto\/","title":{"rendered":"La Diputaci\u00f3n de Valladolid impulsa su semana santa en Oporto"},"content":{"rendered":"<div data-elementor-type=\"wp-post\" data-elementor-id=\"4056\" class=\"elementor elementor-4056\">\n\t\t\t\t<div class=\"elementor-element elementor-element-7d07676 e-flex e-con-boxed wpr-particle-no wpr-jarallax-no wpr-parallax-no wpr-sticky-section-no wpr-equal-height-no e-con e-parent\" data-id=\"7d07676\" data-element_type=\"container\" data-e-type=\"container\">\n\t\t\t\t\t<div class=\"e-con-inner\">\n\t\t\t\t<div class=\"elementor-element elementor-element-72072ee elementor-widget elementor-widget-heading\" data-id=\"72072ee\" data-element_type=\"widget\" data-e-type=\"widget\" data-widget_type=\"heading.default\">\n\t\t\t\t\t<h2 class=\"elementor-heading-title elementor-size-default\">La Diputaci\u00f3n de Valladolid impulsa su semana santa en Oporto<\/h2>\t\t\t\t<\/div>\n\t\t\t\t<div class=\"elementor-element elementor-element-a673995 elementor-widget elementor-widget-text-editor\" data-id=\"a673995\" data-element_type=\"widget\" data-e-type=\"widget\" data-widget_type=\"text-editor.default\">\n\t\t\t\t\t\t\t\t\t<ul><li><h6><em><strong>La presencia en Oporto supone una oportunidad estrat<\/strong><strong>\u00e9<\/strong><strong>gica para dar a conocer la singularidad de la Semana Santa vallisoletana, su patrimonio imaginero, su riqueza devocional y la autenticidad de las celebraciones en los peque\u00f1os municipios<\/strong><\/em><\/h6><\/li><\/ul>\t\t\t\t\t\t\t\t<\/div>\n\t\t\t\t<div class=\"elementor-element elementor-element-8bb296b elementor-widget-divider--view-line elementor-widget elementor-widget-divider\" data-id=\"8bb296b\" data-element_type=\"widget\" data-e-type=\"widget\" data-widget_type=\"divider.default\">\n\t\t\t\t\t\t\t<div class=\"elementor-divider\">\n\t\t\t<span class=\"elementor-divider-separator\">\n\t\t\t\t\t\t<\/span>\n\t\t<\/div>\n\t\t\t\t\t\t<\/div>\n\t\t\t\t<div class=\"elementor-element elementor-element-191b9c6 elementor-widget elementor-widget-image\" data-id=\"191b9c6\" data-element_type=\"widget\" data-e-type=\"widget\" data-widget_type=\"image.default\">\n\t\t\t\t\t\t\t\t\t\t\t\t\t\t\t<img fetchpriority=\"high\" decoding=\"async\" width=\"800\" height=\"400\" src=\"https:\/\/pueblosycomarcas.com\/wp-content\/uploads\/2025\/12\/20251215_semana_santa_valladolid.jpg\" class=\"attachment-large size-large wp-image-4057\" alt=\"\" srcset=\"https:\/\/pueblosycomarcas.com\/wp-content\/uploads\/2025\/12\/20251215_semana_santa_valladolid.jpg 800w, https:\/\/pueblosycomarcas.com\/wp-content\/uploads\/2025\/12\/20251215_semana_santa_valladolid-300x150.jpg 300w, https:\/\/pueblosycomarcas.com\/wp-content\/uploads\/2025\/12\/20251215_semana_santa_valladolid-768x384.jpg 768w\" sizes=\"(max-width: 800px) 100vw, 800px\" \/>\t\t\t\t\t\t\t\t\t\t\t\t\t\t\t<\/div>\n\t\t\t\t<div class=\"elementor-element elementor-element-aa39ccb elementor-widget elementor-widget-text-editor\" data-id=\"aa39ccb\" data-element_type=\"widget\" data-e-type=\"widget\" data-widget_type=\"text-editor.default\">\n\t\t\t\t\t\t\t\t\t<p><a href=\"https:\/\/www.facebook.com\/Pueblos-y-Comarcas-125437870924169\/?fref=ts\"><em><strong>Pueblosycomarcas.com<\/strong><\/em><\/a><em><strong>;\u00a0<\/strong><\/em><a href=\"https:\/\/twitter.com\/PueblosComarcas\"><em><strong>@PueblosComarcas<\/strong><\/em><\/a><\/p><p>La Diputaci\u00f3n de Valladolid ha presentado este fin de semana en Oporto la Semana Santa de la provincia, junto a representantes de las Juntas de Cofrad\u00edas y los ayuntamientos de Alaejos, Cuenca de Campos, Nava del Rey, Olmedo, Villanueva de Duero, Villavicencio de los Caballeros, Tordesillas, Pe\u00f1afiel, Medina del Campo, Medina de Rioseco y Fresno el Viejo. La iniciativa se desarrolla bajo el t\u00edtulo \u201cDouro de Paix\u00e3o: Semana Santa Rural em Valladolid (Espanha)\u201d.<\/p><p>Este desplazamiento no s\u00f3lo refuerza la cooperaci\u00f3n cultural y tur\u00edstica con Portugal, sino que tambi\u00e9n subraya la importancia estrat\u00e9gica de la provincia de Valladolid en la promoci\u00f3n tur\u00edstica.<\/p><p>Durante el viaje se ha desarrollad la reuni\u00f3n de trabajo que cada a\u00f1o mantiene la Diputaci\u00f3n con las Juntas de Cofrad\u00edas y los representantes municipales para coordinar las estrategias de promoci\u00f3n de la Semana Santa, los itinerarios culturales y las acciones previstas para el pr\u00f3ximo ejercicio.<\/p><p>Esta iniciativa se enmarca en una apuesta decidida por fortalecer la presencia de la provincia de Valladolid en Portugal, un mercado con un creciente inter\u00e9s por el turismo cultural y de interior. Su proximidad geogr\u00e1fica, su tradici\u00f3n espiritual, su sensibilidad hacia el patrimonio hist\u00f3rico y la identidad compartida a trav\u00e9s del eje del Duero convierten a Portugal en un enclave prioritario para la promoci\u00f3n de nuestra Semana Santa rural, declarada en muchos casos Fiesta de Inter\u00e9s Tur\u00edstico en sus diversas modalidades.<\/p><p>Como parte de esta acci\u00f3n, la Diputaci\u00f3n trasladar\u00e1 a Oporto la exposici\u00f3n \u201cPenitencia y Gloria. Provincia de Valladolid\u201d y el cofrade interactivo, disponible tambi\u00e9n en versi\u00f3n portuguesa. Estos recursos permanecer\u00e1n accesibles al p\u00fablico luso hasta febrero de 2026 en la Capela de Nossa Senhora da Boa Hora de Fradelos, uno de los espacios m\u00e1s frecuentados del centro hist\u00f3rico de la ciudad. La inauguraci\u00f3n de la exposici\u00f3n ha sido este s\u00e1bado 13 de diciembre, a las 12:00h y la muestra estar\u00e1 disponible hasta el 15 de febrero de 2026, con acceso gratuito, con el siguiente horario: los\u00a0 lunes de 14:00h a 18:00h; de martes a viernes de 08:00h a 12:00h y de 14:00h a 18:00h, s\u00e1bado de 09:00h a 13:00h.<\/p><p>Una iniciativa que busca reforzar la colaboraci\u00f3n y la promoci\u00f3n conjunta del territorio, proyectando la identidad de la provincia de Valladolid m\u00e1s all\u00e1 de sus fronteras.<\/p><p>Como acci\u00f3n complementaria, se ha lanzado un sorteo de una experiencia rural en la provincia de Valladolid durante un fin de semana en Semana Santa, abierto al p\u00fablico de la ciudad de Oporto a trav\u00e9s de un formulario digital. El sorteo permanecer\u00e1 activo hasta la finalizaci\u00f3n de la exposici\u00f3n, invitando a los visitantes a descubrir en primera persona la riqueza cultural y gastron\u00f3mica de la provincia.<\/p><p>La presencia de estos contenidos en Oporto supone una oportunidad estrat\u00e9gica para dar a conocer, en un entorno internacional cercano, la singularidad de la Semana Santa vallisoletana, su patrimonio imaginero, su riqueza devocional y la autenticidad de las celebraciones en los peque\u00f1os municipios. Adem\u00e1s, permite consolidar alianzas con instituciones portuguesas, abrir nuevas v\u00edas de cooperaci\u00f3n cultural y atraer visitantes que buscan experiencias patrimoniales de calidad a ambos lados de la frontera.<\/p><p>Con \u201cDouro da Paix\u00e3o\u201d la Diputaci\u00f3n de Valladolid reafirma su compromiso con la proyecci\u00f3n exterior de la Semana Santa rural, estrechando lazos con Turismo do Porto e Norte de Portugal, fortaleciendo la conexi\u00f3n con el pa\u00eds vecino y contribuyendo a un corredor cultural ib\u00e9rico que refuerza la identidad del territorio y dinamiza el turismo en toda la provincia.<\/p>\t\t\t\t\t\t\t\t<\/div>\n\t\t\t\t\t<\/div>\n\t\t\t\t<\/div>\n\t\t\t\t<\/div>","protected":false},"excerpt":{"rendered":"<p>La Diputaci\u00f3n de Valladolid impulsa su semana santa en Oporto La presencia en Oporto supone una oportunidad estrat\u00e9gica para dar a conocer la singularidad de la Semana Santa vallisoletana, su patrimonio imaginero, su riqueza devocional y la autenticidad de las celebraciones en los peque\u00f1os municipios Pueblosycomarcas.com;\u00a0@PueblosComarcas La Diputaci\u00f3n de Valladolid ha presentado este fin de semana en Oporto la Semana Santa de la provincia, junto a representantes de las Juntas de Cofrad\u00edas y los ayuntamientos de Alaejos, Cuenca de Campos, Nava del Rey, Olmedo, Villanueva de Duero, Villavicencio de los Caballeros, Tordesillas, Pe\u00f1afiel, Medina del Campo, Medina de Rioseco y Fresno el Viejo. La iniciativa se desarrolla bajo el t\u00edtulo \u201cDouro de Paix\u00e3o: Semana Santa Rural em Valladolid (Espanha)\u201d. Este desplazamiento no s\u00f3lo refuerza la cooperaci\u00f3n cultural y tur\u00edstica con Portugal, sino que tambi\u00e9n subraya la importancia estrat\u00e9gica de la provincia de Valladolid en la promoci\u00f3n tur\u00edstica. Durante el viaje se ha desarrollad la reuni\u00f3n de trabajo que cada a\u00f1o mantiene la Diputaci\u00f3n con las Juntas de Cofrad\u00edas y los representantes municipales para coordinar las estrategias de promoci\u00f3n de la Semana Santa, los itinerarios culturales y las acciones previstas para el pr\u00f3ximo ejercicio. Esta iniciativa se enmarca en una apuesta decidida por fortalecer la presencia de la provincia de Valladolid en Portugal, un mercado con un creciente inter\u00e9s por el turismo cultural y de interior. Su proximidad geogr\u00e1fica, su tradici\u00f3n espiritual, su sensibilidad hacia el patrimonio hist\u00f3rico y la identidad compartida a trav\u00e9s del eje del Duero convierten a Portugal en un enclave prioritario para la promoci\u00f3n de nuestra Semana Santa rural, declarada en muchos casos Fiesta de Inter\u00e9s Tur\u00edstico en sus diversas modalidades. Como parte de esta acci\u00f3n, la Diputaci\u00f3n trasladar\u00e1 a Oporto la exposici\u00f3n \u201cPenitencia y Gloria. Provincia de Valladolid\u201d y el cofrade interactivo, disponible tambi\u00e9n en versi\u00f3n portuguesa. Estos recursos permanecer\u00e1n accesibles al p\u00fablico luso hasta febrero de 2026 en la Capela de Nossa Senhora da Boa Hora de Fradelos, uno de los espacios m\u00e1s frecuentados del centro hist\u00f3rico de la ciudad. La inauguraci\u00f3n de la exposici\u00f3n ha sido este s\u00e1bado 13 de diciembre, a las 12:00h y la muestra estar\u00e1 disponible hasta el 15 de febrero de 2026, con acceso gratuito, con el siguiente horario: los\u00a0 lunes de 14:00h a 18:00h; de martes a viernes de 08:00h a 12:00h y de 14:00h a 18:00h, s\u00e1bado de 09:00h a 13:00h. Una iniciativa que busca reforzar la colaboraci\u00f3n y la promoci\u00f3n conjunta del territorio, proyectando la identidad de la provincia de Valladolid m\u00e1s all\u00e1 de sus fronteras. Como acci\u00f3n complementaria, se ha lanzado un sorteo de una experiencia rural en la provincia de Valladolid durante un fin de semana en Semana Santa, abierto al p\u00fablico de la ciudad de Oporto a trav\u00e9s de un formulario digital. El sorteo permanecer\u00e1 activo hasta la finalizaci\u00f3n de la exposici\u00f3n, invitando a los visitantes a descubrir en primera persona la riqueza cultural y gastron\u00f3mica de la provincia. La presencia de estos contenidos en Oporto supone una oportunidad estrat\u00e9gica para dar a conocer, en un entorno internacional cercano, la singularidad de la Semana Santa vallisoletana, su patrimonio imaginero, su riqueza devocional y la autenticidad de las celebraciones en los peque\u00f1os municipios. Adem\u00e1s, permite consolidar alianzas con instituciones portuguesas, abrir nuevas v\u00edas de cooperaci\u00f3n cultural y atraer visitantes que buscan experiencias patrimoniales de calidad a ambos lados de la frontera. Con \u201cDouro da Paix\u00e3o\u201d la Diputaci\u00f3n de Valladolid reafirma su compromiso con la proyecci\u00f3n exterior de la Semana Santa rural, estrechando lazos con Turismo do Porto e Norte de Portugal, fortaleciendo la conexi\u00f3n con el pa\u00eds vecino y contribuyendo a un corredor cultural ib\u00e9rico que refuerza la identidad del territorio y dinamiza el turismo en toda la provincia.<\/p>","protected":false},"author":1,"featured_media":4057,"comment_status":"open","ping_status":"closed","sticky":false,"template":"","format":"standard","meta":{"site-sidebar-layout":"default","site-content-layout":"","ast-site-content-layout":"default","site-content-style":"default","site-sidebar-style":"default","ast-global-header-display":"","ast-banner-title-visibility":"","ast-main-header-display":"","ast-hfb-above-header-display":"","ast-hfb-below-header-display":"","ast-hfb-mobile-header-display":"","site-post-title":"disabled","ast-breadcrumbs-content":"","ast-featured-img":"","footer-sml-layout":"","theme-transparent-header-meta":"","adv-header-id-meta":"","stick-header-meta":"","header-above-stick-meta":"","header-main-stick-meta":"","header-below-stick-meta":"","astra-migrate-meta-layouts":"default","ast-page-background-enabled":"default","ast-page-background-meta":{"desktop":{"background-color":"var(--ast-global-color-5)","background-image":"","background-repeat":"repeat","background-position":"center center","background-size":"auto","background-attachment":"scroll","background-type":"","background-media":"","overlay-type":"","overlay-color":"","overlay-opacity":"","overlay-gradient":""},"tablet":{"background-color":"","background-image":"","background-repeat":"repeat","background-position":"center center","background-size":"auto","background-attachment":"scroll","background-type":"","background-media":"","overlay-type":"","overlay-color":"","overlay-opacity":"","overlay-gradient":""},"mobile":{"background-color":"","background-image":"","background-repeat":"repeat","background-position":"center center","background-size":"auto","background-attachment":"scroll","background-type":"","background-media":"","overlay-type":"","overlay-color":"","overlay-opacity":"","overlay-gradient":""}},"ast-content-background-meta":{"desktop":{"background-color":"var(--ast-global-color-4)","background-image":"","background-repeat":"repeat","background-position":"center center","background-size":"auto","background-attachment":"scroll","background-type":"","background-media":"","overlay-type":"","overlay-color":"","overlay-opacity":"","overlay-gradient":""},"tablet":{"background-color":"var(--ast-global-color-4)","background-image":"","background-repeat":"repeat","background-position":"center center","background-size":"auto","background-attachment":"scroll","background-type":"","background-media":"","overlay-type":"","overlay-color":"","overlay-opacity":"","overlay-gradient":""},"mobile":{"background-color":"var(--ast-global-color-4)","background-image":"","background-repeat":"repeat","background-position":"center center","background-size":"auto","background-attachment":"scroll","background-type":"","background-media":"","overlay-type":"","overlay-color":"","overlay-opacity":"","overlay-gradient":""}},"ngg_post_thumbnail":0,"footnotes":""},"categories":[14],"tags":[108,33,216,144,115,146,22],"class_list":["post-4056","post","type-post","status-publish","format-standard","has-post-thumbnail","hentry","category-cultura-y-tradicion","tag-medina-de-rioseco","tag-medina-del-campo","tag-nava-del-rey","tag-penafiel","tag-provincia","tag-semana-santa","tag-valladolid"],"aioseo_notices":[],"rttpg_featured_image_url":{"full":["https:\/\/pueblosycomarcas.com\/wp-content\/uploads\/2025\/12\/20251215_semana_santa_valladolid.jpg",800,400,false],"landscape":["https:\/\/pueblosycomarcas.com\/wp-content\/uploads\/2025\/12\/20251215_semana_santa_valladolid.jpg",800,400,false],"portraits":["https:\/\/pueblosycomarcas.com\/wp-content\/uploads\/2025\/12\/20251215_semana_santa_valladolid.jpg",800,400,false],"thumbnail":["https:\/\/pueblosycomarcas.com\/wp-content\/uploads\/2025\/12\/20251215_semana_santa_valladolid-150x150.jpg",150,150,true],"medium":["https:\/\/pueblosycomarcas.com\/wp-content\/uploads\/2025\/12\/20251215_semana_santa_valladolid-300x150.jpg",300,150,true],"large":["https:\/\/pueblosycomarcas.com\/wp-content\/uploads\/2025\/12\/20251215_semana_santa_valladolid.jpg",800,400,false],"1536x1536":["https:\/\/pueblosycomarcas.com\/wp-content\/uploads\/2025\/12\/20251215_semana_santa_valladolid.jpg",800,400,false],"2048x2048":["https:\/\/pueblosycomarcas.com\/wp-content\/uploads\/2025\/12\/20251215_semana_santa_valladolid.jpg",800,400,false],"trp-custom-language-flag":["https:\/\/pueblosycomarcas.com\/wp-content\/uploads\/2025\/12\/20251215_semana_santa_valladolid.jpg",18,9,false]},"rttpg_author":{"display_name":"admin","author_link":"https:\/\/pueblosycomarcas.com\/en\/author\/webalquimia\/"},"rttpg_comment":0,"rttpg_category":"<a href=\"https:\/\/pueblosycomarcas.com\/en\/category\/cultura-y-tradicion\/\" rel=\"category tag\">Cultura y Tradici\u00f3n<\/a>","rttpg_excerpt":"La Diputaci\u00f3n de Valladolid impulsa su semana santa en Oporto La presencia en Oporto supone una oportunidad estrat\u00e9gica para dar a conocer la singularidad de la Semana Santa vallisoletana, su patrimonio imaginero, su riqueza devocional y la autenticidad de las celebraciones en los peque\u00f1os municipios Pueblosycomarcas.com;\u00a0@PueblosComarcas La Diputaci\u00f3n de Valladolid ha presentado este fin de&hellip;","_links":{"self":[{"href":"https:\/\/pueblosycomarcas.com\/en\/wp-json\/wp\/v2\/posts\/4056","targetHints":{"allow":["GET"]}}],"collection":[{"href":"https:\/\/pueblosycomarcas.com\/en\/wp-json\/wp\/v2\/posts"}],"about":[{"href":"https:\/\/pueblosycomarcas.com\/en\/wp-json\/wp\/v2\/types\/post"}],"author":[{"embeddable":true,"href":"https:\/\/pueblosycomarcas.com\/en\/wp-json\/wp\/v2\/users\/1"}],"replies":[{"embeddable":true,"href":"https:\/\/pueblosycomarcas.com\/en\/wp-json\/wp\/v2\/comments?post=4056"}],"version-history":[{"count":5,"href":"https:\/\/pueblosycomarcas.com\/en\/wp-json\/wp\/v2\/posts\/4056\/revisions"}],"predecessor-version":[{"id":4062,"href":"https:\/\/pueblosycomarcas.com\/en\/wp-json\/wp\/v2\/posts\/4056\/revisions\/4062"}],"wp:featuredmedia":[{"embeddable":true,"href":"https:\/\/pueblosycomarcas.com\/en\/wp-json\/wp\/v2\/media\/4057"}],"wp:attachment":[{"href":"https:\/\/pueblosycomarcas.com\/en\/wp-json\/wp\/v2\/media?parent=4056"}],"wp:term":[{"taxonomy":"category","embeddable":true,"href":"https:\/\/pueblosycomarcas.com\/en\/wp-json\/wp\/v2\/categories?post=4056"},{"taxonomy":"post_tag","embeddable":true,"href":"https:\/\/pueblosycomarcas.com\/en\/wp-json\/wp\/v2\/tags?post=4056"}],"curies":[{"name":"wp","href":"https:\/\/api.w.org\/{rel}","templated":true}]}}