{"id":4048,"date":"2025-12-15T12:20:00","date_gmt":"2025-12-15T11:20:00","guid":{"rendered":"https:\/\/webalquimia.es\/?p=4048"},"modified":"2025-12-15T12:35:09","modified_gmt":"2025-12-15T11:35:09","slug":"aldeamayor-da-comienzo-a-su-programacion-navidena-con-buen-tiempo-luz-y-color","status":"publish","type":"post","link":"https:\/\/pueblosycomarcas.com\/en\/aldeamayor-da-comienzo-a-su-programacion-navidena-con-buen-tiempo-luz-y-color\/","title":{"rendered":"Aldeamayor da comienzo a su programaci\u00f3n navide\u00f1a con buen tiempo, luz y color"},"content":{"rendered":"<div data-elementor-type=\"wp-post\" data-elementor-id=\"4048\" class=\"elementor elementor-4048\">\n\t\t\t\t<div class=\"elementor-element elementor-element-aa4c9d8 e-flex e-con-boxed wpr-particle-no wpr-jarallax-no wpr-parallax-no wpr-sticky-section-no wpr-equal-height-no e-con e-parent\" data-id=\"aa4c9d8\" data-element_type=\"container\" data-e-type=\"container\">\n\t\t\t\t\t<div class=\"e-con-inner\">\n\t\t\t\t<div class=\"elementor-element elementor-element-10eff55 elementor-widget elementor-widget-heading\" data-id=\"10eff55\" data-element_type=\"widget\" data-e-type=\"widget\" data-widget_type=\"heading.default\">\n\t\t\t\t\t<h2 class=\"elementor-heading-title elementor-size-default\">Aldeamayor da comienzo a su programaci\u00f3n navide\u00f1a con buen tiempo, luz y color<\/h2>\t\t\t\t<\/div>\n\t\t\t\t<div class=\"elementor-element elementor-element-ed56eca elementor-widget elementor-widget-text-editor\" data-id=\"ed56eca\" data-element_type=\"widget\" data-e-type=\"widget\" data-widget_type=\"text-editor.default\">\n\t\t\t\t\t\t\t\t\t<ul><li><h6><em><strong>Lo hizo el pasado viernes con el encendido del \u00e1rbol de Navidad de la Plaza Mayor que estuvo acompa\u00f1ado por el espect\u00e1culo \u2018El bosque de las maravillas\u2019<\/strong><\/em><\/h6><\/li><li><h6><em><strong>Durante los d\u00edas previos ya se hab\u00edan celebrado alguna de las actividades incluidas en el programa<\/strong><\/em><\/h6><\/li><\/ul>\t\t\t\t\t\t\t\t<\/div>\n\t\t\t\t<div class=\"elementor-element elementor-element-ef49a82 elementor-widget-divider--view-line elementor-widget elementor-widget-divider\" data-id=\"ef49a82\" data-element_type=\"widget\" data-e-type=\"widget\" data-widget_type=\"divider.default\">\n\t\t\t\t\t\t\t<div class=\"elementor-divider\">\n\t\t\t<span class=\"elementor-divider-separator\">\n\t\t\t\t\t\t<\/span>\n\t\t<\/div>\n\t\t\t\t\t\t<\/div>\n\t\t\t\t\t<\/div>\n\t\t\t\t<\/div>\n\t\t<div class=\"elementor-element elementor-element-c033e74 e-flex e-con-boxed wpr-particle-no wpr-jarallax-no wpr-parallax-no wpr-sticky-section-no wpr-equal-height-no e-con e-parent\" data-id=\"c033e74\" data-element_type=\"container\" data-e-type=\"container\">\n\t\t\t\t\t<div class=\"e-con-inner\">\n\t\t\t\t<div class=\"elementor-element elementor-element-49fc31b elementor-widget elementor-widget-video\" data-id=\"49fc31b\" data-element_type=\"widget\" data-e-type=\"widget\" data-settings=\"{&quot;youtube_url&quot;:&quot;https:\\\/\\\/youtu.be\\\/r3xuzfaOPXw&quot;,&quot;video_type&quot;:&quot;youtube&quot;,&quot;controls&quot;:&quot;yes&quot;}\" data-widget_type=\"video.default\">\n\t\t\t\t\t\t\t<div class=\"elementor-wrapper elementor-open-inline\">\n\t\t\t<div class=\"elementor-video\"><\/div>\t\t<\/div>\n\t\t\t\t\t\t<\/div>\n\t\t\t\t<div class=\"elementor-element elementor-element-5005e9b elementor-widget elementor-widget-text-editor\" data-id=\"5005e9b\" data-element_type=\"widget\" data-e-type=\"widget\" data-widget_type=\"text-editor.default\">\n\t\t\t\t\t\t\t\t\t<p><a href=\"https:\/\/www.facebook.com\/Pueblos-y-Comarcas-125437870924169\/?fref=ts\"><em><strong>Pueblosycomarcas.com<\/strong><\/em><\/a><em><strong>;\u00a0<\/strong><\/em><a href=\"https:\/\/twitter.com\/PueblosComarcas\"><em><strong>@PueblosComarcas<\/strong><\/em><\/a><\/p><p>Desde la tarde del pasado viernes, y con el permiso de alg\u00fan evento aislado durante el fin de semana del puente de la Constituci\u00f3n, Aldeamayor de San Mart\u00edn ha entrado de lleno en su programaci\u00f3n navide\u00f1a. Lo ha hecho con el encendido del \u00e1rbol de Navidad de la Plaza Mayor y con la representaci\u00f3n, a lo largo de tres pases, de \u2018El bosque de las maravillas\u2019, espect\u00e1culo de luz y sonido que llen\u00f3 de magia el foro de la villa pinariega ante la mirada de centenares de vecinos que no quisieron perderse este entra\u00f1able momento.<\/p><p>Fue tras el \u00faltimo pase, y despu\u00e9s de una cuenta atr\u00e1s de diez segundos, cuando el alcalde, Roberto Mart\u00ednez, acompa\u00f1ado de algunos miembros de la corporaci\u00f3n, encendi\u00f3 el \u00e1rbol que preside la Plaza Mayor y que permanecer\u00e1 iluminado hasta la Epifan\u00eda del Se\u00f1or, el pr\u00f3ximo 6 de enero.<\/p><p>Y tras esta inauguraci\u00f3n oficial, y durante todo el fin de semana, se fueron sucediendo actividades para diferentes p\u00fablicos. As\u00ed, por ejemplo, los j\u00f3venes pudieron disfrutar de una excursi\u00f3n a la pista de hielo de Valladolid o de talleres en el Espacio Joven, al igual que sucedi\u00f3, en esta misma instalaci\u00f3n, con los m\u00e1s peque\u00f1os y sus familias.<\/p>\t\t\t\t\t\t\t\t<\/div>\n\t\t\t\t<div class=\"elementor-element elementor-element-e8054de elementor-widget elementor-widget-image\" data-id=\"e8054de\" data-element_type=\"widget\" data-e-type=\"widget\" data-widget_type=\"image.default\">\n\t\t\t\t\t\t\t\t\t\t\t\t\t\t\t<img fetchpriority=\"high\" decoding=\"async\" width=\"800\" height=\"500\" src=\"https:\/\/pueblosycomarcas.com\/wp-content\/uploads\/2025\/12\/20251215_encendido_navidad_aldeamayor_02.jpg\" class=\"attachment-large size-large wp-image-4051\" alt=\"\" srcset=\"https:\/\/pueblosycomarcas.com\/wp-content\/uploads\/2025\/12\/20251215_encendido_navidad_aldeamayor_02.jpg 800w, https:\/\/pueblosycomarcas.com\/wp-content\/uploads\/2025\/12\/20251215_encendido_navidad_aldeamayor_02-300x188.jpg 300w, https:\/\/pueblosycomarcas.com\/wp-content\/uploads\/2025\/12\/20251215_encendido_navidad_aldeamayor_02-768x480.jpg 768w\" sizes=\"(max-width: 800px) 100vw, 800px\" \/>\t\t\t\t\t\t\t\t\t\t\t\t\t\t\t<\/div>\n\t\t\t\t\t<\/div>\n\t\t\t\t<\/div>\n\t\t<div class=\"elementor-element elementor-element-a0cb605 e-flex e-con-boxed wpr-particle-no wpr-jarallax-no wpr-parallax-no wpr-sticky-section-no wpr-equal-height-no e-con e-parent\" data-id=\"a0cb605\" data-element_type=\"container\" data-e-type=\"container\">\n\t\t\t\t\t<div class=\"e-con-inner\">\n\t\t\t\t<div class=\"elementor-element elementor-element-d722dfc elementor-widget elementor-widget-text-editor\" data-id=\"d722dfc\" data-element_type=\"widget\" data-e-type=\"widget\" data-widget_type=\"text-editor.default\">\n\t\t\t\t\t\t\t\t\t<h4><strong>AMPLIA OFERTA PARA ESTOS D\u00cdAS<\/strong><\/h4>\n<p>A partir de ma\u00f1ana, las actividades contin\u00faan con nuevas propuestas para todas las edades. As\u00ed, por ejemplo, los usuarios del Centro de D\u00eda pueden participar en un taller de velas o del tradicional \u2018Amigo invisible\u2019.<\/p>\n<p>El viernes 19, coincidiendo con el inicio de las vacaciones escolares, los alumnos de la Escuela Infantil Municipal celebrar\u00e1n su tradicional festival en la Casa de Cultura \u2018Adolfo Su\u00e1rez\u2019 a la vez que inaugurar\u00e1n en este mismo lugar una exposici\u00f3n de \u00e1rboles de Navidad que se podr\u00e1 visitar hasta el 7 de enero.<\/p>\n<p>La parte deportiva tambi\u00e9n estar\u00e1 presente durante todo el periodo navide\u00f1o con diferentes torneos y competiciones, como un campeonato de tenis de mesa el d\u00eda 20 de diciembre, un torneo de baloncesto el 26 o la ya tradicional tirada de juegos aut\u00f3ctonos en la ma\u00f1ana del s\u00e1bado 27.<\/p>\n<p>Lo mismo pasa con la oferta esc\u00e9nica, que tendr\u00e1 su reflejo los s\u00e1bados 20 y 27 con los espect\u00e1culos&nbsp;<em>Alicia descubre la Navidad&nbsp;<\/em>y&nbsp;<em>El Gran Showman<\/em>&nbsp;que se representar\u00e1n en el teatro de la Casa de Cultura en horario de 19:00 horas.<\/p>\n<p>Como cada Navidad, los socios del Centro de D\u00eda organizan su tradicional Bel\u00e9n viviente que se podr\u00e1 visitar en esta instalaci\u00f3n entre las seis y las ocho de la tarde.<\/p>\n<p>Siguen pasando los d\u00edas, con actividades para todas las edades, y llega otra de las citas m\u00e1s esperadas previas al D\u00eda de Navidad: la visita de Pap\u00e1 Noel del d\u00eda 23 de diciembre. Tras su llegada al Espacio Joven a las 18:00 horas recorrer\u00e1 las calles del municipio hasta la Plaza Mayor, donde se hablar\u00e1 con todos los ni\u00f1os que lo deseen.<\/p>\n<p>Una de las grandes novedades del programa ser\u00e1 una Fiesta de Nochebuena que se celebrar\u00e1 en la madrugada del mi\u00e9rcoles 24 al s\u00e1bado 25, a partir de las doce de la noche, en el front\u00f3n municipal.<\/p>\n<p>En un programa tan amplio como el de Aldeamayor, la colaboraci\u00f3n de los colectivos y asociaciones es fundamental. Y esa colaboraci\u00f3n, que se extender\u00e1 desde las primeras actividades, tendr\u00e1 un momento culminante durante el domingo 28 con el aguinaldo y chocolatada organizados al alim\u00f3n por la Asociaci\u00f3n G.D. Aldea Maior y por la AMT Tierra de Pinares, que partir\u00e1 a las 17:00 horas de la Plaza Mayor, y con la recogida de cartas para los Reyes Magos organizada por la Asociaci\u00f3n de Vecinos de El Soto tambi\u00e9n desde las cinco de la tarde en la propia urbanizaci\u00f3n.<\/p>\n<p>El mi\u00e9rcoles 31, tras las uvas y las campanadas, se ha programado una fiesta de Fin de A\u00f1o desde las 01:30 horas en el Front\u00f3n Municipal. A d\u00eda siguiente, primero de enero, la iglesia de San Mart\u00edn de Tours acoger\u00e1 la Misa de A\u00f1o nuevo.<\/p>\n<p>Con la llegada del 2026 llega tambi\u00e9n NaviAldea Park, propuesta de ocio que se desarrollar\u00e1 en el polideportivo del 2 al 4 de enero en horario de 16:00 a 21:00 horas con propuestas varias como hinchables, pintacaras, visita del cartero real, animaci\u00f3n musical, etc.<\/p>\n<p>El programa va llegando a su fin, pero queda el gran momento de estas fechas como es la Cabalgata de los Reyes Magos en la tarde noche del lunes 5 de enero. Melchor, Gaspar y Baltasar saldr\u00e1n desde el Espacio Joven a las 19:00 horas para recorrer las calles hasta llegar al polideportivo donde ofrecer\u00e1n una recepci\u00f3n a todos los ni\u00f1os de la localidad.<\/p>\n<p>Como fin de esta jornada tan entra\u00f1able, desde las 23:00 horas se podr\u00e1 disfrutar de un cotill\u00f3n de Reyes en el front\u00f3n municipal.<\/p>\n<p>Destacar que el Ayuntamiento ha organizado un concurso de fachadas navide\u00f1as, con premios de 200, 150 y 100 euros a las tres mejores, y que ya fuera del periodo navide\u00f1o, el s\u00e1bado 10 de enero, el Grupo de Teatro el Llano representar\u00e1 en la Casa de Cultura Adolfo Su\u00e1rez la obra&nbsp;<em>La boda.<\/em><\/p>\n<p>Toda la programaci\u00f3n se puede consultar en el siguiente enlace:<\/p>\n<ul>\n<li><a href=\"https:\/\/pueblosycomarcas.com\/wp-content\/uploads\/2025\/12\/Navidad-Aldeamayor-2025_compressed.pdf\"><strong>Programa de Navidad 2025 de Aldeamayor de San Mart\u00edn<\/strong><\/a><\/li>\n<\/ul>\t\t\t\t\t\t\t\t<\/div>\n\t\t\t\t\t<\/div>\n\t\t\t\t<\/div>\n\t\t\t\t<\/div>","protected":false},"excerpt":{"rendered":"<p>Aldeamayor da comienzo a su programaci\u00f3n navide\u00f1a con buen tiempo, luz y color Lo hizo el pasado viernes con el encendido del \u00e1rbol de Navidad de la Plaza Mayor que estuvo acompa\u00f1ado por el espect\u00e1culo \u2018El bosque de las maravillas\u2019 Durante los d\u00edas previos ya se hab\u00edan celebrado alguna de las actividades incluidas en el programa https:\/\/youtu.be\/r3xuzfaOPXw Pueblosycomarcas.com;\u00a0@PueblosComarcas Desde la tarde del pasado viernes, y con el permiso de alg\u00fan evento aislado durante el fin de semana del puente de la Constituci\u00f3n, Aldeamayor de San Mart\u00edn ha entrado de lleno en su programaci\u00f3n navide\u00f1a. Lo ha hecho con el encendido del \u00e1rbol de Navidad de la Plaza Mayor y con la representaci\u00f3n, a lo largo de tres pases, de \u2018El bosque de las maravillas\u2019, espect\u00e1culo de luz y sonido que llen\u00f3 de magia el foro de la villa pinariega ante la mirada de centenares de vecinos que no quisieron perderse este entra\u00f1able momento. Fue tras el \u00faltimo pase, y despu\u00e9s de una cuenta atr\u00e1s de diez segundos, cuando el alcalde, Roberto Mart\u00ednez, acompa\u00f1ado de algunos miembros de la corporaci\u00f3n, encendi\u00f3 el \u00e1rbol que preside la Plaza Mayor y que permanecer\u00e1 iluminado hasta la Epifan\u00eda del Se\u00f1or, el pr\u00f3ximo 6 de enero. Y tras esta inauguraci\u00f3n oficial, y durante todo el fin de semana, se fueron sucediendo actividades para diferentes p\u00fablicos. As\u00ed, por ejemplo, los j\u00f3venes pudieron disfrutar de una excursi\u00f3n a la pista de hielo de Valladolid o de talleres en el Espacio Joven, al igual que sucedi\u00f3, en esta misma instalaci\u00f3n, con los m\u00e1s peque\u00f1os y sus familias. AMPLIA OFERTA PARA ESTOS D\u00cdAS A partir de ma\u00f1ana, las actividades contin\u00faan con nuevas propuestas para todas las edades. As\u00ed, por ejemplo, los usuarios del Centro de D\u00eda pueden participar en un taller de velas o del tradicional \u2018Amigo invisible\u2019. El viernes 19, coincidiendo con el inicio de las vacaciones escolares, los alumnos de la Escuela Infantil Municipal celebrar\u00e1n su tradicional festival en la Casa de Cultura \u2018Adolfo Su\u00e1rez\u2019 a la vez que inaugurar\u00e1n en este mismo lugar una exposici\u00f3n de \u00e1rboles de Navidad que se podr\u00e1 visitar hasta el 7 de enero. La parte deportiva tambi\u00e9n estar\u00e1 presente durante todo el periodo navide\u00f1o con diferentes torneos y competiciones, como un campeonato de tenis de mesa el d\u00eda 20 de diciembre, un torneo de baloncesto el 26 o la ya tradicional tirada de juegos aut\u00f3ctonos en la ma\u00f1ana del s\u00e1bado 27. Lo mismo pasa con la oferta esc\u00e9nica, que tendr\u00e1 su reflejo los s\u00e1bados 20 y 27 con los espect\u00e1culos&nbsp;Alicia descubre la Navidad&nbsp;y&nbsp;El Gran Showman&nbsp;que se representar\u00e1n en el teatro de la Casa de Cultura en horario de 19:00 horas. Como cada Navidad, los socios del Centro de D\u00eda organizan su tradicional Bel\u00e9n viviente que se podr\u00e1 visitar en esta instalaci\u00f3n entre las seis y las ocho de la tarde. Siguen pasando los d\u00edas, con actividades para todas las edades, y llega otra de las citas m\u00e1s esperadas previas al D\u00eda de Navidad: la visita de Pap\u00e1 Noel del d\u00eda 23 de diciembre. Tras su llegada al Espacio Joven a las 18:00 horas recorrer\u00e1 las calles del municipio hasta la Plaza Mayor, donde se hablar\u00e1 con todos los ni\u00f1os que lo deseen. Una de las grandes novedades del programa ser\u00e1 una Fiesta de Nochebuena que se celebrar\u00e1 en la madrugada del mi\u00e9rcoles 24 al s\u00e1bado 25, a partir de las doce de la noche, en el front\u00f3n municipal. En un programa tan amplio como el de Aldeamayor, la colaboraci\u00f3n de los colectivos y asociaciones es fundamental. Y esa colaboraci\u00f3n, que se extender\u00e1 desde las primeras actividades, tendr\u00e1 un momento culminante durante el domingo 28 con el aguinaldo y chocolatada organizados al alim\u00f3n por la Asociaci\u00f3n G.D. Aldea Maior y por la AMT Tierra de Pinares, que partir\u00e1 a las 17:00 horas de la Plaza Mayor, y con la recogida de cartas para los Reyes Magos organizada por la Asociaci\u00f3n de Vecinos de El Soto tambi\u00e9n desde las cinco de la tarde en la propia urbanizaci\u00f3n. El mi\u00e9rcoles 31, tras las uvas y las campanadas, se ha programado una fiesta de Fin de A\u00f1o desde las 01:30 horas en el Front\u00f3n Municipal. A d\u00eda siguiente, primero de enero, la iglesia de San Mart\u00edn de Tours acoger\u00e1 la Misa de A\u00f1o nuevo. Con la llegada del 2026 llega tambi\u00e9n NaviAldea Park, propuesta de ocio que se desarrollar\u00e1 en el polideportivo del 2 al 4 de enero en horario de 16:00 a 21:00 horas con propuestas varias como hinchables, pintacaras, visita del cartero real, animaci\u00f3n musical, etc. El programa va llegando a su fin, pero queda el gran momento de estas fechas como es la Cabalgata de los Reyes Magos en la tarde noche del lunes 5 de enero. Melchor, Gaspar y Baltasar saldr\u00e1n desde el Espacio Joven a las 19:00 horas para recorrer las calles hasta llegar al polideportivo donde ofrecer\u00e1n una recepci\u00f3n a todos los ni\u00f1os de la localidad. Como fin de esta jornada tan entra\u00f1able, desde las 23:00 horas se podr\u00e1 disfrutar de un cotill\u00f3n de Reyes en el front\u00f3n municipal. Destacar que el Ayuntamiento ha organizado un concurso de fachadas navide\u00f1as, con premios de 200, 150 y 100 euros a las tres mejores, y que ya fuera del periodo navide\u00f1o, el s\u00e1bado 10 de enero, el Grupo de Teatro el Llano representar\u00e1 en la Casa de Cultura Adolfo Su\u00e1rez la obra&nbsp;La boda. Toda la programaci\u00f3n se puede consultar en el siguiente enlace: Programa de Navidad 2025 de Aldeamayor de San Mart\u00edn<\/p>","protected":false},"author":1,"featured_media":4049,"comment_status":"open","ping_status":"closed","sticky":false,"template":"","format":"standard","meta":{"site-sidebar-layout":"default","site-content-layout":"","ast-site-content-layout":"default","site-content-style":"default","site-sidebar-style":"default","ast-global-header-display":"","ast-banner-title-visibility":"","ast-main-header-display":"","ast-hfb-above-header-display":"","ast-hfb-below-header-display":"","ast-hfb-mobile-header-display":"","site-post-title":"disabled","ast-breadcrumbs-content":"","ast-featured-img":"","footer-sml-layout":"","theme-transparent-header-meta":"","adv-header-id-meta":"","stick-header-meta":"","header-above-stick-meta":"","header-main-stick-meta":"","header-below-stick-meta":"","astra-migrate-meta-layouts":"default","ast-page-background-enabled":"default","ast-page-background-meta":{"desktop":{"background-color":"var(--ast-global-color-5)","background-image":"","background-repeat":"repeat","background-position":"center center","background-size":"auto","background-attachment":"scroll","background-type":"","background-media":"","overlay-type":"","overlay-color":"","overlay-opacity":"","overlay-gradient":""},"tablet":{"background-color":"","background-image":"","background-repeat":"repeat","background-position":"center center","background-size":"auto","background-attachment":"scroll","background-type":"","background-media":"","overlay-type":"","overlay-color":"","overlay-opacity":"","overlay-gradient":""},"mobile":{"background-color":"","background-image":"","background-repeat":"repeat","background-position":"center center","background-size":"auto","background-attachment":"scroll","background-type":"","background-media":"","overlay-type":"","overlay-color":"","overlay-opacity":"","overlay-gradient":""}},"ast-content-background-meta":{"desktop":{"background-color":"var(--ast-global-color-4)","background-image":"","background-repeat":"repeat","background-position":"center center","background-size":"auto","background-attachment":"scroll","background-type":"","background-media":"","overlay-type":"","overlay-color":"","overlay-opacity":"","overlay-gradient":""},"tablet":{"background-color":"var(--ast-global-color-4)","background-image":"","background-repeat":"repeat","background-position":"center center","background-size":"auto","background-attachment":"scroll","background-type":"","background-media":"","overlay-type":"","overlay-color":"","overlay-opacity":"","overlay-gradient":""},"mobile":{"background-color":"var(--ast-global-color-4)","background-image":"","background-repeat":"repeat","background-position":"center center","background-size":"auto","background-attachment":"scroll","background-type":"","background-media":"","overlay-type":"","overlay-color":"","overlay-opacity":"","overlay-gradient":""}},"ngg_post_thumbnail":0,"footnotes":""},"categories":[14,11,18],"tags":[35,236],"class_list":["post-4048","post","type-post","status-publish","format-standard","has-post-thumbnail","hentry","category-cultura-y-tradicion","category-deportes-y-ocio","category-ocio","tag-aldeamayor-de-san-martin","tag-navidad"],"aioseo_notices":[],"rttpg_featured_image_url":{"full":["https:\/\/pueblosycomarcas.com\/wp-content\/uploads\/2025\/12\/20251215_encendido_navidad_aldeamayor.jpg",800,400,false],"landscape":["https:\/\/pueblosycomarcas.com\/wp-content\/uploads\/2025\/12\/20251215_encendido_navidad_aldeamayor.jpg",800,400,false],"portraits":["https:\/\/pueblosycomarcas.com\/wp-content\/uploads\/2025\/12\/20251215_encendido_navidad_aldeamayor.jpg",800,400,false],"thumbnail":["https:\/\/pueblosycomarcas.com\/wp-content\/uploads\/2025\/12\/20251215_encendido_navidad_aldeamayor-150x150.jpg",150,150,true],"medium":["https:\/\/pueblosycomarcas.com\/wp-content\/uploads\/2025\/12\/20251215_encendido_navidad_aldeamayor-300x150.jpg",300,150,true],"large":["https:\/\/pueblosycomarcas.com\/wp-content\/uploads\/2025\/12\/20251215_encendido_navidad_aldeamayor.jpg",800,400,false],"1536x1536":["https:\/\/pueblosycomarcas.com\/wp-content\/uploads\/2025\/12\/20251215_encendido_navidad_aldeamayor.jpg",800,400,false],"2048x2048":["https:\/\/pueblosycomarcas.com\/wp-content\/uploads\/2025\/12\/20251215_encendido_navidad_aldeamayor.jpg",800,400,false],"trp-custom-language-flag":["https:\/\/pueblosycomarcas.com\/wp-content\/uploads\/2025\/12\/20251215_encendido_navidad_aldeamayor.jpg",18,9,false]},"rttpg_author":{"display_name":"admin","author_link":"https:\/\/pueblosycomarcas.com\/en\/author\/webalquimia\/"},"rttpg_comment":0,"rttpg_category":"<a href=\"https:\/\/pueblosycomarcas.com\/en\/category\/cultura-y-tradicion\/\" rel=\"category tag\">Cultura y Tradici\u00f3n<\/a> <a href=\"https:\/\/pueblosycomarcas.com\/en\/category\/deportes-y-ocio\/\" rel=\"category tag\">Deporte y Ocio<\/a> <a href=\"https:\/\/pueblosycomarcas.com\/en\/category\/ocio\/\" rel=\"category tag\">Ocio<\/a>","rttpg_excerpt":"Aldeamayor da comienzo a su programaci\u00f3n navide\u00f1a con buen tiempo, luz y color Lo hizo el pasado viernes con el encendido del \u00e1rbol de Navidad de la Plaza Mayor que estuvo acompa\u00f1ado por el espect\u00e1culo \u2018El bosque de las maravillas\u2019 Durante los d\u00edas previos ya se hab\u00edan celebrado alguna de las actividades incluidas en el&hellip;","_links":{"self":[{"href":"https:\/\/pueblosycomarcas.com\/en\/wp-json\/wp\/v2\/posts\/4048","targetHints":{"allow":["GET"]}}],"collection":[{"href":"https:\/\/pueblosycomarcas.com\/en\/wp-json\/wp\/v2\/posts"}],"about":[{"href":"https:\/\/pueblosycomarcas.com\/en\/wp-json\/wp\/v2\/types\/post"}],"author":[{"embeddable":true,"href":"https:\/\/pueblosycomarcas.com\/en\/wp-json\/wp\/v2\/users\/1"}],"replies":[{"embeddable":true,"href":"https:\/\/pueblosycomarcas.com\/en\/wp-json\/wp\/v2\/comments?post=4048"}],"version-history":[{"count":8,"href":"https:\/\/pueblosycomarcas.com\/en\/wp-json\/wp\/v2\/posts\/4048\/revisions"}],"predecessor-version":[{"id":4065,"href":"https:\/\/pueblosycomarcas.com\/en\/wp-json\/wp\/v2\/posts\/4048\/revisions\/4065"}],"wp:featuredmedia":[{"embeddable":true,"href":"https:\/\/pueblosycomarcas.com\/en\/wp-json\/wp\/v2\/media\/4049"}],"wp:attachment":[{"href":"https:\/\/pueblosycomarcas.com\/en\/wp-json\/wp\/v2\/media?parent=4048"}],"wp:term":[{"taxonomy":"category","embeddable":true,"href":"https:\/\/pueblosycomarcas.com\/en\/wp-json\/wp\/v2\/categories?post=4048"},{"taxonomy":"post_tag","embeddable":true,"href":"https:\/\/pueblosycomarcas.com\/en\/wp-json\/wp\/v2\/tags?post=4048"}],"curies":[{"name":"wp","href":"https:\/\/api.w.org\/{rel}","templated":true}]}}