{"id":3995,"date":"2025-12-11T14:57:56","date_gmt":"2025-12-11T13:57:56","guid":{"rendered":"https:\/\/webalquimia.es\/?p=3995"},"modified":"2025-12-11T14:59:49","modified_gmt":"2025-12-11T13:59:49","slug":"pinguinos-arranca-el-calendario-de-eventos-en-valladolid-con-la-celebracion-de-su-43a-edicion","status":"publish","type":"post","link":"https:\/\/pueblosycomarcas.com\/en\/pinguinos-arranca-el-calendario-de-eventos-en-valladolid-con-la-celebracion-de-su-43a-edicion\/","title":{"rendered":"Ping\u00fcinos arranca el calendario de eventos en Valladolid con la celebraci\u00f3n de su 43\u00aa edici\u00f3n"},"content":{"rendered":"<div data-elementor-type=\"wp-post\" data-elementor-id=\"3995\" class=\"elementor elementor-3995\">\n\t\t\t\t<div class=\"elementor-element elementor-element-01aeaf7 e-flex e-con-boxed wpr-particle-no wpr-jarallax-no wpr-parallax-no wpr-sticky-section-no wpr-equal-height-no e-con e-parent\" data-id=\"01aeaf7\" data-element_type=\"container\" data-e-type=\"container\">\n\t\t\t\t\t<div class=\"e-con-inner\">\n\t\t\t\t<div class=\"elementor-element elementor-element-1fdd793 elementor-widget elementor-widget-heading\" data-id=\"1fdd793\" data-element_type=\"widget\" data-e-type=\"widget\" data-widget_type=\"heading.default\">\n\t\t\t\t\t<h2 class=\"elementor-heading-title elementor-size-default\">Ping\u00fcinos arranca el calendario de eventos en Valladolid con la celebraci\u00f3n de su 43\u00aa edici\u00f3n<\/h2>\t\t\t\t<\/div>\n\t\t\t\t<div class=\"elementor-element elementor-element-30b7ec5 elementor-widget elementor-widget-text-editor\" data-id=\"30b7ec5\" data-element_type=\"widget\" data-e-type=\"widget\" data-widget_type=\"text-editor.default\">\n\t\t\t\t\t\t\t\t\t<ul><li><h6><strong>Como en ediciones anteriores, se realizar\u00e1n visitas y actividades en localidades como Esguevillas de Esgueva, Aldeamayor de San Mart\u00edn o Mojados<\/strong><\/h6><\/li><\/ul>\t\t\t\t\t\t\t\t<\/div>\n\t\t\t\t<div class=\"elementor-element elementor-element-f22277b elementor-widget-divider--view-line elementor-widget elementor-widget-divider\" data-id=\"f22277b\" data-element_type=\"widget\" data-e-type=\"widget\" data-widget_type=\"divider.default\">\n\t\t\t\t\t\t\t<div class=\"elementor-divider\">\n\t\t\t<span class=\"elementor-divider-separator\">\n\t\t\t\t\t\t<\/span>\n\t\t<\/div>\n\t\t\t\t\t\t<\/div>\n\t\t\t\t<div class=\"elementor-element elementor-element-ff2d507 elementor-widget elementor-widget-image\" data-id=\"ff2d507\" data-element_type=\"widget\" data-e-type=\"widget\" data-widget_type=\"image.default\">\n\t\t\t\t\t\t\t\t\t\t\t\t\t\t\t<img fetchpriority=\"high\" decoding=\"async\" width=\"800\" height=\"400\" src=\"https:\/\/pueblosycomarcas.com\/wp-content\/uploads\/2025\/12\/20251211_presentacion_pinguinos.jpg\" class=\"attachment-large size-large wp-image-3996\" alt=\"\" srcset=\"https:\/\/pueblosycomarcas.com\/wp-content\/uploads\/2025\/12\/20251211_presentacion_pinguinos.jpg 800w, https:\/\/pueblosycomarcas.com\/wp-content\/uploads\/2025\/12\/20251211_presentacion_pinguinos-300x150.jpg 300w, https:\/\/pueblosycomarcas.com\/wp-content\/uploads\/2025\/12\/20251211_presentacion_pinguinos-768x384.jpg 768w\" sizes=\"(max-width: 800px) 100vw, 800px\" \/>\t\t\t\t\t\t\t\t\t\t\t\t\t\t\t<\/div>\n\t\t\t\t\t<\/div>\n\t\t\t\t<\/div>\n\t\t<div class=\"elementor-element elementor-element-312aa43 e-flex e-con-boxed wpr-particle-no wpr-jarallax-no wpr-parallax-no wpr-sticky-section-no wpr-equal-height-no e-con e-parent\" data-id=\"312aa43\" data-element_type=\"container\" data-e-type=\"container\">\n\t\t\t\t\t<div class=\"e-con-inner\">\n\t\t\t\t<div class=\"elementor-element elementor-element-c418e4d elementor-widget elementor-widget-text-editor\" data-id=\"c418e4d\" data-element_type=\"widget\" data-e-type=\"widget\" data-widget_type=\"text-editor.default\">\n\t\t\t\t\t\t\t\t\t<p>El alcalde de Valladolid, Jes\u00fas Julio Carnero; la concejala de Turismo, Eventos y Marca Ciudad, Blanca Jim\u00e9nez, y el coordinador general del Club Turismoto, Jos\u00e9 Manuel Navas, han presentado hoy \u2018Ping\u00fcinos 2026\u2019. Del 8 al 11 de enero de 2026, el recinto \u2018Ping\u00fcinos Arena\u2019 celebrar\u00e1 la 43\u00aa edici\u00f3n de la Concentraci\u00f3n Motorista Invernal Internacional, bajo el lema \u2018Hoy y siempre\u2019.<\/p>\n<p>Esta cita dar\u00e1, como cada a\u00f1o, el pistoletazo de salida a la celebraci\u00f3n de grandes eventos en la ciudad, consolid\u00e1ndose una edici\u00f3n m\u00e1s como un referente a nivel internacional para todos los p\u00fablicos. Como ya ocurri\u00f3 en la pasada edici\u00f3n, gracias a la colaboraci\u00f3n entre el Club Turismoto, la Concejal\u00eda de Turismo, Eventos y Marca Ciudad e Impulsa Igualdad el recinto contar\u00e1 con un espacio reservado junto al escenario para que las personas con movilidad reducida puedan disfrutar de todos los espect\u00e1culos.<\/p>\n<p>\u2018Ping\u00fcinos 2026\u2019 comenzar\u00e1 esta edici\u00f3n el 7 de enero con una nueva actividad: \u2018Sprint Ping\u00fcinos\u2019. Un encuentro previo que permitir\u00e1 a todos los inscritos en la misma conocer y disfrutar de Valladolid, su provincia, su gastronom\u00eda y sus vinos. La acci\u00f3n dar\u00e1 comienzo a las 10:00h con un aperitivo de Bienvenida en Valladolid y a continuaci\u00f3n se llevar\u00e1 a cabo una ruta motorista guiada, que incluir\u00e1 la visita al Castillo de Fuensalda\u00f1a y la visita y cata a la Bodega Sinfoniano. Los asistentes podr\u00e1n disfrutar tambi\u00e9n de una comida t\u00edpica castellana, una ruta tur\u00edstica por Valladolid y una merienda\/cena amenizada con un DJ. Este mismo d\u00eda se inaugurar\u00e1 la exposici\u00f3n de Motocicletas Cl\u00e1sicas y \u2018Huellas de la Dana\u2019, que podr\u00e1 visitarse en el Centro Comercial Vallsur hasta el 17 de enero.<\/p>\n<h4><strong>RUTAS, EXHIBICIONES, DESFILES Y M\u00daSICA, PROTAGONISTAS INDISCUTIBLES<\/strong><\/h4>\n<p>El jueves 8 de enero, comenzar\u00e1 con la visita al C.E.I.P Alonso Berruguete y al colegio El Apostolado Sagrado Coraz\u00f3n de Jes\u00fas dentro de la iniciativa \u2018Acercando Ping\u00fcinos a Valladolid\u2019. A continuaci\u00f3n, se realizar\u00e1 la visita al \u2018Museo de la Moto Cl\u00e1sica\u2019, en Esguevillas de Esgueva, y, por la tarde, a partir de las 16:00h tendr\u00e1 lugar la salida libre a Aldeamayor de San Mart\u00edn donde los asistentes podr\u00e1n disfrutar de la exhibici\u00f3n de Stunt666 junto amenizada con el DJ Carlos Deauville, quien tambi\u00e9n se encargar\u00e1 de cerrar la jornada en la Plaza Ping\u00fcinos junto con el concierto de \u2018Umbilika&#8217;<\/p>\n<p>El viernes 9 de enero, tras el Caldo y Caf\u00e9 Ping\u00fcinero, la Plaza Ping\u00fcinos contar\u00e1 con la actuaci\u00f3n de la Keka a las 13:00h y, a continuaci\u00f3n, a las 16:30h, se realizar\u00e1 una excursi\u00f3n tur\u00edstica a Mojados, donde tendr\u00e1 lugar una degustaci\u00f3n de Alimentos de Valladolid junto con la exhibici\u00f3n de Stunt666 y de FMX Free Style a cargo de los mejores pilotos internacionales de esta disciplina, como son Maikel Melero, Jose Mincha y Mario Lucas. La jornada terminar\u00e1 con la fiesta de Nochevieja y A\u00f1o Nuevo Ping\u00fcinero y la actuaci\u00f3n de \u2018la Orquesta Mondrag\u00f3n.<\/p>\n<p>La programaci\u00f3n del 10 de enero comenzar\u00e1 con el \u2018Desayuno Ping\u00fcinero\u2019 en el recinto y continuar\u00e1 con dos de las actividades principales de la concentraci\u00f3n. A partir de las 12:00h tendr\u00e1 lugar el desfile de banderas y la posterior Exhibici\u00f3n FMX Free Style y de Stunt666 y a partir de las 20:00h se llevar\u00e1 a cabo el desfile de antorchas en homenaje a los motoristas fallecidos. La jornada estar\u00e1 amenizada adem\u00e1s por una exhibici\u00f3n FMX \u2013 Freestyle en la zona del aparcamiento del Centro Comercial Vallsul y varias actuaciones musicales con \u2018Los Lunares\u2019, \u2018Rock and Roll Cirkus\u2019, Tam Tam Go y \u2018Los del L\u00edo\u2019 y a las 00:00h se celebrar\u00e1 la tradicional quema de la Falla de Ping\u00fcinos 2026.<\/p>\n<h4><strong>PING\u00dcINOS DE ORO 2026<\/strong><\/h4>\n<p>El domingo 11 de enero tendr\u00e1 lugar la entrega de premios \u2018Ping\u00fcinos de Oro 2026\u2019 y \u2018Concentraci\u00f3n Ping\u00fcinos 2026\u2019 y durante clausura se sortear\u00e1n una moto y diferentes regalos entre todos los inscritos.<\/p>\n<p>Los \u2018Ping\u00fcinos de Oro\u2019 de la 43\u00aa edici\u00f3n recaer\u00e1n en David Alonso, el piloto de&nbsp;colombo-espa\u00f1ol&nbsp;que se convirti\u00f3 el pasado a\u00f1o en campe\u00f3n de Moto3 en el circuito Mobility Resort de Motegi y Estrella Galicia 0,0, por su labor de esponsorizaci\u00f3n a los equipos de motociclismo.<\/p>\t\t\t\t\t\t\t\t<\/div>\n\t\t\t\t\t<\/div>\n\t\t\t\t<\/div>\n\t\t\t\t<\/div>","protected":false},"excerpt":{"rendered":"<p>Ping\u00fcinos arranca el calendario de eventos en Valladolid con la celebraci\u00f3n de su 43\u00aa edici\u00f3n Como en ediciones anteriores, se realizar\u00e1n visitas y actividades en localidades como Esguevillas de Esgueva, Aldeamayor de San Mart\u00edn o Mojados El alcalde de Valladolid, Jes\u00fas Julio Carnero; la concejala de Turismo, Eventos y Marca Ciudad, Blanca Jim\u00e9nez, y el coordinador general del Club Turismoto, Jos\u00e9 Manuel Navas, han presentado hoy \u2018Ping\u00fcinos 2026\u2019. Del 8 al 11 de enero de 2026, el recinto \u2018Ping\u00fcinos Arena\u2019 celebrar\u00e1 la 43\u00aa edici\u00f3n de la Concentraci\u00f3n Motorista Invernal Internacional, bajo el lema \u2018Hoy y siempre\u2019. Esta cita dar\u00e1, como cada a\u00f1o, el pistoletazo de salida a la celebraci\u00f3n de grandes eventos en la ciudad, consolid\u00e1ndose una edici\u00f3n m\u00e1s como un referente a nivel internacional para todos los p\u00fablicos. Como ya ocurri\u00f3 en la pasada edici\u00f3n, gracias a la colaboraci\u00f3n entre el Club Turismoto, la Concejal\u00eda de Turismo, Eventos y Marca Ciudad e Impulsa Igualdad el recinto contar\u00e1 con un espacio reservado junto al escenario para que las personas con movilidad reducida puedan disfrutar de todos los espect\u00e1culos. \u2018Ping\u00fcinos 2026\u2019 comenzar\u00e1 esta edici\u00f3n el 7 de enero con una nueva actividad: \u2018Sprint Ping\u00fcinos\u2019. Un encuentro previo que permitir\u00e1 a todos los inscritos en la misma conocer y disfrutar de Valladolid, su provincia, su gastronom\u00eda y sus vinos. La acci\u00f3n dar\u00e1 comienzo a las 10:00h con un aperitivo de Bienvenida en Valladolid y a continuaci\u00f3n se llevar\u00e1 a cabo una ruta motorista guiada, que incluir\u00e1 la visita al Castillo de Fuensalda\u00f1a y la visita y cata a la Bodega Sinfoniano. Los asistentes podr\u00e1n disfrutar tambi\u00e9n de una comida t\u00edpica castellana, una ruta tur\u00edstica por Valladolid y una merienda\/cena amenizada con un DJ. Este mismo d\u00eda se inaugurar\u00e1 la exposici\u00f3n de Motocicletas Cl\u00e1sicas y \u2018Huellas de la Dana\u2019, que podr\u00e1 visitarse en el Centro Comercial Vallsur hasta el 17 de enero. RUTAS, EXHIBICIONES, DESFILES Y M\u00daSICA, PROTAGONISTAS INDISCUTIBLES El jueves 8 de enero, comenzar\u00e1 con la visita al C.E.I.P Alonso Berruguete y al colegio El Apostolado Sagrado Coraz\u00f3n de Jes\u00fas dentro de la iniciativa \u2018Acercando Ping\u00fcinos a Valladolid\u2019. A continuaci\u00f3n, se realizar\u00e1 la visita al \u2018Museo de la Moto Cl\u00e1sica\u2019, en Esguevillas de Esgueva, y, por la tarde, a partir de las 16:00h tendr\u00e1 lugar la salida libre a Aldeamayor de San Mart\u00edn donde los asistentes podr\u00e1n disfrutar de la exhibici\u00f3n de Stunt666 junto amenizada con el DJ Carlos Deauville, quien tambi\u00e9n se encargar\u00e1 de cerrar la jornada en la Plaza Ping\u00fcinos junto con el concierto de \u2018Umbilika&#8217; El viernes 9 de enero, tras el Caldo y Caf\u00e9 Ping\u00fcinero, la Plaza Ping\u00fcinos contar\u00e1 con la actuaci\u00f3n de la Keka a las 13:00h y, a continuaci\u00f3n, a las 16:30h, se realizar\u00e1 una excursi\u00f3n tur\u00edstica a Mojados, donde tendr\u00e1 lugar una degustaci\u00f3n de Alimentos de Valladolid junto con la exhibici\u00f3n de Stunt666 y de FMX Free Style a cargo de los mejores pilotos internacionales de esta disciplina, como son Maikel Melero, Jose Mincha y Mario Lucas. La jornada terminar\u00e1 con la fiesta de Nochevieja y A\u00f1o Nuevo Ping\u00fcinero y la actuaci\u00f3n de \u2018la Orquesta Mondrag\u00f3n. La programaci\u00f3n del 10 de enero comenzar\u00e1 con el \u2018Desayuno Ping\u00fcinero\u2019 en el recinto y continuar\u00e1 con dos de las actividades principales de la concentraci\u00f3n. A partir de las 12:00h tendr\u00e1 lugar el desfile de banderas y la posterior Exhibici\u00f3n FMX Free Style y de Stunt666 y a partir de las 20:00h se llevar\u00e1 a cabo el desfile de antorchas en homenaje a los motoristas fallecidos. La jornada estar\u00e1 amenizada adem\u00e1s por una exhibici\u00f3n FMX \u2013 Freestyle en la zona del aparcamiento del Centro Comercial Vallsul y varias actuaciones musicales con \u2018Los Lunares\u2019, \u2018Rock and Roll Cirkus\u2019, Tam Tam Go y \u2018Los del L\u00edo\u2019 y a las 00:00h se celebrar\u00e1 la tradicional quema de la Falla de Ping\u00fcinos 2026. PING\u00dcINOS DE ORO 2026 El domingo 11 de enero tendr\u00e1 lugar la entrega de premios \u2018Ping\u00fcinos de Oro 2026\u2019 y \u2018Concentraci\u00f3n Ping\u00fcinos 2026\u2019 y durante clausura se sortear\u00e1n una moto y diferentes regalos entre todos los inscritos. Los \u2018Ping\u00fcinos de Oro\u2019 de la 43\u00aa edici\u00f3n recaer\u00e1n en David Alonso, el piloto de&nbsp;colombo-espa\u00f1ol&nbsp;que se convirti\u00f3 el pasado a\u00f1o en campe\u00f3n de Moto3 en el circuito Mobility Resort de Motegi y Estrella Galicia 0,0, por su labor de esponsorizaci\u00f3n a los equipos de motociclismo.<\/p>","protected":false},"author":1,"featured_media":3996,"comment_status":"open","ping_status":"closed","sticky":false,"template":"","format":"standard","meta":{"site-sidebar-layout":"default","site-content-layout":"","ast-site-content-layout":"default","site-content-style":"default","site-sidebar-style":"default","ast-global-header-display":"","ast-banner-title-visibility":"","ast-main-header-display":"","ast-hfb-above-header-display":"","ast-hfb-below-header-display":"","ast-hfb-mobile-header-display":"","site-post-title":"disabled","ast-breadcrumbs-content":"","ast-featured-img":"","footer-sml-layout":"","theme-transparent-header-meta":"","adv-header-id-meta":"","stick-header-meta":"","header-above-stick-meta":"","header-main-stick-meta":"","header-below-stick-meta":"","astra-migrate-meta-layouts":"default","ast-page-background-enabled":"default","ast-page-background-meta":{"desktop":{"background-color":"var(--ast-global-color-5)","background-image":"","background-repeat":"repeat","background-position":"center center","background-size":"auto","background-attachment":"scroll","background-type":"","background-media":"","overlay-type":"","overlay-color":"","overlay-opacity":"","overlay-gradient":""},"tablet":{"background-color":"","background-image":"","background-repeat":"repeat","background-position":"center center","background-size":"auto","background-attachment":"scroll","background-type":"","background-media":"","overlay-type":"","overlay-color":"","overlay-opacity":"","overlay-gradient":""},"mobile":{"background-color":"","background-image":"","background-repeat":"repeat","background-position":"center center","background-size":"auto","background-attachment":"scroll","background-type":"","background-media":"","overlay-type":"","overlay-color":"","overlay-opacity":"","overlay-gradient":""}},"ast-content-background-meta":{"desktop":{"background-color":"var(--ast-global-color-4)","background-image":"","background-repeat":"repeat","background-position":"center center","background-size":"auto","background-attachment":"scroll","background-type":"","background-media":"","overlay-type":"","overlay-color":"","overlay-opacity":"","overlay-gradient":""},"tablet":{"background-color":"var(--ast-global-color-4)","background-image":"","background-repeat":"repeat","background-position":"center center","background-size":"auto","background-attachment":"scroll","background-type":"","background-media":"","overlay-type":"","overlay-color":"","overlay-opacity":"","overlay-gradient":""},"mobile":{"background-color":"var(--ast-global-color-4)","background-image":"","background-repeat":"repeat","background-position":"center center","background-size":"auto","background-attachment":"scroll","background-type":"","background-media":"","overlay-type":"","overlay-color":"","overlay-opacity":"","overlay-gradient":""}},"ngg_post_thumbnail":0,"footnotes":""},"categories":[1],"tags":[35,255,32,256],"class_list":["post-3995","post","type-post","status-publish","format-standard","has-post-thumbnail","hentry","category-magazine","tag-aldeamayor-de-san-martin","tag-esguevillas-de-esgueva","tag-mojados","tag-pinguinos"],"aioseo_notices":[],"rttpg_featured_image_url":{"full":["https:\/\/pueblosycomarcas.com\/wp-content\/uploads\/2025\/12\/20251211_presentacion_pinguinos.jpg",800,400,false],"landscape":["https:\/\/pueblosycomarcas.com\/wp-content\/uploads\/2025\/12\/20251211_presentacion_pinguinos.jpg",800,400,false],"portraits":["https:\/\/pueblosycomarcas.com\/wp-content\/uploads\/2025\/12\/20251211_presentacion_pinguinos.jpg",800,400,false],"thumbnail":["https:\/\/pueblosycomarcas.com\/wp-content\/uploads\/2025\/12\/20251211_presentacion_pinguinos-150x150.jpg",150,150,true],"medium":["https:\/\/pueblosycomarcas.com\/wp-content\/uploads\/2025\/12\/20251211_presentacion_pinguinos-300x150.jpg",300,150,true],"large":["https:\/\/pueblosycomarcas.com\/wp-content\/uploads\/2025\/12\/20251211_presentacion_pinguinos.jpg",800,400,false],"1536x1536":["https:\/\/pueblosycomarcas.com\/wp-content\/uploads\/2025\/12\/20251211_presentacion_pinguinos.jpg",800,400,false],"2048x2048":["https:\/\/pueblosycomarcas.com\/wp-content\/uploads\/2025\/12\/20251211_presentacion_pinguinos.jpg",800,400,false],"trp-custom-language-flag":["https:\/\/pueblosycomarcas.com\/wp-content\/uploads\/2025\/12\/20251211_presentacion_pinguinos.jpg",18,9,false]},"rttpg_author":{"display_name":"admin","author_link":"https:\/\/pueblosycomarcas.com\/en\/author\/webalquimia\/"},"rttpg_comment":0,"rttpg_category":"<a href=\"https:\/\/pueblosycomarcas.com\/en\/category\/magazine\/\" rel=\"category tag\">Magazine<\/a>","rttpg_excerpt":"Ping\u00fcinos arranca el calendario de eventos en Valladolid con la celebraci\u00f3n de su 43\u00aa edici\u00f3n Como en ediciones anteriores, se realizar\u00e1n visitas y actividades en localidades como Esguevillas de Esgueva, Aldeamayor de San Mart\u00edn o Mojados El alcalde de Valladolid, Jes\u00fas Julio Carnero; la concejala de Turismo, Eventos y Marca Ciudad, Blanca Jim\u00e9nez, y el&hellip;","_links":{"self":[{"href":"https:\/\/pueblosycomarcas.com\/en\/wp-json\/wp\/v2\/posts\/3995","targetHints":{"allow":["GET"]}}],"collection":[{"href":"https:\/\/pueblosycomarcas.com\/en\/wp-json\/wp\/v2\/posts"}],"about":[{"href":"https:\/\/pueblosycomarcas.com\/en\/wp-json\/wp\/v2\/types\/post"}],"author":[{"embeddable":true,"href":"https:\/\/pueblosycomarcas.com\/en\/wp-json\/wp\/v2\/users\/1"}],"replies":[{"embeddable":true,"href":"https:\/\/pueblosycomarcas.com\/en\/wp-json\/wp\/v2\/comments?post=3995"}],"version-history":[{"count":5,"href":"https:\/\/pueblosycomarcas.com\/en\/wp-json\/wp\/v2\/posts\/3995\/revisions"}],"predecessor-version":[{"id":4001,"href":"https:\/\/pueblosycomarcas.com\/en\/wp-json\/wp\/v2\/posts\/3995\/revisions\/4001"}],"wp:featuredmedia":[{"embeddable":true,"href":"https:\/\/pueblosycomarcas.com\/en\/wp-json\/wp\/v2\/media\/3996"}],"wp:attachment":[{"href":"https:\/\/pueblosycomarcas.com\/en\/wp-json\/wp\/v2\/media?parent=3995"}],"wp:term":[{"taxonomy":"category","embeddable":true,"href":"https:\/\/pueblosycomarcas.com\/en\/wp-json\/wp\/v2\/categories?post=3995"},{"taxonomy":"post_tag","embeddable":true,"href":"https:\/\/pueblosycomarcas.com\/en\/wp-json\/wp\/v2\/tags?post=3995"}],"curies":[{"name":"wp","href":"https:\/\/api.w.org\/{rel}","templated":true}]}}