{"id":3988,"date":"2025-12-11T14:10:28","date_gmt":"2025-12-11T13:10:28","guid":{"rendered":"https:\/\/webalquimia.es\/?p=3988"},"modified":"2025-12-11T14:14:56","modified_gmt":"2025-12-11T13:14:56","slug":"fundacion-triangulo-castilla-y-leon-presenta-manana-los-versos-libres-en-olmedo","status":"publish","type":"post","link":"https:\/\/pueblosycomarcas.com\/en\/fundacion-triangulo-castilla-y-leon-presenta-manana-los-versos-libres-en-olmedo\/","title":{"rendered":"Fundaci\u00f3n Tri\u00e1ngulo Castilla y Le\u00f3n presenta ma\u00f1ana Los versos libres en Olmedo"},"content":{"rendered":"<div data-elementor-type=\"wp-post\" data-elementor-id=\"3988\" class=\"elementor elementor-3988\">\n\t\t\t\t<div class=\"elementor-element elementor-element-9dcd9e5 e-flex e-con-boxed wpr-particle-no wpr-jarallax-no wpr-parallax-no wpr-sticky-section-no wpr-equal-height-no e-con e-parent\" data-id=\"9dcd9e5\" data-element_type=\"container\" data-e-type=\"container\">\n\t\t\t\t\t<div class=\"e-con-inner\">\n\t\t\t\t<div class=\"elementor-element elementor-element-6e1eae1 elementor-widget elementor-widget-heading\" data-id=\"6e1eae1\" data-element_type=\"widget\" data-e-type=\"widget\" data-widget_type=\"heading.default\">\n\t\t\t\t\t<h2 class=\"elementor-heading-title elementor-size-default\">Fundaci\u00f3n Tri\u00e1ngulo Castilla y Le\u00f3n presenta ma\u00f1ana Los versos libres en Olmedo<\/h2>\t\t\t\t<\/div>\n\t\t\t\t<div class=\"elementor-element elementor-element-6e0c353 elementor-widget elementor-widget-text-editor\" data-id=\"6e0c353\" data-element_type=\"widget\" data-e-type=\"widget\" data-widget_type=\"text-editor.default\">\n\t\t\t\t\t\t\t\t\t<ul><li><h6><strong><em>La obra de teatro, representada en colaboraci\u00f3n con la Diputaci\u00f3n de Valladolid, se podr\u00e1 ver ma\u00f1ana viernes a partir de las 18:00 horas en el Centro de Artes Esc\u00e9nicas San Pedro<\/em> <\/strong><\/h6><\/li><li><h6><em><strong>La funci\u00f3n teatral tiene el prop\u00f3sito de acercar la cultura LGTBIQ+ al medio rural, promoviendo la reflexi\u00f3n, el debate y el reconocimiento de \u201clas memorias silenciadas de nuestro pa\u00eds\u201d<\/strong><\/em><\/h6><\/li><\/ul>\t\t\t\t\t\t\t\t<\/div>\n\t\t\t\t<div class=\"elementor-element elementor-element-9439852 elementor-widget-divider--view-line elementor-widget elementor-widget-divider\" data-id=\"9439852\" data-element_type=\"widget\" data-e-type=\"widget\" data-widget_type=\"divider.default\">\n\t\t\t\t\t\t\t<div class=\"elementor-divider\">\n\t\t\t<span class=\"elementor-divider-separator\">\n\t\t\t\t\t\t<\/span>\n\t\t<\/div>\n\t\t\t\t\t\t<\/div>\n\t\t\t\t<div class=\"elementor-element elementor-element-f56f141 elementor-widget elementor-widget-image\" data-id=\"f56f141\" data-element_type=\"widget\" data-e-type=\"widget\" data-widget_type=\"image.default\">\n\t\t\t\t\t\t\t\t\t\t\t\t\t\t\t<img fetchpriority=\"high\" decoding=\"async\" width=\"800\" height=\"400\" src=\"https:\/\/pueblosycomarcas.com\/wp-content\/uploads\/2025\/12\/20251211_versos_libres_triangulo.jpg\" class=\"attachment-large size-large wp-image-3989\" alt=\"\" srcset=\"https:\/\/pueblosycomarcas.com\/wp-content\/uploads\/2025\/12\/20251211_versos_libres_triangulo.jpg 800w, https:\/\/pueblosycomarcas.com\/wp-content\/uploads\/2025\/12\/20251211_versos_libres_triangulo-300x150.jpg 300w, https:\/\/pueblosycomarcas.com\/wp-content\/uploads\/2025\/12\/20251211_versos_libres_triangulo-768x384.jpg 768w\" sizes=\"(max-width: 800px) 100vw, 800px\" \/>\t\t\t\t\t\t\t\t\t\t\t\t\t\t\t<\/div>\n\t\t\t\t<div class=\"elementor-element elementor-element-cc98e20 elementor-widget elementor-widget-text-editor\" data-id=\"cc98e20\" data-element_type=\"widget\" data-e-type=\"widget\" data-widget_type=\"text-editor.default\">\n\t\t\t\t\t\t\t\t\t<p><a href=\"https:\/\/www.facebook.com\/Pueblos-y-Comarcas-125437870924169\/?fref=ts\"><em><strong>Pueblosycomarcas.com<\/strong><\/em><\/a><em><strong>;&nbsp;<\/strong><\/em><a href=\"https:\/\/twitter.com\/PueblosComarcas\"><em><strong>@PueblosComarcas<\/strong><\/em><\/a><\/p>\n<p>Fundaci\u00f3n Tri\u00e1ngulo organiza la representaci\u00f3n de la obra <strong><em>Los Versos Libres <\/em><\/strong>en el Centro de Artes Esc\u00e9nicas San Pedro de Olmedo, el viernes 12 de diciembre a las 18:00 horas, en colaboraci\u00f3n con la <strong>Diputaci\u00f3n de Valladolid<\/strong>.<\/p>\n<p>La funci\u00f3n teatral tiene el prop\u00f3sito de acercar la cultura LGTBIQ+ al medio rural, promoviendo la reflexi\u00f3n, el debate y el reconocimiento de las memorias silenciadas de nuestro pa\u00eds, se\u00f1alan desde Fundaci\u00f3n Tri\u00e1ngulo a trav\u00e9s de una nota de prensa.<\/p>\n<p>El acceso a la representaci\u00f3n ser\u00e1 con invitaci\u00f3n, contando especialmente con la asistencia de integrantes de las asociaciones de mujeres que pertenecen al Consejo Provincial de la Mujer, as\u00ed como de numerosas participantes en las actividades de los grupos de envejecimiento activo de la provincia de Valladolid. Habr\u00e1 una nutrida representaci\u00f3n no s\u00f3lo de personas del municipio de Olmedo, sino de otros pueblos de la provincia: Fresno el Viejo, Ataquines, La Zarza, Valdestillas, Rueda, Matapozuelos, Villabr\u00e1gima, Portillo, La Pedraja de Portillo, Mojados, Iscar, Morales de Campos, Tordehumos, Villabr\u00e1gima y Pedrajas de San Esteban.<\/p>\n<p><strong><em>Los Versos Libres <\/em><\/strong>es una producci\u00f3n de la compa\u00f1\u00eda teatral <strong>Vuelta de Tuerca <\/strong>con texto y direcci\u00f3n de Juanma Romero G\u00e1rriz. La obra propone un viaje emocional a trav\u00e9s de cinco d\u00e9cadas de historia social, pol\u00edtica y afectiva en Espa\u00f1a.<\/p>\n<p>El equipo creativo se adentra en la memoria oral de personas mayores LGTBIQ+ vinculadas a la <strong>Fundaci\u00f3n 26 de Diciembre<\/strong>. De esos testimonios, cargados de dolor, humor, y necesidad de contar lo vivido tras d\u00e9cadas de represi\u00f3n, naci\u00f3 <strong><em>Los Versos Libres<\/em><\/strong>, una pieza que rescata historias invisibilizadas y celebra la resistencia. Con una dramaturgia \u00e1gil y un ritmo que combina ternura, humor y denuncia.<\/p>\n<p>Fundaci\u00f3n Tri\u00e1ngulo Castilla y Le\u00f3n mantiene un firme compromiso con la visibilizaci\u00f3n de estas historias. \u201cNo podemos olvidar que quienes lucharon en contextos represivos, quienes alzaron la voz cuando el silencio era condici\u00f3n para sobrevivir, hicieron mucho m\u00e1s que activismo: sostuvieron un hilo de memoria que hoy nos permite existir con mayor fortaleza. Visibilizar sus trayectorias no es un ejercicio de nostalgia ni una estrategia pol\u00edtica; es una responsabilidad \u00e9tica y una deuda hist\u00f3rica\u201d indican desde el colectivo.<\/p>\n<p>\u201cEstas biograf\u00edas nos recuerdan que no partimos de cero, que formamos parte de una genealog\u00eda de personas valientes. El presente no se sostiene por s\u00ed mismo, se apoya en todas aquellas vidas que convirtieron su existencia en resistencia. Mantener viva esa herencia fortalece nuestra identidad colectiva y nos dota de herramientas para imaginar un futuro m\u00e1s libre\u201d a\u00f1aden los organizadores.<\/p>\n<h4><strong>ARGUMENTO<\/strong><\/h4>\n<p>Madrid, finales de los a\u00f1os 70. Gloria, comprometida y vitalista, casada y madre de seis hijos, se enamora de una mujer. A pesar de los obst\u00e1culos que encuentra, Gloria decide vivir esta historia de amor hasta las \u00faltimas consecuencias, con pasi\u00f3n y valent\u00eda, pero tambi\u00e9n con renuncias y decepciones. Emilia, su hija mayor, ser\u00e1 la \u00fanica que permanecer\u00e1 a su lado, mientras que Alejandra, mujer trans educada junto a su padre, buscar\u00e1 a su madre y hermana durante a\u00f1os sin conseguirlo.<\/p>\n<p>Protagonizada por Marta Alonso, Teresa Alonso y Celina Fern\u00e1ndez, que interpretan entre las tres a m\u00e1s de veinte personajes. \u2018<strong>Los versos libres\u2019 <\/strong>nos invita a conocer la historia de una familia diferente, as\u00ed como el devenir de los derechos del colectivo LGTBIQ+ de nuestro pa\u00eds en los \u00faltimos 50 a\u00f1os. Es una obra para sanar heridas, un b\u00e1lsamo contra la homofobia, y un soplo que borra -con humor y ternura- d\u00e9cadas de culpa, maltrato y estigma. Nos hace reflexionar sobre el precio que pagamos por defender nuestra libertad, y el da\u00f1o que hacemos a los que nos rodean al luchar por nuestros ideales. Adem\u00e1s, nos invita a pensar si no estaremos cometiendo con nuestros hijos los mismos errores que nuestros progenitores cometieron con nosotros.<\/p>\t\t\t\t\t\t\t\t<\/div>\n\t\t\t\t\t<\/div>\n\t\t\t\t<\/div>\n\t\t\t\t<\/div>","protected":false},"excerpt":{"rendered":"<p>Fundaci\u00f3n Tri\u00e1ngulo Castilla y Le\u00f3n presenta ma\u00f1ana Los versos libres en Olmedo La obra de teatro, representada en colaboraci\u00f3n con la Diputaci\u00f3n de Valladolid, se podr\u00e1 ver ma\u00f1ana viernes a partir de las 18:00 horas en el Centro de Artes Esc\u00e9nicas San Pedro La funci\u00f3n teatral tiene el prop\u00f3sito de acercar la cultura LGTBIQ+ al medio rural, promoviendo la reflexi\u00f3n, el debate y el reconocimiento de \u201clas memorias silenciadas de nuestro pa\u00eds\u201d Pueblosycomarcas.com;&nbsp;@PueblosComarcas Fundaci\u00f3n Tri\u00e1ngulo organiza la representaci\u00f3n de la obra Los Versos Libres en el Centro de Artes Esc\u00e9nicas San Pedro de Olmedo, el viernes 12 de diciembre a las 18:00 horas, en colaboraci\u00f3n con la Diputaci\u00f3n de Valladolid. La funci\u00f3n teatral tiene el prop\u00f3sito de acercar la cultura LGTBIQ+ al medio rural, promoviendo la reflexi\u00f3n, el debate y el reconocimiento de las memorias silenciadas de nuestro pa\u00eds, se\u00f1alan desde Fundaci\u00f3n Tri\u00e1ngulo a trav\u00e9s de una nota de prensa. El acceso a la representaci\u00f3n ser\u00e1 con invitaci\u00f3n, contando especialmente con la asistencia de integrantes de las asociaciones de mujeres que pertenecen al Consejo Provincial de la Mujer, as\u00ed como de numerosas participantes en las actividades de los grupos de envejecimiento activo de la provincia de Valladolid. Habr\u00e1 una nutrida representaci\u00f3n no s\u00f3lo de personas del municipio de Olmedo, sino de otros pueblos de la provincia: Fresno el Viejo, Ataquines, La Zarza, Valdestillas, Rueda, Matapozuelos, Villabr\u00e1gima, Portillo, La Pedraja de Portillo, Mojados, Iscar, Morales de Campos, Tordehumos, Villabr\u00e1gima y Pedrajas de San Esteban. Los Versos Libres es una producci\u00f3n de la compa\u00f1\u00eda teatral Vuelta de Tuerca con texto y direcci\u00f3n de Juanma Romero G\u00e1rriz. La obra propone un viaje emocional a trav\u00e9s de cinco d\u00e9cadas de historia social, pol\u00edtica y afectiva en Espa\u00f1a. El equipo creativo se adentra en la memoria oral de personas mayores LGTBIQ+ vinculadas a la Fundaci\u00f3n 26 de Diciembre. De esos testimonios, cargados de dolor, humor, y necesidad de contar lo vivido tras d\u00e9cadas de represi\u00f3n, naci\u00f3 Los Versos Libres, una pieza que rescata historias invisibilizadas y celebra la resistencia. Con una dramaturgia \u00e1gil y un ritmo que combina ternura, humor y denuncia. Fundaci\u00f3n Tri\u00e1ngulo Castilla y Le\u00f3n mantiene un firme compromiso con la visibilizaci\u00f3n de estas historias. \u201cNo podemos olvidar que quienes lucharon en contextos represivos, quienes alzaron la voz cuando el silencio era condici\u00f3n para sobrevivir, hicieron mucho m\u00e1s que activismo: sostuvieron un hilo de memoria que hoy nos permite existir con mayor fortaleza. Visibilizar sus trayectorias no es un ejercicio de nostalgia ni una estrategia pol\u00edtica; es una responsabilidad \u00e9tica y una deuda hist\u00f3rica\u201d indican desde el colectivo. \u201cEstas biograf\u00edas nos recuerdan que no partimos de cero, que formamos parte de una genealog\u00eda de personas valientes. El presente no se sostiene por s\u00ed mismo, se apoya en todas aquellas vidas que convirtieron su existencia en resistencia. Mantener viva esa herencia fortalece nuestra identidad colectiva y nos dota de herramientas para imaginar un futuro m\u00e1s libre\u201d a\u00f1aden los organizadores. ARGUMENTO Madrid, finales de los a\u00f1os 70. Gloria, comprometida y vitalista, casada y madre de seis hijos, se enamora de una mujer. A pesar de los obst\u00e1culos que encuentra, Gloria decide vivir esta historia de amor hasta las \u00faltimas consecuencias, con pasi\u00f3n y valent\u00eda, pero tambi\u00e9n con renuncias y decepciones. Emilia, su hija mayor, ser\u00e1 la \u00fanica que permanecer\u00e1 a su lado, mientras que Alejandra, mujer trans educada junto a su padre, buscar\u00e1 a su madre y hermana durante a\u00f1os sin conseguirlo. Protagonizada por Marta Alonso, Teresa Alonso y Celina Fern\u00e1ndez, que interpretan entre las tres a m\u00e1s de veinte personajes. \u2018Los versos libres\u2019 nos invita a conocer la historia de una familia diferente, as\u00ed como el devenir de los derechos del colectivo LGTBIQ+ de nuestro pa\u00eds en los \u00faltimos 50 a\u00f1os. Es una obra para sanar heridas, un b\u00e1lsamo contra la homofobia, y un soplo que borra -con humor y ternura- d\u00e9cadas de culpa, maltrato y estigma. Nos hace reflexionar sobre el precio que pagamos por defender nuestra libertad, y el da\u00f1o que hacemos a los que nos rodean al luchar por nuestros ideales. Adem\u00e1s, nos invita a pensar si no estaremos cometiendo con nuestros hijos los mismos errores que nuestros progenitores cometieron con nosotros.<\/p>","protected":false},"author":1,"featured_media":3989,"comment_status":"open","ping_status":"closed","sticky":false,"template":"","format":"standard","meta":{"site-sidebar-layout":"default","site-content-layout":"","ast-site-content-layout":"default","site-content-style":"default","site-sidebar-style":"default","ast-global-header-display":"","ast-banner-title-visibility":"","ast-main-header-display":"","ast-hfb-above-header-display":"","ast-hfb-below-header-display":"","ast-hfb-mobile-header-display":"","site-post-title":"disabled","ast-breadcrumbs-content":"","ast-featured-img":"","footer-sml-layout":"","theme-transparent-header-meta":"","adv-header-id-meta":"","stick-header-meta":"","header-above-stick-meta":"","header-main-stick-meta":"","header-below-stick-meta":"","astra-migrate-meta-layouts":"default","ast-page-background-enabled":"default","ast-page-background-meta":{"desktop":{"background-color":"var(--ast-global-color-5)","background-image":"","background-repeat":"repeat","background-position":"center center","background-size":"auto","background-attachment":"scroll","background-type":"","background-media":"","overlay-type":"","overlay-color":"","overlay-opacity":"","overlay-gradient":""},"tablet":{"background-color":"","background-image":"","background-repeat":"repeat","background-position":"center center","background-size":"auto","background-attachment":"scroll","background-type":"","background-media":"","overlay-type":"","overlay-color":"","overlay-opacity":"","overlay-gradient":""},"mobile":{"background-color":"","background-image":"","background-repeat":"repeat","background-position":"center center","background-size":"auto","background-attachment":"scroll","background-type":"","background-media":"","overlay-type":"","overlay-color":"","overlay-opacity":"","overlay-gradient":""}},"ast-content-background-meta":{"desktop":{"background-color":"var(--ast-global-color-4)","background-image":"","background-repeat":"repeat","background-position":"center center","background-size":"auto","background-attachment":"scroll","background-type":"","background-media":"","overlay-type":"","overlay-color":"","overlay-opacity":"","overlay-gradient":""},"tablet":{"background-color":"var(--ast-global-color-4)","background-image":"","background-repeat":"repeat","background-position":"center center","background-size":"auto","background-attachment":"scroll","background-type":"","background-media":"","overlay-type":"","overlay-color":"","overlay-opacity":"","overlay-gradient":""},"mobile":{"background-color":"var(--ast-global-color-4)","background-image":"","background-repeat":"repeat","background-position":"center center","background-size":"auto","background-attachment":"scroll","background-type":"","background-media":"","overlay-type":"","overlay-color":"","overlay-opacity":"","overlay-gradient":""}},"ngg_post_thumbnail":0,"footnotes":""},"categories":[14],"tags":[26,254,68],"class_list":["post-3988","post","type-post","status-publish","format-standard","has-post-thumbnail","hentry","category-cultura-y-tradicion","tag-diputacion-de-valladolid","tag-fundacion-triangulo","tag-olmedo"],"aioseo_notices":[],"rttpg_featured_image_url":{"full":["https:\/\/pueblosycomarcas.com\/wp-content\/uploads\/2025\/12\/20251211_versos_libres_triangulo.jpg",800,400,false],"landscape":["https:\/\/pueblosycomarcas.com\/wp-content\/uploads\/2025\/12\/20251211_versos_libres_triangulo.jpg",800,400,false],"portraits":["https:\/\/pueblosycomarcas.com\/wp-content\/uploads\/2025\/12\/20251211_versos_libres_triangulo.jpg",800,400,false],"thumbnail":["https:\/\/pueblosycomarcas.com\/wp-content\/uploads\/2025\/12\/20251211_versos_libres_triangulo-150x150.jpg",150,150,true],"medium":["https:\/\/pueblosycomarcas.com\/wp-content\/uploads\/2025\/12\/20251211_versos_libres_triangulo-300x150.jpg",300,150,true],"large":["https:\/\/pueblosycomarcas.com\/wp-content\/uploads\/2025\/12\/20251211_versos_libres_triangulo.jpg",800,400,false],"1536x1536":["https:\/\/pueblosycomarcas.com\/wp-content\/uploads\/2025\/12\/20251211_versos_libres_triangulo.jpg",800,400,false],"2048x2048":["https:\/\/pueblosycomarcas.com\/wp-content\/uploads\/2025\/12\/20251211_versos_libres_triangulo.jpg",800,400,false],"trp-custom-language-flag":["https:\/\/pueblosycomarcas.com\/wp-content\/uploads\/2025\/12\/20251211_versos_libres_triangulo.jpg",18,9,false]},"rttpg_author":{"display_name":"admin","author_link":"https:\/\/pueblosycomarcas.com\/en\/author\/webalquimia\/"},"rttpg_comment":0,"rttpg_category":"<a href=\"https:\/\/pueblosycomarcas.com\/en\/category\/cultura-y-tradicion\/\" rel=\"category tag\">Cultura y Tradici\u00f3n<\/a>","rttpg_excerpt":"Fundaci\u00f3n Tri\u00e1ngulo Castilla y Le\u00f3n presenta ma\u00f1ana Los versos libres en Olmedo La obra de teatro, representada en colaboraci\u00f3n con la Diputaci\u00f3n de Valladolid, se podr\u00e1 ver ma\u00f1ana viernes a partir de las 18:00 horas en el Centro de Artes Esc\u00e9nicas San Pedro La funci\u00f3n teatral tiene el prop\u00f3sito de acercar la cultura LGTBIQ+ al&hellip;","_links":{"self":[{"href":"https:\/\/pueblosycomarcas.com\/en\/wp-json\/wp\/v2\/posts\/3988","targetHints":{"allow":["GET"]}}],"collection":[{"href":"https:\/\/pueblosycomarcas.com\/en\/wp-json\/wp\/v2\/posts"}],"about":[{"href":"https:\/\/pueblosycomarcas.com\/en\/wp-json\/wp\/v2\/types\/post"}],"author":[{"embeddable":true,"href":"https:\/\/pueblosycomarcas.com\/en\/wp-json\/wp\/v2\/users\/1"}],"replies":[{"embeddable":true,"href":"https:\/\/pueblosycomarcas.com\/en\/wp-json\/wp\/v2\/comments?post=3988"}],"version-history":[{"count":5,"href":"https:\/\/pueblosycomarcas.com\/en\/wp-json\/wp\/v2\/posts\/3988\/revisions"}],"predecessor-version":[{"id":3994,"href":"https:\/\/pueblosycomarcas.com\/en\/wp-json\/wp\/v2\/posts\/3988\/revisions\/3994"}],"wp:featuredmedia":[{"embeddable":true,"href":"https:\/\/pueblosycomarcas.com\/en\/wp-json\/wp\/v2\/media\/3989"}],"wp:attachment":[{"href":"https:\/\/pueblosycomarcas.com\/en\/wp-json\/wp\/v2\/media?parent=3988"}],"wp:term":[{"taxonomy":"category","embeddable":true,"href":"https:\/\/pueblosycomarcas.com\/en\/wp-json\/wp\/v2\/categories?post=3988"},{"taxonomy":"post_tag","embeddable":true,"href":"https:\/\/pueblosycomarcas.com\/en\/wp-json\/wp\/v2\/tags?post=3988"}],"curies":[{"name":"wp","href":"https:\/\/api.w.org\/{rel}","templated":true}]}}