{"id":3928,"date":"2025-12-11T06:00:40","date_gmt":"2025-12-11T05:00:40","guid":{"rendered":"https:\/\/webalquimia.es\/?p=3928"},"modified":"2025-12-11T06:00:42","modified_gmt":"2025-12-11T05:00:42","slug":"la-diputacion-de-valladolid-incrementa-su-aportacion-al-banco-de-alimentos-para-ayudar-a-cubrir-la-necesidad-de-leche","status":"publish","type":"post","link":"https:\/\/pueblosycomarcas.com\/en\/la-diputacion-de-valladolid-incrementa-su-aportacion-al-banco-de-alimentos-para-ayudar-a-cubrir-la-necesidad-de-leche\/","title":{"rendered":"La Diputaci\u00f3n de Valladolid incrementa su aportaci\u00f3n al Banco de Alimentos para ayudar a cubrir la necesidad de leche"},"content":{"rendered":"<div data-elementor-type=\"wp-post\" data-elementor-id=\"3928\" class=\"elementor elementor-3928\">\n\t\t\t\t<div class=\"elementor-element elementor-element-f1385d4 e-flex e-con-boxed wpr-particle-no wpr-jarallax-no wpr-parallax-no wpr-sticky-section-no wpr-equal-height-no e-con e-parent\" data-id=\"f1385d4\" data-element_type=\"container\" data-e-type=\"container\">\n\t\t\t\t\t<div class=\"e-con-inner\">\n\t\t\t\t<div class=\"elementor-element elementor-element-7f89fd1 elementor-widget elementor-widget-heading\" data-id=\"7f89fd1\" data-element_type=\"widget\" data-e-type=\"widget\" data-widget_type=\"heading.default\">\n\t\t\t\t\t<h2 class=\"elementor-heading-title elementor-size-default\">La Diputaci\u00f3n de Valladolid incrementa su aportaci\u00f3n al Banco de Alimentos para ayudar a cubrir la necesidad de leche<\/h2>\t\t\t\t<\/div>\n\t\t\t\t<div class=\"elementor-element elementor-element-bf6e526 elementor-widget elementor-widget-text-editor\" data-id=\"bf6e526\" data-element_type=\"widget\" data-e-type=\"widget\" data-widget_type=\"text-editor.default\">\n\t\t\t\t\t\t\t\t\t<ul><li><h6><em><strong>Conrado \u00cdscar y Jes\u00fas Mediavilla suscriben una adenda al convenio de colaboraci\u00f3n anual para ayudar al Banco de Alimentos a cubrir las necesidades de leche fresca de los casi 900 beneficiarios de la provincia<\/strong><\/em><\/h6><\/li><\/ul>\t\t\t\t\t\t\t\t<\/div>\n\t\t\t\t<div class=\"elementor-element elementor-element-9657b0a elementor-widget-divider--view-line elementor-widget elementor-widget-divider\" data-id=\"9657b0a\" data-element_type=\"widget\" data-e-type=\"widget\" data-widget_type=\"divider.default\">\n\t\t\t\t\t\t\t<div class=\"elementor-divider\">\n\t\t\t<span class=\"elementor-divider-separator\">\n\t\t\t\t\t\t<\/span>\n\t\t<\/div>\n\t\t\t\t\t\t<\/div>\n\t\t\t\t<div class=\"elementor-element elementor-element-9646577 elementor-widget elementor-widget-image\" data-id=\"9646577\" data-element_type=\"widget\" data-e-type=\"widget\" data-widget_type=\"image.default\">\n\t\t\t\t\t\t\t\t\t\t\t\t\t\t\t<img fetchpriority=\"high\" decoding=\"async\" width=\"800\" height=\"400\" src=\"https:\/\/pueblosycomarcas.com\/wp-content\/uploads\/2025\/12\/20251211_banco_alimentos.jpg\" class=\"attachment-large size-large wp-image-3929\" alt=\"\" srcset=\"https:\/\/pueblosycomarcas.com\/wp-content\/uploads\/2025\/12\/20251211_banco_alimentos.jpg 800w, https:\/\/pueblosycomarcas.com\/wp-content\/uploads\/2025\/12\/20251211_banco_alimentos-300x150.jpg 300w, https:\/\/pueblosycomarcas.com\/wp-content\/uploads\/2025\/12\/20251211_banco_alimentos-768x384.jpg 768w\" sizes=\"(max-width: 800px) 100vw, 800px\" \/>\t\t\t\t\t\t\t\t\t\t\t\t\t\t\t<\/div>\n\t\t\t\t<div class=\"elementor-element elementor-element-ad59bf0 elementor-widget elementor-widget-text-editor\" data-id=\"ad59bf0\" data-element_type=\"widget\" data-e-type=\"widget\" data-widget_type=\"text-editor.default\">\n\t\t\t\t\t\t\t\t\t<p><a href=\"https:\/\/www.facebook.com\/Pueblos-y-Comarcas-125437870924169\/?fref=ts\"><em><strong>Pueblosycomarcas.com<\/strong><\/em><\/a><em><strong>;\u00a0<\/strong><\/em><a href=\"https:\/\/twitter.com\/PueblosComarcas\"><em><strong>@PueblosComarcas<\/strong><\/em><\/a><\/p><p>El presidente de la Diputaci\u00f3n de Valladolid, Conrado \u00cdscar, y el presidente de la Fundaci\u00f3n Banco de Alimentos de Valladolid, Jes\u00fas Mediavilla, han suscrito hoy una adenda al convenio de colaboraci\u00f3n que mantienen ambas instituciones con el fin de que el Banco de Alimentos pueda paliar el d\u00e9ficit de leche fresca que padece en estos momentos.<\/p><p>El Banco de Alimentos recoge diariamente los alimentos donados por diferentes empresas fabricantes o distribuidoras, y adquiere aquellos productos alimenticios de primera necesidad que no quedan cubiertos con las donaciones, para posteriormente entregarlos a las entidades colaboradoras que los distribuyen entre los beneficiarios adscritos. La leche es uno de los productos b\u00e1sicos m\u00e1s demandados, siendo necesario un m\u00ednimo de siete litros por persona al mes.<\/p><p>En la actualidad, el Banco de Alimentos atiende a 21 entidades y cerca de 900 beneficiarios, que requieren un suministro estable de este alimento esencial. Sin embargo, el Fondo de Ayuda Europea para las Personas M\u00e1s Desfavorecidas no incluye la leche entre sus suministros, lo que ha generado un importante d\u00e9ficit para poder garantizar su distribuci\u00f3n.<\/p><p>Conrado \u00cdscar ha recordado que en la firma del convenio entre la Diputaci\u00f3n de Valladolid y la Fundaci\u00f3n Banco de Alimentos, dotado con 90.000 euros, se\u00f1al\u00f3 \u201cque esa cuant\u00eda podr\u00eda ser incrementadas en caso de que fuera necesario\u2026 y lamentablemente es necesario\u201d.<\/p><p>En este sentido incide que \u201cante esta situaci\u00f3n, la Diputaci\u00f3n de Valladolid, consciente de esta problem\u00e1tica y del esfuerzo que realizan la Fundaci\u00f3n Banco de Alimentos de Valladolid y las personas voluntarias que trabajan en ella, incrementamos la colaboraci\u00f3n para ayudar a las personas m\u00e1s vulnerables de nuestra provincia\u201d.<\/p><p>Por su parte, el presidente del Banco de Alimentos de Valladolid, Jes\u00fas Mediavilla, ha agradecido a la Diputaci\u00f3n \u201cla ayuda para paliar las situaciones de vulnerabilidad de las familias de la provincia\u201d.<\/p><p>La adenda al convenio firmada hoy supone una aportaci\u00f3n extraordinaria de 10.000 euros, destinada \u00edntegramente a la adquisici\u00f3n de leche, con el fin de garantizar el suministro necesario para atender la demanda actual de los beneficiarios.<\/p><p>Desde el a\u00f1o 2017, la Diputaci\u00f3n Provincial ha realizado acuerdos de colaboraci\u00f3n con el Banco de Alimentos, que han supuesto una aportaci\u00f3n global de 745.000 euros.<\/p>\t\t\t\t\t\t\t\t<\/div>\n\t\t\t\t\t<\/div>\n\t\t\t\t<\/div>\n\t\t\t\t<\/div>","protected":false},"excerpt":{"rendered":"<p>La Diputaci\u00f3n de Valladolid incrementa su aportaci\u00f3n al Banco de Alimentos para ayudar a cubrir la necesidad de leche Conrado \u00cdscar y Jes\u00fas Mediavilla suscriben una adenda al convenio de colaboraci\u00f3n anual para ayudar al Banco de Alimentos a cubrir las necesidades de leche fresca de los casi 900 beneficiarios de la provincia Pueblosycomarcas.com;\u00a0@PueblosComarcas El presidente de la Diputaci\u00f3n de Valladolid, Conrado \u00cdscar, y el presidente de la Fundaci\u00f3n Banco de Alimentos de Valladolid, Jes\u00fas Mediavilla, han suscrito hoy una adenda al convenio de colaboraci\u00f3n que mantienen ambas instituciones con el fin de que el Banco de Alimentos pueda paliar el d\u00e9ficit de leche fresca que padece en estos momentos. El Banco de Alimentos recoge diariamente los alimentos donados por diferentes empresas fabricantes o distribuidoras, y adquiere aquellos productos alimenticios de primera necesidad que no quedan cubiertos con las donaciones, para posteriormente entregarlos a las entidades colaboradoras que los distribuyen entre los beneficiarios adscritos. La leche es uno de los productos b\u00e1sicos m\u00e1s demandados, siendo necesario un m\u00ednimo de siete litros por persona al mes. En la actualidad, el Banco de Alimentos atiende a 21 entidades y cerca de 900 beneficiarios, que requieren un suministro estable de este alimento esencial. Sin embargo, el Fondo de Ayuda Europea para las Personas M\u00e1s Desfavorecidas no incluye la leche entre sus suministros, lo que ha generado un importante d\u00e9ficit para poder garantizar su distribuci\u00f3n. Conrado \u00cdscar ha recordado que en la firma del convenio entre la Diputaci\u00f3n de Valladolid y la Fundaci\u00f3n Banco de Alimentos, dotado con 90.000 euros, se\u00f1al\u00f3 \u201cque esa cuant\u00eda podr\u00eda ser incrementadas en caso de que fuera necesario\u2026 y lamentablemente es necesario\u201d. En este sentido incide que \u201cante esta situaci\u00f3n, la Diputaci\u00f3n de Valladolid, consciente de esta problem\u00e1tica y del esfuerzo que realizan la Fundaci\u00f3n Banco de Alimentos de Valladolid y las personas voluntarias que trabajan en ella, incrementamos la colaboraci\u00f3n para ayudar a las personas m\u00e1s vulnerables de nuestra provincia\u201d. Por su parte, el presidente del Banco de Alimentos de Valladolid, Jes\u00fas Mediavilla, ha agradecido a la Diputaci\u00f3n \u201cla ayuda para paliar las situaciones de vulnerabilidad de las familias de la provincia\u201d. La adenda al convenio firmada hoy supone una aportaci\u00f3n extraordinaria de 10.000 euros, destinada \u00edntegramente a la adquisici\u00f3n de leche, con el fin de garantizar el suministro necesario para atender la demanda actual de los beneficiarios. Desde el a\u00f1o 2017, la Diputaci\u00f3n Provincial ha realizado acuerdos de colaboraci\u00f3n con el Banco de Alimentos, que han supuesto una aportaci\u00f3n global de 745.000 euros.<\/p>","protected":false},"author":1,"featured_media":3929,"comment_status":"open","ping_status":"closed","sticky":false,"template":"","format":"standard","meta":{"site-sidebar-layout":"default","site-content-layout":"","ast-site-content-layout":"default","site-content-style":"default","site-sidebar-style":"default","ast-global-header-display":"","ast-banner-title-visibility":"","ast-main-header-display":"","ast-hfb-above-header-display":"","ast-hfb-below-header-display":"","ast-hfb-mobile-header-display":"","site-post-title":"disabled","ast-breadcrumbs-content":"","ast-featured-img":"","footer-sml-layout":"","theme-transparent-header-meta":"","adv-header-id-meta":"","stick-header-meta":"","header-above-stick-meta":"","header-main-stick-meta":"","header-below-stick-meta":"","astra-migrate-meta-layouts":"default","ast-page-background-enabled":"default","ast-page-background-meta":{"desktop":{"background-color":"var(--ast-global-color-5)","background-image":"","background-repeat":"repeat","background-position":"center center","background-size":"auto","background-attachment":"scroll","background-type":"","background-media":"","overlay-type":"","overlay-color":"","overlay-opacity":"","overlay-gradient":""},"tablet":{"background-color":"","background-image":"","background-repeat":"repeat","background-position":"center center","background-size":"auto","background-attachment":"scroll","background-type":"","background-media":"","overlay-type":"","overlay-color":"","overlay-opacity":"","overlay-gradient":""},"mobile":{"background-color":"","background-image":"","background-repeat":"repeat","background-position":"center center","background-size":"auto","background-attachment":"scroll","background-type":"","background-media":"","overlay-type":"","overlay-color":"","overlay-opacity":"","overlay-gradient":""}},"ast-content-background-meta":{"desktop":{"background-color":"var(--ast-global-color-4)","background-image":"","background-repeat":"repeat","background-position":"center center","background-size":"auto","background-attachment":"scroll","background-type":"","background-media":"","overlay-type":"","overlay-color":"","overlay-opacity":"","overlay-gradient":""},"tablet":{"background-color":"var(--ast-global-color-4)","background-image":"","background-repeat":"repeat","background-position":"center center","background-size":"auto","background-attachment":"scroll","background-type":"","background-media":"","overlay-type":"","overlay-color":"","overlay-opacity":"","overlay-gradient":""},"mobile":{"background-color":"var(--ast-global-color-4)","background-image":"","background-repeat":"repeat","background-position":"center center","background-size":"auto","background-attachment":"scroll","background-type":"","background-media":"","overlay-type":"","overlay-color":"","overlay-opacity":"","overlay-gradient":""}},"ngg_post_thumbnail":0,"footnotes":""},"categories":[16],"tags":[247],"class_list":["post-3928","post","type-post","status-publish","format-standard","has-post-thumbnail","hentry","category-portada","tag-banco-de-alimentos-de-valladolid"],"aioseo_notices":[],"rttpg_featured_image_url":{"full":["https:\/\/pueblosycomarcas.com\/wp-content\/uploads\/2025\/12\/20251211_banco_alimentos.jpg",800,400,false],"landscape":["https:\/\/pueblosycomarcas.com\/wp-content\/uploads\/2025\/12\/20251211_banco_alimentos.jpg",800,400,false],"portraits":["https:\/\/pueblosycomarcas.com\/wp-content\/uploads\/2025\/12\/20251211_banco_alimentos.jpg",800,400,false],"thumbnail":["https:\/\/pueblosycomarcas.com\/wp-content\/uploads\/2025\/12\/20251211_banco_alimentos-150x150.jpg",150,150,true],"medium":["https:\/\/pueblosycomarcas.com\/wp-content\/uploads\/2025\/12\/20251211_banco_alimentos-300x150.jpg",300,150,true],"large":["https:\/\/pueblosycomarcas.com\/wp-content\/uploads\/2025\/12\/20251211_banco_alimentos.jpg",800,400,false],"1536x1536":["https:\/\/pueblosycomarcas.com\/wp-content\/uploads\/2025\/12\/20251211_banco_alimentos.jpg",800,400,false],"2048x2048":["https:\/\/pueblosycomarcas.com\/wp-content\/uploads\/2025\/12\/20251211_banco_alimentos.jpg",800,400,false],"trp-custom-language-flag":["https:\/\/pueblosycomarcas.com\/wp-content\/uploads\/2025\/12\/20251211_banco_alimentos.jpg",18,9,false]},"rttpg_author":{"display_name":"admin","author_link":"https:\/\/pueblosycomarcas.com\/en\/author\/webalquimia\/"},"rttpg_comment":0,"rttpg_category":"<a href=\"https:\/\/pueblosycomarcas.com\/en\/category\/portada\/\" rel=\"category tag\">Portada<\/a>","rttpg_excerpt":"La Diputaci\u00f3n de Valladolid incrementa su aportaci\u00f3n al Banco de Alimentos para ayudar a cubrir la necesidad de leche Conrado \u00cdscar y Jes\u00fas Mediavilla suscriben una adenda al convenio de colaboraci\u00f3n anual para ayudar al Banco de Alimentos a cubrir las necesidades de leche fresca de los casi 900 beneficiarios de la provincia Pueblosycomarcas.com;\u00a0@PueblosComarcas El&hellip;","_links":{"self":[{"href":"https:\/\/pueblosycomarcas.com\/en\/wp-json\/wp\/v2\/posts\/3928","targetHints":{"allow":["GET"]}}],"collection":[{"href":"https:\/\/pueblosycomarcas.com\/en\/wp-json\/wp\/v2\/posts"}],"about":[{"href":"https:\/\/pueblosycomarcas.com\/en\/wp-json\/wp\/v2\/types\/post"}],"author":[{"embeddable":true,"href":"https:\/\/pueblosycomarcas.com\/en\/wp-json\/wp\/v2\/users\/1"}],"replies":[{"embeddable":true,"href":"https:\/\/pueblosycomarcas.com\/en\/wp-json\/wp\/v2\/comments?post=3928"}],"version-history":[{"count":5,"href":"https:\/\/pueblosycomarcas.com\/en\/wp-json\/wp\/v2\/posts\/3928\/revisions"}],"predecessor-version":[{"id":3934,"href":"https:\/\/pueblosycomarcas.com\/en\/wp-json\/wp\/v2\/posts\/3928\/revisions\/3934"}],"wp:featuredmedia":[{"embeddable":true,"href":"https:\/\/pueblosycomarcas.com\/en\/wp-json\/wp\/v2\/media\/3929"}],"wp:attachment":[{"href":"https:\/\/pueblosycomarcas.com\/en\/wp-json\/wp\/v2\/media?parent=3928"}],"wp:term":[{"taxonomy":"category","embeddable":true,"href":"https:\/\/pueblosycomarcas.com\/en\/wp-json\/wp\/v2\/categories?post=3928"},{"taxonomy":"post_tag","embeddable":true,"href":"https:\/\/pueblosycomarcas.com\/en\/wp-json\/wp\/v2\/tags?post=3928"}],"curies":[{"name":"wp","href":"https:\/\/api.w.org\/{rel}","templated":true}]}}