{"id":3921,"date":"2025-12-10T14:38:45","date_gmt":"2025-12-10T13:38:45","guid":{"rendered":"https:\/\/webalquimia.es\/?p=3921"},"modified":"2025-12-10T14:40:38","modified_gmt":"2025-12-10T13:40:38","slug":"la-provincia-de-valladolid-se-prepara-para-vivir-unas-navidades-llenas-de-actividades-para-toda-la-familia","status":"publish","type":"post","link":"https:\/\/pueblosycomarcas.com\/en\/la-provincia-de-valladolid-se-prepara-para-vivir-unas-navidades-llenas-de-actividades-para-toda-la-familia\/","title":{"rendered":"La provincia de Valladolid se prepara para vivir unas navidades llenas de actividades para toda la familia"},"content":{"rendered":"<div data-elementor-type=\"wp-post\" data-elementor-id=\"3921\" class=\"elementor elementor-3921\">\n\t\t\t\t<div class=\"elementor-element elementor-element-4319a79 e-flex e-con-boxed wpr-particle-no wpr-jarallax-no wpr-parallax-no wpr-sticky-section-no wpr-equal-height-no e-con e-parent\" data-id=\"4319a79\" data-element_type=\"container\" data-e-type=\"container\">\n\t\t\t\t\t<div class=\"e-con-inner\">\n\t\t\t\t<div class=\"elementor-element elementor-element-e1c8cb0 elementor-widget elementor-widget-heading\" data-id=\"e1c8cb0\" data-element_type=\"widget\" data-e-type=\"widget\" data-widget_type=\"heading.default\">\n\t\t\t\t\t<h2 class=\"elementor-heading-title elementor-size-default\">La provincia de Valladolid se prepara para vivir unas navidades llenas de actividades para toda la familia<\/h2>\t\t\t\t<\/div>\n\t\t\t\t<div class=\"elementor-element elementor-element-c414d6c elementor-widget elementor-widget-text-editor\" data-id=\"c414d6c\" data-element_type=\"widget\" data-e-type=\"widget\" data-widget_type=\"text-editor.default\">\n\t\t\t\t\t\t\t\t\t<ul><li><h6><em><strong>La programaci\u00f3n abarca desde excursiones familiares, programaci\u00f3n en los Centros Tur\u00edsticos de la Diputaci\u00f3n, actividades pensadas para los residentes de los centros asistenciales o el Mercado de Navidad<\/strong><\/em><\/h6><\/li><\/ul>\t\t\t\t\t\t\t\t<\/div>\n\t\t\t\t<div class=\"elementor-element elementor-element-1367926 elementor-widget-divider--view-line elementor-widget elementor-widget-divider\" data-id=\"1367926\" data-element_type=\"widget\" data-e-type=\"widget\" data-widget_type=\"divider.default\">\n\t\t\t\t\t\t\t<div class=\"elementor-divider\">\n\t\t\t<span class=\"elementor-divider-separator\">\n\t\t\t\t\t\t<\/span>\n\t\t<\/div>\n\t\t\t\t\t\t<\/div>\n\t\t\t\t<div class=\"elementor-element elementor-element-f6be2c4 elementor-widget elementor-widget-image\" data-id=\"f6be2c4\" data-element_type=\"widget\" data-e-type=\"widget\" data-widget_type=\"image.default\">\n\t\t\t\t\t\t\t\t\t\t\t\t\t\t\t<img fetchpriority=\"high\" decoding=\"async\" width=\"800\" height=\"400\" src=\"https:\/\/pueblosycomarcas.com\/wp-content\/uploads\/2025\/12\/20251210_navidad_diputacion.jpeg\" class=\"attachment-large size-large wp-image-3922\" alt=\"\" srcset=\"https:\/\/pueblosycomarcas.com\/wp-content\/uploads\/2025\/12\/20251210_navidad_diputacion.jpeg 800w, https:\/\/pueblosycomarcas.com\/wp-content\/uploads\/2025\/12\/20251210_navidad_diputacion-300x150.jpeg 300w, https:\/\/pueblosycomarcas.com\/wp-content\/uploads\/2025\/12\/20251210_navidad_diputacion-768x384.jpeg 768w\" sizes=\"(max-width: 800px) 100vw, 800px\" \/>\t\t\t\t\t\t\t\t\t\t\t\t\t\t\t<\/div>\n\t\t\t\t<div class=\"elementor-element elementor-element-7e3e8f6 elementor-widget elementor-widget-text-editor\" data-id=\"7e3e8f6\" data-element_type=\"widget\" data-e-type=\"widget\" data-widget_type=\"text-editor.default\">\n\t\t\t\t\t\t\t\t\t<p><a href=\"https:\/\/www.facebook.com\/Pueblos-y-Comarcas-125437870924169\/?fref=ts\"><em><strong>Pueblosycomarcas.com<\/strong><\/em><\/a><em><strong>;\u00a0<\/strong><\/em><a href=\"https:\/\/twitter.com\/PueblosComarcas\"><em><strong>@PueblosComarcas<\/strong><\/em><\/a><\/p><p>El presidente de la Diputaci\u00f3n de Valladolid ha presentado hoy la amplia programaci\u00f3n navide\u00f1a que la instituci\u00f3n ofrece para estas fechas tan se\u00f1aladas, un conjunto de actividades que se desarrollar\u00e1n desde este mismo viernes \u2014con la apertura del Mercado de Navidad\u2014 hasta el pr\u00f3ximo 6 de enero, cuando concluir\u00e1n con los tradicionales belenes vivientes en distintos municipios.<\/p><p>Durante la presentaci\u00f3n, el presidente ha destacado la transversalidad de las acciones impulsadas desde las diferentes \u00e1reas de la Diputaci\u00f3n, que abarcan desde excursiones familiares para redescubrir la provincia hasta actividades pensadas para que los residentes del centro asistencial Cardenal Marcelo puedan disfrutar de la Navidad fuera de sus instalaciones.<\/p><p>Uno de los principales atractivos de la programaci\u00f3n es el Bel\u00e9n Monumental, inaugurado el pasado viernes y que permanecer\u00e1 abierto hasta el 6 de enero. Su horario ser\u00e1 de lunes a domingo, de 11:00 a 14:00 horas y de 17:00 a 21:00 horas, con excepciones los d\u00edas 24 y 31 de diciembre, cuando solo abrir\u00e1 por la ma\u00f1ana. El 1 de enero permanecer\u00e1 cerrado.<\/p><p>Asimismo, este viernes abrir\u00e1 sus puertas en el Espacio La Granja el tradicional Mercado de Navidad, en el que participar\u00e1n productores adheridos a la marca Alimentos de Valladolid. Los visitantes podr\u00e1n encontrar una amplia variedad de productos elaborados en la provincia: mieles, aceites, dulces, conservas, frutos secos, productos c\u00e1rnicos, chocolates, pi\u00f1ones, quesos, cervezas y bebidas artesanales, entre otras delicias.<\/p><p>Por otra parte, la Diputaci\u00f3n refuerza su apoyo al talento local con un ciclo de conciertos navide\u00f1os ofrecidos por bandas de m\u00fasica de la provincia, que llevar\u00e1n el ambiente festivo a Fuente el Sol, Siete Iglesias de Trabancos, Montemayor de Pililla, R\u00e1bano, Portillo, Pozal de Gallinas y Pi\u00f1el de Abajo, desde el d\u00eda 14 hasta el 30 de diciembre.<\/p><p>Vuelve la ruta de belenes vivientes, con representaciones en Laguna de Duero, Cabez\u00f3n de Pisuerga, Aldeamayor de San Mart\u00edn, Simancas, Fresno el Viejo y Robladillo, entre otros municipios. Para facilitar el acceso, se pone a disposici\u00f3n de los ciudadanos un servicio especial de autobuses con salidas desde la Plaza de San Pablo.<\/p><p>La Red Provincial de Centros Tur\u00edsticos tambi\u00e9n se suma a la celebraci\u00f3n con propuestas para toda la familia. En la Villa del Libro de Urue\u00f1a se desarrollar\u00e1n las Navidades Dickensianas, que incluir\u00e1n talleres, actuaciones corales y representaciones de Kamaru Teatro y Libera Teatro. En el Castillo de Fuensalda\u00f1a y las Villas Romanas de Almenara-Puras habr\u00e1 recitales l\u00edricos, conciertos de villancicos, espect\u00e1culos de magia y teatro de calle. Por su parte, el Valle de los Seis Sentidos ofrecer\u00e1 campamentos navide\u00f1os para ni\u00f1os los d\u00edas no lectivos, facilitando as\u00ed la conciliaci\u00f3n familiar.<\/p><p>El programa \u2018Vive la Navidad en la provincia de Valladolid\u2019 comienza el d\u00eda 19 de diciembre en El Carpio y contin\u00faa recorriendo de norte a sur y de este a oeste los pueblos de la provincia hasta llegar a 23 municipios. Un paje real recoger\u00e1 las cartas de los m\u00e1s peque\u00f1os y mayores mientras disfrutan de una actuaci\u00f3n. Una iniciativa que pretende recoger momentos agradables en familia y hacer sentir la navidad a todas las personas.<\/p><p>El presidente ha subrayado tambi\u00e9n la importancia de los mayores en las pol\u00edticas provinciales. En los centros asistenciales Cardenal Marcelo y Doctor Villaci\u00e1n se celebrar\u00e1n festivales, conciertos, la tradicional comida institucional de Nochebuena y diversas salidas. Los residentes de Cardenal Marcelo visitar\u00e1n el Bel\u00e9n Monumental de Pimentel y disfrutar\u00e1n de un recorrido por las luces navide\u00f1as de la ciudad, mientras que en Villaci\u00e1n se recibir\u00e1 la visita de los Reyes Magos el 5 de enero.<\/p><p>La actividad deportiva tampoco se detiene durante estas fechas. El Programa de Juegos Escolares y los Campeonatos Provinciales contin\u00faan con citas destacadas como la Copa BTT \u00abTudela Bike\u00bb, que tendr\u00e1 lugar el 21 de diciembre.<\/p><p>Para concluir, el presidente ha recordado que, \u201cen definitiva, la Diputaci\u00f3n de Valladolid ofrece una agenda navide\u00f1a completa y diversa, dise\u00f1ada para unir a la familia, poner en valor nuestra cultura y dinamizar el medio rural.\u201d<\/p>\t\t\t\t\t\t\t\t<\/div>\n\t\t\t\t\t<\/div>\n\t\t\t\t<\/div>\n\t\t\t\t<\/div>","protected":false},"excerpt":{"rendered":"<p>La provincia de Valladolid se prepara para vivir unas navidades llenas de actividades para toda la familia La programaci\u00f3n abarca desde excursiones familiares, programaci\u00f3n en los Centros Tur\u00edsticos de la Diputaci\u00f3n, actividades pensadas para los residentes de los centros asistenciales o el Mercado de Navidad Pueblosycomarcas.com;\u00a0@PueblosComarcas El presidente de la Diputaci\u00f3n de Valladolid ha presentado hoy la amplia programaci\u00f3n navide\u00f1a que la instituci\u00f3n ofrece para estas fechas tan se\u00f1aladas, un conjunto de actividades que se desarrollar\u00e1n desde este mismo viernes \u2014con la apertura del Mercado de Navidad\u2014 hasta el pr\u00f3ximo 6 de enero, cuando concluir\u00e1n con los tradicionales belenes vivientes en distintos municipios. Durante la presentaci\u00f3n, el presidente ha destacado la transversalidad de las acciones impulsadas desde las diferentes \u00e1reas de la Diputaci\u00f3n, que abarcan desde excursiones familiares para redescubrir la provincia hasta actividades pensadas para que los residentes del centro asistencial Cardenal Marcelo puedan disfrutar de la Navidad fuera de sus instalaciones. Uno de los principales atractivos de la programaci\u00f3n es el Bel\u00e9n Monumental, inaugurado el pasado viernes y que permanecer\u00e1 abierto hasta el 6 de enero. Su horario ser\u00e1 de lunes a domingo, de 11:00 a 14:00 horas y de 17:00 a 21:00 horas, con excepciones los d\u00edas 24 y 31 de diciembre, cuando solo abrir\u00e1 por la ma\u00f1ana. El 1 de enero permanecer\u00e1 cerrado. Asimismo, este viernes abrir\u00e1 sus puertas en el Espacio La Granja el tradicional Mercado de Navidad, en el que participar\u00e1n productores adheridos a la marca Alimentos de Valladolid. Los visitantes podr\u00e1n encontrar una amplia variedad de productos elaborados en la provincia: mieles, aceites, dulces, conservas, frutos secos, productos c\u00e1rnicos, chocolates, pi\u00f1ones, quesos, cervezas y bebidas artesanales, entre otras delicias. Por otra parte, la Diputaci\u00f3n refuerza su apoyo al talento local con un ciclo de conciertos navide\u00f1os ofrecidos por bandas de m\u00fasica de la provincia, que llevar\u00e1n el ambiente festivo a Fuente el Sol, Siete Iglesias de Trabancos, Montemayor de Pililla, R\u00e1bano, Portillo, Pozal de Gallinas y Pi\u00f1el de Abajo, desde el d\u00eda 14 hasta el 30 de diciembre. Vuelve la ruta de belenes vivientes, con representaciones en Laguna de Duero, Cabez\u00f3n de Pisuerga, Aldeamayor de San Mart\u00edn, Simancas, Fresno el Viejo y Robladillo, entre otros municipios. Para facilitar el acceso, se pone a disposici\u00f3n de los ciudadanos un servicio especial de autobuses con salidas desde la Plaza de San Pablo. La Red Provincial de Centros Tur\u00edsticos tambi\u00e9n se suma a la celebraci\u00f3n con propuestas para toda la familia. En la Villa del Libro de Urue\u00f1a se desarrollar\u00e1n las Navidades Dickensianas, que incluir\u00e1n talleres, actuaciones corales y representaciones de Kamaru Teatro y Libera Teatro. En el Castillo de Fuensalda\u00f1a y las Villas Romanas de Almenara-Puras habr\u00e1 recitales l\u00edricos, conciertos de villancicos, espect\u00e1culos de magia y teatro de calle. Por su parte, el Valle de los Seis Sentidos ofrecer\u00e1 campamentos navide\u00f1os para ni\u00f1os los d\u00edas no lectivos, facilitando as\u00ed la conciliaci\u00f3n familiar. El programa \u2018Vive la Navidad en la provincia de Valladolid\u2019 comienza el d\u00eda 19 de diciembre en El Carpio y contin\u00faa recorriendo de norte a sur y de este a oeste los pueblos de la provincia hasta llegar a 23 municipios. Un paje real recoger\u00e1 las cartas de los m\u00e1s peque\u00f1os y mayores mientras disfrutan de una actuaci\u00f3n. Una iniciativa que pretende recoger momentos agradables en familia y hacer sentir la navidad a todas las personas. El presidente ha subrayado tambi\u00e9n la importancia de los mayores en las pol\u00edticas provinciales. En los centros asistenciales Cardenal Marcelo y Doctor Villaci\u00e1n se celebrar\u00e1n festivales, conciertos, la tradicional comida institucional de Nochebuena y diversas salidas. Los residentes de Cardenal Marcelo visitar\u00e1n el Bel\u00e9n Monumental de Pimentel y disfrutar\u00e1n de un recorrido por las luces navide\u00f1as de la ciudad, mientras que en Villaci\u00e1n se recibir\u00e1 la visita de los Reyes Magos el 5 de enero. La actividad deportiva tampoco se detiene durante estas fechas. El Programa de Juegos Escolares y los Campeonatos Provinciales contin\u00faan con citas destacadas como la Copa BTT \u00abTudela Bike\u00bb, que tendr\u00e1 lugar el 21 de diciembre. Para concluir, el presidente ha recordado que, \u201cen definitiva, la Diputaci\u00f3n de Valladolid ofrece una agenda navide\u00f1a completa y diversa, dise\u00f1ada para unir a la familia, poner en valor nuestra cultura y dinamizar el medio rural.\u201d<\/p>","protected":false},"author":1,"featured_media":3922,"comment_status":"open","ping_status":"closed","sticky":false,"template":"","format":"standard","meta":{"site-sidebar-layout":"default","site-content-layout":"","ast-site-content-layout":"default","site-content-style":"default","site-sidebar-style":"default","ast-global-header-display":"","ast-banner-title-visibility":"","ast-main-header-display":"","ast-hfb-above-header-display":"","ast-hfb-below-header-display":"","ast-hfb-mobile-header-display":"","site-post-title":"disabled","ast-breadcrumbs-content":"","ast-featured-img":"","footer-sml-layout":"","theme-transparent-header-meta":"","adv-header-id-meta":"","stick-header-meta":"","header-above-stick-meta":"","header-main-stick-meta":"","header-below-stick-meta":"","astra-migrate-meta-layouts":"default","ast-page-background-enabled":"default","ast-page-background-meta":{"desktop":{"background-color":"var(--ast-global-color-5)","background-image":"","background-repeat":"repeat","background-position":"center center","background-size":"auto","background-attachment":"scroll","background-type":"","background-media":"","overlay-type":"","overlay-color":"","overlay-opacity":"","overlay-gradient":""},"tablet":{"background-color":"","background-image":"","background-repeat":"repeat","background-position":"center center","background-size":"auto","background-attachment":"scroll","background-type":"","background-media":"","overlay-type":"","overlay-color":"","overlay-opacity":"","overlay-gradient":""},"mobile":{"background-color":"","background-image":"","background-repeat":"repeat","background-position":"center center","background-size":"auto","background-attachment":"scroll","background-type":"","background-media":"","overlay-type":"","overlay-color":"","overlay-opacity":"","overlay-gradient":""}},"ast-content-background-meta":{"desktop":{"background-color":"var(--ast-global-color-4)","background-image":"","background-repeat":"repeat","background-position":"center center","background-size":"auto","background-attachment":"scroll","background-type":"","background-media":"","overlay-type":"","overlay-color":"","overlay-opacity":"","overlay-gradient":""},"tablet":{"background-color":"var(--ast-global-color-4)","background-image":"","background-repeat":"repeat","background-position":"center center","background-size":"auto","background-attachment":"scroll","background-type":"","background-media":"","overlay-type":"","overlay-color":"","overlay-opacity":"","overlay-gradient":""},"mobile":{"background-color":"var(--ast-global-color-4)","background-image":"","background-repeat":"repeat","background-position":"center center","background-size":"auto","background-attachment":"scroll","background-type":"","background-media":"","overlay-type":"","overlay-color":"","overlay-opacity":"","overlay-gradient":""}},"ngg_post_thumbnail":0,"footnotes":""},"categories":[11,18],"tags":[26,236],"class_list":["post-3921","post","type-post","status-publish","format-standard","has-post-thumbnail","hentry","category-deportes-y-ocio","category-ocio","tag-diputacion-de-valladolid","tag-navidad"],"aioseo_notices":[],"rttpg_featured_image_url":{"full":["https:\/\/pueblosycomarcas.com\/wp-content\/uploads\/2025\/12\/20251210_navidad_diputacion.jpeg",800,400,false],"landscape":["https:\/\/pueblosycomarcas.com\/wp-content\/uploads\/2025\/12\/20251210_navidad_diputacion.jpeg",800,400,false],"portraits":["https:\/\/pueblosycomarcas.com\/wp-content\/uploads\/2025\/12\/20251210_navidad_diputacion.jpeg",800,400,false],"thumbnail":["https:\/\/pueblosycomarcas.com\/wp-content\/uploads\/2025\/12\/20251210_navidad_diputacion-150x150.jpeg",150,150,true],"medium":["https:\/\/pueblosycomarcas.com\/wp-content\/uploads\/2025\/12\/20251210_navidad_diputacion-300x150.jpeg",300,150,true],"large":["https:\/\/pueblosycomarcas.com\/wp-content\/uploads\/2025\/12\/20251210_navidad_diputacion.jpeg",800,400,false],"1536x1536":["https:\/\/pueblosycomarcas.com\/wp-content\/uploads\/2025\/12\/20251210_navidad_diputacion.jpeg",800,400,false],"2048x2048":["https:\/\/pueblosycomarcas.com\/wp-content\/uploads\/2025\/12\/20251210_navidad_diputacion.jpeg",800,400,false],"trp-custom-language-flag":["https:\/\/pueblosycomarcas.com\/wp-content\/uploads\/2025\/12\/20251210_navidad_diputacion.jpeg",18,9,false]},"rttpg_author":{"display_name":"admin","author_link":"https:\/\/pueblosycomarcas.com\/en\/author\/webalquimia\/"},"rttpg_comment":0,"rttpg_category":"<a href=\"https:\/\/pueblosycomarcas.com\/en\/category\/deportes-y-ocio\/\" rel=\"category tag\">Deporte y Ocio<\/a> <a href=\"https:\/\/pueblosycomarcas.com\/en\/category\/ocio\/\" rel=\"category tag\">Ocio<\/a>","rttpg_excerpt":"La provincia de Valladolid se prepara para vivir unas navidades llenas de actividades para toda la familia La programaci\u00f3n abarca desde excursiones familiares, programaci\u00f3n en los Centros Tur\u00edsticos de la Diputaci\u00f3n, actividades pensadas para los residentes de los centros asistenciales o el Mercado de Navidad Pueblosycomarcas.com;\u00a0@PueblosComarcas El presidente de la Diputaci\u00f3n de Valladolid ha presentado&hellip;","_links":{"self":[{"href":"https:\/\/pueblosycomarcas.com\/en\/wp-json\/wp\/v2\/posts\/3921","targetHints":{"allow":["GET"]}}],"collection":[{"href":"https:\/\/pueblosycomarcas.com\/en\/wp-json\/wp\/v2\/posts"}],"about":[{"href":"https:\/\/pueblosycomarcas.com\/en\/wp-json\/wp\/v2\/types\/post"}],"author":[{"embeddable":true,"href":"https:\/\/pueblosycomarcas.com\/en\/wp-json\/wp\/v2\/users\/1"}],"replies":[{"embeddable":true,"href":"https:\/\/pueblosycomarcas.com\/en\/wp-json\/wp\/v2\/comments?post=3921"}],"version-history":[{"count":5,"href":"https:\/\/pueblosycomarcas.com\/en\/wp-json\/wp\/v2\/posts\/3921\/revisions"}],"predecessor-version":[{"id":3927,"href":"https:\/\/pueblosycomarcas.com\/en\/wp-json\/wp\/v2\/posts\/3921\/revisions\/3927"}],"wp:featuredmedia":[{"embeddable":true,"href":"https:\/\/pueblosycomarcas.com\/en\/wp-json\/wp\/v2\/media\/3922"}],"wp:attachment":[{"href":"https:\/\/pueblosycomarcas.com\/en\/wp-json\/wp\/v2\/media?parent=3921"}],"wp:term":[{"taxonomy":"category","embeddable":true,"href":"https:\/\/pueblosycomarcas.com\/en\/wp-json\/wp\/v2\/categories?post=3921"},{"taxonomy":"post_tag","embeddable":true,"href":"https:\/\/pueblosycomarcas.com\/en\/wp-json\/wp\/v2\/tags?post=3921"}],"curies":[{"name":"wp","href":"https:\/\/api.w.org\/{rel}","templated":true}]}}