{"id":3902,"date":"2025-12-11T05:59:45","date_gmt":"2025-12-11T04:59:45","guid":{"rendered":"https:\/\/webalquimia.es\/?p=3902"},"modified":"2025-12-11T05:59:47","modified_gmt":"2025-12-11T04:59:47","slug":"la-fundacion-las-edades-del-hombre-programa-una-agenda-de-magia-musica-y-teatro-en-el-monasterio-de-santa-maria-de-valbuena","status":"publish","type":"post","link":"https:\/\/pueblosycomarcas.com\/en\/la-fundacion-las-edades-del-hombre-programa-una-agenda-de-magia-musica-y-teatro-en-el-monasterio-de-santa-maria-de-valbuena\/","title":{"rendered":"La Fundaci\u00f3n Las Edades del Hombre programa una agenda de magia, m\u00fasica y teatro en el Monasterio de Santa Mar\u00eda de Valbuena"},"content":{"rendered":"<div data-elementor-type=\"wp-post\" data-elementor-id=\"3902\" class=\"elementor elementor-3902\">\n\t\t\t\t<div class=\"elementor-element elementor-element-cfed11e e-flex e-con-boxed wpr-particle-no wpr-jarallax-no wpr-parallax-no wpr-sticky-section-no wpr-equal-height-no e-con e-parent\" data-id=\"cfed11e\" data-element_type=\"container\" data-e-type=\"container\">\n\t\t\t\t\t<div class=\"e-con-inner\">\n\t\t\t\t<div class=\"elementor-element elementor-element-221fcf4 elementor-widget elementor-widget-heading\" data-id=\"221fcf4\" data-element_type=\"widget\" data-e-type=\"widget\" data-widget_type=\"heading.default\">\n\t\t\t\t\t<h2 class=\"elementor-heading-title elementor-size-default\">La Fundaci\u00f3n Las Edades del Hombre programa una agenda de magia, m\u00fasica y teatro en el Monasterio de Santa Mar\u00eda de Valbuena<\/h2>\t\t\t\t<\/div>\n\t\t\t\t<div class=\"elementor-element elementor-element-17a84df elementor-widget elementor-widget-text-editor\" data-id=\"17a84df\" data-element_type=\"widget\" data-e-type=\"widget\" data-widget_type=\"text-editor.default\">\n\t\t\t\t\t\t\t\t\t<ul><li><h6><em><strong>Galas de ilusionismo, visitas teatralizadas y gu\u00edas musicalizadas, a partir de este viernes en la ribera del Duero<\/strong><\/em><\/h6><\/li><\/ul>\t\t\t\t\t\t\t\t<\/div>\n\t\t\t\t<div class=\"elementor-element elementor-element-408f9ae elementor-widget-divider--view-line elementor-widget elementor-widget-divider\" data-id=\"408f9ae\" data-element_type=\"widget\" data-e-type=\"widget\" data-widget_type=\"divider.default\">\n\t\t\t\t\t\t\t<div class=\"elementor-divider\">\n\t\t\t<span class=\"elementor-divider-separator\">\n\t\t\t\t\t\t<\/span>\n\t\t<\/div>\n\t\t\t\t\t\t<\/div>\n\t\t\t\t<div class=\"elementor-element elementor-element-87d60fa elementor-widget elementor-widget-image\" data-id=\"87d60fa\" data-element_type=\"widget\" data-e-type=\"widget\" data-widget_type=\"image.default\">\n\t\t\t\t\t\t\t\t\t\t\t\t\t\t\t<img fetchpriority=\"high\" decoding=\"async\" width=\"800\" height=\"400\" src=\"https:\/\/pueblosycomarcas.com\/wp-content\/uploads\/2025\/12\/20251211_navida_santa_maria_valbuena.jpg\" class=\"attachment-large size-large wp-image-3903\" alt=\"\" srcset=\"https:\/\/pueblosycomarcas.com\/wp-content\/uploads\/2025\/12\/20251211_navida_santa_maria_valbuena.jpg 800w, https:\/\/pueblosycomarcas.com\/wp-content\/uploads\/2025\/12\/20251211_navida_santa_maria_valbuena-300x150.jpg 300w, https:\/\/pueblosycomarcas.com\/wp-content\/uploads\/2025\/12\/20251211_navida_santa_maria_valbuena-768x384.jpg 768w\" sizes=\"(max-width: 800px) 100vw, 800px\" \/>\t\t\t\t\t\t\t\t\t\t\t\t\t\t\t<\/div>\n\t\t\t\t<div class=\"elementor-element elementor-element-267f158 elementor-widget elementor-widget-text-editor\" data-id=\"267f158\" data-element_type=\"widget\" data-e-type=\"widget\" data-widget_type=\"text-editor.default\">\n\t\t\t\t\t\t\t\t\t<p><a href=\"https:\/\/www.facebook.com\/Pueblos-y-Comarcas-125437870924169\/?fref=ts\"><em><strong>Pueblosycomarcas.com<\/strong><\/em><\/a><em><strong>;\u00a0<\/strong><\/em><a href=\"https:\/\/twitter.com\/PueblosComarcas\"><em><strong>@PueblosComarcas<\/strong><\/em><\/a><\/p><p>La Fundaci\u00f3n Las Edades del Hombre, a trav\u00e9s de su programa cultural del monasterio de Santa Mar\u00eda de Valbuena, presenta las actividades l\u00fadicas previstas para estas semanas de diciembre con motivo de las fiestas navide\u00f1as.<\/p><p>Se trata de una programaci\u00f3n prevista para los d\u00edas 12, 14 y 28 de diciembre donde el espect\u00e1culo, el patrimonio, la cultura, la m\u00fasica y el teatro ir\u00e1n de la mano en una oferta atractiva que busca captar la atenci\u00f3n del p\u00fablico familiar.<\/p><p>El <strong>viernes 12<\/strong> se desarrollar\u00e1 la gala \u2018Patrimonio en familia; una ilusi\u00f3n compartida\u2019, con la participaci\u00f3n de magos, narradores, ilusionistas, compa\u00f1\u00edas de circo, m\u00fasicos y maestros de ceremonias como lo son C\u00e9sar Bueno, Alberto Sebasti\u00e1n, la Compa\u00f1\u00eda Bo, Estrella Lliure, Olga Mart\u00ednez, Nano Arranz o H\u00e9ctor Sol\u00eds.<\/p><p>La gala comenzar\u00e1 a las 17:30 horas y tendr\u00e1 lugar en el refectorio del monasterio con una entrada general de 6 euros y reducida de 5 para jubilados, estudiantes, empadronados en Valbuena de Duero, y los titulares de la Tarjeta Amigos del Patrimonio.<\/p><p>El d\u00eda <strong>14 de diciembre<\/strong> tendr\u00e1 lugar la visita teatralizada \u2018Ecos de Invierno; recuerdos del monasterio\u2019, con la que los asistentes descubrir\u00e1n la historia de nueve siglos de antig\u00fcedad de las paredes que hoy conforman la sede de Las Edades del Hombre. La visita comenzar\u00e1 a las 11:30 horas.<\/p><p>Ya el <strong>28 de diciembre<\/strong> y tambi\u00e9n a las 11:30 horas, la melod\u00eda acaparar\u00e1 el protagonismo de la visita con la actividad musicalizada \u2018Navidad en el monasterio\u2019 con composiciones corales e instrumentales de la mano de \u00c1gueda Sastre.<\/p><p>Las visitas de los d\u00edas 14 y 28 tienen los mismos precios y condiciones que la gala de magia del d\u00eda 12.<\/p><p>El programa navide\u00f1o del Monasterio de Santa Mar\u00eda de Valbuena est\u00e1 promovido por la Fundaci\u00f3n Las Edades del Hombre y respaldado por la Junta de Castilla y Le\u00f3n y Castilla Termal. Los interesados pueden reservar su plaza para las actividades y\/o obtener m\u00e1s informaci\u00f3n en el tel\u00e9fono 983 683 159 o en el mail <a href=\"mailto:tienda@lasedades.es\">tienda@lasedades.es<\/a>.<\/p>\t\t\t\t\t\t\t\t<\/div>\n\t\t\t\t\t<\/div>\n\t\t\t\t<\/div>\n\t\t\t\t<\/div>","protected":false},"excerpt":{"rendered":"<p>La Fundaci\u00f3n Las Edades del Hombre programa una agenda de magia, m\u00fasica y teatro en el Monasterio de Santa Mar\u00eda de Valbuena Galas de ilusionismo, visitas teatralizadas y gu\u00edas musicalizadas, a partir de este viernes en la ribera del Duero Pueblosycomarcas.com;\u00a0@PueblosComarcas La Fundaci\u00f3n Las Edades del Hombre, a trav\u00e9s de su programa cultural del monasterio de Santa Mar\u00eda de Valbuena, presenta las actividades l\u00fadicas previstas para estas semanas de diciembre con motivo de las fiestas navide\u00f1as. Se trata de una programaci\u00f3n prevista para los d\u00edas 12, 14 y 28 de diciembre donde el espect\u00e1culo, el patrimonio, la cultura, la m\u00fasica y el teatro ir\u00e1n de la mano en una oferta atractiva que busca captar la atenci\u00f3n del p\u00fablico familiar. El viernes 12 se desarrollar\u00e1 la gala \u2018Patrimonio en familia; una ilusi\u00f3n compartida\u2019, con la participaci\u00f3n de magos, narradores, ilusionistas, compa\u00f1\u00edas de circo, m\u00fasicos y maestros de ceremonias como lo son C\u00e9sar Bueno, Alberto Sebasti\u00e1n, la Compa\u00f1\u00eda Bo, Estrella Lliure, Olga Mart\u00ednez, Nano Arranz o H\u00e9ctor Sol\u00eds. La gala comenzar\u00e1 a las 17:30 horas y tendr\u00e1 lugar en el refectorio del monasterio con una entrada general de 6 euros y reducida de 5 para jubilados, estudiantes, empadronados en Valbuena de Duero, y los titulares de la Tarjeta Amigos del Patrimonio. El d\u00eda 14 de diciembre tendr\u00e1 lugar la visita teatralizada \u2018Ecos de Invierno; recuerdos del monasterio\u2019, con la que los asistentes descubrir\u00e1n la historia de nueve siglos de antig\u00fcedad de las paredes que hoy conforman la sede de Las Edades del Hombre. La visita comenzar\u00e1 a las 11:30 horas. Ya el 28 de diciembre y tambi\u00e9n a las 11:30 horas, la melod\u00eda acaparar\u00e1 el protagonismo de la visita con la actividad musicalizada \u2018Navidad en el monasterio\u2019 con composiciones corales e instrumentales de la mano de \u00c1gueda Sastre. Las visitas de los d\u00edas 14 y 28 tienen los mismos precios y condiciones que la gala de magia del d\u00eda 12. El programa navide\u00f1o del Monasterio de Santa Mar\u00eda de Valbuena est\u00e1 promovido por la Fundaci\u00f3n Las Edades del Hombre y respaldado por la Junta de Castilla y Le\u00f3n y Castilla Termal. Los interesados pueden reservar su plaza para las actividades y\/o obtener m\u00e1s informaci\u00f3n en el tel\u00e9fono 983 683 159 o en el mail tienda@lasedades.es.<\/p>","protected":false},"author":1,"featured_media":3903,"comment_status":"open","ping_status":"closed","sticky":false,"template":"","format":"standard","meta":{"site-sidebar-layout":"default","site-content-layout":"","ast-site-content-layout":"default","site-content-style":"default","site-sidebar-style":"default","ast-global-header-display":"","ast-banner-title-visibility":"","ast-main-header-display":"","ast-hfb-above-header-display":"","ast-hfb-below-header-display":"","ast-hfb-mobile-header-display":"","site-post-title":"disabled","ast-breadcrumbs-content":"","ast-featured-img":"","footer-sml-layout":"","theme-transparent-header-meta":"","adv-header-id-meta":"","stick-header-meta":"","header-above-stick-meta":"","header-main-stick-meta":"","header-below-stick-meta":"","astra-migrate-meta-layouts":"default","ast-page-background-enabled":"default","ast-page-background-meta":{"desktop":{"background-color":"var(--ast-global-color-5)","background-image":"","background-repeat":"repeat","background-position":"center center","background-size":"auto","background-attachment":"scroll","background-type":"","background-media":"","overlay-type":"","overlay-color":"","overlay-opacity":"","overlay-gradient":""},"tablet":{"background-color":"","background-image":"","background-repeat":"repeat","background-position":"center center","background-size":"auto","background-attachment":"scroll","background-type":"","background-media":"","overlay-type":"","overlay-color":"","overlay-opacity":"","overlay-gradient":""},"mobile":{"background-color":"","background-image":"","background-repeat":"repeat","background-position":"center center","background-size":"auto","background-attachment":"scroll","background-type":"","background-media":"","overlay-type":"","overlay-color":"","overlay-opacity":"","overlay-gradient":""}},"ast-content-background-meta":{"desktop":{"background-color":"var(--ast-global-color-4)","background-image":"","background-repeat":"repeat","background-position":"center center","background-size":"auto","background-attachment":"scroll","background-type":"","background-media":"","overlay-type":"","overlay-color":"","overlay-opacity":"","overlay-gradient":""},"tablet":{"background-color":"var(--ast-global-color-4)","background-image":"","background-repeat":"repeat","background-position":"center center","background-size":"auto","background-attachment":"scroll","background-type":"","background-media":"","overlay-type":"","overlay-color":"","overlay-opacity":"","overlay-gradient":""},"mobile":{"background-color":"var(--ast-global-color-4)","background-image":"","background-repeat":"repeat","background-position":"center center","background-size":"auto","background-attachment":"scroll","background-type":"","background-media":"","overlay-type":"","overlay-color":"","overlay-opacity":"","overlay-gradient":""}},"ngg_post_thumbnail":0,"footnotes":""},"categories":[14,11],"tags":[245,236,244],"class_list":["post-3902","post","type-post","status-publish","format-standard","has-post-thumbnail","hentry","category-cultura-y-tradicion","category-deportes-y-ocio","tag-las-edades-del-hombre","tag-navidad","tag-santa-maria-de-valbuena"],"aioseo_notices":[],"rttpg_featured_image_url":{"full":["https:\/\/pueblosycomarcas.com\/wp-content\/uploads\/2025\/12\/20251211_navida_santa_maria_valbuena.jpg",800,400,false],"landscape":["https:\/\/pueblosycomarcas.com\/wp-content\/uploads\/2025\/12\/20251211_navida_santa_maria_valbuena.jpg",800,400,false],"portraits":["https:\/\/pueblosycomarcas.com\/wp-content\/uploads\/2025\/12\/20251211_navida_santa_maria_valbuena.jpg",800,400,false],"thumbnail":["https:\/\/pueblosycomarcas.com\/wp-content\/uploads\/2025\/12\/20251211_navida_santa_maria_valbuena-150x150.jpg",150,150,true],"medium":["https:\/\/pueblosycomarcas.com\/wp-content\/uploads\/2025\/12\/20251211_navida_santa_maria_valbuena-300x150.jpg",300,150,true],"large":["https:\/\/pueblosycomarcas.com\/wp-content\/uploads\/2025\/12\/20251211_navida_santa_maria_valbuena.jpg",800,400,false],"1536x1536":["https:\/\/pueblosycomarcas.com\/wp-content\/uploads\/2025\/12\/20251211_navida_santa_maria_valbuena.jpg",800,400,false],"2048x2048":["https:\/\/pueblosycomarcas.com\/wp-content\/uploads\/2025\/12\/20251211_navida_santa_maria_valbuena.jpg",800,400,false],"trp-custom-language-flag":["https:\/\/pueblosycomarcas.com\/wp-content\/uploads\/2025\/12\/20251211_navida_santa_maria_valbuena.jpg",18,9,false]},"rttpg_author":{"display_name":"admin","author_link":"https:\/\/pueblosycomarcas.com\/en\/author\/webalquimia\/"},"rttpg_comment":0,"rttpg_category":"<a href=\"https:\/\/pueblosycomarcas.com\/en\/category\/cultura-y-tradicion\/\" rel=\"category tag\">Cultura y Tradici\u00f3n<\/a> <a href=\"https:\/\/pueblosycomarcas.com\/en\/category\/deportes-y-ocio\/\" rel=\"category tag\">Deporte y Ocio<\/a>","rttpg_excerpt":"La Fundaci\u00f3n Las Edades del Hombre programa una agenda de magia, m\u00fasica y teatro en el Monasterio de Santa Mar\u00eda de Valbuena Galas de ilusionismo, visitas teatralizadas y gu\u00edas musicalizadas, a partir de este viernes en la ribera del Duero Pueblosycomarcas.com;\u00a0@PueblosComarcas La Fundaci\u00f3n Las Edades del Hombre, a trav\u00e9s de su programa cultural del monasterio&hellip;","_links":{"self":[{"href":"https:\/\/pueblosycomarcas.com\/en\/wp-json\/wp\/v2\/posts\/3902","targetHints":{"allow":["GET"]}}],"collection":[{"href":"https:\/\/pueblosycomarcas.com\/en\/wp-json\/wp\/v2\/posts"}],"about":[{"href":"https:\/\/pueblosycomarcas.com\/en\/wp-json\/wp\/v2\/types\/post"}],"author":[{"embeddable":true,"href":"https:\/\/pueblosycomarcas.com\/en\/wp-json\/wp\/v2\/users\/1"}],"replies":[{"embeddable":true,"href":"https:\/\/pueblosycomarcas.com\/en\/wp-json\/wp\/v2\/comments?post=3902"}],"version-history":[{"count":5,"href":"https:\/\/pueblosycomarcas.com\/en\/wp-json\/wp\/v2\/posts\/3902\/revisions"}],"predecessor-version":[{"id":3908,"href":"https:\/\/pueblosycomarcas.com\/en\/wp-json\/wp\/v2\/posts\/3902\/revisions\/3908"}],"wp:featuredmedia":[{"embeddable":true,"href":"https:\/\/pueblosycomarcas.com\/en\/wp-json\/wp\/v2\/media\/3903"}],"wp:attachment":[{"href":"https:\/\/pueblosycomarcas.com\/en\/wp-json\/wp\/v2\/media?parent=3902"}],"wp:term":[{"taxonomy":"category","embeddable":true,"href":"https:\/\/pueblosycomarcas.com\/en\/wp-json\/wp\/v2\/categories?post=3902"},{"taxonomy":"post_tag","embeddable":true,"href":"https:\/\/pueblosycomarcas.com\/en\/wp-json\/wp\/v2\/tags?post=3902"}],"curies":[{"name":"wp","href":"https:\/\/api.w.org\/{rel}","templated":true}]}}