{"id":3846,"date":"2025-12-09T11:35:41","date_gmt":"2025-12-09T10:35:41","guid":{"rendered":"https:\/\/webalquimia.es\/?p=3846"},"modified":"2025-12-09T11:37:43","modified_gmt":"2025-12-09T10:37:43","slug":"la-guardia-civil-recupera-un-remolque-e-investiga-a-dos-personas-por-el-supuesto-robo-en-iscar","status":"publish","type":"post","link":"https:\/\/pueblosycomarcas.com\/en\/la-guardia-civil-recupera-un-remolque-e-investiga-a-dos-personas-por-el-supuesto-robo-en-iscar\/","title":{"rendered":"La Guardia Civil recupera un remolque e investiga a dos personas por el supuesto robo en \u00cdscar"},"content":{"rendered":"<div data-elementor-type=\"wp-post\" data-elementor-id=\"3846\" class=\"elementor elementor-3846\">\n\t\t\t\t<div class=\"elementor-element elementor-element-ce109bc e-flex e-con-boxed wpr-particle-no wpr-jarallax-no wpr-parallax-no wpr-sticky-section-no wpr-equal-height-no e-con e-parent\" data-id=\"ce109bc\" data-element_type=\"container\" data-e-type=\"container\">\n\t\t\t\t\t<div class=\"e-con-inner\">\n\t\t\t\t<div class=\"elementor-element elementor-element-aa6cb7d elementor-widget elementor-widget-heading\" data-id=\"aa6cb7d\" data-element_type=\"widget\" data-e-type=\"widget\" data-widget_type=\"heading.default\">\n\t\t\t\t\t<h2 class=\"elementor-heading-title elementor-size-default\">La Guardia Civil recupera un remolque e investiga a dos personas por el supuesto robo en \u00cdscar<\/h2>\t\t\t\t<\/div>\n\t\t\t\t<div class=\"elementor-element elementor-element-e199c30 elementor-widget elementor-widget-text-editor\" data-id=\"e199c30\" data-element_type=\"widget\" data-e-type=\"widget\" data-widget_type=\"text-editor.default\">\n\t\t\t\t\t\t\t\t\t<ul><li><h6><em><strong>El veh\u00edculo, valorado en 6.000 euros, fue localizado en una finca r\u00fastica del t\u00e9rmino municipal de la localidad<\/strong><\/em><\/h6><\/li><li><h6><em><strong>Las investigaciones apuntan a padre e hijo como presuntos autores del delito, tras las manifestaciones aportadas por testigos y el denunciante<\/strong><\/em><\/h6><\/li><\/ul>\t\t\t\t\t\t\t\t<\/div>\n\t\t\t\t\t<\/div>\n\t\t\t\t<\/div>\n\t\t<div class=\"elementor-element elementor-element-2a05509 e-flex e-con-boxed wpr-particle-no wpr-jarallax-no wpr-parallax-no wpr-sticky-section-no wpr-equal-height-no e-con e-parent\" data-id=\"2a05509\" data-element_type=\"container\" data-e-type=\"container\">\n\t\t\t\t\t<div class=\"e-con-inner\">\n\t\t\t\t<div class=\"elementor-element elementor-element-2353751 elementor-widget-divider--view-line elementor-widget elementor-widget-divider\" data-id=\"2353751\" data-element_type=\"widget\" data-e-type=\"widget\" data-widget_type=\"divider.default\">\n\t\t\t\t\t\t\t<div class=\"elementor-divider\">\n\t\t\t<span class=\"elementor-divider-separator\">\n\t\t\t\t\t\t<\/span>\n\t\t<\/div>\n\t\t\t\t\t\t<\/div>\n\t\t\t\t<div class=\"elementor-element elementor-element-fcfd55e elementor-widget elementor-widget-image\" data-id=\"fcfd55e\" data-element_type=\"widget\" data-e-type=\"widget\" data-widget_type=\"image.default\">\n\t\t\t\t\t\t\t\t\t\t\t\t\t\t\t<img fetchpriority=\"high\" decoding=\"async\" width=\"800\" height=\"400\" src=\"https:\/\/pueblosycomarcas.com\/wp-content\/uploads\/2025\/12\/20251209_guardia_civil_iscar.jpg\" class=\"attachment-large size-large wp-image-3847\" alt=\"\" srcset=\"https:\/\/pueblosycomarcas.com\/wp-content\/uploads\/2025\/12\/20251209_guardia_civil_iscar.jpg 800w, https:\/\/pueblosycomarcas.com\/wp-content\/uploads\/2025\/12\/20251209_guardia_civil_iscar-300x150.jpg 300w, https:\/\/pueblosycomarcas.com\/wp-content\/uploads\/2025\/12\/20251209_guardia_civil_iscar-768x384.jpg 768w\" sizes=\"(max-width: 800px) 100vw, 800px\" \/>\t\t\t\t\t\t\t\t\t\t\t\t\t\t\t<\/div>\n\t\t\t\t<div class=\"elementor-element elementor-element-224994a elementor-widget elementor-widget-text-editor\" data-id=\"224994a\" data-element_type=\"widget\" data-e-type=\"widget\" data-widget_type=\"text-editor.default\">\n\t\t\t\t\t\t\t\t\t<p><a href=\"https:\/\/www.facebook.com\/Pueblos-y-Comarcas-125437870924169\/?fref=ts\"><em><strong>Pueblosycomarcas.com<\/strong><\/em><\/a><em><strong>;\u00a0<\/strong><\/em><a href=\"https:\/\/twitter.com\/PueblosComarcas\"><em><strong>@PueblosComarcas<\/strong><\/em><\/a><\/p><p>La Guardia Civil de Valladolid ha procedido a investigar a dos personas por un supuesto delito de robo con fuerza de un remolque sustra\u00eddo en diciembre del pasado a\u00f1o 2023 en la localidad de \u00cdscar.<\/p><p>La Guardia Civil tuvo conocimiento a trav\u00e9s de una denuncia el pasado diciembre de 2023, interpuesta en el Puesto de \u00cdscar, en la que autor\/es desconocidos sustrajeron de una finca un remolque de dos ejes, cargado con 3 bidones de agua, valorado en unos 6.000 euros. Tras realizar una b\u00fasqueda por la demarcaci\u00f3n no se tuvo conocimiento del paradero del citado remolque sustra\u00eddo.<\/p><p>El pasado 21 de noviembre de 2025, el denunciante comunic\u00f3 a los agentes que tras informaci\u00f3n obtenida podr\u00eda saber d\u00f3nde est\u00e1 el veh\u00edculo.\u00a0<\/p><p>Realizadas las investigaciones policiales, y tras diversas declaraciones, se pudo constatar que el remolque hab\u00eda permanecido oculto en el patio de una vivienda de \u00cdscar, tapado con una lona azul, y posteriormente trasladado a otro lugar. Finalmente, el denunciante recibi\u00f3 aviso de que un remolque con caracter\u00edsticas similares se encontraba abandonado en una finca r\u00fastica del municipio. La Guardia Civil se desplaz\u00f3 al lugar, verificando junto al denunciante que se trataba del mismo veh\u00edculo sustra\u00eddo en 2023.<\/p><p>El remolque fue entregado a su leg\u00edtimo propietario y qued\u00f3 en dep\u00f3sito a disposici\u00f3n de la Autoridad Judicial.<\/p><p>Con las diligencias practicadas y las manifestaciones recogidas, la Guardia Civil consider\u00f3 que exist\u00edan indicios suficientes para investigar a dos personas, padre e hijo, como presuntos autores de un delito de robo con fuerza.<\/p><p>La Guardia Civil ha instruido las diligencias que han sido remitidas al Juzgado de Guardia de Medina del Campo.<\/p>\t\t\t\t\t\t\t\t<\/div>\n\t\t\t\t\t<\/div>\n\t\t\t\t<\/div>\n\t\t\t\t<\/div>","protected":false},"excerpt":{"rendered":"<p>La Guardia Civil recupera un remolque e investiga a dos personas por el supuesto robo en \u00cdscar El veh\u00edculo, valorado en 6.000 euros, fue localizado en una finca r\u00fastica del t\u00e9rmino municipal de la localidad Las investigaciones apuntan a padre e hijo como presuntos autores del delito, tras las manifestaciones aportadas por testigos y el denunciante Pueblosycomarcas.com;\u00a0@PueblosComarcas La Guardia Civil de Valladolid ha procedido a investigar a dos personas por un supuesto delito de robo con fuerza de un remolque sustra\u00eddo en diciembre del pasado a\u00f1o 2023 en la localidad de \u00cdscar. La Guardia Civil tuvo conocimiento a trav\u00e9s de una denuncia el pasado diciembre de 2023, interpuesta en el Puesto de \u00cdscar, en la que autor\/es desconocidos sustrajeron de una finca un remolque de dos ejes, cargado con 3 bidones de agua, valorado en unos 6.000 euros. Tras realizar una b\u00fasqueda por la demarcaci\u00f3n no se tuvo conocimiento del paradero del citado remolque sustra\u00eddo. El pasado 21 de noviembre de 2025, el denunciante comunic\u00f3 a los agentes que tras informaci\u00f3n obtenida podr\u00eda saber d\u00f3nde est\u00e1 el veh\u00edculo.\u00a0 Realizadas las investigaciones policiales, y tras diversas declaraciones, se pudo constatar que el remolque hab\u00eda permanecido oculto en el patio de una vivienda de \u00cdscar, tapado con una lona azul, y posteriormente trasladado a otro lugar. Finalmente, el denunciante recibi\u00f3 aviso de que un remolque con caracter\u00edsticas similares se encontraba abandonado en una finca r\u00fastica del municipio. La Guardia Civil se desplaz\u00f3 al lugar, verificando junto al denunciante que se trataba del mismo veh\u00edculo sustra\u00eddo en 2023. El remolque fue entregado a su leg\u00edtimo propietario y qued\u00f3 en dep\u00f3sito a disposici\u00f3n de la Autoridad Judicial. Con las diligencias practicadas y las manifestaciones recogidas, la Guardia Civil consider\u00f3 que exist\u00edan indicios suficientes para investigar a dos personas, padre e hijo, como presuntos autores de un delito de robo con fuerza. La Guardia Civil ha instruido las diligencias que han sido remitidas al Juzgado de Guardia de Medina del Campo.<\/p>","protected":false},"author":1,"featured_media":3847,"comment_status":"open","ping_status":"closed","sticky":false,"template":"","format":"standard","meta":{"site-sidebar-layout":"default","site-content-layout":"","ast-site-content-layout":"default","site-content-style":"default","site-sidebar-style":"default","ast-global-header-display":"","ast-banner-title-visibility":"","ast-main-header-display":"","ast-hfb-above-header-display":"","ast-hfb-below-header-display":"","ast-hfb-mobile-header-display":"","site-post-title":"disabled","ast-breadcrumbs-content":"","ast-featured-img":"","footer-sml-layout":"","theme-transparent-header-meta":"","adv-header-id-meta":"","stick-header-meta":"","header-above-stick-meta":"","header-main-stick-meta":"","header-below-stick-meta":"","astra-migrate-meta-layouts":"default","ast-page-background-enabled":"default","ast-page-background-meta":{"desktop":{"background-color":"var(--ast-global-color-5)","background-image":"","background-repeat":"repeat","background-position":"center center","background-size":"auto","background-attachment":"scroll","background-type":"","background-media":"","overlay-type":"","overlay-color":"","overlay-opacity":"","overlay-gradient":""},"tablet":{"background-color":"","background-image":"","background-repeat":"repeat","background-position":"center center","background-size":"auto","background-attachment":"scroll","background-type":"","background-media":"","overlay-type":"","overlay-color":"","overlay-opacity":"","overlay-gradient":""},"mobile":{"background-color":"","background-image":"","background-repeat":"repeat","background-position":"center center","background-size":"auto","background-attachment":"scroll","background-type":"","background-media":"","overlay-type":"","overlay-color":"","overlay-opacity":"","overlay-gradient":""}},"ast-content-background-meta":{"desktop":{"background-color":"var(--ast-global-color-4)","background-image":"","background-repeat":"repeat","background-position":"center center","background-size":"auto","background-attachment":"scroll","background-type":"","background-media":"","overlay-type":"","overlay-color":"","overlay-opacity":"","overlay-gradient":""},"tablet":{"background-color":"var(--ast-global-color-4)","background-image":"","background-repeat":"repeat","background-position":"center center","background-size":"auto","background-attachment":"scroll","background-type":"","background-media":"","overlay-type":"","overlay-color":"","overlay-opacity":"","overlay-gradient":""},"mobile":{"background-color":"var(--ast-global-color-4)","background-image":"","background-repeat":"repeat","background-position":"center center","background-size":"auto","background-attachment":"scroll","background-type":"","background-media":"","overlay-type":"","overlay-color":"","overlay-opacity":"","overlay-gradient":""}},"ngg_post_thumbnail":0,"footnotes":""},"categories":[16,12,5],"tags":[69,115,241],"class_list":["post-3846","post","type-post","status-publish","format-standard","has-post-thumbnail","hentry","category-portada","category-sucesos","category-actualidad","tag-iscar","tag-provincia","tag-provincoa"],"aioseo_notices":[],"rttpg_featured_image_url":{"full":["https:\/\/pueblosycomarcas.com\/wp-content\/uploads\/2025\/12\/20251209_guardia_civil_iscar.jpg",800,400,false],"landscape":["https:\/\/pueblosycomarcas.com\/wp-content\/uploads\/2025\/12\/20251209_guardia_civil_iscar.jpg",800,400,false],"portraits":["https:\/\/pueblosycomarcas.com\/wp-content\/uploads\/2025\/12\/20251209_guardia_civil_iscar.jpg",800,400,false],"thumbnail":["https:\/\/pueblosycomarcas.com\/wp-content\/uploads\/2025\/12\/20251209_guardia_civil_iscar-150x150.jpg",150,150,true],"medium":["https:\/\/pueblosycomarcas.com\/wp-content\/uploads\/2025\/12\/20251209_guardia_civil_iscar-300x150.jpg",300,150,true],"large":["https:\/\/pueblosycomarcas.com\/wp-content\/uploads\/2025\/12\/20251209_guardia_civil_iscar.jpg",800,400,false],"1536x1536":["https:\/\/pueblosycomarcas.com\/wp-content\/uploads\/2025\/12\/20251209_guardia_civil_iscar.jpg",800,400,false],"2048x2048":["https:\/\/pueblosycomarcas.com\/wp-content\/uploads\/2025\/12\/20251209_guardia_civil_iscar.jpg",800,400,false],"trp-custom-language-flag":["https:\/\/pueblosycomarcas.com\/wp-content\/uploads\/2025\/12\/20251209_guardia_civil_iscar.jpg",18,9,false]},"rttpg_author":{"display_name":"admin","author_link":"https:\/\/pueblosycomarcas.com\/en\/author\/webalquimia\/"},"rttpg_comment":0,"rttpg_category":"<a href=\"https:\/\/pueblosycomarcas.com\/en\/category\/portada\/\" rel=\"category tag\">Portada<\/a> <a href=\"https:\/\/pueblosycomarcas.com\/en\/category\/sucesos\/\" rel=\"category tag\">Sucesos<\/a> <a href=\"https:\/\/pueblosycomarcas.com\/en\/category\/actualidad\/\" rel=\"category tag\">Tierra de Pinares<\/a>","rttpg_excerpt":"La Guardia Civil recupera un remolque e investiga a dos personas por el supuesto robo en \u00cdscar El veh\u00edculo, valorado en 6.000 euros, fue localizado en una finca r\u00fastica del t\u00e9rmino municipal de la localidad Las investigaciones apuntan a padre e hijo como presuntos autores del delito, tras las manifestaciones aportadas por testigos y el&hellip;","_links":{"self":[{"href":"https:\/\/pueblosycomarcas.com\/en\/wp-json\/wp\/v2\/posts\/3846","targetHints":{"allow":["GET"]}}],"collection":[{"href":"https:\/\/pueblosycomarcas.com\/en\/wp-json\/wp\/v2\/posts"}],"about":[{"href":"https:\/\/pueblosycomarcas.com\/en\/wp-json\/wp\/v2\/types\/post"}],"author":[{"embeddable":true,"href":"https:\/\/pueblosycomarcas.com\/en\/wp-json\/wp\/v2\/users\/1"}],"replies":[{"embeddable":true,"href":"https:\/\/pueblosycomarcas.com\/en\/wp-json\/wp\/v2\/comments?post=3846"}],"version-history":[{"count":5,"href":"https:\/\/pueblosycomarcas.com\/en\/wp-json\/wp\/v2\/posts\/3846\/revisions"}],"predecessor-version":[{"id":3852,"href":"https:\/\/pueblosycomarcas.com\/en\/wp-json\/wp\/v2\/posts\/3846\/revisions\/3852"}],"wp:featuredmedia":[{"embeddable":true,"href":"https:\/\/pueblosycomarcas.com\/en\/wp-json\/wp\/v2\/media\/3847"}],"wp:attachment":[{"href":"https:\/\/pueblosycomarcas.com\/en\/wp-json\/wp\/v2\/media?parent=3846"}],"wp:term":[{"taxonomy":"category","embeddable":true,"href":"https:\/\/pueblosycomarcas.com\/en\/wp-json\/wp\/v2\/categories?post=3846"},{"taxonomy":"post_tag","embeddable":true,"href":"https:\/\/pueblosycomarcas.com\/en\/wp-json\/wp\/v2\/tags?post=3846"}],"curies":[{"name":"wp","href":"https:\/\/api.w.org\/{rel}","templated":true}]}}