{"id":3826,"date":"2025-12-10T05:49:47","date_gmt":"2025-12-10T04:49:47","guid":{"rendered":"https:\/\/webalquimia.es\/?p=3826"},"modified":"2025-12-10T05:49:49","modified_gmt":"2025-12-10T04:49:49","slug":"efemerides-del-10-de-diciembre","status":"publish","type":"post","link":"https:\/\/pueblosycomarcas.com\/en\/efemerides-del-10-de-diciembre\/","title":{"rendered":"Efem\u00e9rides del 10 de diciembre"},"content":{"rendered":"<div data-elementor-type=\"wp-post\" data-elementor-id=\"3826\" class=\"elementor elementor-3826\">\n\t\t\t\t<div class=\"elementor-element elementor-element-2ffcc32 e-flex e-con-boxed wpr-particle-no wpr-jarallax-no wpr-parallax-no wpr-sticky-section-no wpr-equal-height-no e-con e-parent\" data-id=\"2ffcc32\" data-element_type=\"container\" data-e-type=\"container\">\n\t\t\t\t\t<div class=\"e-con-inner\">\n\t\t\t\t<div class=\"elementor-element elementor-element-374b6e7 elementor-widget elementor-widget-heading\" data-id=\"374b6e7\" data-element_type=\"widget\" data-e-type=\"widget\" data-widget_type=\"heading.default\">\n\t\t\t\t\t<h2 class=\"elementor-heading-title elementor-size-default\">Efem\u00e9rides del 10 de diciembre<\/h2>\t\t\t\t<\/div>\n\t\t\t\t<div class=\"elementor-element elementor-element-55dd029 elementor-widget elementor-widget-text-editor\" data-id=\"55dd029\" data-element_type=\"widget\" data-e-type=\"widget\" data-widget_type=\"text-editor.default\">\n\t\t\t\t\t\t\t\t\t<ul><li style=\"text-align: justify;\"><h6><em><strong>En 1898, en Francia, se firma el Tratado de Par\u00eds que finaliza la guerra hispano-estadounidense<\/strong><\/em><\/h6><\/li><li style=\"text-align: justify;\"><h6><em><span style=\"font-size: 14px;\"><span style=\"font-family: georgia,serif;\"><strong>\u00c9sta y otras efem\u00e9rides, adem\u00e1s del santoral del d\u00eda y de alguna que otra cosilla, podr\u00e1s encontrar si entras en este art\u00edculo<\/strong><\/span><\/span><\/em><\/h6><\/li><\/ul><p>\u00a0<\/p>\t\t\t\t\t\t\t\t<\/div>\n\t\t\t\t<div class=\"elementor-element elementor-element-a758258 elementor-widget-divider--view-line elementor-widget elementor-widget-divider\" data-id=\"a758258\" data-element_type=\"widget\" data-e-type=\"widget\" data-widget_type=\"divider.default\">\n\t\t\t\t\t\t\t<div class=\"elementor-divider\">\n\t\t\t<span class=\"elementor-divider-separator\">\n\t\t\t\t\t\t<\/span>\n\t\t<\/div>\n\t\t\t\t\t\t<\/div>\n\t\t\t\t<div class=\"elementor-element elementor-element-02b55fe elementor-widget elementor-widget-image\" data-id=\"02b55fe\" data-element_type=\"widget\" data-e-type=\"widget\" data-widget_type=\"image.default\">\n\t\t\t\t\t\t\t\t\t\t\t\t\t\t\t<img fetchpriority=\"high\" decoding=\"async\" width=\"800\" height=\"400\" src=\"https:\/\/pueblosycomarcas.com\/wp-content\/uploads\/2025\/12\/20221210_tratado_paris.jpg\" class=\"attachment-large size-large wp-image-3827\" alt=\"\" srcset=\"https:\/\/pueblosycomarcas.com\/wp-content\/uploads\/2025\/12\/20221210_tratado_paris.jpg 800w, https:\/\/pueblosycomarcas.com\/wp-content\/uploads\/2025\/12\/20221210_tratado_paris-300x150.jpg 300w, https:\/\/pueblosycomarcas.com\/wp-content\/uploads\/2025\/12\/20221210_tratado_paris-768x384.jpg 768w\" sizes=\"(max-width: 800px) 100vw, 800px\" \/>\t\t\t\t\t\t\t\t\t\t\t\t\t\t\t<\/div>\n\t\t\t\t<div class=\"elementor-element elementor-element-36bb8cd elementor-widget elementor-widget-text-editor\" data-id=\"36bb8cd\" data-element_type=\"widget\" data-e-type=\"widget\" data-widget_type=\"text-editor.default\">\n\t\t\t\t\t\t\t\t\t<p style=\"text-align: justify;\"><span style=\"font-size: 11px;\"><span style=\"font-family: georgia,serif;\"><a href=\"https:\/\/www.facebook.com\/Pueblos-y-Comarcas-125437870924169\/?fref=ts\"><strong><em>Pueblosycomarcas.com<\/em><\/strong><\/a><strong><em>;&nbsp;<\/em><\/strong><a href=\"https:\/\/twitter.com\/PueblosComarcas\"><strong><em>@PueblosComarcas<\/em><\/strong><\/a><\/span><\/span><\/p>\n<p style=\"text-align: justify;\"><span style=\"font-size: 14px;\"><span style=\"font-family: georgia,serif;\"><strong>041&nbsp;&#8211;<\/strong>&nbsp;en Bizancio, Miguel V es coronado emperador.<\/span><\/span><\/p>\n<p style=\"text-align: justify;\"><span style=\"font-size: 14px;\"><span style=\"font-family: georgia,serif;\"><strong>1198 \u2013<\/strong>En Marrakech (Marruecos), fallece el fil\u00f3sofo, matem\u00e1tico y m\u00e9dico andalus\u00ed (naci\u00f3 en C\u00f3rdoba, Espa\u00f1a), Averroes<\/span><\/span><\/p>\n<p style=\"text-align: justify;\"><span style=\"font-size: 14px;\"><span style=\"font-family: georgia,serif;\"><strong>1348&nbsp;&#8211;<\/strong>&nbsp;el rey de Arag\u00f3n, Pedro IV vence por las armas a la Uni\u00f3n de Valencia.<\/span><\/span><\/p>\n<p style=\"text-align: justify;\"><span style=\"font-size: 14px;\"><span style=\"font-family: georgia,serif;\"><strong>1508&nbsp;&#8211;<\/strong>&nbsp;Luis XII de Francia, el papa Julio II, el emperador Maximiliano I de Austria y Fernando el Cat\u00f3lico forman la Liga de Cambrai para enfrentarse a la Rep\u00fablica Veneciana en las Guerras Italianas.<\/span><\/span><\/p>\n<p style=\"text-align: justify;\"><span style=\"font-size: 14px;\"><span style=\"font-family: georgia,serif;\"><strong>1520&nbsp;&#8211;<\/strong>&nbsp;en Wittenberg (Alemania), Mart\u00edn Lutero quema la bula de excomuni\u00f3n Exsurge Domine, decretada contra \u00e9l por el papa Le\u00f3n X.<\/span><\/span><\/p>\n<p style=\"text-align: justify;\"><span style=\"font-size: 14px;\"><span style=\"font-family: georgia,serif;\"><strong>1606&nbsp;&#8211;<\/strong>&nbsp;en Espa\u00f1a, despu\u00e9s de 203 a\u00f1os de construcci\u00f3n, se terminan las obras de construcci\u00f3n de la catedral de Sevilla.<\/span><\/span><\/p>\n<p style=\"text-align: justify;\"><span style=\"font-size: 14px;\"><span style=\"font-family: georgia,serif;\"><strong>1710&nbsp;&#8211;<\/strong>&nbsp;en la Guerra de Sucesi\u00f3n Espa\u00f1ola las tropas de Felipe V derrotan a los aliados en las batallas de Brihuega y Villaviciosa.<\/span><\/span><\/p>\n<p style=\"text-align: justify;\"><span style=\"font-size: 14px;\"><span style=\"font-family: georgia,serif;\"><strong>1763&nbsp;&#8211;<\/strong>&nbsp;en Madrid (Espa\u00f1a) se celebra el primer sorteo de loter\u00eda del pa\u00eds.<\/span><\/span><\/p>\n<p style=\"text-align: justify;\"><span style=\"font-size: 14px;\"><span style=\"font-family: georgia,serif;\"><strong>1809&nbsp;&#8211;<\/strong>&nbsp;la ciudad de Gerona (Espa\u00f1a) capitula tras siete meses de asedio franc\u00e9s a pesar del auxilio por parte de las tropas de Juan Clar\u00f3s.<\/span><\/span><\/p>\n<p style=\"text-align: justify;\"><span style=\"font-size: 14px;\"><span style=\"font-family: georgia,serif;\"><strong>1817&nbsp;&#8211;<\/strong>&nbsp;en Estados Unidos, el estado de Misisipi se integra a la Uni\u00f3n.<\/span><\/span><\/p>\n<p style=\"text-align: justify;\"><span style=\"font-size: 14px;\"><span style=\"font-family: georgia,serif;\"><strong>1834&nbsp;&#8211;<\/strong>&nbsp;en Espa\u00f1a, se funda la villa de Puente Genil (provincia de C\u00f3rdoba) por Real Decreto firmado por la regente Mar\u00eda Cristina de Borb\u00f3n-Dos Sicilias.<\/span><\/span><\/p>\n<p style=\"text-align: justify;\"><span style=\"font-size: 14px;\"><span style=\"font-family: georgia,serif;\"><strong>1844&nbsp;&#8211;<\/strong>&nbsp;en Hartford (Connecticut), el dentista Horace Wells descubre los efectos anest\u00e9sicos del prot\u00f3xido de nitr\u00f3geno.<\/span><\/span><\/p>\n<p style=\"text-align: justify;\"><span style=\"font-size: 14px;\"><span style=\"font-family: georgia,serif;\"><strong>1848&nbsp;&#8211;<\/strong>&nbsp;Luis Napole\u00f3n, el futuro Napole\u00f3n III, es elegido presidente de la Rep\u00fablica Francesa.<\/span><\/span><\/p>\n<p style=\"text-align: justify;\"><span style=\"font-size: 14px;\"><span style=\"font-family: georgia,serif;\"><strong>1859&nbsp;&#8211;<\/strong>&nbsp;en Santa In\u00e9s (Venezuela) \u2015en el marco de la Guerra Federal\u2015 se libra la Batalla de Santa In\u00e9s, en la cual triunfan los federalistas al mando del general Ezequiel Zamora.<\/span><\/span><\/p>\n<p style=\"text-align: justify;\"><span style=\"font-size: 14px;\"><span style=\"font-family: georgia,serif;\"><strong>1860&nbsp;&#8211;<\/strong>&nbsp;en el estado de Wyoming, por primera vez en la historia de Estados Unidos, se concede el voto a las mujeres.<\/span><\/span><\/p>\n<p style=\"text-align: justify;\"><span style=\"font-size: 14px;\"><span style=\"font-family: georgia,serif;\"><strong>1861&nbsp;&#8211;<\/strong>&nbsp;el estado de Kentucky (Estados Unidos) se integra a la Confederaci\u00f3n.<\/span><\/span><\/p>\n<p style=\"text-align: justify;\"><span style=\"font-size: 14px;\"><span style=\"font-family: georgia,serif;\"><strong>1879&nbsp;&#8211;<\/strong>&nbsp;en el observatorio de Pula (Croacia), el astr\u00f3nomo Johann Palisa descubre el asteroide Isolda (211).<\/span><\/span><\/p>\n<p style=\"text-align: justify;\"><span style=\"font-size: 14px;\"><span style=\"font-family: georgia,serif;\"><strong>1896 &#8211;<\/strong>Fallece en San Remo (Italia) el qu\u00edmico e industrial sueco Alfred Nobel, inventor de la dinamita.<\/span><\/span><\/p>\n<p style=\"text-align: justify;\"><span style=\"font-size: 14px;\"><span style=\"font-family: georgia,serif;\"><strong>1898&nbsp;&#8211;<\/strong>&nbsp;en Francia se firma el Tratado de Par\u00eds, que finaliza la guerra hispano-estadounidense, por el que Espa\u00f1a pierde el dominio sobre Cuba, Puerto Rico y Filipinas, los \u00faltimos restos de su imperio.<\/span><\/span><\/p>\n<p style=\"text-align: justify;\"><span style=\"font-size: 14px;\"><span style=\"font-family: georgia,serif;\"><strong>1901&nbsp;&#8211;<\/strong>&nbsp;en Estocolmo y Oslo se lleva a cabo la primera entrega oficial de los premios Nobel.<\/span><\/span><\/p>\n<p style=\"text-align: justify;\"><span style=\"font-size: 14px;\"><span style=\"font-family: georgia,serif;\"><strong>1919&nbsp;&#8211;<\/strong>&nbsp;se realiza el primer vuelo entre Gran Breta\u00f1a y Australia, por los hermanos Kaith y Ross Smith.<\/span><\/span><\/p>\n<p style=\"text-align: justify;\"><span style=\"font-size: 14px;\"><span style=\"font-family: georgia,serif;\"><strong>1932&nbsp;&#8211;<\/strong>&nbsp;en Tailandia se adopta una nueva constituci\u00f3n y el gobierno pasa a una monarqu\u00eda constitucional tras el golpe de Estado siam\u00e9s.<\/span><\/span><\/p>\n<p style=\"text-align: justify;\"><span style=\"font-size: 14px;\"><span style=\"font-family: georgia,serif;\"><strong>1936&nbsp;&#8211;<\/strong>&nbsp;en Gran Breta\u00f1a, abdica Eduardo VIII, quien anuncia su intenci\u00f3n de casarse con Wallis Simpson.<\/span><\/span><\/p>\n<p style=\"text-align: justify;\"><span style=\"font-size: 14px;\"><span style=\"font-family: georgia,serif;\"><strong>1941&nbsp;&#8211;<\/strong>&nbsp;la armada japonesa hunde al acorazado brit\u00e1nico Prince of Wales y al crucero de batalla Repulse.<\/span><\/span><\/p>\n<p style=\"text-align: justify;\"><span style=\"font-size: 14px;\"><span style=\"font-family: georgia,serif;\"><strong>1945&nbsp;&#8211;<\/strong>&nbsp;la poetisa chilena Gabriela Mistral recibe el Premio Nobel de Literatura.<\/span><\/span><\/p>\n<p style=\"text-align: justify;\"><span style=\"font-size: 14px;\"><span style=\"font-family: georgia,serif;\"><strong>1947&nbsp;&#8211;<\/strong>&nbsp;Birmania se independiza del Reino Unido.<\/span><\/span><\/p>\n<p style=\"text-align: justify;\"><span style=\"font-size: 14px;\"><span style=\"font-family: georgia,serif;\"><strong>1948&nbsp;&#8211;<\/strong>&nbsp;en Par\u00eds la ONU aprueba la Declaraci\u00f3n Universal de los Derechos Humanos.<\/span><\/span><\/p>\n<p style=\"text-align: justify;\"><span style=\"font-size: 14px;\"><span style=\"font-family: georgia,serif;\"><strong>1950&nbsp;&#8211;<\/strong>&nbsp;la Asamblea General de las Naciones Unidas invita a todos los Estados miembros y a las organizaciones interesadas a que observen este d\u00eda como \u00abD\u00eda de los Derechos Humanos\u00bb, seg\u00fan la resoluci\u00f3n 423(V), para conmemorar el aniversario de la aprobaci\u00f3n de la Declaraci\u00f3n Universal de los Derechos Humanos por la Asamblea General de la ONU en 1948.<\/span><\/span><\/p>\n<p style=\"text-align: justify;\"><span style=\"font-size: 14px;\"><span style=\"font-family: georgia,serif;\"><strong>1961&nbsp;&#8211;<\/strong>&nbsp;en el Vaticano, el papa Juan XXIII lanza una llamada a la unidad de los cristianos en la enc\u00edclica Aeterna Dei Sapientia.<\/span><\/span><\/p>\n<p style=\"text-align: justify;\"><span style=\"font-size: 14px;\"><span style=\"font-family: georgia,serif;\"><strong>1961 &#8211;<\/strong>&nbsp;a 361 m bajo el sitio de pruebas at\u00f3micas de Nevada, Estados Unidos detona la bomba at\u00f3mica Gnomo, parte de la operaci\u00f3n Nougat. Esta fue la prueba nuclear n.\u00ba 204 de las 1054 que realiz\u00f3 ese pa\u00eds entre 1945 y 1992.<\/span><\/span><\/p>\n<p style=\"text-align: justify;\"><span style=\"font-size: 14px;\"><span style=\"font-family: georgia,serif;\"><strong>1977&nbsp;&#8211;<\/strong>&nbsp;en Buenos Aires (Argentina) la dictadura de Videla secuestra y tortura a Azucena Villaflor, una de las fundadoras de las Madres de Plaza de Mayo. Esa tarde, Villaflor hab\u00eda publicado en los peri\u00f3dicos la lista de varios j\u00f3venes desaparecidos. El 20 de diciembre ser\u00e1 dejada caer viva desde un avi\u00f3n al R\u00edo de la Plata (Vuelos de la Muerte).<\/span><\/span><\/p>\n<p style=\"text-align: justify;\"><span style=\"font-size: 14px;\"><span style=\"font-family: georgia,serif;\"><strong>1981&nbsp;&#8211;<\/strong>&nbsp;en El Salvador \u2015en el marco de la \u00abOperaci\u00f3n Rescate\u00bb contra el FMLN\u2015 sucede el primer d\u00eda de la Masacre de El Mozote: la Fuerza Armada tortura y ejecuta a 900 campesinos civiles (hombres, mujeres y ni\u00f1os) desarmados. Se considera la peor masacre en el hemisferio occidental, en tiempos modernos. Su responsable pol\u00edtico, el dictador Jos\u00e9 Napole\u00f3n Duarte (1925-1990), nunca fue juzgado.<\/span><\/span><\/p>\n<p style=\"text-align: justify;\"><span style=\"font-size: 14px;\"><span style=\"font-family: georgia,serif;\"><strong>1983&nbsp;&#8211;<\/strong>&nbsp;Ra\u00fal Alfons\u00edn asume como presidente de Argentina, recuperando las instituciones democr\u00e1ticas del pa\u00eds.<\/span><\/span><\/p>\n<p style=\"text-align: justify;\"><span style=\"font-size: 14px;\"><span style=\"font-family: georgia,serif;\"><strong>1990&nbsp;&#8211;<\/strong>&nbsp;Octavio Paz recibe el Premio Nobel de Literatura.<\/span><\/span><\/p>\n<p style=\"text-align: justify;\"><span style=\"font-size: 14px;\"><span style=\"font-family: georgia,serif;\"><strong>1993&nbsp;&#8211;<\/strong>&nbsp;la Unesco declara la Ruta Jacobea espa\u00f1ola Patrimonio de la Humanidad en su reuni\u00f3n anual celebrada en Cartagena de Indias.<\/span><\/span><\/p>\n<p style=\"text-align: justify;\"><span style=\"font-size: 14px;\"><span style=\"font-family: georgia,serif;\"><strong>1995&nbsp;&#8211;<\/strong>&nbsp;en Buenos Aires, Carlos Sa\u00fal Menem reasume la Presidencia de la Naci\u00f3n Argentina, siendo el primer presidente en ser reelegido por el pueblo, luego de la Reforma Constitucional conocida como el Pacto de Olivos.<\/span><\/span><\/p>\n<p style=\"text-align: justify;\"><span style=\"font-size: 14px;\"><span style=\"font-family: georgia,serif;\"><strong>1997&nbsp;&#8211;<\/strong>&nbsp;nacimiento de Carlos Sebastian Leon Gantiva.<\/span><\/span><\/p>\n<p style=\"text-align: justify;\"><span style=\"font-size: 14px;\"><span style=\"font-family: georgia,serif;\"><strong>1999&nbsp;&#8211;<\/strong>&nbsp;Fernando de la R\u00faa asume la presidencia de la Naci\u00f3n Argentina. Sucediendo en el cargo a Carlos Sa\u00fal Menem.<\/span><\/span><\/p>\n<p style=\"text-align: justify;\"><span style=\"font-size: 14px;\"><span style=\"font-family: georgia,serif;\"><strong>2000&nbsp;&#8211;<\/strong>&nbsp;en la depresi\u00f3n de Afar del Gran Valle del Rift (Etiop\u00eda), el paleoantrop\u00f3logo et\u00edope Zeresenay Alemseged (1969-) descubre los restos f\u00f3siles de Selam, una ni\u00f1a de 3 a\u00f1os de edad de la especie Australopithecus afarensis, de 3,3 millones de a\u00f1os.<\/span><\/span><\/p>\n<p style=\"text-align: justify;\"><span style=\"font-size: 14px;\"><span style=\"font-family: georgia,serif;\"><strong>2003&nbsp;&#8211;<\/strong>&nbsp;IBM termina negociaciones con el grupo chino Lenovo vendiendo a este su divisi\u00f3n de PC. Junto con la divisi\u00f3n de PC, Lenovo consigue alrededor de 10.000 empleados de IBM y el derecho a usar las marcas IBM y Thinkpad durante cinco a\u00f1os.<\/span><\/span><\/p>\n<p style=\"text-align: justify;\"><span style=\"font-size: 14px;\"><span style=\"font-family: georgia,serif;\"><strong>2007&nbsp;&#8211;<\/strong>&nbsp;Cristina Fern\u00e1ndez asume la presidencia de Argentina. Se trata de la primera mujer presidente elegida, en esta naci\u00f3n, por voto popular.<\/span><\/span><\/p>\n<p style=\"text-align: justify;\"><span style=\"font-size: 14px;\"><span style=\"font-family: georgia,serif;\"><strong>2007 &#8211;<\/strong>&nbsp;en Londres el grupo Led Zeppelin se re\u00fane en homenaje a Ahmet Erteg\u00fcn.<\/span><\/span><\/p>\n<p style=\"text-align: justify;\"><span style=\"font-size: 14px;\"><span style=\"font-family: georgia,serif;\"><strong>2008&nbsp;&#8211;<\/strong>&nbsp;en Grecia se realiza una huelga general convocada por los sindicatos para protestar por el alto n\u00famero de desempleados en plena crisis internacional.<\/span><\/span><\/p>\n<p style=\"text-align: justify;\"><span style=\"font-size: 14px;\"><span style=\"font-family: georgia,serif;\"><strong>2010&nbsp;&#8211;<\/strong>&nbsp;en Li\u00fabertsi, a 20 km de Mosc\u00fa (Rusia), el astr\u00f3nomo aficionado Leonid Elen\u00edn (1981-) descubre el cometa C\/2010 X1, que ser\u00e1 llamado cometa Elen\u00edn.<\/span><\/span><\/p>\n<p style=\"text-align: justify;\"><span style=\"font-size: 14px;\"><span style=\"font-family: georgia,serif;\"><strong>2010 &#8211;<\/strong>&nbsp;en Estocolmo (Suecia) el escritor y pol\u00edtico peruano Mario Vargas Llosa recibe el Premio Nobel de Literatura.<\/span><\/span><\/p>\n<p style=\"text-align: justify;\"><span style=\"font-size: 14px;\"><span style=\"font-family: georgia,serif;\"><strong>2011&nbsp;&#8211;<\/strong>&nbsp;Cristina Fern\u00e1ndez de Kirchner asume nuevamente la presidencia de Argentina, tras haber ganado las elecciones con el 54,11 % de los votos. Se trata de la primera mujer presidente electa y reelecta.<\/span><\/span><\/p>\n<h4 style=\"text-align: justify;\"><span style=\"font-size: 14px;\"><span style=\"font-family: georgia,serif;\"><strong>SANTORAL<\/strong><\/span><\/span><\/h4>\n<p style=\"text-align: justify;\"><span style=\"font-size: 14px;\"><span style=\"font-family: georgia,serif;\">Nuestra Se\u00f1ora de Loreto. Santos: Eulalia de M\u00e9rida, Julia, v\u00edrgenes; Melquiades (Melciades), papa; Carp\u00f3foro, presb\u00edtero; Abundio, doctor; Menas, Herm\u00f3genes, Eugrafo, Mercurio, Gemelo, m\u00e1rtires; Sindulfo, Diosdado, obispos; Gregorio III, papa.<\/span><\/span><\/p>\n<h4 style=\"text-align: justify;\"><span style=\"font-size: 14px;\"><span style=\"font-family: georgia,serif;\"><strong>OTRAS CELEBRACIONES<\/strong><\/span><\/span><\/h4>\n<p style=\"text-align: justify;\"><span style=\"font-size: 14px;\"><span style=\"font-family: georgia,serif;\">D\u00eda de los Derechos Humanos.<\/span><\/span><\/p>\t\t\t\t\t\t\t\t<\/div>\n\t\t\t\t\t<\/div>\n\t\t\t\t<\/div>\n\t\t\t\t<\/div>","protected":false},"excerpt":{"rendered":"<p>Efem\u00e9rides del 10 de diciembre En 1898, en Francia, se firma el Tratado de Par\u00eds que finaliza la guerra hispano-estadounidense \u00c9sta y otras efem\u00e9rides, adem\u00e1s del santoral del d\u00eda y de alguna que otra cosilla, podr\u00e1s encontrar si entras en este art\u00edculo \u00a0 Pueblosycomarcas.com;&nbsp;@PueblosComarcas 041&nbsp;&#8211;&nbsp;en Bizancio, Miguel V es coronado emperador. 1198 \u2013En Marrakech (Marruecos), fallece el fil\u00f3sofo, matem\u00e1tico y m\u00e9dico andalus\u00ed (naci\u00f3 en C\u00f3rdoba, Espa\u00f1a), Averroes 1348&nbsp;&#8211;&nbsp;el rey de Arag\u00f3n, Pedro IV vence por las armas a la Uni\u00f3n de Valencia. 1508&nbsp;&#8211;&nbsp;Luis XII de Francia, el papa Julio II, el emperador Maximiliano I de Austria y Fernando el Cat\u00f3lico forman la Liga de Cambrai para enfrentarse a la Rep\u00fablica Veneciana en las Guerras Italianas. 1520&nbsp;&#8211;&nbsp;en Wittenberg (Alemania), Mart\u00edn Lutero quema la bula de excomuni\u00f3n Exsurge Domine, decretada contra \u00e9l por el papa Le\u00f3n X. 1606&nbsp;&#8211;&nbsp;en Espa\u00f1a, despu\u00e9s de 203 a\u00f1os de construcci\u00f3n, se terminan las obras de construcci\u00f3n de la catedral de Sevilla. 1710&nbsp;&#8211;&nbsp;en la Guerra de Sucesi\u00f3n Espa\u00f1ola las tropas de Felipe V derrotan a los aliados en las batallas de Brihuega y Villaviciosa. 1763&nbsp;&#8211;&nbsp;en Madrid (Espa\u00f1a) se celebra el primer sorteo de loter\u00eda del pa\u00eds. 1809&nbsp;&#8211;&nbsp;la ciudad de Gerona (Espa\u00f1a) capitula tras siete meses de asedio franc\u00e9s a pesar del auxilio por parte de las tropas de Juan Clar\u00f3s. 1817&nbsp;&#8211;&nbsp;en Estados Unidos, el estado de Misisipi se integra a la Uni\u00f3n. 1834&nbsp;&#8211;&nbsp;en Espa\u00f1a, se funda la villa de Puente Genil (provincia de C\u00f3rdoba) por Real Decreto firmado por la regente Mar\u00eda Cristina de Borb\u00f3n-Dos Sicilias. 1844&nbsp;&#8211;&nbsp;en Hartford (Connecticut), el dentista Horace Wells descubre los efectos anest\u00e9sicos del prot\u00f3xido de nitr\u00f3geno. 1848&nbsp;&#8211;&nbsp;Luis Napole\u00f3n, el futuro Napole\u00f3n III, es elegido presidente de la Rep\u00fablica Francesa. 1859&nbsp;&#8211;&nbsp;en Santa In\u00e9s (Venezuela) \u2015en el marco de la Guerra Federal\u2015 se libra la Batalla de Santa In\u00e9s, en la cual triunfan los federalistas al mando del general Ezequiel Zamora. 1860&nbsp;&#8211;&nbsp;en el estado de Wyoming, por primera vez en la historia de Estados Unidos, se concede el voto a las mujeres. 1861&nbsp;&#8211;&nbsp;el estado de Kentucky (Estados Unidos) se integra a la Confederaci\u00f3n. 1879&nbsp;&#8211;&nbsp;en el observatorio de Pula (Croacia), el astr\u00f3nomo Johann Palisa descubre el asteroide Isolda (211). 1896 &#8211;Fallece en San Remo (Italia) el qu\u00edmico e industrial sueco Alfred Nobel, inventor de la dinamita. 1898&nbsp;&#8211;&nbsp;en Francia se firma el Tratado de Par\u00eds, que finaliza la guerra hispano-estadounidense, por el que Espa\u00f1a pierde el dominio sobre Cuba, Puerto Rico y Filipinas, los \u00faltimos restos de su imperio. 1901&nbsp;&#8211;&nbsp;en Estocolmo y Oslo se lleva a cabo la primera entrega oficial de los premios Nobel. 1919&nbsp;&#8211;&nbsp;se realiza el primer vuelo entre Gran Breta\u00f1a y Australia, por los hermanos Kaith y Ross Smith. 1932&nbsp;&#8211;&nbsp;en Tailandia se adopta una nueva constituci\u00f3n y el gobierno pasa a una monarqu\u00eda constitucional tras el golpe de Estado siam\u00e9s. 1936&nbsp;&#8211;&nbsp;en Gran Breta\u00f1a, abdica Eduardo VIII, quien anuncia su intenci\u00f3n de casarse con Wallis Simpson. 1941&nbsp;&#8211;&nbsp;la armada japonesa hunde al acorazado brit\u00e1nico Prince of Wales y al crucero de batalla Repulse. 1945&nbsp;&#8211;&nbsp;la poetisa chilena Gabriela Mistral recibe el Premio Nobel de Literatura. 1947&nbsp;&#8211;&nbsp;Birmania se independiza del Reino Unido. 1948&nbsp;&#8211;&nbsp;en Par\u00eds la ONU aprueba la Declaraci\u00f3n Universal de los Derechos Humanos. 1950&nbsp;&#8211;&nbsp;la Asamblea General de las Naciones Unidas invita a todos los Estados miembros y a las organizaciones interesadas a que observen este d\u00eda como \u00abD\u00eda de los Derechos Humanos\u00bb, seg\u00fan la resoluci\u00f3n 423(V), para conmemorar el aniversario de la aprobaci\u00f3n de la Declaraci\u00f3n Universal de los Derechos Humanos por la Asamblea General de la ONU en 1948. 1961&nbsp;&#8211;&nbsp;en el Vaticano, el papa Juan XXIII lanza una llamada a la unidad de los cristianos en la enc\u00edclica Aeterna Dei Sapientia. 1961 &#8211;&nbsp;a 361 m bajo el sitio de pruebas at\u00f3micas de Nevada, Estados Unidos detona la bomba at\u00f3mica Gnomo, parte de la operaci\u00f3n Nougat. Esta fue la prueba nuclear n.\u00ba 204 de las 1054 que realiz\u00f3 ese pa\u00eds entre 1945 y 1992. 1977&nbsp;&#8211;&nbsp;en Buenos Aires (Argentina) la dictadura de Videla secuestra y tortura a Azucena Villaflor, una de las fundadoras de las Madres de Plaza de Mayo. Esa tarde, Villaflor hab\u00eda publicado en los peri\u00f3dicos la lista de varios j\u00f3venes desaparecidos. El 20 de diciembre ser\u00e1 dejada caer viva desde un avi\u00f3n al R\u00edo de la Plata (Vuelos de la Muerte). 1981&nbsp;&#8211;&nbsp;en El Salvador \u2015en el marco de la \u00abOperaci\u00f3n Rescate\u00bb contra el FMLN\u2015 sucede el primer d\u00eda de la Masacre de El Mozote: la Fuerza Armada tortura y ejecuta a 900 campesinos civiles (hombres, mujeres y ni\u00f1os) desarmados. Se considera la peor masacre en el hemisferio occidental, en tiempos modernos. Su responsable pol\u00edtico, el dictador Jos\u00e9 Napole\u00f3n Duarte (1925-1990), nunca fue juzgado. 1983&nbsp;&#8211;&nbsp;Ra\u00fal Alfons\u00edn asume como presidente de Argentina, recuperando las instituciones democr\u00e1ticas del pa\u00eds. 1990&nbsp;&#8211;&nbsp;Octavio Paz recibe el Premio Nobel de Literatura. 1993&nbsp;&#8211;&nbsp;la Unesco declara la Ruta Jacobea espa\u00f1ola Patrimonio de la Humanidad en su reuni\u00f3n anual celebrada en Cartagena de Indias. 1995&nbsp;&#8211;&nbsp;en Buenos Aires, Carlos Sa\u00fal Menem reasume la Presidencia de la Naci\u00f3n Argentina, siendo el primer presidente en ser reelegido por el pueblo, luego de la Reforma Constitucional conocida como el Pacto de Olivos. 1997&nbsp;&#8211;&nbsp;nacimiento de Carlos Sebastian Leon Gantiva. 1999&nbsp;&#8211;&nbsp;Fernando de la R\u00faa asume la presidencia de la Naci\u00f3n Argentina. Sucediendo en el cargo a Carlos Sa\u00fal Menem. 2000&nbsp;&#8211;&nbsp;en la depresi\u00f3n de Afar del Gran Valle del Rift (Etiop\u00eda), el paleoantrop\u00f3logo et\u00edope Zeresenay Alemseged (1969-) descubre los restos f\u00f3siles de Selam, una ni\u00f1a de 3 a\u00f1os de edad de la especie Australopithecus afarensis, de 3,3 millones de a\u00f1os. 2003&nbsp;&#8211;&nbsp;IBM termina negociaciones con el grupo chino Lenovo vendiendo a este su divisi\u00f3n de PC. Junto con la divisi\u00f3n de PC, Lenovo consigue alrededor de 10.000 empleados de IBM y el derecho a usar las marcas IBM y Thinkpad durante cinco a\u00f1os. 2007&nbsp;&#8211;&nbsp;Cristina Fern\u00e1ndez asume la presidencia de Argentina. Se trata de la primera mujer presidente elegida, en esta naci\u00f3n, por voto popular. 2007 &#8211;&nbsp;en Londres el grupo Led Zeppelin se re\u00fane en homenaje a Ahmet Erteg\u00fcn. 2008&nbsp;&#8211;&nbsp;en Grecia se realiza una huelga general convocada por los sindicatos para protestar por el alto n\u00famero de desempleados en plena crisis internacional. 2010&nbsp;&#8211;&nbsp;en<\/p>","protected":false},"author":1,"featured_media":3827,"comment_status":"open","ping_status":"closed","sticky":false,"template":"","format":"standard","meta":{"site-sidebar-layout":"default","site-content-layout":"","ast-site-content-layout":"default","site-content-style":"default","site-sidebar-style":"default","ast-global-header-display":"","ast-banner-title-visibility":"","ast-main-header-display":"","ast-hfb-above-header-display":"","ast-hfb-below-header-display":"","ast-hfb-mobile-header-display":"","site-post-title":"disabled","ast-breadcrumbs-content":"","ast-featured-img":"","footer-sml-layout":"","theme-transparent-header-meta":"","adv-header-id-meta":"","stick-header-meta":"","header-above-stick-meta":"","header-main-stick-meta":"","header-below-stick-meta":"","astra-migrate-meta-layouts":"default","ast-page-background-enabled":"default","ast-page-background-meta":{"desktop":{"background-color":"var(--ast-global-color-5)","background-image":"","background-repeat":"repeat","background-position":"center center","background-size":"auto","background-attachment":"scroll","background-type":"","background-media":"","overlay-type":"","overlay-color":"","overlay-opacity":"","overlay-gradient":""},"tablet":{"background-color":"","background-image":"","background-repeat":"repeat","background-position":"center center","background-size":"auto","background-attachment":"scroll","background-type":"","background-media":"","overlay-type":"","overlay-color":"","overlay-opacity":"","overlay-gradient":""},"mobile":{"background-color":"","background-image":"","background-repeat":"repeat","background-position":"center center","background-size":"auto","background-attachment":"scroll","background-type":"","background-media":"","overlay-type":"","overlay-color":"","overlay-opacity":"","overlay-gradient":""}},"ast-content-background-meta":{"desktop":{"background-color":"var(--ast-global-color-4)","background-image":"","background-repeat":"repeat","background-position":"center center","background-size":"auto","background-attachment":"scroll","background-type":"","background-media":"","overlay-type":"","overlay-color":"","overlay-opacity":"","overlay-gradient":""},"tablet":{"background-color":"var(--ast-global-color-4)","background-image":"","background-repeat":"repeat","background-position":"center center","background-size":"auto","background-attachment":"scroll","background-type":"","background-media":"","overlay-type":"","overlay-color":"","overlay-opacity":"","overlay-gradient":""},"mobile":{"background-color":"var(--ast-global-color-4)","background-image":"","background-repeat":"repeat","background-position":"center center","background-size":"auto","background-attachment":"scroll","background-type":"","background-media":"","overlay-type":"","overlay-color":"","overlay-opacity":"","overlay-gradient":""}},"ngg_post_thumbnail":0,"footnotes":""},"categories":[15,16],"tags":[47],"class_list":["post-3826","post","type-post","status-publish","format-standard","has-post-thumbnail","hentry","category-efemerides","category-portada","tag-efemerides"],"aioseo_notices":[],"rttpg_featured_image_url":{"full":["https:\/\/pueblosycomarcas.com\/wp-content\/uploads\/2025\/12\/20221210_tratado_paris.jpg",800,400,false],"landscape":["https:\/\/pueblosycomarcas.com\/wp-content\/uploads\/2025\/12\/20221210_tratado_paris.jpg",800,400,false],"portraits":["https:\/\/pueblosycomarcas.com\/wp-content\/uploads\/2025\/12\/20221210_tratado_paris.jpg",800,400,false],"thumbnail":["https:\/\/pueblosycomarcas.com\/wp-content\/uploads\/2025\/12\/20221210_tratado_paris-150x150.jpg",150,150,true],"medium":["https:\/\/pueblosycomarcas.com\/wp-content\/uploads\/2025\/12\/20221210_tratado_paris-300x150.jpg",300,150,true],"large":["https:\/\/pueblosycomarcas.com\/wp-content\/uploads\/2025\/12\/20221210_tratado_paris.jpg",800,400,false],"1536x1536":["https:\/\/pueblosycomarcas.com\/wp-content\/uploads\/2025\/12\/20221210_tratado_paris.jpg",800,400,false],"2048x2048":["https:\/\/pueblosycomarcas.com\/wp-content\/uploads\/2025\/12\/20221210_tratado_paris.jpg",800,400,false],"trp-custom-language-flag":["https:\/\/pueblosycomarcas.com\/wp-content\/uploads\/2025\/12\/20221210_tratado_paris.jpg",18,9,false]},"rttpg_author":{"display_name":"admin","author_link":"https:\/\/pueblosycomarcas.com\/en\/author\/webalquimia\/"},"rttpg_comment":0,"rttpg_category":"<a href=\"https:\/\/pueblosycomarcas.com\/en\/category\/efemerides\/\" rel=\"category tag\">Efemerides<\/a> <a href=\"https:\/\/pueblosycomarcas.com\/en\/category\/portada\/\" rel=\"category tag\">Portada<\/a>","rttpg_excerpt":"Efem\u00e9rides del 10 de diciembre En 1898, en Francia, se firma el Tratado de Par\u00eds que finaliza la guerra hispano-estadounidense \u00c9sta y otras efem\u00e9rides, adem\u00e1s del santoral del d\u00eda y de alguna que otra cosilla, podr\u00e1s encontrar si entras en este art\u00edculo \u00a0 Pueblosycomarcas.com;&nbsp;@PueblosComarcas 041&nbsp;&#8211;&nbsp;en Bizancio, Miguel V es coronado emperador. 1198 \u2013En Marrakech (Marruecos),&hellip;","_links":{"self":[{"href":"https:\/\/pueblosycomarcas.com\/en\/wp-json\/wp\/v2\/posts\/3826","targetHints":{"allow":["GET"]}}],"collection":[{"href":"https:\/\/pueblosycomarcas.com\/en\/wp-json\/wp\/v2\/posts"}],"about":[{"href":"https:\/\/pueblosycomarcas.com\/en\/wp-json\/wp\/v2\/types\/post"}],"author":[{"embeddable":true,"href":"https:\/\/pueblosycomarcas.com\/en\/wp-json\/wp\/v2\/users\/1"}],"replies":[{"embeddable":true,"href":"https:\/\/pueblosycomarcas.com\/en\/wp-json\/wp\/v2\/comments?post=3826"}],"version-history":[{"count":5,"href":"https:\/\/pueblosycomarcas.com\/en\/wp-json\/wp\/v2\/posts\/3826\/revisions"}],"predecessor-version":[{"id":3832,"href":"https:\/\/pueblosycomarcas.com\/en\/wp-json\/wp\/v2\/posts\/3826\/revisions\/3832"}],"wp:featuredmedia":[{"embeddable":true,"href":"https:\/\/pueblosycomarcas.com\/en\/wp-json\/wp\/v2\/media\/3827"}],"wp:attachment":[{"href":"https:\/\/pueblosycomarcas.com\/en\/wp-json\/wp\/v2\/media?parent=3826"}],"wp:term":[{"taxonomy":"category","embeddable":true,"href":"https:\/\/pueblosycomarcas.com\/en\/wp-json\/wp\/v2\/categories?post=3826"},{"taxonomy":"post_tag","embeddable":true,"href":"https:\/\/pueblosycomarcas.com\/en\/wp-json\/wp\/v2\/tags?post=3826"}],"curies":[{"name":"wp","href":"https:\/\/api.w.org\/{rel}","templated":true}]}}