{"id":3819,"date":"2025-12-09T11:14:34","date_gmt":"2025-12-09T10:14:34","guid":{"rendered":"https:\/\/webalquimia.es\/?p=3819"},"modified":"2025-12-09T11:14:35","modified_gmt":"2025-12-09T10:14:35","slug":"aldeamayor-de-san-martin-celebra-su-iii-cata-solidaria-de-vinos-a-favor-de-maldita-valina","status":"publish","type":"post","link":"https:\/\/pueblosycomarcas.com\/en\/aldeamayor-de-san-martin-celebra-su-iii-cata-solidaria-de-vinos-a-favor-de-maldita-valina\/","title":{"rendered":"Aldeamayor de San Mart\u00edn celebra su III Cata Solidaria de Vinos a favor de Maldita Valina"},"content":{"rendered":"<div data-elementor-type=\"wp-post\" data-elementor-id=\"3819\" class=\"elementor elementor-3819\">\n\t\t\t\t<div class=\"elementor-element elementor-element-a3a73a5 e-flex e-con-boxed wpr-particle-no wpr-jarallax-no wpr-parallax-no wpr-sticky-section-no wpr-equal-height-no e-con e-parent\" data-id=\"a3a73a5\" data-element_type=\"container\" data-e-type=\"container\">\n\t\t\t\t\t<div class=\"e-con-inner\">\n\t\t\t\t<div class=\"elementor-element elementor-element-c919945 elementor-widget elementor-widget-heading\" data-id=\"c919945\" data-element_type=\"widget\" data-e-type=\"widget\" data-widget_type=\"heading.default\">\n\t\t\t\t\t<h2 class=\"elementor-heading-title elementor-size-default\">Aldeamayor de San Mart\u00edn celebra su III Cata Solidaria de Vinos a favor de Maldita Valina<\/h2>\t\t\t\t<\/div>\n\t\t\t\t<div class=\"elementor-element elementor-element-7e69f42 elementor-widget elementor-widget-text-editor\" data-id=\"7e69f42\" data-element_type=\"widget\" data-e-type=\"widget\" data-widget_type=\"text-editor.default\">\n\t\t\t\t\t\t\t\t\t<ul><li><h6><em><strong>La organizaci\u00f3n corre a cargo de Vox Aldeamayor de San Mart\u00edn, y el evento cuenta con la colaboraci\u00f3n del Ayuntamiento de Aldeamayor, Ayeal, Asociaci\u00f3n El Laurel y Queser\u00eda Campoveja, adem\u00e1s del compromiso solidario de todas las bodegas participantes.<\/strong><\/em><\/h6><\/li><\/ul>\t\t\t\t\t\t\t\t<\/div>\n\t\t\t\t<div class=\"elementor-element elementor-element-4ea7077 elementor-widget-divider--view-line elementor-widget elementor-widget-divider\" data-id=\"4ea7077\" data-element_type=\"widget\" data-e-type=\"widget\" data-widget_type=\"divider.default\">\n\t\t\t\t\t\t\t<div class=\"elementor-divider\">\n\t\t\t<span class=\"elementor-divider-separator\">\n\t\t\t\t\t\t<\/span>\n\t\t<\/div>\n\t\t\t\t\t\t<\/div>\n\t\t\t\t<div class=\"elementor-element elementor-element-8ee0867 elementor-widget elementor-widget-image\" data-id=\"8ee0867\" data-element_type=\"widget\" data-e-type=\"widget\" data-widget_type=\"image.default\">\n\t\t\t\t\t\t\t\t\t\t\t\t\t\t\t<img fetchpriority=\"high\" decoding=\"async\" width=\"1024\" height=\"500\" src=\"https:\/\/pueblosycomarcas.com\/wp-content\/uploads\/2025\/12\/20251209_vox_aldeamayor-1024x500.jpg\" class=\"attachment-large size-large wp-image-3820\" alt=\"\" srcset=\"https:\/\/pueblosycomarcas.com\/wp-content\/uploads\/2025\/12\/20251209_vox_aldeamayor-1024x500.jpg 1024w, https:\/\/pueblosycomarcas.com\/wp-content\/uploads\/2025\/12\/20251209_vox_aldeamayor-300x146.jpg 300w, https:\/\/pueblosycomarcas.com\/wp-content\/uploads\/2025\/12\/20251209_vox_aldeamayor-768x375.jpg 768w, https:\/\/pueblosycomarcas.com\/wp-content\/uploads\/2025\/12\/20251209_vox_aldeamayor.jpg 1240w\" sizes=\"(max-width: 1024px) 100vw, 1024px\" \/>\t\t\t\t\t\t\t\t\t\t\t\t\t\t\t<\/div>\n\t\t\t\t<div class=\"elementor-element elementor-element-90c5397 elementor-widget elementor-widget-text-editor\" data-id=\"90c5397\" data-element_type=\"widget\" data-e-type=\"widget\" data-widget_type=\"text-editor.default\">\n\t\t\t\t\t\t\t\t\t<p><a href=\"https:\/\/www.facebook.com\/Pueblos-y-Comarcas-125437870924169\/?fref=ts\"><em><strong>Pueblosycomarcas.com<\/strong><\/em><\/a><em><strong>;\u00a0<\/strong><\/em><a href=\"https:\/\/twitter.com\/PueblosComarcas\"><em><strong>@PueblosComarcas<\/strong><\/em><\/a><\/p><p>El Centro de d\u00eda de Aldeamayor de San Mart\u00edn acoger\u00e1 el pr\u00f3ximo <strong>s\u00e1bado 13 de diciembre de 2025<\/strong>, a las <strong>12:00 h<\/strong>, la <strong>III Cata Solidaria de Vinos a favor de Maldita Valina<\/strong>, un evento que se ha consolidado como una cita importante en el municipio y que re\u00fane a vecinos, amantes del vino y solidarios de toda la provincia.<\/p><p>Este a\u00f1o, la cata estar\u00e1 dirigida por <strong>Aitziber Bengoa<\/strong>, sumiller conocida por su estilo cercano, din\u00e1mico y accesible. Junto a ella participar\u00e1 tambi\u00e9n <strong>Diego Sanz<\/strong>, maestro quesero de <strong>Campoveja<\/strong>, encargado de guiar un maridaje especial con cuatro quesos artesanos seleccionados para la ocasi\u00f3n.<\/p><p>La cata contar\u00e1 con <strong>cinco vinos donados por bodegas colaboradoras<\/strong> como son <em>Protos Verdejo<\/em> (DO Rueda), <em>Protos Clarete<\/em> (DO Cigales), <em>Montepindadillo Crianza<\/em> (DO Ribera del Duero), <em>Previus de Neptis<\/em> (Bodegas Arco de Curiel \u2013 DO Ribera del Duero) y <em>Moscato Secret Moment<\/em> (Bodega Copaboca).<\/p><p>Adem\u00e1s, <strong>Queser\u00eda Campoveja<\/strong> aportar\u00e1 cuatro de sus elaboraciones artesanas: semicurado, viejo, ahumado y trufado, creando un maridaje \u00fanico y especialmente dise\u00f1ado para esta edici\u00f3n.<\/p><p>Toda la recaudaci\u00f3n obtenida se destinar\u00e1 \u00edntegramente a apoyar a <strong>Ibai<\/strong>, un ni\u00f1o del municipio cuya historia de lucha y superaci\u00f3n ha unido a toda la comunidad bajo el proyecto <strong>Maldita Valina<\/strong>.<\/p><p>La organizaci\u00f3n corre a cargo de <strong>Vox Aldeamayor de San Mart\u00edn<\/strong>, y el evento cuenta con la colaboraci\u00f3n del <strong>Ayuntamiento de Aldeamayor<\/strong>, <strong>Ayeal<\/strong>, <strong>Asociaci\u00f3n El Laurel<\/strong> y <strong>Queser\u00eda Campoveja<\/strong>, adem\u00e1s del compromiso solidario de todas las bodegas participantes.<\/p><p>Las inscripciones pueden realizarse por orden de solicitud hasta completar el aforo de 50 personas. El precio es de <strong>8 euros<\/strong>, e incluye el maridaje completo.<\/p><p>\u201cLa III Cata Solidaria se presenta como una jornada para disfrutar, aprender y, sobre todo, <strong>sumar entre todos por una causa que emociona y une al pueblo cada a\u00f1o\u201d <\/strong>se\u00f1alan los organizadores.<\/p>\t\t\t\t\t\t\t\t<\/div>\n\t\t\t\t\t<\/div>\n\t\t\t\t<\/div>\n\t\t\t\t<\/div>","protected":false},"excerpt":{"rendered":"<p>Aldeamayor de San Mart\u00edn celebra su III Cata Solidaria de Vinos a favor de Maldita Valina La organizaci\u00f3n corre a cargo de Vox Aldeamayor de San Mart\u00edn, y el evento cuenta con la colaboraci\u00f3n del Ayuntamiento de Aldeamayor, Ayeal, Asociaci\u00f3n El Laurel y Queser\u00eda Campoveja, adem\u00e1s del compromiso solidario de todas las bodegas participantes. Pueblosycomarcas.com;\u00a0@PueblosComarcas El Centro de d\u00eda de Aldeamayor de San Mart\u00edn acoger\u00e1 el pr\u00f3ximo s\u00e1bado 13 de diciembre de 2025, a las 12:00 h, la III Cata Solidaria de Vinos a favor de Maldita Valina, un evento que se ha consolidado como una cita importante en el municipio y que re\u00fane a vecinos, amantes del vino y solidarios de toda la provincia. Este a\u00f1o, la cata estar\u00e1 dirigida por Aitziber Bengoa, sumiller conocida por su estilo cercano, din\u00e1mico y accesible. Junto a ella participar\u00e1 tambi\u00e9n Diego Sanz, maestro quesero de Campoveja, encargado de guiar un maridaje especial con cuatro quesos artesanos seleccionados para la ocasi\u00f3n. La cata contar\u00e1 con cinco vinos donados por bodegas colaboradoras como son Protos Verdejo (DO Rueda), Protos Clarete (DO Cigales), Montepindadillo Crianza (DO Ribera del Duero), Previus de Neptis (Bodegas Arco de Curiel \u2013 DO Ribera del Duero) y Moscato Secret Moment (Bodega Copaboca). Adem\u00e1s, Queser\u00eda Campoveja aportar\u00e1 cuatro de sus elaboraciones artesanas: semicurado, viejo, ahumado y trufado, creando un maridaje \u00fanico y especialmente dise\u00f1ado para esta edici\u00f3n. Toda la recaudaci\u00f3n obtenida se destinar\u00e1 \u00edntegramente a apoyar a Ibai, un ni\u00f1o del municipio cuya historia de lucha y superaci\u00f3n ha unido a toda la comunidad bajo el proyecto Maldita Valina. La organizaci\u00f3n corre a cargo de Vox Aldeamayor de San Mart\u00edn, y el evento cuenta con la colaboraci\u00f3n del Ayuntamiento de Aldeamayor, Ayeal, Asociaci\u00f3n El Laurel y Queser\u00eda Campoveja, adem\u00e1s del compromiso solidario de todas las bodegas participantes. Las inscripciones pueden realizarse por orden de solicitud hasta completar el aforo de 50 personas. El precio es de 8 euros, e incluye el maridaje completo. \u201cLa III Cata Solidaria se presenta como una jornada para disfrutar, aprender y, sobre todo, sumar entre todos por una causa que emociona y une al pueblo cada a\u00f1o\u201d se\u00f1alan los organizadores.<\/p>","protected":false},"author":1,"featured_media":3820,"comment_status":"open","ping_status":"closed","sticky":false,"template":"","format":"standard","meta":{"site-sidebar-layout":"default","site-content-layout":"","ast-site-content-layout":"default","site-content-style":"default","site-sidebar-style":"default","ast-global-header-display":"","ast-banner-title-visibility":"","ast-main-header-display":"","ast-hfb-above-header-display":"","ast-hfb-below-header-display":"","ast-hfb-mobile-header-display":"","site-post-title":"disabled","ast-breadcrumbs-content":"","ast-featured-img":"","footer-sml-layout":"","theme-transparent-header-meta":"","adv-header-id-meta":"","stick-header-meta":"","header-above-stick-meta":"","header-main-stick-meta":"","header-below-stick-meta":"","astra-migrate-meta-layouts":"default","ast-page-background-enabled":"default","ast-page-background-meta":{"desktop":{"background-color":"var(--ast-global-color-5)","background-image":"","background-repeat":"repeat","background-position":"center center","background-size":"auto","background-attachment":"scroll","background-type":"","background-media":"","overlay-type":"","overlay-color":"","overlay-opacity":"","overlay-gradient":""},"tablet":{"background-color":"","background-image":"","background-repeat":"repeat","background-position":"center center","background-size":"auto","background-attachment":"scroll","background-type":"","background-media":"","overlay-type":"","overlay-color":"","overlay-opacity":"","overlay-gradient":""},"mobile":{"background-color":"","background-image":"","background-repeat":"repeat","background-position":"center center","background-size":"auto","background-attachment":"scroll","background-type":"","background-media":"","overlay-type":"","overlay-color":"","overlay-opacity":"","overlay-gradient":""}},"ast-content-background-meta":{"desktop":{"background-color":"var(--ast-global-color-4)","background-image":"","background-repeat":"repeat","background-position":"center center","background-size":"auto","background-attachment":"scroll","background-type":"","background-media":"","overlay-type":"","overlay-color":"","overlay-opacity":"","overlay-gradient":""},"tablet":{"background-color":"var(--ast-global-color-4)","background-image":"","background-repeat":"repeat","background-position":"center center","background-size":"auto","background-attachment":"scroll","background-type":"","background-media":"","overlay-type":"","overlay-color":"","overlay-opacity":"","overlay-gradient":""},"mobile":{"background-color":"var(--ast-global-color-4)","background-image":"","background-repeat":"repeat","background-position":"center center","background-size":"auto","background-attachment":"scroll","background-type":"","background-media":"","overlay-type":"","overlay-color":"","overlay-opacity":"","overlay-gradient":""}},"ngg_post_thumbnail":0,"footnotes":""},"categories":[1],"tags":[35,240,212],"class_list":["post-3819","post","type-post","status-publish","format-standard","has-post-thumbnail","hentry","category-magazine","tag-aldeamayor-de-san-martin","tag-maldita-valina","tag-vox"],"aioseo_notices":[],"rttpg_featured_image_url":{"full":["https:\/\/pueblosycomarcas.com\/wp-content\/uploads\/2025\/12\/20251209_vox_aldeamayor.jpg",1240,605,false],"landscape":["https:\/\/pueblosycomarcas.com\/wp-content\/uploads\/2025\/12\/20251209_vox_aldeamayor.jpg",1240,605,false],"portraits":["https:\/\/pueblosycomarcas.com\/wp-content\/uploads\/2025\/12\/20251209_vox_aldeamayor.jpg",1240,605,false],"thumbnail":["https:\/\/pueblosycomarcas.com\/wp-content\/uploads\/2025\/12\/20251209_vox_aldeamayor-150x150.jpg",150,150,true],"medium":["https:\/\/pueblosycomarcas.com\/wp-content\/uploads\/2025\/12\/20251209_vox_aldeamayor-300x146.jpg",300,146,true],"large":["https:\/\/pueblosycomarcas.com\/wp-content\/uploads\/2025\/12\/20251209_vox_aldeamayor-1024x500.jpg",1024,500,true],"1536x1536":["https:\/\/pueblosycomarcas.com\/wp-content\/uploads\/2025\/12\/20251209_vox_aldeamayor.jpg",1240,605,false],"2048x2048":["https:\/\/pueblosycomarcas.com\/wp-content\/uploads\/2025\/12\/20251209_vox_aldeamayor.jpg",1240,605,false],"trp-custom-language-flag":["https:\/\/pueblosycomarcas.com\/wp-content\/uploads\/2025\/12\/20251209_vox_aldeamayor.jpg",18,9,false]},"rttpg_author":{"display_name":"admin","author_link":"https:\/\/pueblosycomarcas.com\/en\/author\/webalquimia\/"},"rttpg_comment":0,"rttpg_category":"<a href=\"https:\/\/pueblosycomarcas.com\/en\/category\/magazine\/\" rel=\"category tag\">Magazine<\/a>","rttpg_excerpt":"Aldeamayor de San Mart\u00edn celebra su III Cata Solidaria de Vinos a favor de Maldita Valina La organizaci\u00f3n corre a cargo de Vox Aldeamayor de San Mart\u00edn, y el evento cuenta con la colaboraci\u00f3n del Ayuntamiento de Aldeamayor, Ayeal, Asociaci\u00f3n El Laurel y Queser\u00eda Campoveja, adem\u00e1s del compromiso solidario de todas las bodegas participantes. Pueblosycomarcas.com;\u00a0@PueblosComarcas&hellip;","_links":{"self":[{"href":"https:\/\/pueblosycomarcas.com\/en\/wp-json\/wp\/v2\/posts\/3819","targetHints":{"allow":["GET"]}}],"collection":[{"href":"https:\/\/pueblosycomarcas.com\/en\/wp-json\/wp\/v2\/posts"}],"about":[{"href":"https:\/\/pueblosycomarcas.com\/en\/wp-json\/wp\/v2\/types\/post"}],"author":[{"embeddable":true,"href":"https:\/\/pueblosycomarcas.com\/en\/wp-json\/wp\/v2\/users\/1"}],"replies":[{"embeddable":true,"href":"https:\/\/pueblosycomarcas.com\/en\/wp-json\/wp\/v2\/comments?post=3819"}],"version-history":[{"count":5,"href":"https:\/\/pueblosycomarcas.com\/en\/wp-json\/wp\/v2\/posts\/3819\/revisions"}],"predecessor-version":[{"id":3825,"href":"https:\/\/pueblosycomarcas.com\/en\/wp-json\/wp\/v2\/posts\/3819\/revisions\/3825"}],"wp:featuredmedia":[{"embeddable":true,"href":"https:\/\/pueblosycomarcas.com\/en\/wp-json\/wp\/v2\/media\/3820"}],"wp:attachment":[{"href":"https:\/\/pueblosycomarcas.com\/en\/wp-json\/wp\/v2\/media?parent=3819"}],"wp:term":[{"taxonomy":"category","embeddable":true,"href":"https:\/\/pueblosycomarcas.com\/en\/wp-json\/wp\/v2\/categories?post=3819"},{"taxonomy":"post_tag","embeddable":true,"href":"https:\/\/pueblosycomarcas.com\/en\/wp-json\/wp\/v2\/tags?post=3819"}],"curies":[{"name":"wp","href":"https:\/\/api.w.org\/{rel}","templated":true}]}}