{"id":3811,"date":"2025-12-09T11:13:50","date_gmt":"2025-12-09T10:13:50","guid":{"rendered":"https:\/\/webalquimia.es\/?p=3811"},"modified":"2025-12-09T11:13:52","modified_gmt":"2025-12-09T10:13:52","slug":"rocio-garrido-creo-que-el-fin-de-la-literatura-y-de-todas-las-artes-es-el-de-removernos-el-de-hacernos-pensar-y-sentir","status":"publish","type":"post","link":"https:\/\/pueblosycomarcas.com\/en\/rocio-garrido-creo-que-el-fin-de-la-literatura-y-de-todas-las-artes-es-el-de-removernos-el-de-hacernos-pensar-y-sentir\/","title":{"rendered":"Roc\u00edo Garrido: \u201cCreo que el fin de la literatura, y de todas las artes, es el de removernos, el de hacernos pensar y sentir\u201d"},"content":{"rendered":"<div data-elementor-type=\"wp-post\" data-elementor-id=\"3811\" class=\"elementor elementor-3811\">\n\t\t\t\t<div class=\"elementor-element elementor-element-7629e35 e-flex e-con-boxed wpr-particle-no wpr-jarallax-no wpr-parallax-no wpr-sticky-section-no wpr-equal-height-no e-con e-parent\" data-id=\"7629e35\" data-element_type=\"container\" data-e-type=\"container\">\n\t\t\t\t\t<div class=\"e-con-inner\">\n\t\t\t\t<div class=\"elementor-element elementor-element-a2d7ed3 elementor-widget elementor-widget-heading\" data-id=\"a2d7ed3\" data-element_type=\"widget\" data-e-type=\"widget\" data-widget_type=\"heading.default\">\n\t\t\t\t\t<h2 class=\"elementor-heading-title elementor-size-default\">Roc\u00edo Garrido: \u201cCreo que el fin de la literatura, y de todas las artes, es el de removernos, el de hacernos pensar y sentir\u201d<\/h2>\t\t\t\t<\/div>\n\t\t\t\t<div class=\"elementor-element elementor-element-7949f35 elementor-widget elementor-widget-text-editor\" data-id=\"7949f35\" data-element_type=\"widget\" data-e-type=\"widget\" data-widget_type=\"text-editor.default\">\n\t\t\t\t\t\t\t\t\t<ul><li><h6><em><strong>La escritora de Laguna de Duero ha publicado recientemente Ojos abiertos, libro compuesto por 50 relatos y editado por El Lapicero Azul en el que se abordan \u201clos temas universales de la literatura\u201d<\/strong><\/em><\/h6><\/li><\/ul>\t\t\t\t\t\t\t\t<\/div>\n\t\t\t\t<div class=\"elementor-element elementor-element-fb746e4 elementor-widget-divider--view-line elementor-widget elementor-widget-divider\" data-id=\"fb746e4\" data-element_type=\"widget\" data-e-type=\"widget\" data-widget_type=\"divider.default\">\n\t\t\t\t\t\t\t<div class=\"elementor-divider\">\n\t\t\t<span class=\"elementor-divider-separator\">\n\t\t\t\t\t\t<\/span>\n\t\t<\/div>\n\t\t\t\t\t\t<\/div>\n\t\t\t\t<div class=\"elementor-element elementor-element-64ddd5c elementor-widget elementor-widget-image\" data-id=\"64ddd5c\" data-element_type=\"widget\" data-e-type=\"widget\" data-widget_type=\"image.default\">\n\t\t\t\t\t\t\t\t\t\t\t\t\t\t\t<img fetchpriority=\"high\" decoding=\"async\" width=\"800\" height=\"400\" src=\"https:\/\/pueblosycomarcas.com\/wp-content\/uploads\/2025\/12\/20251209_rocio_garrido.jpg\" class=\"attachment-large size-large wp-image-3812\" alt=\"\" srcset=\"https:\/\/pueblosycomarcas.com\/wp-content\/uploads\/2025\/12\/20251209_rocio_garrido.jpg 800w, https:\/\/pueblosycomarcas.com\/wp-content\/uploads\/2025\/12\/20251209_rocio_garrido-300x150.jpg 300w, https:\/\/pueblosycomarcas.com\/wp-content\/uploads\/2025\/12\/20251209_rocio_garrido-768x384.jpg 768w\" sizes=\"(max-width: 800px) 100vw, 800px\" \/>\t\t\t\t\t\t\t\t\t\t\t\t\t\t\t<\/div>\n\t\t\t\t<div class=\"elementor-element elementor-element-857a384 elementor-widget elementor-widget-text-editor\" data-id=\"857a384\" data-element_type=\"widget\" data-e-type=\"widget\" data-widget_type=\"text-editor.default\">\n\t\t\t\t\t\t\t\t\t<p><a href=\"https:\/\/www.facebook.com\/Pueblos-y-Comarcas-125437870924169\/?fref=ts\"><em><strong>Pueblosycomarcas.com<\/strong><\/em><\/a><em><strong>;\u00a0<\/strong><\/em><a href=\"https:\/\/twitter.com\/PueblosComarcas\"><em><strong>@PueblosComarcas<\/strong><\/em><\/a><\/p><p>Roc\u00edo Garrido Marcos, nacida en Saelices de Mayorga (Valladolid) en 1960 pero lagunera de adopci\u00f3n, public\u00f3 hace unos meses <em>Ojos abiertos. <\/em>Se trata de un libro compuesto por 50 relatos, editado por El Lapicero Azul, en el que se abordan \u201clos temas universales de la literatura\u201d.<\/p><p>No es la primera incursi\u00f3n de Garrido al mundo editorial puesto que ya son cuatro los t\u00edtulos que ha firmado desde que comenzara su andadura all\u00e1 por 2008. Para conocer m\u00e1s sobre <em>Ojos abiertos<\/em> y sobre ese camino a trav\u00e9s de las letras hemos realizado una entrevista a la propia Garrido.<\/p><p><strong>P.: Hace poco ha publicado <em>Ojos abiertos<\/em>, libro compuesto por 50 relatos, \u00bfSobre qu\u00e9 versan esas historias y cu\u00e1l es la motivaci\u00f3n que le ha llevado a escribirlas?<\/strong><\/p><p><strong>R.:<\/strong> Las historias tratan sobre los temas universales: la vida, la muerte, el amor, la ausencia, los sue\u00f1os, el miedo, la envidia, la soledad, la ternura, el olvido, la esperanza\u2026<\/p><p>Me impuls\u00f3 a escribirlas una necesidad de comunicaci\u00f3n. Creo que todas las manifestaciones art\u00edsticas, ya sea en literatura, pintura, escultura, cine, etc., siempre responden a una necesidad de expresarse, de comunicar, de llegar a aquellos que quieren ver.<\/p><p>Cuando el se\u00f1or Gutenberg a\u00fan no hab\u00eda inventado la imprenta, all\u00e1 por el 1450, la sabidur\u00eda popular se divulgaba de generaci\u00f3n en generaci\u00f3n a trav\u00e9s de relatos o leyendas. Los grandes maestros, como Jesucristo, se serv\u00edan de relatos, tambi\u00e9n llamados par\u00e1bolas, para transmitir sus mensajes. Relatos son tambi\u00e9n los cuentos infantiles, que estimulan la imaginaci\u00f3n, ense\u00f1an a buscar soluciones para los problemas y descubren a los ni\u00f1os\/as como es el mundo.<\/p><p>El valor del relato a trav\u00e9s de la historia reside en su capacidad para transmitir valores culturales y morales, fomentar la conexi\u00f3n emocional, preservar la memoria colectiva, desarrollar la imaginaci\u00f3n y el lenguaje y dar sentido a la experiencia humana, actuando como un pilar fundamental en la construcci\u00f3n de identidades individuales y colectivas.<\/p><p>Hace tiempo pensaba que el relato era el hermano peque\u00f1o de la literatura, pero le\u00ed que Jorge Luis Borges (de los mejores relatistas y para m\u00ed un gran referente) daba m\u00e1s valor al relato que a la novela porque seg\u00fan \u00e9l es m\u00e1s dif\u00edcil condensar una historia en unas pocas l\u00edneas.<\/p><p>Por supuesto no pretendo revelar nada, pues creo que no hay nada nuevo bajo el sol y que todos los temas universales han sido ya tratados en literatura. Solo pretendo contar historias a trav\u00e9s de mi punto de vista, que es subjetivo. Soy una humilde contadora de historias.<\/p><p><strong>P.: \u00bfSe trata de relatos totalmente inventados o tienen alg\u00fan sustrato existencial?<\/strong><\/p><p><strong>R.:<\/strong> Para que algo se materialice primero tiene que formar parte de la imaginaci\u00f3n. Una simple mesa no existir\u00eda si previamente alguien no la hubiese concebido en su imaginaci\u00f3n. Lo real y lo imaginario son la misma esencia en diferentes planos. Se trata de relatos inventados, pero todos tienen un sustrato existencial, porque siempre que escribimos dejamos una parte importante de nosotros mismos en la historia. Los personajes est\u00e1n basados en los que he visto a mi alrededor, los que he vivido y los que podr\u00eda haber sido. Cobran vida propia, esto ya se lo hab\u00eda o\u00eddo a otros autores y es cierto, son ellos los que evolucionan a trav\u00e9s de la historia.<\/p><p>Bebo de muchas fuentes, he le\u00eddo a buen ritmo desde que me alcanza la memoria. Me interesa casi todo: literatura, filosof\u00eda, historia, psicolog\u00eda, ciencia\u2026y escribo desde ese batiburrillo de voces interiores que a veces no se ponen de acuerdo entre s\u00ed. Creo que escribir es terap\u00e9utico, es algo as\u00ed como cuando nos ponemos delante de un psic\u00f3logo y le vamos contando nuestra vida, lo importante no es que el profesional nos escuche, sino que nos escuchemos a nosotros mismos, que verbalicemos, que pongamos en palabras lo que nos preocupa o nos desconcierta. Ah\u00ed es donde se encuentra la magia de las palabras. Cuando o\u00edmos lo que decimos estamos preparados para hacer frente al dolor y a la vida, para aceptar, entender y transformar.<\/p><p><strong>P.: Los relatos vienen acompa\u00f1ados de ilustraciones \u00bfQu\u00e9 aportan al texto?<\/strong><\/p><p><strong>R.:<\/strong> No son un simple adorno est\u00e9tico, son un segundo lenguaje que dialoga con las palabras, son esencia del relato. Capturan la atm\u00f3sfera de cada historia, funcionan como un preludio, un espejo.<\/p><p>Antes de leer: nos sugieren<\/p><p>Despu\u00e9s de leer: nos invitan a reflexionar.<\/p><p>Hace 40.000 a\u00f1os, cuando a\u00fan no se hab\u00eda inventado el lenguaje, y mucho menos la imprenta, los humanos ya se expresaban a trav\u00e9s de pinturas hechas sobre roca. Estas representaban una visi\u00f3n de la humanidad, de su entorno, creencias y rituales a trav\u00e9s de figuras de animales, personas y s\u00edmbolos abstractos. Siempre quise que los relatos estuvieran ilustrados. Las dos ilustradoras que han trabajado en este libro son excepcionales, tanto a Beatriz como a Jimena las descubr\u00ed en las exposiciones de sus obras en La Casa de las Artes de Laguna de Duero.<\/p><p><strong>P.: Ha presentado el libro en Laguna de Duero y en la Librer\u00eda Oletvm. \u00bfC\u00f3mo ha sido la experiencia? \u00bfAlguna presentaci\u00f3n m\u00e1s a la vista?<\/strong><\/p><p><strong>R.:<\/strong> El 1 de octubre present\u00e9 en el bar Canalla de Valladolid, el 24 de octubre en Laguna de Duero y el 13 de noviembre en Librer\u00eda Oletvm; pr\u00f3ximamente, el 19 de diciembre est\u00e1 prevista una nueva presentaci\u00f3n en la bodega Vega de Yuso de Quintanilla de On\u00e9simo, en plena Ribera de Duero.<\/p><p>Estoy muy satisfecha y sorprendida por tan calurosa acogida por parte del p\u00fablico. El libro est\u00e1 gustando mucho y tanto lectores como escritores, libreros y profesionales del mundo de la edici\u00f3n me comunican que <em>Ojos abiertos<\/em> invita a pensar y hace sentir. Estoy contenta de haberlo conseguido, pues pretend\u00eda expresarme a trav\u00e9s de las emociones, ya que existen temas inefables, donde las palabras se quedan pobres, donde es imposible explicar, manifestar o comprender a trav\u00e9s del lenguaje. Hay que entrar adentro. Creo que ese es precisamente el fin de la literatura y de todas las artes, el de removernos, el de hacernos pensar y sentir, el de no dejarnos impasibles ante el dolor y la injusticia, tambi\u00e9n ante la belleza, el amor y la ternura.<\/p><p>Cuando les cuento cuentos a mis nietos para que se duerman, les pido que cierren los ojos. Yo no quer\u00eda escribir cuentos para dormir a los ni\u00f1os, quer\u00eda escribir cuentos para despertar a los adultos, por eso el nombre de \u201cOjos abiertos\u201d.<\/p><p><strong>P.: \u00bfCu\u00e1ndo y porqu\u00e9 le viene a Roc\u00edo Garrido la afici\u00f3n a la escritura?<\/strong><\/p><p><strong>R.:<\/strong> Desde que era muy peque\u00f1a he tenido una gran imaginaci\u00f3n y me gustaba inventar historias. Cuando ten\u00eda 10 a\u00f1os, en el colegio, la profesora de lengua nos encomend\u00f3 hacer una redacci\u00f3n, y para mi sorpresa, la m\u00eda la llev\u00f3 a la sala de profesores para expon\u00e9rsela al resto diciendo \u201cmirad como escribe esta ni\u00f1a\u201d. Creo que fue en ese momento cuando supe que escribir formar\u00eda parte de mi destino.<\/p><p><strong>P.: \u00bfCu\u00e1l ha sido su trayectoria en el mundo literario?<\/strong><\/p><p><strong>R.:<\/strong> Escrib\u00ed art\u00edculos de opini\u00f3n en la revista \u201cReflejos\u201d de Laguna de Duero durante 15 a\u00f1os, tambi\u00e9n en la revista on-line \u201cLa fragua de Laguna\u201d.<\/p><p>En 2008 publiqu\u00e9 mi primer libro \u201cEstoy viva\u201d, en 2016 \u201cCaminando en tus zapatos\u201d, en 2021 \u201cCarta a mi nieta Haya\u201d y en 2025 \u201cOjos abiertos\u201d.<\/p><p>Me han concedido varios premios de relato y participo en jurados literarios.<\/p><p><strong>P.: \u00bfAlg\u00fan proyecto m\u00e1s en ciernes?<\/strong><\/p><p><strong>R.:<\/strong> Lo cierto es que no tengo mucho tiempo para escribir, mi vida est\u00e1 bastante llena, trabajo, concejal\u00eda, vida privada\u2026pero asisto a las clases de escritura creativa que imparte mi editora Mari\u00e1ngeles Paniagua en su taller \u201cde rinocerontes y mariposas\u201d. Gracias a ella estoy aprendiendo mucho y mejorando mi narrativa, por lo que no descarto publicar m\u00e1s adelante.<\/p>\t\t\t\t\t\t\t\t<\/div>\n\t\t\t\t<div class=\"elementor-element elementor-element-2294d85 elementor-widget elementor-widget-image\" data-id=\"2294d85\" data-element_type=\"widget\" data-e-type=\"widget\" data-widget_type=\"image.default\">\n\t\t\t\t\t\t\t\t\t\t\t\t\t\t\t<img decoding=\"async\" width=\"800\" height=\"402\" src=\"https:\/\/pueblosycomarcas.com\/wp-content\/uploads\/2025\/12\/20251209_rocio_garrido_02.jpg\" class=\"attachment-large size-large wp-image-3814\" alt=\"\" srcset=\"https:\/\/pueblosycomarcas.com\/wp-content\/uploads\/2025\/12\/20251209_rocio_garrido_02.jpg 800w, https:\/\/pueblosycomarcas.com\/wp-content\/uploads\/2025\/12\/20251209_rocio_garrido_02-300x151.jpg 300w, https:\/\/pueblosycomarcas.com\/wp-content\/uploads\/2025\/12\/20251209_rocio_garrido_02-768x386.jpg 768w\" sizes=\"(max-width: 800px) 100vw, 800px\" \/>\t\t\t\t\t\t\t\t\t\t\t\t\t\t\t<\/div>\n\t\t\t\t\t<\/div>\n\t\t\t\t<\/div>\n\t\t\t\t<\/div>","protected":false},"excerpt":{"rendered":"<p>Roc\u00edo Garrido: \u201cCreo que el fin de la literatura, y de todas las artes, es el de removernos, el de hacernos pensar y sentir\u201d La escritora de Laguna de Duero ha publicado recientemente Ojos abiertos, libro compuesto por 50 relatos y editado por El Lapicero Azul en el que se abordan \u201clos temas universales de la literatura\u201d Pueblosycomarcas.com;\u00a0@PueblosComarcas Roc\u00edo Garrido Marcos, nacida en Saelices de Mayorga (Valladolid) en 1960 pero lagunera de adopci\u00f3n, public\u00f3 hace unos meses Ojos abiertos. Se trata de un libro compuesto por 50 relatos, editado por El Lapicero Azul, en el que se abordan \u201clos temas universales de la literatura\u201d. No es la primera incursi\u00f3n de Garrido al mundo editorial puesto que ya son cuatro los t\u00edtulos que ha firmado desde que comenzara su andadura all\u00e1 por 2008. Para conocer m\u00e1s sobre Ojos abiertos y sobre ese camino a trav\u00e9s de las letras hemos realizado una entrevista a la propia Garrido. P.: Hace poco ha publicado Ojos abiertos, libro compuesto por 50 relatos, \u00bfSobre qu\u00e9 versan esas historias y cu\u00e1l es la motivaci\u00f3n que le ha llevado a escribirlas? R.: Las historias tratan sobre los temas universales: la vida, la muerte, el amor, la ausencia, los sue\u00f1os, el miedo, la envidia, la soledad, la ternura, el olvido, la esperanza\u2026 Me impuls\u00f3 a escribirlas una necesidad de comunicaci\u00f3n. Creo que todas las manifestaciones art\u00edsticas, ya sea en literatura, pintura, escultura, cine, etc., siempre responden a una necesidad de expresarse, de comunicar, de llegar a aquellos que quieren ver. Cuando el se\u00f1or Gutenberg a\u00fan no hab\u00eda inventado la imprenta, all\u00e1 por el 1450, la sabidur\u00eda popular se divulgaba de generaci\u00f3n en generaci\u00f3n a trav\u00e9s de relatos o leyendas. Los grandes maestros, como Jesucristo, se serv\u00edan de relatos, tambi\u00e9n llamados par\u00e1bolas, para transmitir sus mensajes. Relatos son tambi\u00e9n los cuentos infantiles, que estimulan la imaginaci\u00f3n, ense\u00f1an a buscar soluciones para los problemas y descubren a los ni\u00f1os\/as como es el mundo. El valor del relato a trav\u00e9s de la historia reside en su capacidad para transmitir valores culturales y morales, fomentar la conexi\u00f3n emocional, preservar la memoria colectiva, desarrollar la imaginaci\u00f3n y el lenguaje y dar sentido a la experiencia humana, actuando como un pilar fundamental en la construcci\u00f3n de identidades individuales y colectivas. Hace tiempo pensaba que el relato era el hermano peque\u00f1o de la literatura, pero le\u00ed que Jorge Luis Borges (de los mejores relatistas y para m\u00ed un gran referente) daba m\u00e1s valor al relato que a la novela porque seg\u00fan \u00e9l es m\u00e1s dif\u00edcil condensar una historia en unas pocas l\u00edneas. Por supuesto no pretendo revelar nada, pues creo que no hay nada nuevo bajo el sol y que todos los temas universales han sido ya tratados en literatura. Solo pretendo contar historias a trav\u00e9s de mi punto de vista, que es subjetivo. Soy una humilde contadora de historias. P.: \u00bfSe trata de relatos totalmente inventados o tienen alg\u00fan sustrato existencial? R.: Para que algo se materialice primero tiene que formar parte de la imaginaci\u00f3n. Una simple mesa no existir\u00eda si previamente alguien no la hubiese concebido en su imaginaci\u00f3n. Lo real y lo imaginario son la misma esencia en diferentes planos. Se trata de relatos inventados, pero todos tienen un sustrato existencial, porque siempre que escribimos dejamos una parte importante de nosotros mismos en la historia. Los personajes est\u00e1n basados en los que he visto a mi alrededor, los que he vivido y los que podr\u00eda haber sido. Cobran vida propia, esto ya se lo hab\u00eda o\u00eddo a otros autores y es cierto, son ellos los que evolucionan a trav\u00e9s de la historia. Bebo de muchas fuentes, he le\u00eddo a buen ritmo desde que me alcanza la memoria. Me interesa casi todo: literatura, filosof\u00eda, historia, psicolog\u00eda, ciencia\u2026y escribo desde ese batiburrillo de voces interiores que a veces no se ponen de acuerdo entre s\u00ed. Creo que escribir es terap\u00e9utico, es algo as\u00ed como cuando nos ponemos delante de un psic\u00f3logo y le vamos contando nuestra vida, lo importante no es que el profesional nos escuche, sino que nos escuchemos a nosotros mismos, que verbalicemos, que pongamos en palabras lo que nos preocupa o nos desconcierta. Ah\u00ed es donde se encuentra la magia de las palabras. Cuando o\u00edmos lo que decimos estamos preparados para hacer frente al dolor y a la vida, para aceptar, entender y transformar. P.: Los relatos vienen acompa\u00f1ados de ilustraciones \u00bfQu\u00e9 aportan al texto? R.: No son un simple adorno est\u00e9tico, son un segundo lenguaje que dialoga con las palabras, son esencia del relato. Capturan la atm\u00f3sfera de cada historia, funcionan como un preludio, un espejo. Antes de leer: nos sugieren Despu\u00e9s de leer: nos invitan a reflexionar. Hace 40.000 a\u00f1os, cuando a\u00fan no se hab\u00eda inventado el lenguaje, y mucho menos la imprenta, los humanos ya se expresaban a trav\u00e9s de pinturas hechas sobre roca. Estas representaban una visi\u00f3n de la humanidad, de su entorno, creencias y rituales a trav\u00e9s de figuras de animales, personas y s\u00edmbolos abstractos. Siempre quise que los relatos estuvieran ilustrados. Las dos ilustradoras que han trabajado en este libro son excepcionales, tanto a Beatriz como a Jimena las descubr\u00ed en las exposiciones de sus obras en La Casa de las Artes de Laguna de Duero. P.: Ha presentado el libro en Laguna de Duero y en la Librer\u00eda Oletvm. \u00bfC\u00f3mo ha sido la experiencia? \u00bfAlguna presentaci\u00f3n m\u00e1s a la vista? R.: El 1 de octubre present\u00e9 en el bar Canalla de Valladolid, el 24 de octubre en Laguna de Duero y el 13 de noviembre en Librer\u00eda Oletvm; pr\u00f3ximamente, el 19 de diciembre est\u00e1 prevista una nueva presentaci\u00f3n en la bodega Vega de Yuso de Quintanilla de On\u00e9simo, en plena Ribera de Duero. Estoy muy satisfecha y sorprendida por tan calurosa acogida por parte del p\u00fablico. El libro est\u00e1 gustando mucho y tanto lectores como escritores, libreros y profesionales del mundo de la edici\u00f3n me comunican que Ojos abiertos invita a pensar y hace sentir. Estoy contenta de haberlo conseguido, pues pretend\u00eda expresarme a<\/p>","protected":false},"author":1,"featured_media":3812,"comment_status":"open","ping_status":"closed","sticky":false,"template":"","format":"standard","meta":{"site-sidebar-layout":"default","site-content-layout":"","ast-site-content-layout":"default","site-content-style":"default","site-sidebar-style":"default","ast-global-header-display":"","ast-banner-title-visibility":"","ast-main-header-display":"","ast-hfb-above-header-display":"","ast-hfb-below-header-display":"","ast-hfb-mobile-header-display":"","site-post-title":"disabled","ast-breadcrumbs-content":"","ast-featured-img":"","footer-sml-layout":"","theme-transparent-header-meta":"","adv-header-id-meta":"","stick-header-meta":"","header-above-stick-meta":"","header-main-stick-meta":"","header-below-stick-meta":"","astra-migrate-meta-layouts":"default","ast-page-background-enabled":"default","ast-page-background-meta":{"desktop":{"background-color":"var(--ast-global-color-5)","background-image":"","background-repeat":"repeat","background-position":"center center","background-size":"auto","background-attachment":"scroll","background-type":"","background-media":"","overlay-type":"","overlay-color":"","overlay-opacity":"","overlay-gradient":""},"tablet":{"background-color":"","background-image":"","background-repeat":"repeat","background-position":"center center","background-size":"auto","background-attachment":"scroll","background-type":"","background-media":"","overlay-type":"","overlay-color":"","overlay-opacity":"","overlay-gradient":""},"mobile":{"background-color":"","background-image":"","background-repeat":"repeat","background-position":"center center","background-size":"auto","background-attachment":"scroll","background-type":"","background-media":"","overlay-type":"","overlay-color":"","overlay-opacity":"","overlay-gradient":""}},"ast-content-background-meta":{"desktop":{"background-color":"var(--ast-global-color-4)","background-image":"","background-repeat":"repeat","background-position":"center center","background-size":"auto","background-attachment":"scroll","background-type":"","background-media":"","overlay-type":"","overlay-color":"","overlay-opacity":"","overlay-gradient":""},"tablet":{"background-color":"var(--ast-global-color-4)","background-image":"","background-repeat":"repeat","background-position":"center center","background-size":"auto","background-attachment":"scroll","background-type":"","background-media":"","overlay-type":"","overlay-color":"","overlay-opacity":"","overlay-gradient":""},"mobile":{"background-color":"var(--ast-global-color-4)","background-image":"","background-repeat":"repeat","background-position":"center center","background-size":"auto","background-attachment":"scroll","background-type":"","background-media":"","overlay-type":"","overlay-color":"","overlay-opacity":"","overlay-gradient":""}},"ngg_post_thumbnail":0,"footnotes":""},"categories":[14,16],"tags":[],"class_list":["post-3811","post","type-post","status-publish","format-standard","has-post-thumbnail","hentry","category-cultura-y-tradicion","category-portada"],"aioseo_notices":[],"rttpg_featured_image_url":{"full":["https:\/\/pueblosycomarcas.com\/wp-content\/uploads\/2025\/12\/20251209_rocio_garrido.jpg",800,400,false],"landscape":["https:\/\/pueblosycomarcas.com\/wp-content\/uploads\/2025\/12\/20251209_rocio_garrido.jpg",800,400,false],"portraits":["https:\/\/pueblosycomarcas.com\/wp-content\/uploads\/2025\/12\/20251209_rocio_garrido.jpg",800,400,false],"thumbnail":["https:\/\/pueblosycomarcas.com\/wp-content\/uploads\/2025\/12\/20251209_rocio_garrido-150x150.jpg",150,150,true],"medium":["https:\/\/pueblosycomarcas.com\/wp-content\/uploads\/2025\/12\/20251209_rocio_garrido-300x150.jpg",300,150,true],"large":["https:\/\/pueblosycomarcas.com\/wp-content\/uploads\/2025\/12\/20251209_rocio_garrido.jpg",800,400,false],"1536x1536":["https:\/\/pueblosycomarcas.com\/wp-content\/uploads\/2025\/12\/20251209_rocio_garrido.jpg",800,400,false],"2048x2048":["https:\/\/pueblosycomarcas.com\/wp-content\/uploads\/2025\/12\/20251209_rocio_garrido.jpg",800,400,false],"trp-custom-language-flag":["https:\/\/pueblosycomarcas.com\/wp-content\/uploads\/2025\/12\/20251209_rocio_garrido.jpg",18,9,false]},"rttpg_author":{"display_name":"admin","author_link":"https:\/\/pueblosycomarcas.com\/en\/author\/webalquimia\/"},"rttpg_comment":0,"rttpg_category":"<a href=\"https:\/\/pueblosycomarcas.com\/en\/category\/cultura-y-tradicion\/\" rel=\"category tag\">Cultura y Tradici\u00f3n<\/a> <a href=\"https:\/\/pueblosycomarcas.com\/en\/category\/portada\/\" rel=\"category tag\">Portada<\/a>","rttpg_excerpt":"Roc\u00edo Garrido: \u201cCreo que el fin de la literatura, y de todas las artes, es el de removernos, el de hacernos pensar y sentir\u201d La escritora de Laguna de Duero ha publicado recientemente Ojos abiertos, libro compuesto por 50 relatos y editado por El Lapicero Azul en el que se abordan \u201clos temas universales de&hellip;","_links":{"self":[{"href":"https:\/\/pueblosycomarcas.com\/en\/wp-json\/wp\/v2\/posts\/3811","targetHints":{"allow":["GET"]}}],"collection":[{"href":"https:\/\/pueblosycomarcas.com\/en\/wp-json\/wp\/v2\/posts"}],"about":[{"href":"https:\/\/pueblosycomarcas.com\/en\/wp-json\/wp\/v2\/types\/post"}],"author":[{"embeddable":true,"href":"https:\/\/pueblosycomarcas.com\/en\/wp-json\/wp\/v2\/users\/1"}],"replies":[{"embeddable":true,"href":"https:\/\/pueblosycomarcas.com\/en\/wp-json\/wp\/v2\/comments?post=3811"}],"version-history":[{"count":5,"href":"https:\/\/pueblosycomarcas.com\/en\/wp-json\/wp\/v2\/posts\/3811\/revisions"}],"predecessor-version":[{"id":3818,"href":"https:\/\/pueblosycomarcas.com\/en\/wp-json\/wp\/v2\/posts\/3811\/revisions\/3818"}],"wp:featuredmedia":[{"embeddable":true,"href":"https:\/\/pueblosycomarcas.com\/en\/wp-json\/wp\/v2\/media\/3812"}],"wp:attachment":[{"href":"https:\/\/pueblosycomarcas.com\/en\/wp-json\/wp\/v2\/media?parent=3811"}],"wp:term":[{"taxonomy":"category","embeddable":true,"href":"https:\/\/pueblosycomarcas.com\/en\/wp-json\/wp\/v2\/categories?post=3811"},{"taxonomy":"post_tag","embeddable":true,"href":"https:\/\/pueblosycomarcas.com\/en\/wp-json\/wp\/v2\/tags?post=3811"}],"curies":[{"name":"wp","href":"https:\/\/api.w.org\/{rel}","templated":true}]}}