{"id":3790,"date":"2025-12-05T13:05:31","date_gmt":"2025-12-05T12:05:31","guid":{"rendered":"https:\/\/webalquimia.es\/?p=3790"},"modified":"2025-12-05T13:07:31","modified_gmt":"2025-12-05T12:07:31","slug":"la-diputacion-de-valladolid-presenta-su-belen-biblico-monumental-inspirado-este-ano-en-albarracin","status":"publish","type":"post","link":"https:\/\/pueblosycomarcas.com\/en\/la-diputacion-de-valladolid-presenta-su-belen-biblico-monumental-inspirado-este-ano-en-albarracin\/","title":{"rendered":"La Diputaci\u00f3n de Valladolid presenta su Bel\u00e9n B\u00edblico Monumental inspirado este a\u00f1o en Albarrac\u00edn"},"content":{"rendered":"<div data-elementor-type=\"wp-post\" data-elementor-id=\"3790\" class=\"elementor elementor-3790\">\n\t\t\t\t<div class=\"elementor-element elementor-element-b3e9a3e e-flex e-con-boxed wpr-particle-no wpr-jarallax-no wpr-parallax-no wpr-sticky-section-no wpr-equal-height-no e-con e-parent\" data-id=\"b3e9a3e\" data-element_type=\"container\" data-e-type=\"container\">\n\t\t\t\t\t<div class=\"e-con-inner\">\n\t\t\t\t<div class=\"elementor-element elementor-element-a7f31f1 elementor-widget elementor-widget-heading\" data-id=\"a7f31f1\" data-element_type=\"widget\" data-e-type=\"widget\" data-widget_type=\"heading.default\">\n\t\t\t\t\t<h2 class=\"elementor-heading-title elementor-size-default\">La Diputaci\u00f3n de Valladolid presenta su Bel\u00e9n B\u00edblico Monumental inspirado este a\u00f1o en Albarrac\u00edn<\/h2>\t\t\t\t<\/div>\n\t\t\t\t<div class=\"elementor-element elementor-element-691c0cf elementor-widget elementor-widget-text-editor\" data-id=\"691c0cf\" data-element_type=\"widget\" data-e-type=\"widget\" data-widget_type=\"text-editor.default\">\n\t\t\t\t\t\t\t\t\t<ul><li><h6><em><strong>Durante el acto, el presidente ha entregado el premio a la postal navide\u00f1a ganadora del concurso desarrollado en los talleres de la Red Integrada de Servicios de Personas con Discapacidad<\/strong><\/em><\/h6><\/li><\/ul>\t\t\t\t\t\t\t\t<\/div>\n\t\t\t\t<div class=\"elementor-element elementor-element-2b409fc elementor-widget-divider--view-line elementor-widget elementor-widget-divider\" data-id=\"2b409fc\" data-element_type=\"widget\" data-e-type=\"widget\" data-widget_type=\"divider.default\">\n\t\t\t\t\t\t\t<div class=\"elementor-divider\">\n\t\t\t<span class=\"elementor-divider-separator\">\n\t\t\t\t\t\t<\/span>\n\t\t<\/div>\n\t\t\t\t\t\t<\/div>\n\t\t\t\t<div class=\"elementor-element elementor-element-bd37f5f elementor-widget elementor-widget-image\" data-id=\"bd37f5f\" data-element_type=\"widget\" data-e-type=\"widget\" data-widget_type=\"image.default\">\n\t\t\t\t\t\t\t\t\t\t\t\t\t\t\t<img fetchpriority=\"high\" decoding=\"async\" width=\"800\" height=\"400\" src=\"https:\/\/pueblosycomarcas.com\/wp-content\/uploads\/2025\/12\/20251205_belen_diputacion.jpeg\" class=\"attachment-large size-large wp-image-3791\" alt=\"\" srcset=\"https:\/\/pueblosycomarcas.com\/wp-content\/uploads\/2025\/12\/20251205_belen_diputacion.jpeg 800w, https:\/\/pueblosycomarcas.com\/wp-content\/uploads\/2025\/12\/20251205_belen_diputacion-300x150.jpeg 300w, https:\/\/pueblosycomarcas.com\/wp-content\/uploads\/2025\/12\/20251205_belen_diputacion-768x384.jpeg 768w\" sizes=\"(max-width: 800px) 100vw, 800px\" \/>\t\t\t\t\t\t\t\t\t\t\t\t\t\t\t<\/div>\n\t\t\t\t<div class=\"elementor-element elementor-element-d290218 elementor-widget elementor-widget-text-editor\" data-id=\"d290218\" data-element_type=\"widget\" data-e-type=\"widget\" data-widget_type=\"text-editor.default\">\n\t\t\t\t\t\t\t\t\t<p><a href=\"https:\/\/www.facebook.com\/Pueblos-y-Comarcas-125437870924169\/?fref=ts\"><em><strong>Pueblosycomarcas.com<\/strong><\/em><\/a><em><strong>;&nbsp;<\/strong><\/em><a href=\"https:\/\/twitter.com\/PueblosComarcas\"><em><strong>@PueblosComarcas<\/strong><\/em><\/a><\/p>\n<p>El presidente de la Diputaci\u00f3n de Valladolid, Conrado \u00cdscar, ha inaugurado hoy el Bel\u00e9n B\u00edblico Monumental en un acto celebrado en el Palacio de Pimentel, acompa\u00f1ado por la presidenta de la Asociaci\u00f3n Belenista Castellana, Mar\u00eda del Carmen de la Fuente D\u00edvar, as\u00ed como por portavoces y diputados provinciales.<\/p>\n<p>Conrado \u00cdscar ha comenzado agradeciendo a la Asociaci\u00f3n Belenista Castellana \u201csu esfuerzo y dedicaci\u00f3n durante estas semanas para levantar este espectacular Bel\u00e9n\u201d, al igual que a los representantes institucionales y profesionales de la comunicaci\u00f3n \u201cpor acompa\u00f1ar una vez m\u00e1s a la Diputaci\u00f3n en el inicio de la Navidad\u201d.<\/p>\n<p>El presidente ha se\u00f1alado que, con la llegada de estas fechas, \u201cel Palacio de Pimentel vuelve a convertirse en un espacio de tradici\u00f3n con la inauguraci\u00f3n del Bel\u00e9n Monumental\u201d, que cada a\u00f1o re\u00fane a miles de visitantes.<\/p>\n<h4><strong>ALBARRAC\u00cdN, ESCENARIO DEL BEL\u00c9N MONUMENTAL 2025<\/strong><\/h4>\n<p>El Bel\u00e9n Monumental de este a\u00f1o se ambienta en Albarrac\u00edn, considerada una joya del patrimonio turolense y uno de los pueblos m\u00e1s bellos de Espa\u00f1a.<br>La Asociaci\u00f3n Belenista Castellana ha capturado la esencia del municipio: sus calles estrechas y empedradas, las casas con balcones de madera y sus plazas caracter\u00edsticas, que sirven de marco para las principales escenas b\u00edblicas.<\/p>\n<p>Entre los espacios representados se encuentran los hornos de yeso caracter\u00edsticos de la zona, la Puerta de Molina, por la que la Sagrada Familia inicia su huida a Egipto, el puente de Rudilla sobre el Guadalaviar, la Catedral del Salvador coronando la ciudad y albergando la escena de Jes\u00fas entre los doctores, as\u00ed como la Plaza Mayor y la Casa Consistorial que acogen el Empadronamiento y la b\u00fasqueda de posada, para culminar finalmente en la Ermita del Carmen, donde se presenta la representaci\u00f3n de la Natividad.<\/p>\n<p>Con \u201cesta obra tan nuestra y tan representativa\u201d, el presidente ha se\u00f1alado que la Diputaci\u00f3n abre simb\u00f3licamente las puertas a la Navidad, esperando que \u201cmiles de vallisoletanos puedan visitarlo y disfrutarlo\u201d.<\/p>\n<p>El Bel\u00e9n permanecer\u00e1 abierto hasta el 6 de enero de 2026, con horario de lunes a domingo de 11,00 a 14,00 horas y de 17,00 a 21,00 horas.<br>El 24 y 31 de diciembre abrir\u00e1 solo en horario de ma\u00f1ana, y el 1 de enero permanecer\u00e1 cerrado.<\/p>\n<h4><strong>ENTREGA DEL PREMIO DE POSTALES NAVIDE\u00d1AS<\/strong><\/h4>\n<p>Durante el acto, el presidente de la Diputaci\u00f3n ha entregado el premio del Concurso de Postales Navide\u00f1as, en el que han participado usuarios de los talleres ocupacionales y prelaborales, centros de d\u00eda y viviendas tuteladas de la Red Rural Integrada de Servicios para Personas con Discapacidad.<\/p>\n<p>La postal ganadora, de Fernando Frutos Sastre, titulada \u2018Un d\u00eda para la historia\u2019 perteneciente al Taller Prelaboral de Pinoduero, ser\u00e1 empleada por la instituci\u00f3n para felicitar oficialmente la Navidad, mientras que la menci\u00f3n especial que ha sido para Jos\u00e9 Luis Marcos \u00c1lvarez por su postal \u2018Feliz Navidad. 25 a\u00f1os juntos\u2019 del Taller Ocupacional de Cigales, se utilizar\u00e1 para felicitar la Navidad a trav\u00e9s de Redes Sociales.<\/p>\t\t\t\t\t\t\t\t<\/div>\n\t\t\t\t\t<\/div>\n\t\t\t\t<\/div>\n\t\t\t\t<\/div>","protected":false},"excerpt":{"rendered":"<p>La Diputaci\u00f3n de Valladolid presenta su Bel\u00e9n B\u00edblico Monumental inspirado este a\u00f1o en Albarrac\u00edn Durante el acto, el presidente ha entregado el premio a la postal navide\u00f1a ganadora del concurso desarrollado en los talleres de la Red Integrada de Servicios de Personas con Discapacidad Pueblosycomarcas.com;&nbsp;@PueblosComarcas El presidente de la Diputaci\u00f3n de Valladolid, Conrado \u00cdscar, ha inaugurado hoy el Bel\u00e9n B\u00edblico Monumental en un acto celebrado en el Palacio de Pimentel, acompa\u00f1ado por la presidenta de la Asociaci\u00f3n Belenista Castellana, Mar\u00eda del Carmen de la Fuente D\u00edvar, as\u00ed como por portavoces y diputados provinciales. Conrado \u00cdscar ha comenzado agradeciendo a la Asociaci\u00f3n Belenista Castellana \u201csu esfuerzo y dedicaci\u00f3n durante estas semanas para levantar este espectacular Bel\u00e9n\u201d, al igual que a los representantes institucionales y profesionales de la comunicaci\u00f3n \u201cpor acompa\u00f1ar una vez m\u00e1s a la Diputaci\u00f3n en el inicio de la Navidad\u201d. El presidente ha se\u00f1alado que, con la llegada de estas fechas, \u201cel Palacio de Pimentel vuelve a convertirse en un espacio de tradici\u00f3n con la inauguraci\u00f3n del Bel\u00e9n Monumental\u201d, que cada a\u00f1o re\u00fane a miles de visitantes. ALBARRAC\u00cdN, ESCENARIO DEL BEL\u00c9N MONUMENTAL 2025 El Bel\u00e9n Monumental de este a\u00f1o se ambienta en Albarrac\u00edn, considerada una joya del patrimonio turolense y uno de los pueblos m\u00e1s bellos de Espa\u00f1a.La Asociaci\u00f3n Belenista Castellana ha capturado la esencia del municipio: sus calles estrechas y empedradas, las casas con balcones de madera y sus plazas caracter\u00edsticas, que sirven de marco para las principales escenas b\u00edblicas. Entre los espacios representados se encuentran los hornos de yeso caracter\u00edsticos de la zona, la Puerta de Molina, por la que la Sagrada Familia inicia su huida a Egipto, el puente de Rudilla sobre el Guadalaviar, la Catedral del Salvador coronando la ciudad y albergando la escena de Jes\u00fas entre los doctores, as\u00ed como la Plaza Mayor y la Casa Consistorial que acogen el Empadronamiento y la b\u00fasqueda de posada, para culminar finalmente en la Ermita del Carmen, donde se presenta la representaci\u00f3n de la Natividad. Con \u201cesta obra tan nuestra y tan representativa\u201d, el presidente ha se\u00f1alado que la Diputaci\u00f3n abre simb\u00f3licamente las puertas a la Navidad, esperando que \u201cmiles de vallisoletanos puedan visitarlo y disfrutarlo\u201d. El Bel\u00e9n permanecer\u00e1 abierto hasta el 6 de enero de 2026, con horario de lunes a domingo de 11,00 a 14,00 horas y de 17,00 a 21,00 horas.El 24 y 31 de diciembre abrir\u00e1 solo en horario de ma\u00f1ana, y el 1 de enero permanecer\u00e1 cerrado. ENTREGA DEL PREMIO DE POSTALES NAVIDE\u00d1AS Durante el acto, el presidente de la Diputaci\u00f3n ha entregado el premio del Concurso de Postales Navide\u00f1as, en el que han participado usuarios de los talleres ocupacionales y prelaborales, centros de d\u00eda y viviendas tuteladas de la Red Rural Integrada de Servicios para Personas con Discapacidad. La postal ganadora, de Fernando Frutos Sastre, titulada \u2018Un d\u00eda para la historia\u2019 perteneciente al Taller Prelaboral de Pinoduero, ser\u00e1 empleada por la instituci\u00f3n para felicitar oficialmente la Navidad, mientras que la menci\u00f3n especial que ha sido para Jos\u00e9 Luis Marcos \u00c1lvarez por su postal \u2018Feliz Navidad. 25 a\u00f1os juntos\u2019 del Taller Ocupacional de Cigales, se utilizar\u00e1 para felicitar la Navidad a trav\u00e9s de Redes Sociales.<\/p>","protected":false},"author":1,"featured_media":3791,"comment_status":"open","ping_status":"closed","sticky":false,"template":"","format":"standard","meta":{"site-sidebar-layout":"default","site-content-layout":"","ast-site-content-layout":"default","site-content-style":"default","site-sidebar-style":"default","ast-global-header-display":"","ast-banner-title-visibility":"","ast-main-header-display":"","ast-hfb-above-header-display":"","ast-hfb-below-header-display":"","ast-hfb-mobile-header-display":"","site-post-title":"disabled","ast-breadcrumbs-content":"","ast-featured-img":"","footer-sml-layout":"","theme-transparent-header-meta":"","adv-header-id-meta":"","stick-header-meta":"","header-above-stick-meta":"","header-main-stick-meta":"","header-below-stick-meta":"","astra-migrate-meta-layouts":"default","ast-page-background-enabled":"default","ast-page-background-meta":{"desktop":{"background-color":"var(--ast-global-color-5)","background-image":"","background-repeat":"repeat","background-position":"center center","background-size":"auto","background-attachment":"scroll","background-type":"","background-media":"","overlay-type":"","overlay-color":"","overlay-opacity":"","overlay-gradient":""},"tablet":{"background-color":"","background-image":"","background-repeat":"repeat","background-position":"center center","background-size":"auto","background-attachment":"scroll","background-type":"","background-media":"","overlay-type":"","overlay-color":"","overlay-opacity":"","overlay-gradient":""},"mobile":{"background-color":"","background-image":"","background-repeat":"repeat","background-position":"center center","background-size":"auto","background-attachment":"scroll","background-type":"","background-media":"","overlay-type":"","overlay-color":"","overlay-opacity":"","overlay-gradient":""}},"ast-content-background-meta":{"desktop":{"background-color":"var(--ast-global-color-4)","background-image":"","background-repeat":"repeat","background-position":"center center","background-size":"auto","background-attachment":"scroll","background-type":"","background-media":"","overlay-type":"","overlay-color":"","overlay-opacity":"","overlay-gradient":""},"tablet":{"background-color":"var(--ast-global-color-4)","background-image":"","background-repeat":"repeat","background-position":"center center","background-size":"auto","background-attachment":"scroll","background-type":"","background-media":"","overlay-type":"","overlay-color":"","overlay-opacity":"","overlay-gradient":""},"mobile":{"background-color":"var(--ast-global-color-4)","background-image":"","background-repeat":"repeat","background-position":"center center","background-size":"auto","background-attachment":"scroll","background-type":"","background-media":"","overlay-type":"","overlay-color":"","overlay-opacity":"","overlay-gradient":""}},"ngg_post_thumbnail":0,"footnotes":""},"categories":[14,18],"tags":[26,236],"class_list":["post-3790","post","type-post","status-publish","format-standard","has-post-thumbnail","hentry","category-cultura-y-tradicion","category-ocio","tag-diputacion-de-valladolid","tag-navidad"],"aioseo_notices":[],"rttpg_featured_image_url":{"full":["https:\/\/pueblosycomarcas.com\/wp-content\/uploads\/2025\/12\/20251205_belen_diputacion.jpeg",800,400,false],"landscape":["https:\/\/pueblosycomarcas.com\/wp-content\/uploads\/2025\/12\/20251205_belen_diputacion.jpeg",800,400,false],"portraits":["https:\/\/pueblosycomarcas.com\/wp-content\/uploads\/2025\/12\/20251205_belen_diputacion.jpeg",800,400,false],"thumbnail":["https:\/\/pueblosycomarcas.com\/wp-content\/uploads\/2025\/12\/20251205_belen_diputacion-150x150.jpeg",150,150,true],"medium":["https:\/\/pueblosycomarcas.com\/wp-content\/uploads\/2025\/12\/20251205_belen_diputacion-300x150.jpeg",300,150,true],"large":["https:\/\/pueblosycomarcas.com\/wp-content\/uploads\/2025\/12\/20251205_belen_diputacion.jpeg",800,400,false],"1536x1536":["https:\/\/pueblosycomarcas.com\/wp-content\/uploads\/2025\/12\/20251205_belen_diputacion.jpeg",800,400,false],"2048x2048":["https:\/\/pueblosycomarcas.com\/wp-content\/uploads\/2025\/12\/20251205_belen_diputacion.jpeg",800,400,false],"trp-custom-language-flag":["https:\/\/pueblosycomarcas.com\/wp-content\/uploads\/2025\/12\/20251205_belen_diputacion.jpeg",18,9,false]},"rttpg_author":{"display_name":"admin","author_link":"https:\/\/pueblosycomarcas.com\/en\/author\/webalquimia\/"},"rttpg_comment":0,"rttpg_category":"<a href=\"https:\/\/pueblosycomarcas.com\/en\/category\/cultura-y-tradicion\/\" rel=\"category tag\">Cultura y Tradici\u00f3n<\/a> <a href=\"https:\/\/pueblosycomarcas.com\/en\/category\/ocio\/\" rel=\"category tag\">Ocio<\/a>","rttpg_excerpt":"La Diputaci\u00f3n de Valladolid presenta su Bel\u00e9n B\u00edblico Monumental inspirado este a\u00f1o en Albarrac\u00edn Durante el acto, el presidente ha entregado el premio a la postal navide\u00f1a ganadora del concurso desarrollado en los talleres de la Red Integrada de Servicios de Personas con Discapacidad Pueblosycomarcas.com;&nbsp;@PueblosComarcas El presidente de la Diputaci\u00f3n de Valladolid, Conrado \u00cdscar, ha&hellip;","_links":{"self":[{"href":"https:\/\/pueblosycomarcas.com\/en\/wp-json\/wp\/v2\/posts\/3790","targetHints":{"allow":["GET"]}}],"collection":[{"href":"https:\/\/pueblosycomarcas.com\/en\/wp-json\/wp\/v2\/posts"}],"about":[{"href":"https:\/\/pueblosycomarcas.com\/en\/wp-json\/wp\/v2\/types\/post"}],"author":[{"embeddable":true,"href":"https:\/\/pueblosycomarcas.com\/en\/wp-json\/wp\/v2\/users\/1"}],"replies":[{"embeddable":true,"href":"https:\/\/pueblosycomarcas.com\/en\/wp-json\/wp\/v2\/comments?post=3790"}],"version-history":[{"count":5,"href":"https:\/\/pueblosycomarcas.com\/en\/wp-json\/wp\/v2\/posts\/3790\/revisions"}],"predecessor-version":[{"id":3796,"href":"https:\/\/pueblosycomarcas.com\/en\/wp-json\/wp\/v2\/posts\/3790\/revisions\/3796"}],"wp:featuredmedia":[{"embeddable":true,"href":"https:\/\/pueblosycomarcas.com\/en\/wp-json\/wp\/v2\/media\/3791"}],"wp:attachment":[{"href":"https:\/\/pueblosycomarcas.com\/en\/wp-json\/wp\/v2\/media?parent=3790"}],"wp:term":[{"taxonomy":"category","embeddable":true,"href":"https:\/\/pueblosycomarcas.com\/en\/wp-json\/wp\/v2\/categories?post=3790"},{"taxonomy":"post_tag","embeddable":true,"href":"https:\/\/pueblosycomarcas.com\/en\/wp-json\/wp\/v2\/tags?post=3790"}],"curies":[{"name":"wp","href":"https:\/\/api.w.org\/{rel}","templated":true}]}}