{"id":3783,"date":"2025-12-05T12:02:40","date_gmt":"2025-12-05T11:02:40","guid":{"rendered":"https:\/\/webalquimia.es\/?p=3783"},"modified":"2025-12-05T12:05:26","modified_gmt":"2025-12-05T11:05:26","slug":"medio-millar-de-efectivos-de-la-policia-nacional-y-la-guardia-civil-trabajara-para-minimizar-robos-y-hurtos-en-la-campana-comercial-navidena-en-valladolid","status":"publish","type":"post","link":"https:\/\/pueblosycomarcas.com\/en\/medio-millar-de-efectivos-de-la-policia-nacional-y-la-guardia-civil-trabajara-para-minimizar-robos-y-hurtos-en-la-campana-comercial-navidena-en-valladolid\/","title":{"rendered":"Medio millar de efectivos de la Polic\u00eda Nacional y la Guardia Civil trabajar\u00e1 para minimizar robos y hurtos en la campa\u00f1a comercial navide\u00f1a en Valladolid"},"content":{"rendered":"<div data-elementor-type=\"wp-post\" data-elementor-id=\"3783\" class=\"elementor elementor-3783\">\n\t\t\t\t<div class=\"elementor-element elementor-element-e1a15ba e-flex e-con-boxed wpr-particle-no wpr-jarallax-no wpr-parallax-no wpr-sticky-section-no wpr-equal-height-no e-con e-parent\" data-id=\"e1a15ba\" data-element_type=\"container\" data-e-type=\"container\">\n\t\t\t\t\t<div class=\"e-con-inner\">\n\t\t\t\t<div class=\"elementor-element elementor-element-8e9e1c3 elementor-widget elementor-widget-heading\" data-id=\"8e9e1c3\" data-element_type=\"widget\" data-e-type=\"widget\" data-widget_type=\"heading.default\">\n\t\t\t\t\t<h2 class=\"elementor-heading-title elementor-size-default\">Medio millar de efectivos de la Polic\u00eda Nacional y la Guardia Civil trabajar\u00e1 para minimizar robos y hurtos en la campa\u00f1a comercial navide\u00f1a en Valladolid<\/h2>\t\t\t\t<\/div>\n\t\t\t\t<div class=\"elementor-element elementor-element-c3db5b5 elementor-widget elementor-widget-text-editor\" data-id=\"c3db5b5\" data-element_type=\"widget\" data-e-type=\"widget\" data-widget_type=\"text-editor.default\">\n\t\t\t\t\t\t\t\t\t<ul><li><h6><strong><em>Canales presenta el Plan Comercio Seguro para esta Navidad en la provincia<\/em> <\/strong><\/h6><\/li><li><h6><strong><em>La fase operativa se inici\u00f3 el 1 de diciembre y se extender\u00e1 hasta el 11 de enero<\/em> <\/strong><\/h6><\/li><li><h6><em><strong>El dispositivo especial se despliega con mayor incidencia en las zonas donde se prev\u00e9 mayor afluencia de p\u00fablico<\/strong><\/em><\/h6><\/li><\/ul>\t\t\t\t\t\t\t\t<\/div>\n\t\t\t\t<div class=\"elementor-element elementor-element-d629dd3 elementor-widget-divider--view-line elementor-widget elementor-widget-divider\" data-id=\"d629dd3\" data-element_type=\"widget\" data-e-type=\"widget\" data-widget_type=\"divider.default\">\n\t\t\t\t\t\t\t<div class=\"elementor-divider\">\n\t\t\t<span class=\"elementor-divider-separator\">\n\t\t\t\t\t\t<\/span>\n\t\t<\/div>\n\t\t\t\t\t\t<\/div>\n\t\t\t\t<div class=\"elementor-element elementor-element-35ac084 elementor-widget elementor-widget-image\" data-id=\"35ac084\" data-element_type=\"widget\" data-e-type=\"widget\" data-widget_type=\"image.default\">\n\t\t\t\t\t\t\t\t\t\t\t\t\t\t\t<img fetchpriority=\"high\" decoding=\"async\" width=\"800\" height=\"400\" src=\"https:\/\/pueblosycomarcas.com\/wp-content\/uploads\/2025\/12\/20251205_campana_comercio_seguro_valladolid.jpg\" class=\"attachment-large size-large wp-image-3784\" alt=\"\" srcset=\"https:\/\/pueblosycomarcas.com\/wp-content\/uploads\/2025\/12\/20251205_campana_comercio_seguro_valladolid.jpg 800w, https:\/\/pueblosycomarcas.com\/wp-content\/uploads\/2025\/12\/20251205_campana_comercio_seguro_valladolid-300x150.jpg 300w, https:\/\/pueblosycomarcas.com\/wp-content\/uploads\/2025\/12\/20251205_campana_comercio_seguro_valladolid-768x384.jpg 768w\" sizes=\"(max-width: 800px) 100vw, 800px\" \/>\t\t\t\t\t\t\t\t\t\t\t\t\t\t\t<\/div>\n\t\t\t\t<div class=\"elementor-element elementor-element-ae77040 elementor-widget elementor-widget-text-editor\" data-id=\"ae77040\" data-element_type=\"widget\" data-e-type=\"widget\" data-widget_type=\"text-editor.default\">\n\t\t\t\t\t\t\t\t\t<p><a href=\"https:\/\/www.facebook.com\/Pueblos-y-Comarcas-125437870924169\/?fref=ts\"><em><strong>Pueblosycomarcas.com<\/strong><\/em><\/a><em><strong>;&nbsp;<\/strong><\/em><a href=\"https:\/\/twitter.com\/PueblosComarcas\"><em><strong>@PueblosComarcas<\/strong><\/em><\/a><\/p>\n<p>El subdelegado del Gobierno en Valladolid, Jacinto Canales, ha presentado hoy el Plan Comercio Seguro activado por Navidad en la provincia, acompa\u00f1ado por el comisario jefe provincial de la Polic\u00eda Nacional, Francisco Javier Oterino, el comandante de la Guardia Civil en Valladolid, Jos\u00e9 \u00c1ngel Taranilla, y la superintendente jefa de la Polic\u00eda Municipal de Valladolid, Julia Gonz\u00e1lez. En la presentaci\u00f3n han estado tambi\u00e9n representantes de CEOE Valladolid, AVADECO, FECOSVA, ASUCyL (Asociaci\u00f3n de empresarios de supermercados de Castilla y Le\u00f3n, empresarios de Hosteler\u00eda, Gremio de Joyeros y la Asociaci\u00f3n provincial de Expendedores de tabaco y Timbre del Estado.<\/p>\n<p>Canales ha querido insistir en la presentaci\u00f3n del Plan, que ya est\u00e1 activado, en que \u201cel esfuerzo conjunto de la Polic\u00eda Nacional, la Guardia Civil y las polic\u00edas locales es una garant\u00eda para los consumidores y comerciantes, aunque no cabe duda de que la precauci\u00f3n de todos ayuda a la hora de minimizar percances y delitos de hurto o robo\u201d. \u201cEs fundamental que todos tomemos conciencia de la situaci\u00f3n y asumamos que siempre, pero m\u00e1s a\u00fan en estas fechas, toda precauci\u00f3n es poca, que hay que tener m\u00e1s presentes que nunca las recomendaciones sobre c\u00f3mo usar las tarjetas bancarias de forma segura y tomar las medidas necesarias al comprar por internet\u201d ha detallado el subdelegado.<\/p>\n<p>Canales ha recordado que \u201ctambi\u00e9n es fundamental, cuando salimos a las zonas comerciales a disfrutar de una jornada de compras navide\u00f1as, asegurarnos de llevar bien seguros nuestros objetos personales, carteras, tel\u00e9fonos y medios de pago, ante la aglomeraci\u00f3n inevitable, que favorece al delincuente\u201d.<\/p>\n<p>El Plan Comercio Seguro, que comenz\u00f3 a programarse en 2013, ha resultado eficaz, a\u00f1o tras a\u00f1o, y es bien acogido entre los sectores implicados, las asociaciones de comerciantes, las peque\u00f1as y medianas empresas dedicadas al comercio y la hosteler\u00eda, as\u00ed como el conjunto de los ciudadanos. Todos ellos valoran muy positivamente la rapidez y la eficacia de la intervenci\u00f3n policial y consideran que el aumento de la presencia policial en las zonas comerciales disminuye el riesgo de comisi\u00f3n de delitos.<\/p>\n<h4><strong>DESPLIEGUE<\/strong><\/h4>\n<p>M\u00e1s de 500 agentes de la Polic\u00eda Nacional y de la Guardia Civil, a los que se suman los efectivos de la Polic\u00eda Local en las localidades que cuentan con este servicio municipal, est\u00e1n directamente implicados en este dispositivo especial cuyo objetivo es reforzar la seguridad y prevenir la comisi\u00f3n de delitos de los que son v\u00edctimas tanto los comerciantes como los clientes, principalmente, hurtos, robos con violencia e intimidaci\u00f3n, robos con fuerza y fraudes, en unos d\u00edas en que aumenta la actividad comercial y se dan aglomeraciones de personas, incluyendo tambi\u00e9n lugares de almacenamiento o distribuci\u00f3n, que pueden ser objeto de robos. El Plan atiende igualmente a los problemas relacionados con los il\u00edcitos vinculados a la compraventa de metales preciosos, as\u00ed como a hurtos y robos en establecimientos de alimentaci\u00f3n.<\/p>\n<p>El dispositivo se despliega tanto en las zonas urbanas como en las rurales, donde la Guardia Civil se mantiene tambi\u00e9n vigilante. La acci\u00f3n se centra especialmente en aquellas en las que se da mayor concentraci\u00f3n de personas por el incremento de la actividad comercial propio de la Navidad: centros comerciales, comercio tradicional del centro o mercados navide\u00f1os.<\/p>\n<h4><strong>DOS FASES<\/strong><\/h4>\n<p>El dispositivo \u2018Comercio Seguro, campa\u00f1a de Navidad 2025-2026\u2019 se desarrolla en dos fases.<\/p>\n<p>En la fase previa -del 21 al 30 de noviembre-, los agentes de Participaci\u00f3n Ciudadana de la Polic\u00eda Nacional han mantenido contactos con comerciantes y colectivos ciudadanos para informar sobre consejos preventivos, recibir sugerencias y necesidades y buscar la colaboraci\u00f3n ciudadana que pueda aportar informaci\u00f3n \u00fatil para que los agentes e investigadores puedan dar una respuesta \u00e1gil y eficaz, de acuerdo con sus necesidades.<\/p>\n<p>A estos encuentros han asistido representantes de la C\u00e1mara de Comercio, la Confederaci\u00f3n Vallisoletana de Empresarios, la Asociaci\u00f3n de Supermercados, FECOSVA, AVADECO, las asociaciones de los pol\u00edgonos de Argales y San Crist\u00f3bal, el Gremio de Joyeros, empresarios de Hosteler\u00eda, expendedores de tabaco y timbre y empresas de Seguridad.<\/p>\n<p>La fase operativa de presencia policial en la calle se ha iniciado el d\u00eda 1 de diciembre y continuar\u00e1 hasta 11 de enero de 2026. Implica un incremento de los servicios de prevenci\u00f3n en los lugares de mayor riesgo, mayor presencia policial en esas zonas e intercambio de informaci\u00f3n sobre medidas de seguridad a tomar y consejos \u00fatiles para comerciantes y ciudadanos.<\/p>\n<h4><strong>GU\u00cdA DEL PLAN COMERCIO SEGURO <\/strong><\/h4>\n<p>La Polic\u00eda Nacional ofrece estos d\u00edas la <a href=\"https:\/\/www.policia.es\/miscelanea\/participacion_ciudadana\/gu%C3%ADa_comercio_seguro_2024.pdf\">GU\u00cdA PLAN COMERCIO SEGURO<\/a> en la que se dan pautas de actuaci\u00f3n para favorecer la seguridad de los negocios, saber c\u00f3mo actuar ante hechos delictivos, c\u00f3mo presentar una denuncia y c\u00f3mo utilizar de forma segura los medios de pago y el comercio electr\u00f3nico.<\/p>\n<p>Ante un hecho delictivo, la recomendaci\u00f3n es avisar a la Polic\u00eda Nacional, llamando al 091, en las zonas urbanas, y al 062 de la Guardia Civil, en las zonas rurales; solicitar a los testigos que permanezcan en el lugar hasta que lleguen los agentes; aportar a los agentes toda la informaci\u00f3n sobre lo sucedido y evitar manipular cualquier objeto. Las denuncias pueden presentarse <em>in situ<\/em>, en los establecimientos adheridos al protocolo, o presencialmente, en las comisar\u00edas de la Polic\u00eda Nacional o en los cuarteles de la Guardia Civil. Adem\u00e1s, la Guardia Civil ofrece la posibilidad de denuncia telem\u00e1tica a trav\u00e9s de su sistema OnRed y la Polic\u00eda Nacional, la Oficina Virtual de Denuncias.<\/p>\t\t\t\t\t\t\t\t<\/div>\n\t\t\t\t\t<\/div>\n\t\t\t\t<\/div>\n\t\t\t\t<\/div>","protected":false},"excerpt":{"rendered":"<p>Medio millar de efectivos de la Polic\u00eda Nacional y la Guardia Civil trabajar\u00e1 para minimizar robos y hurtos en la campa\u00f1a comercial navide\u00f1a en Valladolid Canales presenta el Plan Comercio Seguro para esta Navidad en la provincia La fase operativa se inici\u00f3 el 1 de diciembre y se extender\u00e1 hasta el 11 de enero El dispositivo especial se despliega con mayor incidencia en las zonas donde se prev\u00e9 mayor afluencia de p\u00fablico Pueblosycomarcas.com;&nbsp;@PueblosComarcas El subdelegado del Gobierno en Valladolid, Jacinto Canales, ha presentado hoy el Plan Comercio Seguro activado por Navidad en la provincia, acompa\u00f1ado por el comisario jefe provincial de la Polic\u00eda Nacional, Francisco Javier Oterino, el comandante de la Guardia Civil en Valladolid, Jos\u00e9 \u00c1ngel Taranilla, y la superintendente jefa de la Polic\u00eda Municipal de Valladolid, Julia Gonz\u00e1lez. En la presentaci\u00f3n han estado tambi\u00e9n representantes de CEOE Valladolid, AVADECO, FECOSVA, ASUCyL (Asociaci\u00f3n de empresarios de supermercados de Castilla y Le\u00f3n, empresarios de Hosteler\u00eda, Gremio de Joyeros y la Asociaci\u00f3n provincial de Expendedores de tabaco y Timbre del Estado. Canales ha querido insistir en la presentaci\u00f3n del Plan, que ya est\u00e1 activado, en que \u201cel esfuerzo conjunto de la Polic\u00eda Nacional, la Guardia Civil y las polic\u00edas locales es una garant\u00eda para los consumidores y comerciantes, aunque no cabe duda de que la precauci\u00f3n de todos ayuda a la hora de minimizar percances y delitos de hurto o robo\u201d. \u201cEs fundamental que todos tomemos conciencia de la situaci\u00f3n y asumamos que siempre, pero m\u00e1s a\u00fan en estas fechas, toda precauci\u00f3n es poca, que hay que tener m\u00e1s presentes que nunca las recomendaciones sobre c\u00f3mo usar las tarjetas bancarias de forma segura y tomar las medidas necesarias al comprar por internet\u201d ha detallado el subdelegado. Canales ha recordado que \u201ctambi\u00e9n es fundamental, cuando salimos a las zonas comerciales a disfrutar de una jornada de compras navide\u00f1as, asegurarnos de llevar bien seguros nuestros objetos personales, carteras, tel\u00e9fonos y medios de pago, ante la aglomeraci\u00f3n inevitable, que favorece al delincuente\u201d. El Plan Comercio Seguro, que comenz\u00f3 a programarse en 2013, ha resultado eficaz, a\u00f1o tras a\u00f1o, y es bien acogido entre los sectores implicados, las asociaciones de comerciantes, las peque\u00f1as y medianas empresas dedicadas al comercio y la hosteler\u00eda, as\u00ed como el conjunto de los ciudadanos. Todos ellos valoran muy positivamente la rapidez y la eficacia de la intervenci\u00f3n policial y consideran que el aumento de la presencia policial en las zonas comerciales disminuye el riesgo de comisi\u00f3n de delitos. DESPLIEGUE M\u00e1s de 500 agentes de la Polic\u00eda Nacional y de la Guardia Civil, a los que se suman los efectivos de la Polic\u00eda Local en las localidades que cuentan con este servicio municipal, est\u00e1n directamente implicados en este dispositivo especial cuyo objetivo es reforzar la seguridad y prevenir la comisi\u00f3n de delitos de los que son v\u00edctimas tanto los comerciantes como los clientes, principalmente, hurtos, robos con violencia e intimidaci\u00f3n, robos con fuerza y fraudes, en unos d\u00edas en que aumenta la actividad comercial y se dan aglomeraciones de personas, incluyendo tambi\u00e9n lugares de almacenamiento o distribuci\u00f3n, que pueden ser objeto de robos. El Plan atiende igualmente a los problemas relacionados con los il\u00edcitos vinculados a la compraventa de metales preciosos, as\u00ed como a hurtos y robos en establecimientos de alimentaci\u00f3n. El dispositivo se despliega tanto en las zonas urbanas como en las rurales, donde la Guardia Civil se mantiene tambi\u00e9n vigilante. La acci\u00f3n se centra especialmente en aquellas en las que se da mayor concentraci\u00f3n de personas por el incremento de la actividad comercial propio de la Navidad: centros comerciales, comercio tradicional del centro o mercados navide\u00f1os. DOS FASES El dispositivo \u2018Comercio Seguro, campa\u00f1a de Navidad 2025-2026\u2019 se desarrolla en dos fases. En la fase previa -del 21 al 30 de noviembre-, los agentes de Participaci\u00f3n Ciudadana de la Polic\u00eda Nacional han mantenido contactos con comerciantes y colectivos ciudadanos para informar sobre consejos preventivos, recibir sugerencias y necesidades y buscar la colaboraci\u00f3n ciudadana que pueda aportar informaci\u00f3n \u00fatil para que los agentes e investigadores puedan dar una respuesta \u00e1gil y eficaz, de acuerdo con sus necesidades. A estos encuentros han asistido representantes de la C\u00e1mara de Comercio, la Confederaci\u00f3n Vallisoletana de Empresarios, la Asociaci\u00f3n de Supermercados, FECOSVA, AVADECO, las asociaciones de los pol\u00edgonos de Argales y San Crist\u00f3bal, el Gremio de Joyeros, empresarios de Hosteler\u00eda, expendedores de tabaco y timbre y empresas de Seguridad. La fase operativa de presencia policial en la calle se ha iniciado el d\u00eda 1 de diciembre y continuar\u00e1 hasta 11 de enero de 2026. Implica un incremento de los servicios de prevenci\u00f3n en los lugares de mayor riesgo, mayor presencia policial en esas zonas e intercambio de informaci\u00f3n sobre medidas de seguridad a tomar y consejos \u00fatiles para comerciantes y ciudadanos. GU\u00cdA DEL PLAN COMERCIO SEGURO La Polic\u00eda Nacional ofrece estos d\u00edas la GU\u00cdA PLAN COMERCIO SEGURO en la que se dan pautas de actuaci\u00f3n para favorecer la seguridad de los negocios, saber c\u00f3mo actuar ante hechos delictivos, c\u00f3mo presentar una denuncia y c\u00f3mo utilizar de forma segura los medios de pago y el comercio electr\u00f3nico. Ante un hecho delictivo, la recomendaci\u00f3n es avisar a la Polic\u00eda Nacional, llamando al 091, en las zonas urbanas, y al 062 de la Guardia Civil, en las zonas rurales; solicitar a los testigos que permanezcan en el lugar hasta que lleguen los agentes; aportar a los agentes toda la informaci\u00f3n sobre lo sucedido y evitar manipular cualquier objeto. Las denuncias pueden presentarse in situ, en los establecimientos adheridos al protocolo, o presencialmente, en las comisar\u00edas de la Polic\u00eda Nacional o en los cuarteles de la Guardia Civil. Adem\u00e1s, la Guardia Civil ofrece la posibilidad de denuncia telem\u00e1tica a trav\u00e9s de su sistema OnRed y la Polic\u00eda Nacional, la Oficina Virtual de Denuncias.<\/p>","protected":false},"author":1,"featured_media":3784,"comment_status":"open","ping_status":"closed","sticky":false,"template":"","format":"standard","meta":{"site-sidebar-layout":"default","site-content-layout":"","ast-site-content-layout":"default","site-content-style":"default","site-sidebar-style":"default","ast-global-header-display":"","ast-banner-title-visibility":"","ast-main-header-display":"","ast-hfb-above-header-display":"","ast-hfb-below-header-display":"","ast-hfb-mobile-header-display":"","site-post-title":"disabled","ast-breadcrumbs-content":"","ast-featured-img":"","footer-sml-layout":"","theme-transparent-header-meta":"","adv-header-id-meta":"","stick-header-meta":"","header-above-stick-meta":"","header-main-stick-meta":"","header-below-stick-meta":"","astra-migrate-meta-layouts":"default","ast-page-background-enabled":"default","ast-page-background-meta":{"desktop":{"background-color":"var(--ast-global-color-5)","background-image":"","background-repeat":"repeat","background-position":"center center","background-size":"auto","background-attachment":"scroll","background-type":"","background-media":"","overlay-type":"","overlay-color":"","overlay-opacity":"","overlay-gradient":""},"tablet":{"background-color":"","background-image":"","background-repeat":"repeat","background-position":"center center","background-size":"auto","background-attachment":"scroll","background-type":"","background-media":"","overlay-type":"","overlay-color":"","overlay-opacity":"","overlay-gradient":""},"mobile":{"background-color":"","background-image":"","background-repeat":"repeat","background-position":"center center","background-size":"auto","background-attachment":"scroll","background-type":"","background-media":"","overlay-type":"","overlay-color":"","overlay-opacity":"","overlay-gradient":""}},"ast-content-background-meta":{"desktop":{"background-color":"var(--ast-global-color-4)","background-image":"","background-repeat":"repeat","background-position":"center center","background-size":"auto","background-attachment":"scroll","background-type":"","background-media":"","overlay-type":"","overlay-color":"","overlay-opacity":"","overlay-gradient":""},"tablet":{"background-color":"var(--ast-global-color-4)","background-image":"","background-repeat":"repeat","background-position":"center center","background-size":"auto","background-attachment":"scroll","background-type":"","background-media":"","overlay-type":"","overlay-color":"","overlay-opacity":"","overlay-gradient":""},"mobile":{"background-color":"var(--ast-global-color-4)","background-image":"","background-repeat":"repeat","background-position":"center center","background-size":"auto","background-attachment":"scroll","background-type":"","background-media":"","overlay-type":"","overlay-color":"","overlay-opacity":"","overlay-gradient":""}},"ngg_post_thumbnail":0,"footnotes":""},"categories":[16,5],"tags":[28,239],"class_list":["post-3783","post","type-post","status-publish","format-standard","has-post-thumbnail","hentry","category-portada","category-actualidad","tag-guardia-civil","tag-policia-2"],"aioseo_notices":[],"rttpg_featured_image_url":{"full":["https:\/\/pueblosycomarcas.com\/wp-content\/uploads\/2025\/12\/20251205_campana_comercio_seguro_valladolid.jpg",800,400,false],"landscape":["https:\/\/pueblosycomarcas.com\/wp-content\/uploads\/2025\/12\/20251205_campana_comercio_seguro_valladolid.jpg",800,400,false],"portraits":["https:\/\/pueblosycomarcas.com\/wp-content\/uploads\/2025\/12\/20251205_campana_comercio_seguro_valladolid.jpg",800,400,false],"thumbnail":["https:\/\/pueblosycomarcas.com\/wp-content\/uploads\/2025\/12\/20251205_campana_comercio_seguro_valladolid-150x150.jpg",150,150,true],"medium":["https:\/\/pueblosycomarcas.com\/wp-content\/uploads\/2025\/12\/20251205_campana_comercio_seguro_valladolid-300x150.jpg",300,150,true],"large":["https:\/\/pueblosycomarcas.com\/wp-content\/uploads\/2025\/12\/20251205_campana_comercio_seguro_valladolid.jpg",800,400,false],"1536x1536":["https:\/\/pueblosycomarcas.com\/wp-content\/uploads\/2025\/12\/20251205_campana_comercio_seguro_valladolid.jpg",800,400,false],"2048x2048":["https:\/\/pueblosycomarcas.com\/wp-content\/uploads\/2025\/12\/20251205_campana_comercio_seguro_valladolid.jpg",800,400,false],"trp-custom-language-flag":["https:\/\/pueblosycomarcas.com\/wp-content\/uploads\/2025\/12\/20251205_campana_comercio_seguro_valladolid.jpg",18,9,false]},"rttpg_author":{"display_name":"admin","author_link":"https:\/\/pueblosycomarcas.com\/en\/author\/webalquimia\/"},"rttpg_comment":0,"rttpg_category":"<a href=\"https:\/\/pueblosycomarcas.com\/en\/category\/portada\/\" rel=\"category tag\">Portada<\/a> <a href=\"https:\/\/pueblosycomarcas.com\/en\/category\/actualidad\/\" rel=\"category tag\">Tierra de Pinares<\/a>","rttpg_excerpt":"Medio millar de efectivos de la Polic\u00eda Nacional y la Guardia Civil trabajar\u00e1 para minimizar robos y hurtos en la campa\u00f1a comercial navide\u00f1a en Valladolid Canales presenta el Plan Comercio Seguro para esta Navidad en la provincia La fase operativa se inici\u00f3 el 1 de diciembre y se extender\u00e1 hasta el 11 de enero El&hellip;","_links":{"self":[{"href":"https:\/\/pueblosycomarcas.com\/en\/wp-json\/wp\/v2\/posts\/3783","targetHints":{"allow":["GET"]}}],"collection":[{"href":"https:\/\/pueblosycomarcas.com\/en\/wp-json\/wp\/v2\/posts"}],"about":[{"href":"https:\/\/pueblosycomarcas.com\/en\/wp-json\/wp\/v2\/types\/post"}],"author":[{"embeddable":true,"href":"https:\/\/pueblosycomarcas.com\/en\/wp-json\/wp\/v2\/users\/1"}],"replies":[{"embeddable":true,"href":"https:\/\/pueblosycomarcas.com\/en\/wp-json\/wp\/v2\/comments?post=3783"}],"version-history":[{"count":5,"href":"https:\/\/pueblosycomarcas.com\/en\/wp-json\/wp\/v2\/posts\/3783\/revisions"}],"predecessor-version":[{"id":3789,"href":"https:\/\/pueblosycomarcas.com\/en\/wp-json\/wp\/v2\/posts\/3783\/revisions\/3789"}],"wp:featuredmedia":[{"embeddable":true,"href":"https:\/\/pueblosycomarcas.com\/en\/wp-json\/wp\/v2\/media\/3784"}],"wp:attachment":[{"href":"https:\/\/pueblosycomarcas.com\/en\/wp-json\/wp\/v2\/media?parent=3783"}],"wp:term":[{"taxonomy":"category","embeddable":true,"href":"https:\/\/pueblosycomarcas.com\/en\/wp-json\/wp\/v2\/categories?post=3783"},{"taxonomy":"post_tag","embeddable":true,"href":"https:\/\/pueblosycomarcas.com\/en\/wp-json\/wp\/v2\/tags?post=3783"}],"curies":[{"name":"wp","href":"https:\/\/api.w.org\/{rel}","templated":true}]}}