{"id":3714,"date":"2025-12-09T06:56:55","date_gmt":"2025-12-09T05:56:55","guid":{"rendered":"https:\/\/webalquimia.es\/?p=3714"},"modified":"2025-12-09T06:56:56","modified_gmt":"2025-12-09T05:56:56","slug":"viana-de-cega-se-prepara-para-disfrutar-de-su-programacion-navidena","status":"publish","type":"post","link":"https:\/\/pueblosycomarcas.com\/en\/viana-de-cega-se-prepara-para-disfrutar-de-su-programacion-navidena\/","title":{"rendered":"Viana de Cega se prepara para disfrutar de su programaci\u00f3n navide\u00f1a"},"content":{"rendered":"<div data-elementor-type=\"wp-post\" data-elementor-id=\"3714\" class=\"elementor elementor-3714\">\n\t\t\t\t<div class=\"elementor-element elementor-element-96fb83f e-flex e-con-boxed wpr-particle-no wpr-jarallax-no wpr-parallax-no wpr-sticky-section-no wpr-equal-height-no e-con e-parent\" data-id=\"96fb83f\" data-element_type=\"container\" data-e-type=\"container\">\n\t\t\t\t\t<div class=\"e-con-inner\">\n\t\t\t\t<div class=\"elementor-element elementor-element-a94373e elementor-widget elementor-widget-heading\" data-id=\"a94373e\" data-element_type=\"widget\" data-e-type=\"widget\" data-widget_type=\"heading.default\">\n\t\t\t\t\t<h2 class=\"elementor-heading-title elementor-size-default\">Viana de Cega se prepara para disfrutar de su programaci\u00f3n navide\u00f1a<\/h2>\t\t\t\t<\/div>\n\t\t\t\t<div class=\"elementor-element elementor-element-07f0467 elementor-widget elementor-widget-text-editor\" data-id=\"07f0467\" data-element_type=\"widget\" data-e-type=\"widget\" data-widget_type=\"text-editor.default\">\n\t\t\t\t\t\t\t\t\t<ul><li><h6><em><strong>Que se extender\u00e1 del 12 de diciembre al 6 de enero de 2026<\/strong><\/em><\/h6><\/li><li><h6><em><strong>Una de las grandes novedades ser\u00e1 la celebraci\u00f3n de una cabalgata de Pap\u00e1 Noel el 20 de diciembre<\/strong><\/em><\/h6><\/li><\/ul>\t\t\t\t\t\t\t\t<\/div>\n\t\t\t\t<div class=\"elementor-element elementor-element-5554bdf elementor-widget-divider--view-line elementor-widget elementor-widget-divider\" data-id=\"5554bdf\" data-element_type=\"widget\" data-e-type=\"widget\" data-widget_type=\"divider.default\">\n\t\t\t\t\t\t\t<div class=\"elementor-divider\">\n\t\t\t<span class=\"elementor-divider-separator\">\n\t\t\t\t\t\t<\/span>\n\t\t<\/div>\n\t\t\t\t\t\t<\/div>\n\t\t\t\t<div class=\"elementor-element elementor-element-b59cc3c elementor-widget elementor-widget-image\" data-id=\"b59cc3c\" data-element_type=\"widget\" data-e-type=\"widget\" data-widget_type=\"image.default\">\n\t\t\t\t\t\t\t\t\t\t\t\t\t\t\t<img fetchpriority=\"high\" decoding=\"async\" width=\"800\" height=\"400\" src=\"https:\/\/pueblosycomarcas.com\/wp-content\/uploads\/2025\/12\/20251204_navidad_viana.jpg\" class=\"attachment-large size-large wp-image-3715\" alt=\"\" srcset=\"https:\/\/pueblosycomarcas.com\/wp-content\/uploads\/2025\/12\/20251204_navidad_viana.jpg 800w, https:\/\/pueblosycomarcas.com\/wp-content\/uploads\/2025\/12\/20251204_navidad_viana-300x150.jpg 300w, https:\/\/pueblosycomarcas.com\/wp-content\/uploads\/2025\/12\/20251204_navidad_viana-768x384.jpg 768w\" sizes=\"(max-width: 800px) 100vw, 800px\" \/>\t\t\t\t\t\t\t\t\t\t\t\t\t\t\t<\/div>\n\t\t\t\t<div class=\"elementor-element elementor-element-c8ff0c7 elementor-widget elementor-widget-text-editor\" data-id=\"c8ff0c7\" data-element_type=\"widget\" data-e-type=\"widget\" data-widget_type=\"text-editor.default\">\n\t\t\t\t\t\t\t\t\t<p><a href=\"https:\/\/www.facebook.com\/Pueblos-y-Comarcas-125437870924169\/?fref=ts\"><em><strong>Pueblosycomarcas.com<\/strong><\/em><\/a><em><strong>;\u00a0<\/strong><\/em><a href=\"https:\/\/twitter.com\/PueblosComarcas\"><em><strong>@PueblosComarcas<\/strong><\/em><\/a><\/p><p>Viana de Cega se prepara para disfrutar de su programaci\u00f3n navide\u00f1a, que se extender\u00e1 del 12 de diciembre al 6 de enero de 2026.<\/p><p>Durante el primer fin de semana, el que discurre del 12 al 14 de diciembre, desde el Ayuntamiento se han programado talleres para diferentes p\u00fablicos, de lana afieltrada para adultos y Spintronics para ni\u00f1os y j\u00f3venes, as\u00ed como la visita de la Asociaci\u00f3n de Coches Veteranos de Valladolid, actividad esta \u00faltima que se ha convertido en una cita fija de estas fechas.<\/p><p>Los d\u00edas previos a la Nochebuena y la Navidad hay prevista la realizaci\u00f3n de m\u00e1s talleres (uno organizado por el grupo de Almazuelas el 16 de diciembre, uno de cocina para ni\u00f1os el 22 y otro de fieltro al d\u00eda siguiente dirigido tambi\u00e9n a ni\u00f1os), una sesi\u00f3n de cortos y palomitas en la Casa de Cultura la tarde del 19 o una de las grandes novedades con respecto a otros a\u00f1os: la Cabalgata de Pap\u00e1 Noel en la tarde del s\u00e1bado 20 de diciembre.<\/p><p>Pasada la Navidad y antes de que lleguen Nochevieja y A\u00f1o Nuevo, el programa incluye m\u00e1s talleres para diferentes p\u00fablicos desde beb\u00e9s a adultos; actividades deportivas, como la San Silvestre vianera, el 5\u00ba Desaf\u00edo Compasquillo o el tradicional partido de f\u00fatbol de solteros contra casados; tardes de juegos, de mesa en el Centro de Ocio Joven para las familias y de juegos de corte l\u00fadico (hinchables, rana bomb\u00f3n, juegos predeportivos, etc.) en el polideportivo; o un concierto de Navidad en la Iglesia Parroquial. Destaca tambi\u00e9n en esta parte del calendario la celebraci\u00f3n de la Nochevieja Joven en el Centro de Ocio Joven el 30 de diciembre.<\/p><p>Pasado el A\u00f1o Nuevo, el 2 de enero la Casa de Cultura acoger\u00e1 un espect\u00e1culo de magia a cargo de Max Verdie y el 5 llegar\u00e1 la gran cita navide\u00f1a por excelencia como es la Cabalgata de SSMM los Reyes Magos.<\/p><p>Complementariamente, a lo largo de todo el periodo, se han organizado m\u00e1s talleres, como uno de ajedrez en familia, varios torneos en el Centro de Ocio Joven, un stage de balonmano, as\u00ed como la campa\u00f1a de fomento del consumo en el comercio local.<\/p>\t\t\t\t\t\t\t\t<\/div>\n\t\t\t\t\t<\/div>\n\t\t\t\t<\/div>\n\t\t\t\t<\/div>","protected":false},"excerpt":{"rendered":"<p>Viana de Cega se prepara para disfrutar de su programaci\u00f3n navide\u00f1a Que se extender\u00e1 del 12 de diciembre al 6 de enero de 2026 Una de las grandes novedades ser\u00e1 la celebraci\u00f3n de una cabalgata de Pap\u00e1 Noel el 20 de diciembre Pueblosycomarcas.com;\u00a0@PueblosComarcas Viana de Cega se prepara para disfrutar de su programaci\u00f3n navide\u00f1a, que se extender\u00e1 del 12 de diciembre al 6 de enero de 2026. Durante el primer fin de semana, el que discurre del 12 al 14 de diciembre, desde el Ayuntamiento se han programado talleres para diferentes p\u00fablicos, de lana afieltrada para adultos y Spintronics para ni\u00f1os y j\u00f3venes, as\u00ed como la visita de la Asociaci\u00f3n de Coches Veteranos de Valladolid, actividad esta \u00faltima que se ha convertido en una cita fija de estas fechas. Los d\u00edas previos a la Nochebuena y la Navidad hay prevista la realizaci\u00f3n de m\u00e1s talleres (uno organizado por el grupo de Almazuelas el 16 de diciembre, uno de cocina para ni\u00f1os el 22 y otro de fieltro al d\u00eda siguiente dirigido tambi\u00e9n a ni\u00f1os), una sesi\u00f3n de cortos y palomitas en la Casa de Cultura la tarde del 19 o una de las grandes novedades con respecto a otros a\u00f1os: la Cabalgata de Pap\u00e1 Noel en la tarde del s\u00e1bado 20 de diciembre. Pasada la Navidad y antes de que lleguen Nochevieja y A\u00f1o Nuevo, el programa incluye m\u00e1s talleres para diferentes p\u00fablicos desde beb\u00e9s a adultos; actividades deportivas, como la San Silvestre vianera, el 5\u00ba Desaf\u00edo Compasquillo o el tradicional partido de f\u00fatbol de solteros contra casados; tardes de juegos, de mesa en el Centro de Ocio Joven para las familias y de juegos de corte l\u00fadico (hinchables, rana bomb\u00f3n, juegos predeportivos, etc.) en el polideportivo; o un concierto de Navidad en la Iglesia Parroquial. Destaca tambi\u00e9n en esta parte del calendario la celebraci\u00f3n de la Nochevieja Joven en el Centro de Ocio Joven el 30 de diciembre. Pasado el A\u00f1o Nuevo, el 2 de enero la Casa de Cultura acoger\u00e1 un espect\u00e1culo de magia a cargo de Max Verdie y el 5 llegar\u00e1 la gran cita navide\u00f1a por excelencia como es la Cabalgata de SSMM los Reyes Magos. Complementariamente, a lo largo de todo el periodo, se han organizado m\u00e1s talleres, como uno de ajedrez en familia, varios torneos en el Centro de Ocio Joven, un stage de balonmano, as\u00ed como la campa\u00f1a de fomento del consumo en el comercio local.<\/p>","protected":false},"author":1,"featured_media":3715,"comment_status":"open","ping_status":"closed","sticky":false,"template":"","format":"standard","meta":{"site-sidebar-layout":"default","site-content-layout":"","ast-site-content-layout":"default","site-content-style":"default","site-sidebar-style":"default","ast-global-header-display":"","ast-banner-title-visibility":"","ast-main-header-display":"","ast-hfb-above-header-display":"","ast-hfb-below-header-display":"","ast-hfb-mobile-header-display":"","site-post-title":"disabled","ast-breadcrumbs-content":"","ast-featured-img":"","footer-sml-layout":"","theme-transparent-header-meta":"","adv-header-id-meta":"","stick-header-meta":"","header-above-stick-meta":"","header-main-stick-meta":"","header-below-stick-meta":"","astra-migrate-meta-layouts":"default","ast-page-background-enabled":"default","ast-page-background-meta":{"desktop":{"background-color":"var(--ast-global-color-5)","background-image":"","background-repeat":"repeat","background-position":"center center","background-size":"auto","background-attachment":"scroll","background-type":"","background-media":"","overlay-type":"","overlay-color":"","overlay-opacity":"","overlay-gradient":""},"tablet":{"background-color":"","background-image":"","background-repeat":"repeat","background-position":"center center","background-size":"auto","background-attachment":"scroll","background-type":"","background-media":"","overlay-type":"","overlay-color":"","overlay-opacity":"","overlay-gradient":""},"mobile":{"background-color":"","background-image":"","background-repeat":"repeat","background-position":"center center","background-size":"auto","background-attachment":"scroll","background-type":"","background-media":"","overlay-type":"","overlay-color":"","overlay-opacity":"","overlay-gradient":""}},"ast-content-background-meta":{"desktop":{"background-color":"var(--ast-global-color-4)","background-image":"","background-repeat":"repeat","background-position":"center center","background-size":"auto","background-attachment":"scroll","background-type":"","background-media":"","overlay-type":"","overlay-color":"","overlay-opacity":"","overlay-gradient":""},"tablet":{"background-color":"var(--ast-global-color-4)","background-image":"","background-repeat":"repeat","background-position":"center center","background-size":"auto","background-attachment":"scroll","background-type":"","background-media":"","overlay-type":"","overlay-color":"","overlay-opacity":"","overlay-gradient":""},"mobile":{"background-color":"var(--ast-global-color-4)","background-image":"","background-repeat":"repeat","background-position":"center center","background-size":"auto","background-attachment":"scroll","background-type":"","background-media":"","overlay-type":"","overlay-color":"","overlay-opacity":"","overlay-gradient":""}},"ngg_post_thumbnail":0,"footnotes":""},"categories":[11,18,16],"tags":[236,82],"class_list":["post-3714","post","type-post","status-publish","format-standard","has-post-thumbnail","hentry","category-deportes-y-ocio","category-ocio","category-portada","tag-navidad","tag-viana-de-cega"],"aioseo_notices":[],"rttpg_featured_image_url":{"full":["https:\/\/pueblosycomarcas.com\/wp-content\/uploads\/2025\/12\/20251204_navidad_viana.jpg",800,400,false],"landscape":["https:\/\/pueblosycomarcas.com\/wp-content\/uploads\/2025\/12\/20251204_navidad_viana.jpg",800,400,false],"portraits":["https:\/\/pueblosycomarcas.com\/wp-content\/uploads\/2025\/12\/20251204_navidad_viana.jpg",800,400,false],"thumbnail":["https:\/\/pueblosycomarcas.com\/wp-content\/uploads\/2025\/12\/20251204_navidad_viana-150x150.jpg",150,150,true],"medium":["https:\/\/pueblosycomarcas.com\/wp-content\/uploads\/2025\/12\/20251204_navidad_viana-300x150.jpg",300,150,true],"large":["https:\/\/pueblosycomarcas.com\/wp-content\/uploads\/2025\/12\/20251204_navidad_viana.jpg",800,400,false],"1536x1536":["https:\/\/pueblosycomarcas.com\/wp-content\/uploads\/2025\/12\/20251204_navidad_viana.jpg",800,400,false],"2048x2048":["https:\/\/pueblosycomarcas.com\/wp-content\/uploads\/2025\/12\/20251204_navidad_viana.jpg",800,400,false],"trp-custom-language-flag":["https:\/\/pueblosycomarcas.com\/wp-content\/uploads\/2025\/12\/20251204_navidad_viana.jpg",18,9,false]},"rttpg_author":{"display_name":"admin","author_link":"https:\/\/pueblosycomarcas.com\/en\/author\/webalquimia\/"},"rttpg_comment":0,"rttpg_category":"<a href=\"https:\/\/pueblosycomarcas.com\/en\/category\/deportes-y-ocio\/\" rel=\"category tag\">Deporte y Ocio<\/a> <a href=\"https:\/\/pueblosycomarcas.com\/en\/category\/ocio\/\" rel=\"category tag\">Ocio<\/a> <a href=\"https:\/\/pueblosycomarcas.com\/en\/category\/portada\/\" rel=\"category tag\">Portada<\/a>","rttpg_excerpt":"Viana de Cega se prepara para disfrutar de su programaci\u00f3n navide\u00f1a Que se extender\u00e1 del 12 de diciembre al 6 de enero de 2026 Una de las grandes novedades ser\u00e1 la celebraci\u00f3n de una cabalgata de Pap\u00e1 Noel el 20 de diciembre Pueblosycomarcas.com;\u00a0@PueblosComarcas Viana de Cega se prepara para disfrutar de su programaci\u00f3n navide\u00f1a, que&hellip;","_links":{"self":[{"href":"https:\/\/pueblosycomarcas.com\/en\/wp-json\/wp\/v2\/posts\/3714","targetHints":{"allow":["GET"]}}],"collection":[{"href":"https:\/\/pueblosycomarcas.com\/en\/wp-json\/wp\/v2\/posts"}],"about":[{"href":"https:\/\/pueblosycomarcas.com\/en\/wp-json\/wp\/v2\/types\/post"}],"author":[{"embeddable":true,"href":"https:\/\/pueblosycomarcas.com\/en\/wp-json\/wp\/v2\/users\/1"}],"replies":[{"embeddable":true,"href":"https:\/\/pueblosycomarcas.com\/en\/wp-json\/wp\/v2\/comments?post=3714"}],"version-history":[{"count":5,"href":"https:\/\/pueblosycomarcas.com\/en\/wp-json\/wp\/v2\/posts\/3714\/revisions"}],"predecessor-version":[{"id":3720,"href":"https:\/\/pueblosycomarcas.com\/en\/wp-json\/wp\/v2\/posts\/3714\/revisions\/3720"}],"wp:featuredmedia":[{"embeddable":true,"href":"https:\/\/pueblosycomarcas.com\/en\/wp-json\/wp\/v2\/media\/3715"}],"wp:attachment":[{"href":"https:\/\/pueblosycomarcas.com\/en\/wp-json\/wp\/v2\/media?parent=3714"}],"wp:term":[{"taxonomy":"category","embeddable":true,"href":"https:\/\/pueblosycomarcas.com\/en\/wp-json\/wp\/v2\/categories?post=3714"},{"taxonomy":"post_tag","embeddable":true,"href":"https:\/\/pueblosycomarcas.com\/en\/wp-json\/wp\/v2\/tags?post=3714"}],"curies":[{"name":"wp","href":"https:\/\/api.w.org\/{rel}","templated":true}]}}