{"id":3700,"date":"2025-12-04T12:26:00","date_gmt":"2025-12-04T11:26:00","guid":{"rendered":"https:\/\/webalquimia.es\/?p=3700"},"modified":"2025-12-04T12:26:45","modified_gmt":"2025-12-04T11:26:45","slug":"llega-la-navidad-a-aldeamayor-con-un-extenso-y-variado-programa-de-actividades","status":"publish","type":"post","link":"https:\/\/pueblosycomarcas.com\/en\/llega-la-navidad-a-aldeamayor-con-un-extenso-y-variado-programa-de-actividades\/","title":{"rendered":"Llega la Navidad a Aldeamayor con un extenso y variado programa de actividades"},"content":{"rendered":"<div data-elementor-type=\"wp-post\" data-elementor-id=\"3700\" class=\"elementor elementor-3700\">\n\t\t\t\t<div class=\"elementor-element elementor-element-18b6ea5 e-flex e-con-boxed wpr-particle-no wpr-jarallax-no wpr-parallax-no wpr-sticky-section-no wpr-equal-height-no e-con e-parent\" data-id=\"18b6ea5\" data-element_type=\"container\" data-e-type=\"container\">\n\t\t\t\t\t<div class=\"e-con-inner\">\n\t\t\t\t<div class=\"elementor-element elementor-element-1954f37 elementor-widget elementor-widget-heading\" data-id=\"1954f37\" data-element_type=\"widget\" data-e-type=\"widget\" data-widget_type=\"heading.default\">\n\t\t\t\t\t<h2 class=\"elementor-heading-title elementor-size-default\">Llega la Navidad a Aldeamayor con un extenso y variado programa de actividades<\/h2>\t\t\t\t<\/div>\n\t\t\t\t<div class=\"elementor-element elementor-element-cbf4db9 elementor-widget elementor-widget-text-editor\" data-id=\"cbf4db9\" data-element_type=\"widget\" data-e-type=\"widget\" data-widget_type=\"text-editor.default\">\n\t\t\t\t\t\t\t\t\t<ul><li><h6><em><strong>Que ya ha dado comienzo y que se extender\u00e1 hasta el d\u00eda 6 de enero, Epifan\u00eda del Se\u00f1or<\/strong><\/em><\/h6><\/li><li><h6><em><strong>Destacan las cabalgatas de Pap\u00e1 Noel y Reyes Magos as\u00ed como las fiestas de Nochebuena, Fin de A\u00f1o y Reyes en el front\u00f3n municipal<\/strong><\/em><\/h6><\/li><\/ul>\t\t\t\t\t\t\t\t<\/div>\n\t\t\t\t<div class=\"elementor-element elementor-element-993b989 elementor-widget-divider--view-line elementor-widget elementor-widget-divider\" data-id=\"993b989\" data-element_type=\"widget\" data-e-type=\"widget\" data-widget_type=\"divider.default\">\n\t\t\t\t\t\t\t<div class=\"elementor-divider\">\n\t\t\t<span class=\"elementor-divider-separator\">\n\t\t\t\t\t\t<\/span>\n\t\t<\/div>\n\t\t\t\t\t\t<\/div>\n\t\t\t\t<div class=\"elementor-element elementor-element-0deed2b elementor-widget elementor-widget-image\" data-id=\"0deed2b\" data-element_type=\"widget\" data-e-type=\"widget\" data-widget_type=\"image.default\">\n\t\t\t\t\t\t\t\t\t\t\t\t\t\t\t<img fetchpriority=\"high\" decoding=\"async\" width=\"800\" height=\"400\" src=\"https:\/\/pueblosycomarcas.com\/wp-content\/uploads\/2025\/12\/20251204_navidad_aldeamayor.jpg\" class=\"attachment-large size-large wp-image-3701\" alt=\"\" srcset=\"https:\/\/pueblosycomarcas.com\/wp-content\/uploads\/2025\/12\/20251204_navidad_aldeamayor.jpg 800w, https:\/\/pueblosycomarcas.com\/wp-content\/uploads\/2025\/12\/20251204_navidad_aldeamayor-300x150.jpg 300w, https:\/\/pueblosycomarcas.com\/wp-content\/uploads\/2025\/12\/20251204_navidad_aldeamayor-768x384.jpg 768w\" sizes=\"(max-width: 800px) 100vw, 800px\" \/>\t\t\t\t\t\t\t\t\t\t\t\t\t\t\t<\/div>\n\t\t\t\t<div class=\"elementor-element elementor-element-6d96089 elementor-widget elementor-widget-text-editor\" data-id=\"6d96089\" data-element_type=\"widget\" data-e-type=\"widget\" data-widget_type=\"text-editor.default\">\n\t\t\t\t\t\t\t\t\t<p><a href=\"https:\/\/www.facebook.com\/Pueblos-y-Comarcas-125437870924169\/?fref=ts\"><em><strong>Pueblosycomarcas.com<\/strong><\/em><\/a><em><strong>;&nbsp;<\/strong><\/em><a href=\"https:\/\/twitter.com\/PueblosComarcas\"><em><strong>@PueblosComarcas<\/strong><\/em><\/a><\/p>\n<p>El Ayuntamiento de Aldeamayor de San Mart\u00edn public\u00f3 el pasado martes el programa de Navidad cuyas primeras actividades ya es est\u00e1n desarrollando desde esta misma semana.<\/p>\n<p>Tras unas jornadas de charlas informativas y talleres en diferentes espacios municipales, la primera gran cita llegar\u00e1 el pr\u00f3ximo domingo, 7 de diciembre, con el encendido del \u00e1rbol de Navidad del Centro de D\u00eda a las 18:00 horas. La nota musical a este entra\u00f1able momento la pondr\u00e1 la interpretaci\u00f3n de villancicos por parte del coro de la localidad.<\/p>\n<p>Y si de encendidos de \u00e1rboles se trata, el viernes 12, a las 19:00 horas, tendr\u00e1 lugar el encendido del de la Plaza Mayor que servir\u00e1 de kil\u00f3metro 0 de estas fechas tan entra\u00f1ables. El encendido vendr\u00e1 acompa\u00f1ado de un espect\u00e1culo de iluminaci\u00f3n navide\u00f1a, con pases tres pases a esa hora, a las 19:30 y a las 20:00 horas, y con una taza de chocolate caliente para todos los presentes.<\/p>\n<p>Los j\u00f3venes tienen una amplia oferta de propuestas en el programa que incluyen no s\u00f3lo talleres diversos sino tambi\u00e9n una excursi\u00f3n a la pista de hielo de Valladolid el s\u00e1bado 13.<\/p>\n<p>El viernes 19, coincidiendo con el inicio de las vacaciones escolares, los alumnos de la Escuela Infantil Municipal celebrar\u00e1n su tradicional festival en la Casa de Cultura \u2018Adolfo Su\u00e1rez\u2019 a la vez que inaugurar\u00e1n en este mismo lugar una exposici\u00f3n de \u00e1rboles de Navidad que se podr\u00e1 visitar hasta el 7 de enero.<\/p>\n<p>La parte deportiva tambi\u00e9n estar\u00e1 presente durante todo el periodo navide\u00f1o con diferentes torneos y competiciones, como un campeonato de tenis de mesa el d\u00eda 20 de diciembre, un torneo de baloncesto el 26 o la ya tradicional tirada de juegos aut\u00f3ctonos en la ma\u00f1ana del s\u00e1bado 27.<\/p>\n<p>Lo mismo pasa con la oferta esc\u00e9nica, que tendr\u00e1 su reflejo los s\u00e1bados 20 y 27 con los espect\u00e1culos <em>Alicia descubre la Navidad <\/em>y <em>El Gran Showman<\/em> que se representar\u00e1n en el teatro de la Casa de Cultura en horario de 19:00 horas.<\/p>\n<p>Como cada Navidad, los socios del Centro de D\u00eda organizan su tradicional Bel\u00e9n viviente que se podr\u00e1 visitar en esta instalaci\u00f3n entre las seis y las ocho de la tarde.<\/p>\n<p>Siguen pasando los d\u00edas, con actividades para todas las edades, y llega otra de las citas m\u00e1s esperadas previas al D\u00eda de Navidad: la visita de Pap\u00e1 Noel del d\u00eda 23 de diciembre. Tras su llegada al Espacio Joven a las 18:00 horas recorrer\u00e1 las calles del municipio hasta la Plaza Mayor, donde se hablar\u00e1 con todos los ni\u00f1os que lo deseen.<\/p>\n<p>Una de las grandes novedades del programa ser\u00e1 una Fiesta de Nochebuena que se celebrar\u00e1 en la madrugada del mi\u00e9rcoles 24 al s\u00e1bado 25, a partir de las doce de la noche, en el front\u00f3n municipal.<\/p>\n<p>En un programa tan amplio como el de Aldeamayor, la colaboraci\u00f3n de los colectivos y asociaciones es fundamental. Y esa colaboraci\u00f3n, que se extender\u00e1 desde las primeras actividades, tendr\u00e1 un momento culminante durante el domingo 28 con el aguinaldo y chocolatada organizados al alim\u00f3n por la Asociaci\u00f3n G.D. Aldea Maior y por la AMT Tierra de Pinares, que partir\u00e1 a las 17:00 horas de la Plaza Mayor, y con la recogida de cartas para los Reyes Magos organizada por la Asociaci\u00f3n de Vecinos de El Soto tambi\u00e9n desde las cinco de la tarde en la propia urbanizaci\u00f3n.<\/p>\n<p>El mi\u00e9rcoles 31, tras las uvas y las campanadas, se ha programado una fiesta de Fin de A\u00f1o desde las 01:30 horas en el Front\u00f3n Municipal. A d\u00eda siguiente, primero de enero, la iglesia de San Mart\u00edn de Tours acoger\u00e1 la Misa de A\u00f1o nuevo.<\/p>\n<p>Con la llegada del 2026 llega tambi\u00e9n NaviAldea Park, propuesta de ocio que se desarrollar\u00e1 en el polideportivo del 2 al 4 de enero en horario de 16:00 a 21:00 horas con propuestas varias como hinchables, pintacaras, visita del cartero real, animaci\u00f3n musical, etc.<\/p>\n<p>El programa va llegando a su fin, pero queda el gran momento de estas fechas como es la Cabalgata de los Reyes Magos en la tarde noche del lunes 5 de enero. Melchor, Gaspar y Baltasar saldr\u00e1n desde el Espacio Joven a las 19:00 horas para recorrer las calles hasta llegar al polideportivo donde ofrecer\u00e1n una recepci\u00f3n a todos los ni\u00f1os de la localidad.<\/p>\n<p>Como fin de esta jornada tan entra\u00f1able, desde las 23:00 horas se podr\u00e1 disfrutar de un cotill\u00f3n de Reyes en el front\u00f3n municipal.<\/p>\n<p>Destacar que el Ayuntamiento ha organizado un concurso de fachadas navide\u00f1as, con premios de 200, 150 y 100 euros a las tres mejores, y que ya fuera del periodo navide\u00f1o, el s\u00e1bado 10 de enero, el Grupo de Teatro el Llano representar\u00e1 en la Casa de Cultura Adolfo Su\u00e1rez la obra <em>La boda. <\/em><\/p>\n<p>Toda la programaci\u00f3n se puede consultar en el siguiente enlace:<\/p>\n<h4><ul><li><strong>Programa de Navidad 2025 de Aldeamayor de San Mart\u00edn<\/strong><\/li><\/ul><\/h4>\t\t\t\t\t\t\t\t<\/div>\n\t\t\t\t\t<\/div>\n\t\t\t\t<\/div>\n\t\t\t\t<\/div>","protected":false},"excerpt":{"rendered":"<p>Llega la Navidad a Aldeamayor con un extenso y variado programa de actividades Que ya ha dado comienzo y que se extender\u00e1 hasta el d\u00eda 6 de enero, Epifan\u00eda del Se\u00f1or Destacan las cabalgatas de Pap\u00e1 Noel y Reyes Magos as\u00ed como las fiestas de Nochebuena, Fin de A\u00f1o y Reyes en el front\u00f3n municipal Pueblosycomarcas.com;&nbsp;@PueblosComarcas El Ayuntamiento de Aldeamayor de San Mart\u00edn public\u00f3 el pasado martes el programa de Navidad cuyas primeras actividades ya es est\u00e1n desarrollando desde esta misma semana. Tras unas jornadas de charlas informativas y talleres en diferentes espacios municipales, la primera gran cita llegar\u00e1 el pr\u00f3ximo domingo, 7 de diciembre, con el encendido del \u00e1rbol de Navidad del Centro de D\u00eda a las 18:00 horas. La nota musical a este entra\u00f1able momento la pondr\u00e1 la interpretaci\u00f3n de villancicos por parte del coro de la localidad. Y si de encendidos de \u00e1rboles se trata, el viernes 12, a las 19:00 horas, tendr\u00e1 lugar el encendido del de la Plaza Mayor que servir\u00e1 de kil\u00f3metro 0 de estas fechas tan entra\u00f1ables. El encendido vendr\u00e1 acompa\u00f1ado de un espect\u00e1culo de iluminaci\u00f3n navide\u00f1a, con pases tres pases a esa hora, a las 19:30 y a las 20:00 horas, y con una taza de chocolate caliente para todos los presentes. Los j\u00f3venes tienen una amplia oferta de propuestas en el programa que incluyen no s\u00f3lo talleres diversos sino tambi\u00e9n una excursi\u00f3n a la pista de hielo de Valladolid el s\u00e1bado 13. El viernes 19, coincidiendo con el inicio de las vacaciones escolares, los alumnos de la Escuela Infantil Municipal celebrar\u00e1n su tradicional festival en la Casa de Cultura \u2018Adolfo Su\u00e1rez\u2019 a la vez que inaugurar\u00e1n en este mismo lugar una exposici\u00f3n de \u00e1rboles de Navidad que se podr\u00e1 visitar hasta el 7 de enero. La parte deportiva tambi\u00e9n estar\u00e1 presente durante todo el periodo navide\u00f1o con diferentes torneos y competiciones, como un campeonato de tenis de mesa el d\u00eda 20 de diciembre, un torneo de baloncesto el 26 o la ya tradicional tirada de juegos aut\u00f3ctonos en la ma\u00f1ana del s\u00e1bado 27. Lo mismo pasa con la oferta esc\u00e9nica, que tendr\u00e1 su reflejo los s\u00e1bados 20 y 27 con los espect\u00e1culos Alicia descubre la Navidad y El Gran Showman que se representar\u00e1n en el teatro de la Casa de Cultura en horario de 19:00 horas. Como cada Navidad, los socios del Centro de D\u00eda organizan su tradicional Bel\u00e9n viviente que se podr\u00e1 visitar en esta instalaci\u00f3n entre las seis y las ocho de la tarde. Siguen pasando los d\u00edas, con actividades para todas las edades, y llega otra de las citas m\u00e1s esperadas previas al D\u00eda de Navidad: la visita de Pap\u00e1 Noel del d\u00eda 23 de diciembre. Tras su llegada al Espacio Joven a las 18:00 horas recorrer\u00e1 las calles del municipio hasta la Plaza Mayor, donde se hablar\u00e1 con todos los ni\u00f1os que lo deseen. Una de las grandes novedades del programa ser\u00e1 una Fiesta de Nochebuena que se celebrar\u00e1 en la madrugada del mi\u00e9rcoles 24 al s\u00e1bado 25, a partir de las doce de la noche, en el front\u00f3n municipal. En un programa tan amplio como el de Aldeamayor, la colaboraci\u00f3n de los colectivos y asociaciones es fundamental. Y esa colaboraci\u00f3n, que se extender\u00e1 desde las primeras actividades, tendr\u00e1 un momento culminante durante el domingo 28 con el aguinaldo y chocolatada organizados al alim\u00f3n por la Asociaci\u00f3n G.D. Aldea Maior y por la AMT Tierra de Pinares, que partir\u00e1 a las 17:00 horas de la Plaza Mayor, y con la recogida de cartas para los Reyes Magos organizada por la Asociaci\u00f3n de Vecinos de El Soto tambi\u00e9n desde las cinco de la tarde en la propia urbanizaci\u00f3n. El mi\u00e9rcoles 31, tras las uvas y las campanadas, se ha programado una fiesta de Fin de A\u00f1o desde las 01:30 horas en el Front\u00f3n Municipal. A d\u00eda siguiente, primero de enero, la iglesia de San Mart\u00edn de Tours acoger\u00e1 la Misa de A\u00f1o nuevo. Con la llegada del 2026 llega tambi\u00e9n NaviAldea Park, propuesta de ocio que se desarrollar\u00e1 en el polideportivo del 2 al 4 de enero en horario de 16:00 a 21:00 horas con propuestas varias como hinchables, pintacaras, visita del cartero real, animaci\u00f3n musical, etc. El programa va llegando a su fin, pero queda el gran momento de estas fechas como es la Cabalgata de los Reyes Magos en la tarde noche del lunes 5 de enero. Melchor, Gaspar y Baltasar saldr\u00e1n desde el Espacio Joven a las 19:00 horas para recorrer las calles hasta llegar al polideportivo donde ofrecer\u00e1n una recepci\u00f3n a todos los ni\u00f1os de la localidad. Como fin de esta jornada tan entra\u00f1able, desde las 23:00 horas se podr\u00e1 disfrutar de un cotill\u00f3n de Reyes en el front\u00f3n municipal. Destacar que el Ayuntamiento ha organizado un concurso de fachadas navide\u00f1as, con premios de 200, 150 y 100 euros a las tres mejores, y que ya fuera del periodo navide\u00f1o, el s\u00e1bado 10 de enero, el Grupo de Teatro el Llano representar\u00e1 en la Casa de Cultura Adolfo Su\u00e1rez la obra La boda. Toda la programaci\u00f3n se puede consultar en el siguiente enlace: Programa de Navidad 2025 de Aldeamayor de San Mart\u00edn<\/p>","protected":false},"author":1,"featured_media":3701,"comment_status":"open","ping_status":"closed","sticky":false,"template":"","format":"standard","meta":{"site-sidebar-layout":"default","site-content-layout":"","ast-site-content-layout":"default","site-content-style":"default","site-sidebar-style":"default","ast-global-header-display":"","ast-banner-title-visibility":"","ast-main-header-display":"","ast-hfb-above-header-display":"","ast-hfb-below-header-display":"","ast-hfb-mobile-header-display":"","site-post-title":"disabled","ast-breadcrumbs-content":"","ast-featured-img":"","footer-sml-layout":"","theme-transparent-header-meta":"","adv-header-id-meta":"","stick-header-meta":"","header-above-stick-meta":"","header-main-stick-meta":"","header-below-stick-meta":"","astra-migrate-meta-layouts":"default","ast-page-background-enabled":"default","ast-page-background-meta":{"desktop":{"background-color":"var(--ast-global-color-5)","background-image":"","background-repeat":"repeat","background-position":"center center","background-size":"auto","background-attachment":"scroll","background-type":"","background-media":"","overlay-type":"","overlay-color":"","overlay-opacity":"","overlay-gradient":""},"tablet":{"background-color":"","background-image":"","background-repeat":"repeat","background-position":"center center","background-size":"auto","background-attachment":"scroll","background-type":"","background-media":"","overlay-type":"","overlay-color":"","overlay-opacity":"","overlay-gradient":""},"mobile":{"background-color":"","background-image":"","background-repeat":"repeat","background-position":"center center","background-size":"auto","background-attachment":"scroll","background-type":"","background-media":"","overlay-type":"","overlay-color":"","overlay-opacity":"","overlay-gradient":""}},"ast-content-background-meta":{"desktop":{"background-color":"var(--ast-global-color-4)","background-image":"","background-repeat":"repeat","background-position":"center center","background-size":"auto","background-attachment":"scroll","background-type":"","background-media":"","overlay-type":"","overlay-color":"","overlay-opacity":"","overlay-gradient":""},"tablet":{"background-color":"var(--ast-global-color-4)","background-image":"","background-repeat":"repeat","background-position":"center center","background-size":"auto","background-attachment":"scroll","background-type":"","background-media":"","overlay-type":"","overlay-color":"","overlay-opacity":"","overlay-gradient":""},"mobile":{"background-color":"var(--ast-global-color-4)","background-image":"","background-repeat":"repeat","background-position":"center center","background-size":"auto","background-attachment":"scroll","background-type":"","background-media":"","overlay-type":"","overlay-color":"","overlay-opacity":"","overlay-gradient":""}},"ngg_post_thumbnail":0,"footnotes":""},"categories":[11,18,16],"tags":[109,236],"class_list":["post-3700","post","type-post","status-publish","format-standard","has-post-thumbnail","hentry","category-deportes-y-ocio","category-ocio","category-portada","tag-aldeamayor","tag-navidad"],"aioseo_notices":[],"rttpg_featured_image_url":{"full":["https:\/\/pueblosycomarcas.com\/wp-content\/uploads\/2025\/12\/20251204_navidad_aldeamayor.jpg",800,400,false],"landscape":["https:\/\/pueblosycomarcas.com\/wp-content\/uploads\/2025\/12\/20251204_navidad_aldeamayor.jpg",800,400,false],"portraits":["https:\/\/pueblosycomarcas.com\/wp-content\/uploads\/2025\/12\/20251204_navidad_aldeamayor.jpg",800,400,false],"thumbnail":["https:\/\/pueblosycomarcas.com\/wp-content\/uploads\/2025\/12\/20251204_navidad_aldeamayor-150x150.jpg",150,150,true],"medium":["https:\/\/pueblosycomarcas.com\/wp-content\/uploads\/2025\/12\/20251204_navidad_aldeamayor-300x150.jpg",300,150,true],"large":["https:\/\/pueblosycomarcas.com\/wp-content\/uploads\/2025\/12\/20251204_navidad_aldeamayor.jpg",800,400,false],"1536x1536":["https:\/\/pueblosycomarcas.com\/wp-content\/uploads\/2025\/12\/20251204_navidad_aldeamayor.jpg",800,400,false],"2048x2048":["https:\/\/pueblosycomarcas.com\/wp-content\/uploads\/2025\/12\/20251204_navidad_aldeamayor.jpg",800,400,false],"trp-custom-language-flag":["https:\/\/pueblosycomarcas.com\/wp-content\/uploads\/2025\/12\/20251204_navidad_aldeamayor.jpg",18,9,false]},"rttpg_author":{"display_name":"admin","author_link":"https:\/\/pueblosycomarcas.com\/en\/author\/webalquimia\/"},"rttpg_comment":0,"rttpg_category":"<a href=\"https:\/\/pueblosycomarcas.com\/en\/category\/deportes-y-ocio\/\" rel=\"category tag\">Deporte y Ocio<\/a> <a href=\"https:\/\/pueblosycomarcas.com\/en\/category\/ocio\/\" rel=\"category tag\">Ocio<\/a> <a href=\"https:\/\/pueblosycomarcas.com\/en\/category\/portada\/\" rel=\"category tag\">Portada<\/a>","rttpg_excerpt":"Llega la Navidad a Aldeamayor con un extenso y variado programa de actividades Que ya ha dado comienzo y que se extender\u00e1 hasta el d\u00eda 6 de enero, Epifan\u00eda del Se\u00f1or Destacan las cabalgatas de Pap\u00e1 Noel y Reyes Magos as\u00ed como las fiestas de Nochebuena, Fin de A\u00f1o y Reyes en el front\u00f3n municipal&hellip;","_links":{"self":[{"href":"https:\/\/pueblosycomarcas.com\/en\/wp-json\/wp\/v2\/posts\/3700","targetHints":{"allow":["GET"]}}],"collection":[{"href":"https:\/\/pueblosycomarcas.com\/en\/wp-json\/wp\/v2\/posts"}],"about":[{"href":"https:\/\/pueblosycomarcas.com\/en\/wp-json\/wp\/v2\/types\/post"}],"author":[{"embeddable":true,"href":"https:\/\/pueblosycomarcas.com\/en\/wp-json\/wp\/v2\/users\/1"}],"replies":[{"embeddable":true,"href":"https:\/\/pueblosycomarcas.com\/en\/wp-json\/wp\/v2\/comments?post=3700"}],"version-history":[{"count":5,"href":"https:\/\/pueblosycomarcas.com\/en\/wp-json\/wp\/v2\/posts\/3700\/revisions"}],"predecessor-version":[{"id":3706,"href":"https:\/\/pueblosycomarcas.com\/en\/wp-json\/wp\/v2\/posts\/3700\/revisions\/3706"}],"wp:featuredmedia":[{"embeddable":true,"href":"https:\/\/pueblosycomarcas.com\/en\/wp-json\/wp\/v2\/media\/3701"}],"wp:attachment":[{"href":"https:\/\/pueblosycomarcas.com\/en\/wp-json\/wp\/v2\/media?parent=3700"}],"wp:term":[{"taxonomy":"category","embeddable":true,"href":"https:\/\/pueblosycomarcas.com\/en\/wp-json\/wp\/v2\/categories?post=3700"},{"taxonomy":"post_tag","embeddable":true,"href":"https:\/\/pueblosycomarcas.com\/en\/wp-json\/wp\/v2\/tags?post=3700"}],"curies":[{"name":"wp","href":"https:\/\/api.w.org\/{rel}","templated":true}]}}