{"id":3678,"date":"2025-12-03T14:27:06","date_gmt":"2025-12-03T13:27:06","guid":{"rendered":"https:\/\/webalquimia.es\/?p=3678"},"modified":"2025-12-03T14:29:29","modified_gmt":"2025-12-03T13:29:29","slug":"la-diputacion-de-valladolid-participa-en-expoaire-feria-internacional-de-espacios-naturales-turismo-activo-y-ecoturismo","status":"publish","type":"post","link":"https:\/\/pueblosycomarcas.com\/en\/la-diputacion-de-valladolid-participa-en-expoaire-feria-internacional-de-espacios-naturales-turismo-activo-y-ecoturismo\/","title":{"rendered":"La Diputaci\u00f3n de Valladolid participa en EXPOAIRE, Feria Internacional de Espacios Naturales, Turismo Activo y Ecoturismo"},"content":{"rendered":"<div data-elementor-type=\"wp-post\" data-elementor-id=\"3678\" class=\"elementor elementor-3678\">\n\t\t\t\t<div class=\"elementor-element elementor-element-1a2ed5b e-flex e-con-boxed wpr-particle-no wpr-jarallax-no wpr-parallax-no wpr-sticky-section-no wpr-equal-height-no e-con e-parent\" data-id=\"1a2ed5b\" data-element_type=\"container\" data-e-type=\"container\">\n\t\t\t\t\t<div class=\"e-con-inner\">\n\t\t\t\t<div class=\"elementor-element elementor-element-065e6fc elementor-widget elementor-widget-heading\" data-id=\"065e6fc\" data-element_type=\"widget\" data-e-type=\"widget\" data-widget_type=\"heading.default\">\n\t\t\t\t\t<h2 class=\"elementor-heading-title elementor-size-default\">La Diputaci\u00f3n de Valladolid participa en EXPOAIRE, Feria Internacional de Espacios Naturales, Turismo Activo y Ecoturismo\n<\/h2>\t\t\t\t<\/div>\n\t\t\t\t<div class=\"elementor-element elementor-element-e54cb7f elementor-widget elementor-widget-text-editor\" data-id=\"e54cb7f\" data-element_type=\"widget\" data-e-type=\"widget\" data-widget_type=\"text-editor.default\">\n\t\t\t\t\t\t\t\t\t<ul><li><h6><em><strong>Se trata de la primera vez que la instituci\u00f3n provincial acude a esta feria, y lo hace con el objetivo de establecer nuevos contactos profesionales y promocionar los espacios naturales de la provincia, el astroturismo y el eclipse solar de 2026<\/strong><\/em><\/h6><\/li><\/ul>\t\t\t\t\t\t\t\t<\/div>\n\t\t\t\t<div class=\"elementor-element elementor-element-1ddfd5f elementor-widget-divider--view-line elementor-widget elementor-widget-divider\" data-id=\"1ddfd5f\" data-element_type=\"widget\" data-e-type=\"widget\" data-widget_type=\"divider.default\">\n\t\t\t\t\t\t\t<div class=\"elementor-divider\">\n\t\t\t<span class=\"elementor-divider-separator\">\n\t\t\t\t\t\t<\/span>\n\t\t<\/div>\n\t\t\t\t\t\t<\/div>\n\t\t\t\t<div class=\"elementor-element elementor-element-43004b7 elementor-widget elementor-widget-image\" data-id=\"43004b7\" data-element_type=\"widget\" data-e-type=\"widget\" data-widget_type=\"image.default\">\n\t\t\t\t\t\t\t\t\t\t\t\t\t\t\t<img fetchpriority=\"high\" decoding=\"async\" width=\"800\" height=\"400\" src=\"https:\/\/pueblosycomarcas.com\/wp-content\/uploads\/2025\/12\/20251203_expoaire.jpeg\" class=\"attachment-large size-large wp-image-3679\" alt=\"\" srcset=\"https:\/\/pueblosycomarcas.com\/wp-content\/uploads\/2025\/12\/20251203_expoaire.jpeg 800w, https:\/\/pueblosycomarcas.com\/wp-content\/uploads\/2025\/12\/20251203_expoaire-300x150.jpeg 300w, https:\/\/pueblosycomarcas.com\/wp-content\/uploads\/2025\/12\/20251203_expoaire-768x384.jpeg 768w\" sizes=\"(max-width: 800px) 100vw, 800px\" \/>\t\t\t\t\t\t\t\t\t\t\t\t\t\t\t<\/div>\n\t\t\t\t<div class=\"elementor-element elementor-element-0611c4d elementor-widget elementor-widget-text-editor\" data-id=\"0611c4d\" data-element_type=\"widget\" data-e-type=\"widget\" data-widget_type=\"text-editor.default\">\n\t\t\t\t\t\t\t\t\t<p><a href=\"https:\/\/www.facebook.com\/Pueblos-y-Comarcas-125437870924169\/?fref=ts\"><em><strong>Pueblosycomarcas.com<\/strong><\/em><\/a><em><strong>;\u00a0<\/strong><\/em><a href=\"https:\/\/twitter.com\/PueblosComarcas\"><em><strong>@PueblosComarcas<\/strong><\/em><\/a><\/p><p>El diputado de Empleo, Desarrollo Econ\u00f3mico y Reto Demogr\u00e1fico, Roberto Migall\u00f3n, ha asistido a la Feria Internacional de Espacios Naturales, Turismo Activo y Ecoturismo, EXPOAIRE, que se celebra en C\u00f3rdoba hasta ma\u00f1ana 4 de diciembre.<\/p><p>ExpoAire es un espacio de encuentro de referencia para profesionales de la gesti\u00f3n de espacios naturales, el turismo activo y el ecoturismo, que re\u00fane a responsables del sector de toda Espa\u00f1a y a 70 expertos nacionales que participan en conferencias, mesas redondas, actividades t\u00e9cnicas y demostraciones.<\/p><p>La programaci\u00f3n de esta edici\u00f3n aborda aspectos clave del sector, incluyendo la gesti\u00f3n de emergencias y la seguridad, con la colaboraci\u00f3n de la UME y otros organismos especializados en protecci\u00f3n ambiental, la conservaci\u00f3n del medio natural, la infraestructura y el uso p\u00fablico de los espacios, as\u00ed como el turismo de naturaleza y el desarrollo rural.<\/p><p>La Diputaci\u00f3n de Valladolid participa por primera vez en esta feria con el objetivo de establecer nuevos contactos profesionales y promocionar los espacios naturales de la provincia, el astroturismo y el eclipse solar de 2026, para el que Valladolid ser\u00e1 uno de los puntos de observaci\u00f3n m\u00e1s relevantes del pa\u00eds.<\/p><p>La provincia de Valladolid dispone de un stand propio en la feria, donde se distribuye material promocional sobre turismo de naturaleza, astroturismo, turismo familiar, slow driving y enoturismo. Las gr\u00e1ficas del stand muestran algunos de los recursos naturales m\u00e1s emblem\u00e1ticos de la provincia como el Canal de Castilla, los Cortados del Pisuerga, las Riberas de Castronu\u00f1o y el cielo nocturno en el Centro de Interpretaci\u00f3n de la Naturaleza de Villalba de los Alcores.<\/p>\t\t\t\t\t\t\t\t<\/div>\n\t\t\t\t\t<\/div>\n\t\t\t\t<\/div>\n\t\t\t\t<\/div>","protected":false},"excerpt":{"rendered":"<p>La Diputaci\u00f3n de Valladolid participa en EXPOAIRE, Feria Internacional de Espacios Naturales, Turismo Activo y Ecoturismo Se trata de la primera vez que la instituci\u00f3n provincial acude a esta feria, y lo hace con el objetivo de establecer nuevos contactos profesionales y promocionar los espacios naturales de la provincia, el astroturismo y el eclipse solar de 2026 Pueblosycomarcas.com;\u00a0@PueblosComarcas El diputado de Empleo, Desarrollo Econ\u00f3mico y Reto Demogr\u00e1fico, Roberto Migall\u00f3n, ha asistido a la Feria Internacional de Espacios Naturales, Turismo Activo y Ecoturismo, EXPOAIRE, que se celebra en C\u00f3rdoba hasta ma\u00f1ana 4 de diciembre. ExpoAire es un espacio de encuentro de referencia para profesionales de la gesti\u00f3n de espacios naturales, el turismo activo y el ecoturismo, que re\u00fane a responsables del sector de toda Espa\u00f1a y a 70 expertos nacionales que participan en conferencias, mesas redondas, actividades t\u00e9cnicas y demostraciones. La programaci\u00f3n de esta edici\u00f3n aborda aspectos clave del sector, incluyendo la gesti\u00f3n de emergencias y la seguridad, con la colaboraci\u00f3n de la UME y otros organismos especializados en protecci\u00f3n ambiental, la conservaci\u00f3n del medio natural, la infraestructura y el uso p\u00fablico de los espacios, as\u00ed como el turismo de naturaleza y el desarrollo rural. La Diputaci\u00f3n de Valladolid participa por primera vez en esta feria con el objetivo de establecer nuevos contactos profesionales y promocionar los espacios naturales de la provincia, el astroturismo y el eclipse solar de 2026, para el que Valladolid ser\u00e1 uno de los puntos de observaci\u00f3n m\u00e1s relevantes del pa\u00eds. La provincia de Valladolid dispone de un stand propio en la feria, donde se distribuye material promocional sobre turismo de naturaleza, astroturismo, turismo familiar, slow driving y enoturismo. Las gr\u00e1ficas del stand muestran algunos de los recursos naturales m\u00e1s emblem\u00e1ticos de la provincia como el Canal de Castilla, los Cortados del Pisuerga, las Riberas de Castronu\u00f1o y el cielo nocturno en el Centro de Interpretaci\u00f3n de la Naturaleza de Villalba de los Alcores.<\/p>","protected":false},"author":1,"featured_media":3679,"comment_status":"open","ping_status":"closed","sticky":false,"template":"","format":"standard","meta":{"site-sidebar-layout":"default","site-content-layout":"","ast-site-content-layout":"default","site-content-style":"default","site-sidebar-style":"default","ast-global-header-display":"","ast-banner-title-visibility":"","ast-main-header-display":"","ast-hfb-above-header-display":"","ast-hfb-below-header-display":"","ast-hfb-mobile-header-display":"","site-post-title":"disabled","ast-breadcrumbs-content":"","ast-featured-img":"","footer-sml-layout":"","theme-transparent-header-meta":"","adv-header-id-meta":"","stick-header-meta":"","header-above-stick-meta":"","header-main-stick-meta":"","header-below-stick-meta":"","astra-migrate-meta-layouts":"default","ast-page-background-enabled":"default","ast-page-background-meta":{"desktop":{"background-color":"var(--ast-global-color-5)","background-image":"","background-repeat":"repeat","background-position":"center center","background-size":"auto","background-attachment":"scroll","background-type":"","background-media":"","overlay-type":"","overlay-color":"","overlay-opacity":"","overlay-gradient":""},"tablet":{"background-color":"","background-image":"","background-repeat":"repeat","background-position":"center center","background-size":"auto","background-attachment":"scroll","background-type":"","background-media":"","overlay-type":"","overlay-color":"","overlay-opacity":"","overlay-gradient":""},"mobile":{"background-color":"","background-image":"","background-repeat":"repeat","background-position":"center center","background-size":"auto","background-attachment":"scroll","background-type":"","background-media":"","overlay-type":"","overlay-color":"","overlay-opacity":"","overlay-gradient":""}},"ast-content-background-meta":{"desktop":{"background-color":"var(--ast-global-color-4)","background-image":"","background-repeat":"repeat","background-position":"center center","background-size":"auto","background-attachment":"scroll","background-type":"","background-media":"","overlay-type":"","overlay-color":"","overlay-opacity":"","overlay-gradient":""},"tablet":{"background-color":"var(--ast-global-color-4)","background-image":"","background-repeat":"repeat","background-position":"center center","background-size":"auto","background-attachment":"scroll","background-type":"","background-media":"","overlay-type":"","overlay-color":"","overlay-opacity":"","overlay-gradient":""},"mobile":{"background-color":"var(--ast-global-color-4)","background-image":"","background-repeat":"repeat","background-position":"center center","background-size":"auto","background-attachment":"scroll","background-type":"","background-media":"","overlay-type":"","overlay-color":"","overlay-opacity":"","overlay-gradient":""}},"ngg_post_thumbnail":0,"footnotes":""},"categories":[11,18,16],"tags":[26,235],"class_list":["post-3678","post","type-post","status-publish","format-standard","has-post-thumbnail","hentry","category-deportes-y-ocio","category-ocio","category-portada","tag-diputacion-de-valladolid","tag-expoaire"],"aioseo_notices":[],"rttpg_featured_image_url":{"full":["https:\/\/pueblosycomarcas.com\/wp-content\/uploads\/2025\/12\/20251203_expoaire.jpeg",800,400,false],"landscape":["https:\/\/pueblosycomarcas.com\/wp-content\/uploads\/2025\/12\/20251203_expoaire.jpeg",800,400,false],"portraits":["https:\/\/pueblosycomarcas.com\/wp-content\/uploads\/2025\/12\/20251203_expoaire.jpeg",800,400,false],"thumbnail":["https:\/\/pueblosycomarcas.com\/wp-content\/uploads\/2025\/12\/20251203_expoaire-150x150.jpeg",150,150,true],"medium":["https:\/\/pueblosycomarcas.com\/wp-content\/uploads\/2025\/12\/20251203_expoaire-300x150.jpeg",300,150,true],"large":["https:\/\/pueblosycomarcas.com\/wp-content\/uploads\/2025\/12\/20251203_expoaire.jpeg",800,400,false],"1536x1536":["https:\/\/pueblosycomarcas.com\/wp-content\/uploads\/2025\/12\/20251203_expoaire.jpeg",800,400,false],"2048x2048":["https:\/\/pueblosycomarcas.com\/wp-content\/uploads\/2025\/12\/20251203_expoaire.jpeg",800,400,false],"trp-custom-language-flag":["https:\/\/pueblosycomarcas.com\/wp-content\/uploads\/2025\/12\/20251203_expoaire.jpeg",18,9,false]},"rttpg_author":{"display_name":"admin","author_link":"https:\/\/pueblosycomarcas.com\/en\/author\/webalquimia\/"},"rttpg_comment":0,"rttpg_category":"<a href=\"https:\/\/pueblosycomarcas.com\/en\/category\/deportes-y-ocio\/\" rel=\"category tag\">Deporte y Ocio<\/a> <a href=\"https:\/\/pueblosycomarcas.com\/en\/category\/ocio\/\" rel=\"category tag\">Ocio<\/a> <a href=\"https:\/\/pueblosycomarcas.com\/en\/category\/portada\/\" rel=\"category tag\">Portada<\/a>","rttpg_excerpt":"La Diputaci\u00f3n de Valladolid participa en EXPOAIRE, Feria Internacional de Espacios Naturales, Turismo Activo y Ecoturismo Se trata de la primera vez que la instituci\u00f3n provincial acude a esta feria, y lo hace con el objetivo de establecer nuevos contactos profesionales y promocionar los espacios naturales de la provincia, el astroturismo y el eclipse solar&hellip;","_links":{"self":[{"href":"https:\/\/pueblosycomarcas.com\/en\/wp-json\/wp\/v2\/posts\/3678","targetHints":{"allow":["GET"]}}],"collection":[{"href":"https:\/\/pueblosycomarcas.com\/en\/wp-json\/wp\/v2\/posts"}],"about":[{"href":"https:\/\/pueblosycomarcas.com\/en\/wp-json\/wp\/v2\/types\/post"}],"author":[{"embeddable":true,"href":"https:\/\/pueblosycomarcas.com\/en\/wp-json\/wp\/v2\/users\/1"}],"replies":[{"embeddable":true,"href":"https:\/\/pueblosycomarcas.com\/en\/wp-json\/wp\/v2\/comments?post=3678"}],"version-history":[{"count":5,"href":"https:\/\/pueblosycomarcas.com\/en\/wp-json\/wp\/v2\/posts\/3678\/revisions"}],"predecessor-version":[{"id":3684,"href":"https:\/\/pueblosycomarcas.com\/en\/wp-json\/wp\/v2\/posts\/3678\/revisions\/3684"}],"wp:featuredmedia":[{"embeddable":true,"href":"https:\/\/pueblosycomarcas.com\/en\/wp-json\/wp\/v2\/media\/3679"}],"wp:attachment":[{"href":"https:\/\/pueblosycomarcas.com\/en\/wp-json\/wp\/v2\/media?parent=3678"}],"wp:term":[{"taxonomy":"category","embeddable":true,"href":"https:\/\/pueblosycomarcas.com\/en\/wp-json\/wp\/v2\/categories?post=3678"},{"taxonomy":"post_tag","embeddable":true,"href":"https:\/\/pueblosycomarcas.com\/en\/wp-json\/wp\/v2\/tags?post=3678"}],"curies":[{"name":"wp","href":"https:\/\/api.w.org\/{rel}","templated":true}]}}