{"id":3671,"date":"2025-12-04T06:06:00","date_gmt":"2025-12-04T05:06:00","guid":{"rendered":"https:\/\/webalquimia.es\/?p=3671"},"modified":"2025-12-03T14:17:47","modified_gmt":"2025-12-03T13:17:47","slug":"la-diputacion-de-valladolid-activa-el-plan-de-vialidad-invernal-2025-2026","status":"publish","type":"post","link":"https:\/\/pueblosycomarcas.com\/en\/la-diputacion-de-valladolid-activa-el-plan-de-vialidad-invernal-2025-2026\/","title":{"rendered":"La Diputaci\u00f3n de Valladolid activa el Plan de Vialidad Invernal 2025-2026"},"content":{"rendered":"<div data-elementor-type=\"wp-post\" data-elementor-id=\"3671\" class=\"elementor elementor-3671\">\n\t\t\t\t<div class=\"elementor-element elementor-element-fd1aec0 e-flex e-con-boxed wpr-particle-no wpr-jarallax-no wpr-parallax-no wpr-sticky-section-no wpr-equal-height-no e-con e-parent\" data-id=\"fd1aec0\" data-element_type=\"container\" data-e-type=\"container\">\n\t\t\t\t\t<div class=\"e-con-inner\">\n\t\t\t\t<div class=\"elementor-element elementor-element-dddbefe elementor-widget elementor-widget-heading\" data-id=\"dddbefe\" data-element_type=\"widget\" data-e-type=\"widget\" data-widget_type=\"heading.default\">\n\t\t\t\t\t<h2 class=\"elementor-heading-title elementor-size-default\">La Diputaci\u00f3n de Valladolid activa el Plan de Vialidad Invernal 2025-2026\n<\/h2>\t\t\t\t<\/div>\n\t\t\t\t<div class=\"elementor-element elementor-element-d58bf7e elementor-widget elementor-widget-text-editor\" data-id=\"d58bf7e\" data-element_type=\"widget\" data-e-type=\"widget\" data-widget_type=\"text-editor.default\">\n\t\t\t\t\t\t\t\t\t<ul><li><h6><em><strong>La instituci\u00f3n provincial dispone de 700 toneladas de sal acopiada y distribuidas estrat\u00e9gicamente en distintos puntos de la provincia, lo que permite una respuesta inmediata ante episodios de hielo o nieves persistentes<\/strong><\/em><\/h6><\/li><\/ul>\t\t\t\t\t\t\t\t<\/div>\n\t\t\t\t<div class=\"elementor-element elementor-element-0e75160 elementor-widget-divider--view-line elementor-widget elementor-widget-divider\" data-id=\"0e75160\" data-element_type=\"widget\" data-e-type=\"widget\" data-widget_type=\"divider.default\">\n\t\t\t\t\t\t\t<div class=\"elementor-divider\">\n\t\t\t<span class=\"elementor-divider-separator\">\n\t\t\t\t\t\t<\/span>\n\t\t<\/div>\n\t\t\t\t\t\t<\/div>\n\t\t\t\t<div class=\"elementor-element elementor-element-d1bb461 elementor-widget elementor-widget-image\" data-id=\"d1bb461\" data-element_type=\"widget\" data-e-type=\"widget\" data-widget_type=\"image.default\">\n\t\t\t\t\t\t\t\t\t\t\t\t\t\t\t<img fetchpriority=\"high\" decoding=\"async\" width=\"800\" height=\"400\" src=\"https:\/\/pueblosycomarcas.com\/wp-content\/uploads\/2025\/12\/20251203_vialidad_invernal_diputacion.jpg\" class=\"attachment-large size-large wp-image-3672\" alt=\"\" srcset=\"https:\/\/pueblosycomarcas.com\/wp-content\/uploads\/2025\/12\/20251203_vialidad_invernal_diputacion.jpg 800w, https:\/\/pueblosycomarcas.com\/wp-content\/uploads\/2025\/12\/20251203_vialidad_invernal_diputacion-300x150.jpg 300w, https:\/\/pueblosycomarcas.com\/wp-content\/uploads\/2025\/12\/20251203_vialidad_invernal_diputacion-768x384.jpg 768w\" sizes=\"(max-width: 800px) 100vw, 800px\" \/>\t\t\t\t\t\t\t\t\t\t\t\t\t\t\t<\/div>\n\t\t\t\t<div class=\"elementor-element elementor-element-089f732 elementor-widget elementor-widget-text-editor\" data-id=\"089f732\" data-element_type=\"widget\" data-e-type=\"widget\" data-widget_type=\"text-editor.default\">\n\t\t\t\t\t\t\t\t\t<p><a href=\"https:\/\/www.facebook.com\/Pueblos-y-Comarcas-125437870924169\/?fref=ts\"><em><strong>Pueblosycomarcas.com<\/strong><\/em><\/a><em><strong>;\u00a0<\/strong><\/em><a href=\"https:\/\/twitter.com\/PueblosComarcas\"><em><strong>@PueblosComarcas<\/strong><\/em><\/a><\/p><p>La Diputaci\u00f3n de Valladolid ha activado el Plan de Vialidad Invernal 2025-2026 con el objetivo de garantizar la seguridad y la accesibilidad en la red provincial de carreteras durante los meses de invierno.<\/p><p>El dispositivo, coordinado por el Servicio de V\u00edas Provinciales, est\u00e1 preparado para actuar de manera inmediata ante situaciones de nieve, hielo y otras inclemencias meteorol\u00f3gicas, reforzando el compromiso de la instituci\u00f3n con todos los municipios de la provincia.<\/p><p>El operativo cuenta con una dotaci\u00f3n mec\u00e1nica formada por cuatro camiones 4&#215;4 de m\u00e1s de 300 CV capaces de montar cu\u00f1as de \u00e1ngulo variable y extendedores de fundente, cuatro cu\u00f1as adaptables a estos veh\u00edculos con un ancho igual o superior a 2.600 mm, cuatro extendedores de fundente con capacidad superior a 4 m\u00b3 y un veh\u00edculo tipo pick-up equipado con una cu\u00f1a de 2,5 metros y un extendedor de sal de 1 m\u00b3.<\/p><p>Para garantizar la eficacia del plan desde el primer momento, la Diputaci\u00f3n dispone de 700 toneladas de sal acopiada y distribuidas estrat\u00e9gicamente en distintos puntos de la provincia, lo que permite una respuesta inmediata ante episodios de hielo o nieves persistentes.<\/p><p>El Plan de Vialidad Invernal moviliza adem\u00e1s a un equipo humano compuesto por un facultativo, un auxiliar t\u00e9cnico, cuatro capataces\u2013encargados y cuatro oficiales\u2013conductores, profesionales que trabajan coordinadamente para asegurar que ning\u00fan municipio quede incomunicado y que la circulaci\u00f3n pueda mantenerse en condiciones de seguridad.<\/p><p>La Diputaci\u00f3n de Valladolid activa cada a\u00f1o el Plan de Vialidad Invernal 2025-2026 para anticiparse a las inclemencias del invierno y garantiza que los servicios esenciales lleguen con normalidad a toda la provincia, especialmente en las zonas rurales m\u00e1s expuestas a las bajas temperaturas.<\/p>\t\t\t\t\t\t\t\t<\/div>\n\t\t\t\t\t<\/div>\n\t\t\t\t<\/div>\n\t\t\t\t<\/div>","protected":false},"excerpt":{"rendered":"<p>La Diputaci\u00f3n de Valladolid activa el Plan de Vialidad Invernal 2025-2026 La instituci\u00f3n provincial dispone de 700 toneladas de sal acopiada y distribuidas estrat\u00e9gicamente en distintos puntos de la provincia, lo que permite una respuesta inmediata ante episodios de hielo o nieves persistentes Pueblosycomarcas.com;\u00a0@PueblosComarcas La Diputaci\u00f3n de Valladolid ha activado el Plan de Vialidad Invernal 2025-2026 con el objetivo de garantizar la seguridad y la accesibilidad en la red provincial de carreteras durante los meses de invierno. El dispositivo, coordinado por el Servicio de V\u00edas Provinciales, est\u00e1 preparado para actuar de manera inmediata ante situaciones de nieve, hielo y otras inclemencias meteorol\u00f3gicas, reforzando el compromiso de la instituci\u00f3n con todos los municipios de la provincia. El operativo cuenta con una dotaci\u00f3n mec\u00e1nica formada por cuatro camiones 4&#215;4 de m\u00e1s de 300 CV capaces de montar cu\u00f1as de \u00e1ngulo variable y extendedores de fundente, cuatro cu\u00f1as adaptables a estos veh\u00edculos con un ancho igual o superior a 2.600 mm, cuatro extendedores de fundente con capacidad superior a 4 m\u00b3 y un veh\u00edculo tipo pick-up equipado con una cu\u00f1a de 2,5 metros y un extendedor de sal de 1 m\u00b3. Para garantizar la eficacia del plan desde el primer momento, la Diputaci\u00f3n dispone de 700 toneladas de sal acopiada y distribuidas estrat\u00e9gicamente en distintos puntos de la provincia, lo que permite una respuesta inmediata ante episodios de hielo o nieves persistentes. El Plan de Vialidad Invernal moviliza adem\u00e1s a un equipo humano compuesto por un facultativo, un auxiliar t\u00e9cnico, cuatro capataces\u2013encargados y cuatro oficiales\u2013conductores, profesionales que trabajan coordinadamente para asegurar que ning\u00fan municipio quede incomunicado y que la circulaci\u00f3n pueda mantenerse en condiciones de seguridad. La Diputaci\u00f3n de Valladolid activa cada a\u00f1o el Plan de Vialidad Invernal 2025-2026 para anticiparse a las inclemencias del invierno y garantiza que los servicios esenciales lleguen con normalidad a toda la provincia, especialmente en las zonas rurales m\u00e1s expuestas a las bajas temperaturas.<\/p>","protected":false},"author":1,"featured_media":3672,"comment_status":"open","ping_status":"closed","sticky":false,"template":"","format":"standard","meta":{"site-sidebar-layout":"default","site-content-layout":"","ast-site-content-layout":"default","site-content-style":"default","site-sidebar-style":"default","ast-global-header-display":"","ast-banner-title-visibility":"","ast-main-header-display":"","ast-hfb-above-header-display":"","ast-hfb-below-header-display":"","ast-hfb-mobile-header-display":"","site-post-title":"disabled","ast-breadcrumbs-content":"","ast-featured-img":"","footer-sml-layout":"","theme-transparent-header-meta":"","adv-header-id-meta":"","stick-header-meta":"","header-above-stick-meta":"","header-main-stick-meta":"","header-below-stick-meta":"","astra-migrate-meta-layouts":"default","ast-page-background-enabled":"default","ast-page-background-meta":{"desktop":{"background-color":"var(--ast-global-color-5)","background-image":"","background-repeat":"repeat","background-position":"center center","background-size":"auto","background-attachment":"scroll","background-type":"","background-media":"","overlay-type":"","overlay-color":"","overlay-opacity":"","overlay-gradient":""},"tablet":{"background-color":"","background-image":"","background-repeat":"repeat","background-position":"center center","background-size":"auto","background-attachment":"scroll","background-type":"","background-media":"","overlay-type":"","overlay-color":"","overlay-opacity":"","overlay-gradient":""},"mobile":{"background-color":"","background-image":"","background-repeat":"repeat","background-position":"center center","background-size":"auto","background-attachment":"scroll","background-type":"","background-media":"","overlay-type":"","overlay-color":"","overlay-opacity":"","overlay-gradient":""}},"ast-content-background-meta":{"desktop":{"background-color":"var(--ast-global-color-4)","background-image":"","background-repeat":"repeat","background-position":"center center","background-size":"auto","background-attachment":"scroll","background-type":"","background-media":"","overlay-type":"","overlay-color":"","overlay-opacity":"","overlay-gradient":""},"tablet":{"background-color":"var(--ast-global-color-4)","background-image":"","background-repeat":"repeat","background-position":"center center","background-size":"auto","background-attachment":"scroll","background-type":"","background-media":"","overlay-type":"","overlay-color":"","overlay-opacity":"","overlay-gradient":""},"mobile":{"background-color":"var(--ast-global-color-4)","background-image":"","background-repeat":"repeat","background-position":"center center","background-size":"auto","background-attachment":"scroll","background-type":"","background-media":"","overlay-type":"","overlay-color":"","overlay-opacity":"","overlay-gradient":""}},"ngg_post_thumbnail":0,"footnotes":""},"categories":[16,5],"tags":[26],"class_list":["post-3671","post","type-post","status-publish","format-standard","has-post-thumbnail","hentry","category-portada","category-actualidad","tag-diputacion-de-valladolid"],"aioseo_notices":[],"rttpg_featured_image_url":{"full":["https:\/\/pueblosycomarcas.com\/wp-content\/uploads\/2025\/12\/20251203_vialidad_invernal_diputacion.jpg",800,400,false],"landscape":["https:\/\/pueblosycomarcas.com\/wp-content\/uploads\/2025\/12\/20251203_vialidad_invernal_diputacion.jpg",800,400,false],"portraits":["https:\/\/pueblosycomarcas.com\/wp-content\/uploads\/2025\/12\/20251203_vialidad_invernal_diputacion.jpg",800,400,false],"thumbnail":["https:\/\/pueblosycomarcas.com\/wp-content\/uploads\/2025\/12\/20251203_vialidad_invernal_diputacion-150x150.jpg",150,150,true],"medium":["https:\/\/pueblosycomarcas.com\/wp-content\/uploads\/2025\/12\/20251203_vialidad_invernal_diputacion-300x150.jpg",300,150,true],"large":["https:\/\/pueblosycomarcas.com\/wp-content\/uploads\/2025\/12\/20251203_vialidad_invernal_diputacion.jpg",800,400,false],"1536x1536":["https:\/\/pueblosycomarcas.com\/wp-content\/uploads\/2025\/12\/20251203_vialidad_invernal_diputacion.jpg",800,400,false],"2048x2048":["https:\/\/pueblosycomarcas.com\/wp-content\/uploads\/2025\/12\/20251203_vialidad_invernal_diputacion.jpg",800,400,false],"trp-custom-language-flag":["https:\/\/pueblosycomarcas.com\/wp-content\/uploads\/2025\/12\/20251203_vialidad_invernal_diputacion.jpg",18,9,false]},"rttpg_author":{"display_name":"admin","author_link":"https:\/\/pueblosycomarcas.com\/en\/author\/webalquimia\/"},"rttpg_comment":0,"rttpg_category":"<a href=\"https:\/\/pueblosycomarcas.com\/en\/category\/portada\/\" rel=\"category tag\">Portada<\/a> <a href=\"https:\/\/pueblosycomarcas.com\/en\/category\/actualidad\/\" rel=\"category tag\">Tierra de Pinares<\/a>","rttpg_excerpt":"La Diputaci\u00f3n de Valladolid activa el Plan de Vialidad Invernal 2025-2026 La instituci\u00f3n provincial dispone de 700 toneladas de sal acopiada y distribuidas estrat\u00e9gicamente en distintos puntos de la provincia, lo que permite una respuesta inmediata ante episodios de hielo o nieves persistentes Pueblosycomarcas.com;\u00a0@PueblosComarcas La Diputaci\u00f3n de Valladolid ha activado el Plan de Vialidad Invernal&hellip;","_links":{"self":[{"href":"https:\/\/pueblosycomarcas.com\/en\/wp-json\/wp\/v2\/posts\/3671","targetHints":{"allow":["GET"]}}],"collection":[{"href":"https:\/\/pueblosycomarcas.com\/en\/wp-json\/wp\/v2\/posts"}],"about":[{"href":"https:\/\/pueblosycomarcas.com\/en\/wp-json\/wp\/v2\/types\/post"}],"author":[{"embeddable":true,"href":"https:\/\/pueblosycomarcas.com\/en\/wp-json\/wp\/v2\/users\/1"}],"replies":[{"embeddable":true,"href":"https:\/\/pueblosycomarcas.com\/en\/wp-json\/wp\/v2\/comments?post=3671"}],"version-history":[{"count":5,"href":"https:\/\/pueblosycomarcas.com\/en\/wp-json\/wp\/v2\/posts\/3671\/revisions"}],"predecessor-version":[{"id":3677,"href":"https:\/\/pueblosycomarcas.com\/en\/wp-json\/wp\/v2\/posts\/3671\/revisions\/3677"}],"wp:featuredmedia":[{"embeddable":true,"href":"https:\/\/pueblosycomarcas.com\/en\/wp-json\/wp\/v2\/media\/3672"}],"wp:attachment":[{"href":"https:\/\/pueblosycomarcas.com\/en\/wp-json\/wp\/v2\/media?parent=3671"}],"wp:term":[{"taxonomy":"category","embeddable":true,"href":"https:\/\/pueblosycomarcas.com\/en\/wp-json\/wp\/v2\/categories?post=3671"},{"taxonomy":"post_tag","embeddable":true,"href":"https:\/\/pueblosycomarcas.com\/en\/wp-json\/wp\/v2\/tags?post=3671"}],"curies":[{"name":"wp","href":"https:\/\/api.w.org\/{rel}","templated":true}]}}