{"id":3650,"date":"2025-12-04T06:02:00","date_gmt":"2025-12-04T05:02:00","guid":{"rendered":"https:\/\/webalquimia.es\/?p=3650"},"modified":"2025-12-03T13:17:59","modified_gmt":"2025-12-03T12:17:59","slug":"el-grupo-de-accion-local-campos-y-torozos-destaca-en-mayorga-el-potencial-innovador-del-programa-leader","status":"publish","type":"post","link":"https:\/\/pueblosycomarcas.com\/en\/el-grupo-de-accion-local-campos-y-torozos-destaca-en-mayorga-el-potencial-innovador-del-programa-leader\/","title":{"rendered":"El Grupo de Acci\u00f3n Local \u2018Campos y Torozos\u2019 destaca en Mayorga el potencial innovador del programa LEADER"},"content":{"rendered":"<div data-elementor-type=\"wp-post\" data-elementor-id=\"3650\" class=\"elementor elementor-3650\">\n\t\t\t\t<div class=\"elementor-element elementor-element-508d1af e-flex e-con-boxed wpr-particle-no wpr-jarallax-no wpr-parallax-no wpr-sticky-section-no wpr-equal-height-no e-con e-parent\" data-id=\"508d1af\" data-element_type=\"container\" data-e-type=\"container\">\n\t\t\t\t\t<div class=\"e-con-inner\">\n\t\t\t\t<div class=\"elementor-element elementor-element-52c4acf elementor-widget elementor-widget-heading\" data-id=\"52c4acf\" data-element_type=\"widget\" data-e-type=\"widget\" data-widget_type=\"heading.default\">\n\t\t\t\t\t<h2 class=\"elementor-heading-title elementor-size-default\">El Grupo de Acci\u00f3n Local \u2018Campos y Torozos\u2019 destaca en Mayorga el potencial innovador del programa LEADER<\/h2>\t\t\t\t<\/div>\n\t\t\t\t<div class=\"elementor-element elementor-element-63d576c elementor-widget elementor-widget-text-editor\" data-id=\"63d576c\" data-element_type=\"widget\" data-e-type=\"widget\" data-widget_type=\"text-editor.default\">\n\t\t\t\t\t\t\t\t\t<ul><li><h6><em><strong>El Museo del Pan de Mayorga acogi\u00f3 ayer mi\u00e9rcoles una jornada que reuni\u00f3 a grupos de acci\u00f3n local de Valladolid, Palencia, Zamora y Le\u00f3n, instituciones, empresas y centros tecnol\u00f3gicos para mostrar c\u00f3mo la combinaci\u00f3n de tradici\u00f3n, conocimiento local y nuevas tecnolog\u00edas est\u00e1 impulsando proyectos transformadores en la comarca<\/strong><\/em><\/h6><\/li><\/ul>\t\t\t\t\t\t\t\t<\/div>\n\t\t\t\t<div class=\"elementor-element elementor-element-49e8a4f elementor-widget-divider--view-line elementor-widget elementor-widget-divider\" data-id=\"49e8a4f\" data-element_type=\"widget\" data-e-type=\"widget\" data-widget_type=\"divider.default\">\n\t\t\t\t\t\t\t<div class=\"elementor-divider\">\n\t\t\t<span class=\"elementor-divider-separator\">\n\t\t\t\t\t\t<\/span>\n\t\t<\/div>\n\t\t\t\t\t\t<\/div>\n\t\t\t\t<div class=\"elementor-element elementor-element-e46cfb9 elementor-widget elementor-widget-image\" data-id=\"e46cfb9\" data-element_type=\"widget\" data-e-type=\"widget\" data-widget_type=\"image.default\">\n\t\t\t\t\t\t\t\t\t\t\t\t\t\t\t<img fetchpriority=\"high\" decoding=\"async\" width=\"800\" height=\"400\" src=\"https:\/\/pueblosycomarcas.com\/wp-content\/uploads\/2025\/12\/20251204_gal_campos_torozos.png\" class=\"attachment-large size-large wp-image-3651\" alt=\"\" srcset=\"https:\/\/pueblosycomarcas.com\/wp-content\/uploads\/2025\/12\/20251204_gal_campos_torozos.png 800w, https:\/\/pueblosycomarcas.com\/wp-content\/uploads\/2025\/12\/20251204_gal_campos_torozos-300x150.png 300w, https:\/\/pueblosycomarcas.com\/wp-content\/uploads\/2025\/12\/20251204_gal_campos_torozos-768x384.png 768w\" sizes=\"(max-width: 800px) 100vw, 800px\" \/>\t\t\t\t\t\t\t\t\t\t\t\t\t\t\t<\/div>\n\t\t\t\t<div class=\"elementor-element elementor-element-ee487a8 elementor-widget elementor-widget-text-editor\" data-id=\"ee487a8\" data-element_type=\"widget\" data-e-type=\"widget\" data-widget_type=\"text-editor.default\">\n\t\t\t\t\t\t\t\t\t<p><a href=\"https:\/\/www.facebook.com\/Pueblos-y-Comarcas-125437870924169\/?fref=ts\"><em><strong>Pueblosycomarcas.com<\/strong><\/em><\/a><em><strong>;\u00a0<\/strong><\/em><a href=\"https:\/\/twitter.com\/PueblosComarcas\"><em><strong>@PueblosComarcas<\/strong><\/em><\/a><\/p><p>El Museo del Pan de Mayorga se convirti\u00f3 este mi\u00e9rcoles 3 de diciembre en el epicentro de la innovaci\u00f3n rural con la celebraci\u00f3n del evento <em>\u201cRa\u00edces de innovaci\u00f3n: I Encuentro Tierra de Campos\u201d<\/em>, organizado por <strong>NODDO \u2013 Red de Centros Tecnol\u00f3gicos de Castilla y Le\u00f3n<\/strong>. El evento, enmarcado en el <strong>Banco de Proyectos Innovadores<\/strong> del Programa Territorial de Fomento para Tierra de Campos (2024-2031) financiado por la Consejer\u00eda de Econom\u00eda y Hacienda, reuni\u00f3 a grupos de acci\u00f3n local, representantes institucionales, empresas, cooperativas y agentes locales con el objetivo de mostrar c\u00f3mo la tecnolog\u00eda y el saber tradicional pueden convivir para generar nuevas oportunidades en el territorio.<\/p><p>La jornada permiti\u00f3 conocer iniciativas que ya est\u00e1n aplicando soluciones avanzadas en sectores clave, desde el uso de sensores IoT en los silos cerealistas hasta el orde\u00f1o robotizado en explotaciones de vacuno, pasando por nuevas t\u00e9cnicas agron\u00f3micas para mejorar la productividad de la lenteja pardina, el desarrollo industrial de cubiertas met\u00e1licas, el aprovechamiento de la palomina o proyectos de econom\u00eda circular basados en la valorizaci\u00f3n textil. Estos ejemplos mostraron que Tierra de Campos se est\u00e1 convirtiendo en un espacio donde la innovaci\u00f3n se integra de forma natural en la actividad productiva.<\/p><p>Uno de los momentos destacados fue la presentaci\u00f3n de la periodista Cristina Carro del <strong>Caso de \u00e9xito 1: Ganader\u00eda 4.0<\/strong>, en el que particip\u00f3 el <strong>t\u00e9cnico del Grupo de Acci\u00f3n Local \u2018Campos y Torozos\u2019, David Rodr\u00edguez<\/strong>, junto a <strong>Sonia Rodr\u00edguez (Vazaeco Coop.)<\/strong> y <strong>Luis Miguel Gonz\u00e1lez (CARTIF)<\/strong>. En este espacio se abord\u00f3 c\u00f3mo las explotaciones de la comarca est\u00e1n integrando sistemas automatizados y nuevas herramientas digitales que mejoran el bienestar animal, optimizan los procesos productivos y refuerzan la competitividad del sector ganadero.<\/p><p>En este contexto, la intervenci\u00f3n del <strong>GAL \u2018Campos y Torozos\u2019<\/strong> aport\u00f3 una visi\u00f3n clave sobre la relaci\u00f3n entre innovaci\u00f3n y desarrollo rural. Rodr\u00edguez record\u00f3 que <strong>innovaci\u00f3n y LEADER est\u00e1n \u00edntimamente conectados<\/strong>, ya que la metodolog\u00eda LEADER sit\u00faa a la comunidad local como protagonista de su propio futuro, permitiendo que las soluciones innovadoras surjan desde dentro del territorio y no se impongan desde fuera.<\/p><p>Durante su intervenci\u00f3n, explic\u00f3 <strong>c\u00f3mo impulsan los GAL la innovaci\u00f3n en el medio rural<\/strong>, destacando varios mecanismos fundamentales. En primer lugar, subray\u00f3 la capacidad de los GAL para <strong>detectar necesidades y oportunidades locales<\/strong>, gracias a su presencia constante en el territorio y a su relaci\u00f3n directa con la poblaci\u00f3n, empresas, asociaciones y administraciones. Este conocimiento de proximidad permite identificar ideas que responden a problemas reales y convertirlas en proyectos transformadores.<\/p><p>En segundo lugar, destac\u00f3 que los GAL <strong>crean un entorno favorable para la experimentaci\u00f3n<\/strong>, promoviendo proyectos piloto que permiten probar soluciones nuevas de forma flexible y adaptada al contexto rural. A esto se suma la labor de <strong>acompa\u00f1amiento t\u00e9cnico y financiero<\/strong>, ya que los GAL no solo gestionan los fondos LEADER, sino que asesoran, orientan y apoyan a los promotores durante todas las fases de sus iniciativas.<\/p><p>Otro aspecto esencial es la capacidad de los GAL para <strong>fomentar la cooperaci\u00f3n y el intercambio de conocimientos<\/strong>, tanto a nivel regional como europeo, mediante proyectos interterritoriales y transnacionales. Paniagua record\u00f3 que esta cooperaci\u00f3n acelera la adopci\u00f3n de pr\u00e1cticas innovadoras y permite que territorios rurales con desaf\u00edos similares aprendan unos de otros. Adem\u00e1s, resalt\u00f3 que la innovaci\u00f3n no se limita a la tecnolog\u00eda: los GAL promueven tambi\u00e9n la <strong>innovaci\u00f3n social<\/strong>, que incluye nuevas formas de organizaci\u00f3n comunitaria, redes de productores locales, servicios comarcales y modelos participativos que fortalecen el tejido social.<\/p><p>Rodr\u00edguez respald\u00f3 esta visi\u00f3n con cifras que evidencian el impacto del programa LEADER en Castilla y Le\u00f3n: entre 2014 y 2022 se movilizaron <strong>483 millones de euros<\/strong>, se apoyaron <strong>4.600 proyectos<\/strong> y se crearon <strong>2.500 empleos<\/strong>, muchos de ellos ocupados por mujeres y j\u00f3venes. Con casi <strong>6.000 socios<\/strong> en la Comunidad, los 44 GAL son estructuras con una amplia legitimidad social, capaces de conectar el potencial del territorio con las oportunidades de futuro.<\/p><p>El encuentro concluy\u00f3 con una llamada a reforzar la colaboraci\u00f3n entre los actores del territorio, los centros tecnol\u00f3gicos y las instituciones p\u00fablicas, con el objetivo de consolidar la comarca natural de Tierra de Campos como un referente en innovaci\u00f3n rural. Una innovaci\u00f3n que, tal y como se destac\u00f3 durante toda la jornada, no rompe con las ra\u00edces del territorio, sino que las revitaliza para construir un futuro m\u00e1s sostenible, competitivo y cohesionado.<\/p>\t\t\t\t\t\t\t\t<\/div>\n\t\t\t\t\t<\/div>\n\t\t\t\t<\/div>\n\t\t\t\t<\/div>","protected":false},"excerpt":{"rendered":"<p>El Grupo de Acci\u00f3n Local \u2018Campos y Torozos\u2019 destaca en Mayorga el potencial innovador del programa LEADER El Museo del Pan de Mayorga acogi\u00f3 ayer mi\u00e9rcoles una jornada que reuni\u00f3 a grupos de acci\u00f3n local de Valladolid, Palencia, Zamora y Le\u00f3n, instituciones, empresas y centros tecnol\u00f3gicos para mostrar c\u00f3mo la combinaci\u00f3n de tradici\u00f3n, conocimiento local y nuevas tecnolog\u00edas est\u00e1 impulsando proyectos transformadores en la comarca Pueblosycomarcas.com;\u00a0@PueblosComarcas El Museo del Pan de Mayorga se convirti\u00f3 este mi\u00e9rcoles 3 de diciembre en el epicentro de la innovaci\u00f3n rural con la celebraci\u00f3n del evento \u201cRa\u00edces de innovaci\u00f3n: I Encuentro Tierra de Campos\u201d, organizado por NODDO \u2013 Red de Centros Tecnol\u00f3gicos de Castilla y Le\u00f3n. El evento, enmarcado en el Banco de Proyectos Innovadores del Programa Territorial de Fomento para Tierra de Campos (2024-2031) financiado por la Consejer\u00eda de Econom\u00eda y Hacienda, reuni\u00f3 a grupos de acci\u00f3n local, representantes institucionales, empresas, cooperativas y agentes locales con el objetivo de mostrar c\u00f3mo la tecnolog\u00eda y el saber tradicional pueden convivir para generar nuevas oportunidades en el territorio. La jornada permiti\u00f3 conocer iniciativas que ya est\u00e1n aplicando soluciones avanzadas en sectores clave, desde el uso de sensores IoT en los silos cerealistas hasta el orde\u00f1o robotizado en explotaciones de vacuno, pasando por nuevas t\u00e9cnicas agron\u00f3micas para mejorar la productividad de la lenteja pardina, el desarrollo industrial de cubiertas met\u00e1licas, el aprovechamiento de la palomina o proyectos de econom\u00eda circular basados en la valorizaci\u00f3n textil. Estos ejemplos mostraron que Tierra de Campos se est\u00e1 convirtiendo en un espacio donde la innovaci\u00f3n se integra de forma natural en la actividad productiva. Uno de los momentos destacados fue la presentaci\u00f3n de la periodista Cristina Carro del Caso de \u00e9xito 1: Ganader\u00eda 4.0, en el que particip\u00f3 el t\u00e9cnico del Grupo de Acci\u00f3n Local \u2018Campos y Torozos\u2019, David Rodr\u00edguez, junto a Sonia Rodr\u00edguez (Vazaeco Coop.) y Luis Miguel Gonz\u00e1lez (CARTIF). En este espacio se abord\u00f3 c\u00f3mo las explotaciones de la comarca est\u00e1n integrando sistemas automatizados y nuevas herramientas digitales que mejoran el bienestar animal, optimizan los procesos productivos y refuerzan la competitividad del sector ganadero. En este contexto, la intervenci\u00f3n del GAL \u2018Campos y Torozos\u2019 aport\u00f3 una visi\u00f3n clave sobre la relaci\u00f3n entre innovaci\u00f3n y desarrollo rural. Rodr\u00edguez record\u00f3 que innovaci\u00f3n y LEADER est\u00e1n \u00edntimamente conectados, ya que la metodolog\u00eda LEADER sit\u00faa a la comunidad local como protagonista de su propio futuro, permitiendo que las soluciones innovadoras surjan desde dentro del territorio y no se impongan desde fuera. Durante su intervenci\u00f3n, explic\u00f3 c\u00f3mo impulsan los GAL la innovaci\u00f3n en el medio rural, destacando varios mecanismos fundamentales. En primer lugar, subray\u00f3 la capacidad de los GAL para detectar necesidades y oportunidades locales, gracias a su presencia constante en el territorio y a su relaci\u00f3n directa con la poblaci\u00f3n, empresas, asociaciones y administraciones. Este conocimiento de proximidad permite identificar ideas que responden a problemas reales y convertirlas en proyectos transformadores. En segundo lugar, destac\u00f3 que los GAL crean un entorno favorable para la experimentaci\u00f3n, promoviendo proyectos piloto que permiten probar soluciones nuevas de forma flexible y adaptada al contexto rural. A esto se suma la labor de acompa\u00f1amiento t\u00e9cnico y financiero, ya que los GAL no solo gestionan los fondos LEADER, sino que asesoran, orientan y apoyan a los promotores durante todas las fases de sus iniciativas. Otro aspecto esencial es la capacidad de los GAL para fomentar la cooperaci\u00f3n y el intercambio de conocimientos, tanto a nivel regional como europeo, mediante proyectos interterritoriales y transnacionales. Paniagua record\u00f3 que esta cooperaci\u00f3n acelera la adopci\u00f3n de pr\u00e1cticas innovadoras y permite que territorios rurales con desaf\u00edos similares aprendan unos de otros. Adem\u00e1s, resalt\u00f3 que la innovaci\u00f3n no se limita a la tecnolog\u00eda: los GAL promueven tambi\u00e9n la innovaci\u00f3n social, que incluye nuevas formas de organizaci\u00f3n comunitaria, redes de productores locales, servicios comarcales y modelos participativos que fortalecen el tejido social. Rodr\u00edguez respald\u00f3 esta visi\u00f3n con cifras que evidencian el impacto del programa LEADER en Castilla y Le\u00f3n: entre 2014 y 2022 se movilizaron 483 millones de euros, se apoyaron 4.600 proyectos y se crearon 2.500 empleos, muchos de ellos ocupados por mujeres y j\u00f3venes. Con casi 6.000 socios en la Comunidad, los 44 GAL son estructuras con una amplia legitimidad social, capaces de conectar el potencial del territorio con las oportunidades de futuro. El encuentro concluy\u00f3 con una llamada a reforzar la colaboraci\u00f3n entre los actores del territorio, los centros tecnol\u00f3gicos y las instituciones p\u00fablicas, con el objetivo de consolidar la comarca natural de Tierra de Campos como un referente en innovaci\u00f3n rural. Una innovaci\u00f3n que, tal y como se destac\u00f3 durante toda la jornada, no rompe con las ra\u00edces del territorio, sino que las revitaliza para construir un futuro m\u00e1s sostenible, competitivo y cohesionado.<\/p>","protected":false},"author":1,"featured_media":3651,"comment_status":"open","ping_status":"closed","sticky":false,"template":"","format":"standard","meta":{"site-sidebar-layout":"default","site-content-layout":"","ast-site-content-layout":"default","site-content-style":"default","site-sidebar-style":"default","ast-global-header-display":"","ast-banner-title-visibility":"","ast-main-header-display":"","ast-hfb-above-header-display":"","ast-hfb-below-header-display":"","ast-hfb-mobile-header-display":"","site-post-title":"disabled","ast-breadcrumbs-content":"","ast-featured-img":"","footer-sml-layout":"","theme-transparent-header-meta":"","adv-header-id-meta":"","stick-header-meta":"","header-above-stick-meta":"","header-main-stick-meta":"","header-below-stick-meta":"","astra-migrate-meta-layouts":"default","ast-page-background-enabled":"default","ast-page-background-meta":{"desktop":{"background-color":"var(--ast-global-color-5)","background-image":"","background-repeat":"repeat","background-position":"center center","background-size":"auto","background-attachment":"scroll","background-type":"","background-media":"","overlay-type":"","overlay-color":"","overlay-opacity":"","overlay-gradient":""},"tablet":{"background-color":"","background-image":"","background-repeat":"repeat","background-position":"center center","background-size":"auto","background-attachment":"scroll","background-type":"","background-media":"","overlay-type":"","overlay-color":"","overlay-opacity":"","overlay-gradient":""},"mobile":{"background-color":"","background-image":"","background-repeat":"repeat","background-position":"center center","background-size":"auto","background-attachment":"scroll","background-type":"","background-media":"","overlay-type":"","overlay-color":"","overlay-opacity":"","overlay-gradient":""}},"ast-content-background-meta":{"desktop":{"background-color":"var(--ast-global-color-4)","background-image":"","background-repeat":"repeat","background-position":"center center","background-size":"auto","background-attachment":"scroll","background-type":"","background-media":"","overlay-type":"","overlay-color":"","overlay-opacity":"","overlay-gradient":""},"tablet":{"background-color":"var(--ast-global-color-4)","background-image":"","background-repeat":"repeat","background-position":"center center","background-size":"auto","background-attachment":"scroll","background-type":"","background-media":"","overlay-type":"","overlay-color":"","overlay-opacity":"","overlay-gradient":""},"mobile":{"background-color":"var(--ast-global-color-4)","background-image":"","background-repeat":"repeat","background-position":"center center","background-size":"auto","background-attachment":"scroll","background-type":"","background-media":"","overlay-type":"","overlay-color":"","overlay-opacity":"","overlay-gradient":""}},"ngg_post_thumbnail":0,"footnotes":""},"categories":[16],"tags":[96,232,108],"class_list":["post-3650","post","type-post","status-publish","format-standard","has-post-thumbnail","hentry","category-portada","tag-colectivo-tierra-de-campos","tag-mayorga-de-campos","tag-medina-de-rioseco"],"aioseo_notices":[],"rttpg_featured_image_url":{"full":["https:\/\/pueblosycomarcas.com\/wp-content\/uploads\/2025\/12\/20251204_gal_campos_torozos.png",800,400,false],"landscape":["https:\/\/pueblosycomarcas.com\/wp-content\/uploads\/2025\/12\/20251204_gal_campos_torozos.png",800,400,false],"portraits":["https:\/\/pueblosycomarcas.com\/wp-content\/uploads\/2025\/12\/20251204_gal_campos_torozos.png",800,400,false],"thumbnail":["https:\/\/pueblosycomarcas.com\/wp-content\/uploads\/2025\/12\/20251204_gal_campos_torozos-150x150.png",150,150,true],"medium":["https:\/\/pueblosycomarcas.com\/wp-content\/uploads\/2025\/12\/20251204_gal_campos_torozos-300x150.png",300,150,true],"large":["https:\/\/pueblosycomarcas.com\/wp-content\/uploads\/2025\/12\/20251204_gal_campos_torozos.png",800,400,false],"1536x1536":["https:\/\/pueblosycomarcas.com\/wp-content\/uploads\/2025\/12\/20251204_gal_campos_torozos.png",800,400,false],"2048x2048":["https:\/\/pueblosycomarcas.com\/wp-content\/uploads\/2025\/12\/20251204_gal_campos_torozos.png",800,400,false],"trp-custom-language-flag":["https:\/\/pueblosycomarcas.com\/wp-content\/uploads\/2025\/12\/20251204_gal_campos_torozos.png",18,9,false]},"rttpg_author":{"display_name":"admin","author_link":"https:\/\/pueblosycomarcas.com\/en\/author\/webalquimia\/"},"rttpg_comment":0,"rttpg_category":"<a href=\"https:\/\/pueblosycomarcas.com\/en\/category\/portada\/\" rel=\"category tag\">Portada<\/a>","rttpg_excerpt":"El Grupo de Acci\u00f3n Local \u2018Campos y Torozos\u2019 destaca en Mayorga el potencial innovador del programa LEADER El Museo del Pan de Mayorga acogi\u00f3 ayer mi\u00e9rcoles una jornada que reuni\u00f3 a grupos de acci\u00f3n local de Valladolid, Palencia, Zamora y Le\u00f3n, instituciones, empresas y centros tecnol\u00f3gicos para mostrar c\u00f3mo la combinaci\u00f3n de tradici\u00f3n, conocimiento local&hellip;","_links":{"self":[{"href":"https:\/\/pueblosycomarcas.com\/en\/wp-json\/wp\/v2\/posts\/3650","targetHints":{"allow":["GET"]}}],"collection":[{"href":"https:\/\/pueblosycomarcas.com\/en\/wp-json\/wp\/v2\/posts"}],"about":[{"href":"https:\/\/pueblosycomarcas.com\/en\/wp-json\/wp\/v2\/types\/post"}],"author":[{"embeddable":true,"href":"https:\/\/pueblosycomarcas.com\/en\/wp-json\/wp\/v2\/users\/1"}],"replies":[{"embeddable":true,"href":"https:\/\/pueblosycomarcas.com\/en\/wp-json\/wp\/v2\/comments?post=3650"}],"version-history":[{"count":5,"href":"https:\/\/pueblosycomarcas.com\/en\/wp-json\/wp\/v2\/posts\/3650\/revisions"}],"predecessor-version":[{"id":3656,"href":"https:\/\/pueblosycomarcas.com\/en\/wp-json\/wp\/v2\/posts\/3650\/revisions\/3656"}],"wp:featuredmedia":[{"embeddable":true,"href":"https:\/\/pueblosycomarcas.com\/en\/wp-json\/wp\/v2\/media\/3651"}],"wp:attachment":[{"href":"https:\/\/pueblosycomarcas.com\/en\/wp-json\/wp\/v2\/media?parent=3650"}],"wp:term":[{"taxonomy":"category","embeddable":true,"href":"https:\/\/pueblosycomarcas.com\/en\/wp-json\/wp\/v2\/categories?post=3650"},{"taxonomy":"post_tag","embeddable":true,"href":"https:\/\/pueblosycomarcas.com\/en\/wp-json\/wp\/v2\/tags?post=3650"}],"curies":[{"name":"wp","href":"https:\/\/api.w.org\/{rel}","templated":true}]}}