{"id":3643,"date":"2025-12-03T14:43:00","date_gmt":"2025-12-03T13:43:00","guid":{"rendered":"https:\/\/webalquimia.es\/?p=3643"},"modified":"2025-12-03T14:43:44","modified_gmt":"2025-12-03T13:43:44","slug":"herida-una-mujer-tras-caer-de-su-moto-en-una-rotonda-de-tudela-de-duero","status":"publish","type":"post","link":"https:\/\/pueblosycomarcas.com\/en\/herida-una-mujer-tras-caer-de-su-moto-en-una-rotonda-de-tudela-de-duero\/","title":{"rendered":"Herida una mujer tras caer de su moto en una rotonda de Tudela de Duero"},"content":{"rendered":"<div data-elementor-type=\"wp-post\" data-elementor-id=\"3643\" class=\"elementor elementor-3643\">\n\t\t\t\t<div class=\"elementor-element elementor-element-678f025 e-flex e-con-boxed wpr-particle-no wpr-jarallax-no wpr-parallax-no wpr-sticky-section-no wpr-equal-height-no e-con e-parent\" data-id=\"678f025\" data-element_type=\"container\" data-e-type=\"container\">\n\t\t\t\t\t<div class=\"e-con-inner\">\n\t\t\t\t<div class=\"elementor-element elementor-element-36e4d1b elementor-widget elementor-widget-heading\" data-id=\"36e4d1b\" data-element_type=\"widget\" data-e-type=\"widget\" data-widget_type=\"heading.default\">\n\t\t\t\t\t<h2 class=\"elementor-heading-title elementor-size-default\">Herida una mujer tras caer de su moto en una rotonda de Tudela de Duero<\/h2>\t\t\t\t<\/div>\n\t\t\t\t<div class=\"elementor-element elementor-element-95c8018 elementor-widget elementor-widget-text-editor\" data-id=\"95c8018\" data-element_type=\"widget\" data-e-type=\"widget\" data-widget_type=\"text-editor.default\">\n\t\t\t\t\t\t\t\t\t<ul><li><h6><em><strong>El accidente ha tenido lugar en la CL-600, a la altura de la plaza del Plant\u00edo. Emergencias y fuerzas de seguridad acudieron al lugar<\/strong><\/em><\/h6><\/li><\/ul>\t\t\t\t\t\t\t\t<\/div>\n\t\t\t\t<div class=\"elementor-element elementor-element-ef237a9 elementor-widget-divider--view-line elementor-widget elementor-widget-divider\" data-id=\"ef237a9\" data-element_type=\"widget\" data-e-type=\"widget\" data-widget_type=\"divider.default\">\n\t\t\t\t\t\t\t<div class=\"elementor-divider\">\n\t\t\t<span class=\"elementor-divider-separator\">\n\t\t\t\t\t\t<\/span>\n\t\t<\/div>\n\t\t\t\t\t\t<\/div>\n\t\t\t\t<div class=\"elementor-element elementor-element-fdf33f0 elementor-widget elementor-widget-image\" data-id=\"fdf33f0\" data-element_type=\"widget\" data-e-type=\"widget\" data-widget_type=\"image.default\">\n\t\t\t\t\t\t\t\t\t\t\t\t\t\t\t<img fetchpriority=\"high\" decoding=\"async\" width=\"800\" height=\"400\" src=\"https:\/\/pueblosycomarcas.com\/wp-content\/uploads\/2025\/12\/20220522_ambulancia_sacyl.jpg\" class=\"attachment-large size-large wp-image-3644\" alt=\"\" srcset=\"https:\/\/pueblosycomarcas.com\/wp-content\/uploads\/2025\/12\/20220522_ambulancia_sacyl.jpg 800w, https:\/\/pueblosycomarcas.com\/wp-content\/uploads\/2025\/12\/20220522_ambulancia_sacyl-300x150.jpg 300w, https:\/\/pueblosycomarcas.com\/wp-content\/uploads\/2025\/12\/20220522_ambulancia_sacyl-768x384.jpg 768w\" sizes=\"(max-width: 800px) 100vw, 800px\" \/>\t\t\t\t\t\t\t\t\t\t\t\t\t\t\t<\/div>\n\t\t\t\t<div class=\"elementor-element elementor-element-a259561 elementor-widget elementor-widget-text-editor\" data-id=\"a259561\" data-element_type=\"widget\" data-e-type=\"widget\" data-widget_type=\"text-editor.default\">\n\t\t\t\t\t\t\t\t\t<p><a href=\"https:\/\/www.facebook.com\/Pueblos-y-Comarcas-125437870924169\/?fref=ts\"><em><strong>Pueblosycomarcas.com<\/strong><\/em><\/a><em><strong>;\u00a0<\/strong><\/em><a href=\"https:\/\/twitter.com\/PueblosComarcas\"><em><strong>@PueblosComarcas<\/strong><\/em><\/a><\/p><p>Una mujer de 52 a\u00f1os ha resultado herida en la ma\u00f1ana de este martes, 3 de diciembre, tras sufrir una ca\u00edda con su motocicleta en Tudela de Duero (Valladolid). El accidente se ha producido en torno a las 08:42 horas en la carretera CL-600, concretamente en la rotonda situada junto a la plaza del Plant\u00edo, una zona muy transitada en las horas punta.<\/p><p>La motorista, que permanec\u00eda consciente tras el incidente, se quejaba de dolores en una pierna, por lo que fue atendida en el lugar por los servicios de emergencias sanitarias de Sacyl, que enviaron una ambulancia para su valoraci\u00f3n y posible traslado.<\/p><p>Hasta el punto del accidente tambi\u00e9n se desplazaron efectivos de la Guardia Civil de Tr\u00e1fico, as\u00ed como agentes de la Polic\u00eda Local de Tudela de Duero, que colaboraron en la regulaci\u00f3n del tr\u00e1fico y en la atenci\u00f3n a la v\u00edctima.<\/p><p>Por el momento se desconocen las causas exactas de la ca\u00edda, aunque no se han visto implicados otros veh\u00edculos en el suceso.<\/p>\t\t\t\t\t\t\t\t<\/div>\n\t\t\t\t\t<\/div>\n\t\t\t\t<\/div>\n\t\t\t\t<\/div>","protected":false},"excerpt":{"rendered":"<p>Herida una mujer tras caer de su moto en una rotonda de Tudela de Duero El accidente ha tenido lugar en la CL-600, a la altura de la plaza del Plant\u00edo. Emergencias y fuerzas de seguridad acudieron al lugar Pueblosycomarcas.com;\u00a0@PueblosComarcas Una mujer de 52 a\u00f1os ha resultado herida en la ma\u00f1ana de este martes, 3 de diciembre, tras sufrir una ca\u00edda con su motocicleta en Tudela de Duero (Valladolid). El accidente se ha producido en torno a las 08:42 horas en la carretera CL-600, concretamente en la rotonda situada junto a la plaza del Plant\u00edo, una zona muy transitada en las horas punta. La motorista, que permanec\u00eda consciente tras el incidente, se quejaba de dolores en una pierna, por lo que fue atendida en el lugar por los servicios de emergencias sanitarias de Sacyl, que enviaron una ambulancia para su valoraci\u00f3n y posible traslado. Hasta el punto del accidente tambi\u00e9n se desplazaron efectivos de la Guardia Civil de Tr\u00e1fico, as\u00ed como agentes de la Polic\u00eda Local de Tudela de Duero, que colaboraron en la regulaci\u00f3n del tr\u00e1fico y en la atenci\u00f3n a la v\u00edctima. Por el momento se desconocen las causas exactas de la ca\u00edda, aunque no se han visto implicados otros veh\u00edculos en el suceso.<\/p>","protected":false},"author":1,"featured_media":3644,"comment_status":"open","ping_status":"closed","sticky":false,"template":"","format":"standard","meta":{"site-sidebar-layout":"default","site-content-layout":"","ast-site-content-layout":"default","site-content-style":"default","site-sidebar-style":"default","ast-global-header-display":"","ast-banner-title-visibility":"","ast-main-header-display":"","ast-hfb-above-header-display":"","ast-hfb-below-header-display":"","ast-hfb-mobile-header-display":"","site-post-title":"disabled","ast-breadcrumbs-content":"","ast-featured-img":"","footer-sml-layout":"","theme-transparent-header-meta":"","adv-header-id-meta":"","stick-header-meta":"","header-above-stick-meta":"","header-main-stick-meta":"","header-below-stick-meta":"","astra-migrate-meta-layouts":"default","ast-page-background-enabled":"default","ast-page-background-meta":{"desktop":{"background-color":"var(--ast-global-color-5)","background-image":"","background-repeat":"repeat","background-position":"center center","background-size":"auto","background-attachment":"scroll","background-type":"","background-media":"","overlay-type":"","overlay-color":"","overlay-opacity":"","overlay-gradient":""},"tablet":{"background-color":"","background-image":"","background-repeat":"repeat","background-position":"center center","background-size":"auto","background-attachment":"scroll","background-type":"","background-media":"","overlay-type":"","overlay-color":"","overlay-opacity":"","overlay-gradient":""},"mobile":{"background-color":"","background-image":"","background-repeat":"repeat","background-position":"center center","background-size":"auto","background-attachment":"scroll","background-type":"","background-media":"","overlay-type":"","overlay-color":"","overlay-opacity":"","overlay-gradient":""}},"ast-content-background-meta":{"desktop":{"background-color":"var(--ast-global-color-4)","background-image":"","background-repeat":"repeat","background-position":"center center","background-size":"auto","background-attachment":"scroll","background-type":"","background-media":"","overlay-type":"","overlay-color":"","overlay-opacity":"","overlay-gradient":""},"tablet":{"background-color":"var(--ast-global-color-4)","background-image":"","background-repeat":"repeat","background-position":"center center","background-size":"auto","background-attachment":"scroll","background-type":"","background-media":"","overlay-type":"","overlay-color":"","overlay-opacity":"","overlay-gradient":""},"mobile":{"background-color":"var(--ast-global-color-4)","background-image":"","background-repeat":"repeat","background-position":"center center","background-size":"auto","background-attachment":"scroll","background-type":"","background-media":"","overlay-type":"","overlay-color":"","overlay-opacity":"","overlay-gradient":""}},"ngg_post_thumbnail":0,"footnotes":""},"categories":[16,12,5],"tags":[115,79],"class_list":["post-3643","post","type-post","status-publish","format-standard","has-post-thumbnail","hentry","category-portada","category-sucesos","category-actualidad","tag-provincia","tag-tudela-de-duero"],"aioseo_notices":[],"rttpg_featured_image_url":{"full":["https:\/\/pueblosycomarcas.com\/wp-content\/uploads\/2025\/12\/20220522_ambulancia_sacyl.jpg",800,400,false],"landscape":["https:\/\/pueblosycomarcas.com\/wp-content\/uploads\/2025\/12\/20220522_ambulancia_sacyl.jpg",800,400,false],"portraits":["https:\/\/pueblosycomarcas.com\/wp-content\/uploads\/2025\/12\/20220522_ambulancia_sacyl.jpg",800,400,false],"thumbnail":["https:\/\/pueblosycomarcas.com\/wp-content\/uploads\/2025\/12\/20220522_ambulancia_sacyl-150x150.jpg",150,150,true],"medium":["https:\/\/pueblosycomarcas.com\/wp-content\/uploads\/2025\/12\/20220522_ambulancia_sacyl-300x150.jpg",300,150,true],"large":["https:\/\/pueblosycomarcas.com\/wp-content\/uploads\/2025\/12\/20220522_ambulancia_sacyl.jpg",800,400,false],"1536x1536":["https:\/\/pueblosycomarcas.com\/wp-content\/uploads\/2025\/12\/20220522_ambulancia_sacyl.jpg",800,400,false],"2048x2048":["https:\/\/pueblosycomarcas.com\/wp-content\/uploads\/2025\/12\/20220522_ambulancia_sacyl.jpg",800,400,false],"trp-custom-language-flag":["https:\/\/pueblosycomarcas.com\/wp-content\/uploads\/2025\/12\/20220522_ambulancia_sacyl.jpg",18,9,false]},"rttpg_author":{"display_name":"admin","author_link":"https:\/\/pueblosycomarcas.com\/en\/author\/webalquimia\/"},"rttpg_comment":0,"rttpg_category":"<a href=\"https:\/\/pueblosycomarcas.com\/en\/category\/portada\/\" rel=\"category tag\">Portada<\/a> <a href=\"https:\/\/pueblosycomarcas.com\/en\/category\/sucesos\/\" rel=\"category tag\">Sucesos<\/a> <a href=\"https:\/\/pueblosycomarcas.com\/en\/category\/actualidad\/\" rel=\"category tag\">Tierra de Pinares<\/a>","rttpg_excerpt":"Herida una mujer tras caer de su moto en una rotonda de Tudela de Duero El accidente ha tenido lugar en la CL-600, a la altura de la plaza del Plant\u00edo. Emergencias y fuerzas de seguridad acudieron al lugar Pueblosycomarcas.com;\u00a0@PueblosComarcas Una mujer de 52 a\u00f1os ha resultado herida en la ma\u00f1ana de este martes, 3&hellip;","_links":{"self":[{"href":"https:\/\/pueblosycomarcas.com\/en\/wp-json\/wp\/v2\/posts\/3643","targetHints":{"allow":["GET"]}}],"collection":[{"href":"https:\/\/pueblosycomarcas.com\/en\/wp-json\/wp\/v2\/posts"}],"about":[{"href":"https:\/\/pueblosycomarcas.com\/en\/wp-json\/wp\/v2\/types\/post"}],"author":[{"embeddable":true,"href":"https:\/\/pueblosycomarcas.com\/en\/wp-json\/wp\/v2\/users\/1"}],"replies":[{"embeddable":true,"href":"https:\/\/pueblosycomarcas.com\/en\/wp-json\/wp\/v2\/comments?post=3643"}],"version-history":[{"count":5,"href":"https:\/\/pueblosycomarcas.com\/en\/wp-json\/wp\/v2\/posts\/3643\/revisions"}],"predecessor-version":[{"id":3649,"href":"https:\/\/pueblosycomarcas.com\/en\/wp-json\/wp\/v2\/posts\/3643\/revisions\/3649"}],"wp:featuredmedia":[{"embeddable":true,"href":"https:\/\/pueblosycomarcas.com\/en\/wp-json\/wp\/v2\/media\/3644"}],"wp:attachment":[{"href":"https:\/\/pueblosycomarcas.com\/en\/wp-json\/wp\/v2\/media?parent=3643"}],"wp:term":[{"taxonomy":"category","embeddable":true,"href":"https:\/\/pueblosycomarcas.com\/en\/wp-json\/wp\/v2\/categories?post=3643"},{"taxonomy":"post_tag","embeddable":true,"href":"https:\/\/pueblosycomarcas.com\/en\/wp-json\/wp\/v2\/tags?post=3643"}],"curies":[{"name":"wp","href":"https:\/\/api.w.org\/{rel}","templated":true}]}}