{"id":3636,"date":"2025-12-03T10:44:22","date_gmt":"2025-12-03T09:44:22","guid":{"rendered":"https:\/\/webalquimia.es\/?p=3636"},"modified":"2025-12-03T10:46:44","modified_gmt":"2025-12-03T09:46:44","slug":"iscar-presenta-la-28a-edicion-de-su-torneo-internacional","status":"publish","type":"post","link":"https:\/\/pueblosycomarcas.com\/en\/iscar-presenta-la-28a-edicion-de-su-torneo-internacional\/","title":{"rendered":"\u00cdscar presenta la 28\u00aa edici\u00f3n de su Torneo Internacional"},"content":{"rendered":"<div data-elementor-type=\"wp-post\" data-elementor-id=\"3636\" class=\"elementor elementor-3636\">\n\t\t\t\t<div class=\"elementor-element elementor-element-274bab0 e-flex e-con-boxed wpr-particle-no wpr-jarallax-no wpr-parallax-no wpr-sticky-section-no wpr-equal-height-no e-con e-parent\" data-id=\"274bab0\" data-element_type=\"container\" data-e-type=\"container\">\n\t\t\t\t\t<div class=\"e-con-inner\">\n\t\t\t\t<div class=\"elementor-element elementor-element-6d3de0c elementor-widget elementor-widget-heading\" data-id=\"6d3de0c\" data-element_type=\"widget\" data-e-type=\"widget\" data-widget_type=\"heading.default\">\n\t\t\t\t\t<h2 class=\"elementor-heading-title elementor-size-default\">\u00cdscar presenta la 28\u00aa edici\u00f3n de su Torneo Internacional<\/h2>\t\t\t\t<\/div>\n\t\t\t\t<div class=\"elementor-element elementor-element-e81e054 elementor-widget elementor-widget-text-editor\" data-id=\"e81e054\" data-element_type=\"widget\" data-e-type=\"widget\" data-widget_type=\"text-editor.default\">\n\t\t\t\t\t\t\t\t\t<ul><li><h6><em><strong>Del 4 al 7 de diciembre, el Pabell\u00f3n Municipal reunir\u00e1 a seis selecciones internacionales y a la cadete masculina de Castilla y Le\u00f3n<\/strong><\/em><\/h6><\/li><\/ul>\t\t\t\t\t\t\t\t<\/div>\n\t\t\t\t<div class=\"elementor-element elementor-element-3a1cf17 elementor-widget-divider--view-line elementor-widget elementor-widget-divider\" data-id=\"3a1cf17\" data-element_type=\"widget\" data-e-type=\"widget\" data-widget_type=\"divider.default\">\n\t\t\t\t\t\t\t<div class=\"elementor-divider\">\n\t\t\t<span class=\"elementor-divider-separator\">\n\t\t\t\t\t\t<\/span>\n\t\t<\/div>\n\t\t\t\t\t\t<\/div>\n\t\t\t\t<div class=\"elementor-element elementor-element-0f13f3b elementor-widget elementor-widget-image\" data-id=\"0f13f3b\" data-element_type=\"widget\" data-e-type=\"widget\" data-widget_type=\"image.default\">\n\t\t\t\t\t\t\t\t\t\t\t\t\t\t\t<img fetchpriority=\"high\" decoding=\"async\" width=\"800\" height=\"400\" src=\"https:\/\/pueblosycomarcas.com\/wp-content\/uploads\/2025\/12\/20251203_baloncesto_iscar.jpeg\" class=\"attachment-large size-large wp-image-3637\" alt=\"\" srcset=\"https:\/\/pueblosycomarcas.com\/wp-content\/uploads\/2025\/12\/20251203_baloncesto_iscar.jpeg 800w, https:\/\/pueblosycomarcas.com\/wp-content\/uploads\/2025\/12\/20251203_baloncesto_iscar-300x150.jpeg 300w, https:\/\/pueblosycomarcas.com\/wp-content\/uploads\/2025\/12\/20251203_baloncesto_iscar-768x384.jpeg 768w\" sizes=\"(max-width: 800px) 100vw, 800px\" \/>\t\t\t\t\t\t\t\t\t\t\t\t\t\t\t<\/div>\n\t\t\t\t<div class=\"elementor-element elementor-element-b7231e1 elementor-widget elementor-widget-text-editor\" data-id=\"b7231e1\" data-element_type=\"widget\" data-e-type=\"widget\" data-widget_type=\"text-editor.default\">\n\t\t\t\t\t\t\t\t\t<p><a href=\"https:\/\/www.facebook.com\/Pueblos-y-Comarcas-125437870924169\/?fref=ts\"><em><strong>Pueblosycomarcas.com<\/strong><\/em><\/a><em><strong>;&nbsp;<\/strong><\/em><a href=\"https:\/\/twitter.com\/PueblosComarcas\"><em><strong>@PueblosComarcas<\/strong><\/em><\/a><\/p>\n<p>Ayer se present\u00f3 oficialmente la 28\u00aa edici\u00f3n del Torneo Internacional de \u00cdscar, una de las citas m\u00e1s consolidadas y prestigiosas del baloncesto de formaci\u00f3n europeo. Del 4 al 7 de diciembre, el Pabell\u00f3n Municipal volver\u00e1 a convertirse en el epicentro del talento joven, acogiendo a seis selecciones internacionales y a la cadete masculina de Castilla y Le\u00f3n.<\/p>\n<p>El campeonato contar\u00e1 con dos grupos: Espa\u00f1a, Alemania y Turqu\u00eda formar\u00e1n el Grupo A, mientras que Castilla y Le\u00f3n, Italia y Grecia integrar\u00e1n el Grupo B. La competici\u00f3n comenzar\u00e1 el jueves 4 a las 18:00 h con el partido que enfrentar\u00e1 a Italia y Castilla y Le\u00f3n, y concluir\u00e1 el domingo 7 a las 19:15 h con la gran final.<\/p>\n<p>Con 27 ediciones a sus espaldas, el Torneo de \u00cdscar se ha consolidado como un referente en Europa. A\u00f1o tras a\u00f1o, combina el esp\u00edritu competitivo con la vocaci\u00f3n formativa, permitiendo a las selecciones preparar sus pr\u00f3ximos compromisos internacionales. Para la selecci\u00f3n cadete masculina de Castilla y Le\u00f3n, este escenario supone adem\u00e1s un paso clave en la construcci\u00f3n de su identidad de juego de cara al pr\u00f3ximo Campeonato de Espa\u00f1a.<\/p>\n<p>A la presentaci\u00f3n han acudido diversas personalidades implicadas, entre las que destacan&nbsp;\u00d3scar Casta\u00f1eda, presidente de la Federaci\u00f3n de Baloncesto de Castilla y Le\u00f3n; Jos\u00e9 Andr\u00e9s Sanz Gonz\u00e1lez, alcalde de \u00cdscar; Francisco Redondo, coordinador de Formaci\u00f3n de Selecciones Masculinas de la Federaci\u00f3n Espa\u00f1ola de Baloncesto; Samuel Puente Delso, vicepresidente segundo y delegado provincial de la Federaci\u00f3n de Baloncesto de Castilla y Le\u00f3n; Francisco Javier Gonz\u00e1lez Vega, diputado delegado del Servicio de Deportes y Juventud de la Diputaci\u00f3n de Valladolid; y Jos\u00e9 Ignacio Hern\u00e1ndez, director t\u00e9cnico de la Federaci\u00f3n Espa\u00f1ola de Baloncesto.<\/p>\n<p>Durante la presentaci\u00f3n, las instituciones implicadas subrayaron el papel fundamental del evento en el desarrollo del relevo generacional que est\u00e1 sufriendo la selecci\u00f3n espa\u00f1ola absoluta, el compromiso del municipio con el deporte y el valor del trabajo formativo. Tambi\u00e9n destacaron la implicaci\u00f3n de los voluntarios, el esfuerzo organizativo y la calidad de las instalaciones de \u00cdscar, un municipio que se consolida cada a\u00f1o como referencia deportiva.<\/p>\n<p>Con esta nueva edici\u00f3n, \u00cdscar reafirma su condici\u00f3n de sede clave en el baloncesto formativo y se prepara para recibir a decenas de aficionados que podr\u00e1n disfrutar del mejor talento internacional en una cita ya tradicional en el calendario.<\/p>\t\t\t\t\t\t\t\t<\/div>\n\t\t\t\t\t<\/div>\n\t\t\t\t<\/div>\n\t\t\t\t<\/div>","protected":false},"excerpt":{"rendered":"<p>\u00cdscar presenta la 28\u00aa edici\u00f3n de su Torneo Internacional Del 4 al 7 de diciembre, el Pabell\u00f3n Municipal reunir\u00e1 a seis selecciones internacionales y a la cadete masculina de Castilla y Le\u00f3n Pueblosycomarcas.com;&nbsp;@PueblosComarcas Ayer se present\u00f3 oficialmente la 28\u00aa edici\u00f3n del Torneo Internacional de \u00cdscar, una de las citas m\u00e1s consolidadas y prestigiosas del baloncesto de formaci\u00f3n europeo. Del 4 al 7 de diciembre, el Pabell\u00f3n Municipal volver\u00e1 a convertirse en el epicentro del talento joven, acogiendo a seis selecciones internacionales y a la cadete masculina de Castilla y Le\u00f3n. El campeonato contar\u00e1 con dos grupos: Espa\u00f1a, Alemania y Turqu\u00eda formar\u00e1n el Grupo A, mientras que Castilla y Le\u00f3n, Italia y Grecia integrar\u00e1n el Grupo B. La competici\u00f3n comenzar\u00e1 el jueves 4 a las 18:00 h con el partido que enfrentar\u00e1 a Italia y Castilla y Le\u00f3n, y concluir\u00e1 el domingo 7 a las 19:15 h con la gran final. Con 27 ediciones a sus espaldas, el Torneo de \u00cdscar se ha consolidado como un referente en Europa. A\u00f1o tras a\u00f1o, combina el esp\u00edritu competitivo con la vocaci\u00f3n formativa, permitiendo a las selecciones preparar sus pr\u00f3ximos compromisos internacionales. Para la selecci\u00f3n cadete masculina de Castilla y Le\u00f3n, este escenario supone adem\u00e1s un paso clave en la construcci\u00f3n de su identidad de juego de cara al pr\u00f3ximo Campeonato de Espa\u00f1a. A la presentaci\u00f3n han acudido diversas personalidades implicadas, entre las que destacan&nbsp;\u00d3scar Casta\u00f1eda, presidente de la Federaci\u00f3n de Baloncesto de Castilla y Le\u00f3n; Jos\u00e9 Andr\u00e9s Sanz Gonz\u00e1lez, alcalde de \u00cdscar; Francisco Redondo, coordinador de Formaci\u00f3n de Selecciones Masculinas de la Federaci\u00f3n Espa\u00f1ola de Baloncesto; Samuel Puente Delso, vicepresidente segundo y delegado provincial de la Federaci\u00f3n de Baloncesto de Castilla y Le\u00f3n; Francisco Javier Gonz\u00e1lez Vega, diputado delegado del Servicio de Deportes y Juventud de la Diputaci\u00f3n de Valladolid; y Jos\u00e9 Ignacio Hern\u00e1ndez, director t\u00e9cnico de la Federaci\u00f3n Espa\u00f1ola de Baloncesto. Durante la presentaci\u00f3n, las instituciones implicadas subrayaron el papel fundamental del evento en el desarrollo del relevo generacional que est\u00e1 sufriendo la selecci\u00f3n espa\u00f1ola absoluta, el compromiso del municipio con el deporte y el valor del trabajo formativo. Tambi\u00e9n destacaron la implicaci\u00f3n de los voluntarios, el esfuerzo organizativo y la calidad de las instalaciones de \u00cdscar, un municipio que se consolida cada a\u00f1o como referencia deportiva. Con esta nueva edici\u00f3n, \u00cdscar reafirma su condici\u00f3n de sede clave en el baloncesto formativo y se prepara para recibir a decenas de aficionados que podr\u00e1n disfrutar del mejor talento internacional en una cita ya tradicional en el calendario.<\/p>","protected":false},"author":1,"featured_media":3637,"comment_status":"open","ping_status":"closed","sticky":false,"template":"","format":"standard","meta":{"site-sidebar-layout":"default","site-content-layout":"","ast-site-content-layout":"default","site-content-style":"default","site-sidebar-style":"default","ast-global-header-display":"","ast-banner-title-visibility":"","ast-main-header-display":"","ast-hfb-above-header-display":"","ast-hfb-below-header-display":"","ast-hfb-mobile-header-display":"","site-post-title":"disabled","ast-breadcrumbs-content":"","ast-featured-img":"","footer-sml-layout":"","theme-transparent-header-meta":"","adv-header-id-meta":"","stick-header-meta":"","header-above-stick-meta":"","header-main-stick-meta":"","header-below-stick-meta":"","astra-migrate-meta-layouts":"default","ast-page-background-enabled":"default","ast-page-background-meta":{"desktop":{"background-color":"var(--ast-global-color-5)","background-image":"","background-repeat":"repeat","background-position":"center center","background-size":"auto","background-attachment":"scroll","background-type":"","background-media":"","overlay-type":"","overlay-color":"","overlay-opacity":"","overlay-gradient":""},"tablet":{"background-color":"","background-image":"","background-repeat":"repeat","background-position":"center center","background-size":"auto","background-attachment":"scroll","background-type":"","background-media":"","overlay-type":"","overlay-color":"","overlay-opacity":"","overlay-gradient":""},"mobile":{"background-color":"","background-image":"","background-repeat":"repeat","background-position":"center center","background-size":"auto","background-attachment":"scroll","background-type":"","background-media":"","overlay-type":"","overlay-color":"","overlay-opacity":"","overlay-gradient":""}},"ast-content-background-meta":{"desktop":{"background-color":"var(--ast-global-color-4)","background-image":"","background-repeat":"repeat","background-position":"center center","background-size":"auto","background-attachment":"scroll","background-type":"","background-media":"","overlay-type":"","overlay-color":"","overlay-opacity":"","overlay-gradient":""},"tablet":{"background-color":"var(--ast-global-color-4)","background-image":"","background-repeat":"repeat","background-position":"center center","background-size":"auto","background-attachment":"scroll","background-type":"","background-media":"","overlay-type":"","overlay-color":"","overlay-opacity":"","overlay-gradient":""},"mobile":{"background-color":"var(--ast-global-color-4)","background-image":"","background-repeat":"repeat","background-position":"center center","background-size":"auto","background-attachment":"scroll","background-type":"","background-media":"","overlay-type":"","overlay-color":"","overlay-opacity":"","overlay-gradient":""}},"ngg_post_thumbnail":0,"footnotes":""},"categories":[11,16],"tags":[231,69],"class_list":["post-3636","post","type-post","status-publish","format-standard","has-post-thumbnail","hentry","category-deportes-y-ocio","category-portada","tag-baloncesto","tag-iscar"],"aioseo_notices":[],"rttpg_featured_image_url":{"full":["https:\/\/pueblosycomarcas.com\/wp-content\/uploads\/2025\/12\/20251203_baloncesto_iscar.jpeg",800,400,false],"landscape":["https:\/\/pueblosycomarcas.com\/wp-content\/uploads\/2025\/12\/20251203_baloncesto_iscar.jpeg",800,400,false],"portraits":["https:\/\/pueblosycomarcas.com\/wp-content\/uploads\/2025\/12\/20251203_baloncesto_iscar.jpeg",800,400,false],"thumbnail":["https:\/\/pueblosycomarcas.com\/wp-content\/uploads\/2025\/12\/20251203_baloncesto_iscar-150x150.jpeg",150,150,true],"medium":["https:\/\/pueblosycomarcas.com\/wp-content\/uploads\/2025\/12\/20251203_baloncesto_iscar-300x150.jpeg",300,150,true],"large":["https:\/\/pueblosycomarcas.com\/wp-content\/uploads\/2025\/12\/20251203_baloncesto_iscar.jpeg",800,400,false],"1536x1536":["https:\/\/pueblosycomarcas.com\/wp-content\/uploads\/2025\/12\/20251203_baloncesto_iscar.jpeg",800,400,false],"2048x2048":["https:\/\/pueblosycomarcas.com\/wp-content\/uploads\/2025\/12\/20251203_baloncesto_iscar.jpeg",800,400,false],"trp-custom-language-flag":["https:\/\/pueblosycomarcas.com\/wp-content\/uploads\/2025\/12\/20251203_baloncesto_iscar.jpeg",18,9,false]},"rttpg_author":{"display_name":"admin","author_link":"https:\/\/pueblosycomarcas.com\/en\/author\/webalquimia\/"},"rttpg_comment":0,"rttpg_category":"<a href=\"https:\/\/pueblosycomarcas.com\/en\/category\/deportes-y-ocio\/\" rel=\"category tag\">Deporte y Ocio<\/a> <a href=\"https:\/\/pueblosycomarcas.com\/en\/category\/portada\/\" rel=\"category tag\">Portada<\/a>","rttpg_excerpt":"\u00cdscar presenta la 28\u00aa edici\u00f3n de su Torneo Internacional Del 4 al 7 de diciembre, el Pabell\u00f3n Municipal reunir\u00e1 a seis selecciones internacionales y a la cadete masculina de Castilla y Le\u00f3n Pueblosycomarcas.com;&nbsp;@PueblosComarcas Ayer se present\u00f3 oficialmente la 28\u00aa edici\u00f3n del Torneo Internacional de \u00cdscar, una de las citas m\u00e1s consolidadas y prestigiosas del baloncesto&hellip;","_links":{"self":[{"href":"https:\/\/pueblosycomarcas.com\/en\/wp-json\/wp\/v2\/posts\/3636","targetHints":{"allow":["GET"]}}],"collection":[{"href":"https:\/\/pueblosycomarcas.com\/en\/wp-json\/wp\/v2\/posts"}],"about":[{"href":"https:\/\/pueblosycomarcas.com\/en\/wp-json\/wp\/v2\/types\/post"}],"author":[{"embeddable":true,"href":"https:\/\/pueblosycomarcas.com\/en\/wp-json\/wp\/v2\/users\/1"}],"replies":[{"embeddable":true,"href":"https:\/\/pueblosycomarcas.com\/en\/wp-json\/wp\/v2\/comments?post=3636"}],"version-history":[{"count":5,"href":"https:\/\/pueblosycomarcas.com\/en\/wp-json\/wp\/v2\/posts\/3636\/revisions"}],"predecessor-version":[{"id":3642,"href":"https:\/\/pueblosycomarcas.com\/en\/wp-json\/wp\/v2\/posts\/3636\/revisions\/3642"}],"wp:featuredmedia":[{"embeddable":true,"href":"https:\/\/pueblosycomarcas.com\/en\/wp-json\/wp\/v2\/media\/3637"}],"wp:attachment":[{"href":"https:\/\/pueblosycomarcas.com\/en\/wp-json\/wp\/v2\/media?parent=3636"}],"wp:term":[{"taxonomy":"category","embeddable":true,"href":"https:\/\/pueblosycomarcas.com\/en\/wp-json\/wp\/v2\/categories?post=3636"},{"taxonomy":"post_tag","embeddable":true,"href":"https:\/\/pueblosycomarcas.com\/en\/wp-json\/wp\/v2\/tags?post=3636"}],"curies":[{"name":"wp","href":"https:\/\/api.w.org\/{rel}","templated":true}]}}