{"id":3612,"date":"2025-12-03T06:06:00","date_gmt":"2025-12-03T05:06:00","guid":{"rendered":"https:\/\/webalquimia.es\/?p=3612"},"modified":"2025-12-02T13:24:50","modified_gmt":"2025-12-02T12:24:50","slug":"el-psoe-en-las-cortes-de-castilla-y-leon-pide-la-declaracion-de-la-leyenda-de-las-doncellas-de-simancas-como-bic","status":"publish","type":"post","link":"https:\/\/pueblosycomarcas.com\/en\/el-psoe-en-las-cortes-de-castilla-y-leon-pide-la-declaracion-de-la-leyenda-de-las-doncellas-de-simancas-como-bic\/","title":{"rendered":"El PSOE en las Cortes de Castilla y Le\u00f3n pide la declaraci\u00f3n de la Leyenda de las Doncellas de Simancas como BIC"},"content":{"rendered":"<div data-elementor-type=\"wp-post\" data-elementor-id=\"3612\" class=\"elementor elementor-3612\">\n\t\t\t\t<div class=\"elementor-element elementor-element-277a64b e-flex e-con-boxed wpr-particle-no wpr-jarallax-no wpr-parallax-no wpr-sticky-section-no wpr-equal-height-no e-con e-parent\" data-id=\"277a64b\" data-element_type=\"container\" data-e-type=\"container\">\n\t\t\t\t\t<div class=\"e-con-inner\">\n\t\t\t\t<div class=\"elementor-element elementor-element-2859df2 elementor-widget elementor-widget-heading\" data-id=\"2859df2\" data-element_type=\"widget\" data-e-type=\"widget\" data-widget_type=\"heading.default\">\n\t\t\t\t\t<h2 class=\"elementor-heading-title elementor-size-default\">El PSOE en las Cortes de Castilla y Le\u00f3n pide la declaraci\u00f3n de la Leyenda de las Doncellas de Simancas como BIC<\/h2>\t\t\t\t<\/div>\n\t\t\t\t<div class=\"elementor-element elementor-element-7727caf elementor-widget elementor-widget-text-editor\" data-id=\"7727caf\" data-element_type=\"widget\" data-e-type=\"widget\" data-widget_type=\"text-editor.default\">\n\t\t\t\t\t\t\t\t\t<ul><li><h6><em><strong>Para ello, el Grupo Parlamentario Socialista ha registrado una proposici\u00f3n no de ley para su debate y posterior votaci\u00f3n<\/strong><\/em><\/h6><\/li><\/ul>\t\t\t\t\t\t\t\t<\/div>\n\t\t\t\t<div class=\"elementor-element elementor-element-fd68cb4 elementor-widget-divider--view-line elementor-widget elementor-widget-divider\" data-id=\"fd68cb4\" data-element_type=\"widget\" data-e-type=\"widget\" data-widget_type=\"divider.default\">\n\t\t\t\t\t\t\t<div class=\"elementor-divider\">\n\t\t\t<span class=\"elementor-divider-separator\">\n\t\t\t\t\t\t<\/span>\n\t\t<\/div>\n\t\t\t\t\t\t<\/div>\n\t\t\t\t<div class=\"elementor-element elementor-element-1547713 elementor-widget elementor-widget-image\" data-id=\"1547713\" data-element_type=\"widget\" data-e-type=\"widget\" data-widget_type=\"image.default\">\n\t\t\t\t\t\t\t\t\t\t\t\t\t\t\t<img fetchpriority=\"high\" decoding=\"async\" width=\"800\" height=\"400\" src=\"https:\/\/pueblosycomarcas.com\/wp-content\/uploads\/2025\/12\/20251203_doncellas_simancas.jpg\" class=\"attachment-large size-large wp-image-3613\" alt=\"\" srcset=\"https:\/\/pueblosycomarcas.com\/wp-content\/uploads\/2025\/12\/20251203_doncellas_simancas.jpg 800w, https:\/\/pueblosycomarcas.com\/wp-content\/uploads\/2025\/12\/20251203_doncellas_simancas-300x150.jpg 300w, https:\/\/pueblosycomarcas.com\/wp-content\/uploads\/2025\/12\/20251203_doncellas_simancas-768x384.jpg 768w\" sizes=\"(max-width: 800px) 100vw, 800px\" \/>\t\t\t\t\t\t\t\t\t\t\t\t\t\t\t<\/div>\n\t\t\t\t<div class=\"elementor-element elementor-element-1191934 elementor-widget elementor-widget-text-editor\" data-id=\"1191934\" data-element_type=\"widget\" data-e-type=\"widget\" data-widget_type=\"text-editor.default\">\n\t\t\t\t\t\t\t\t\t<p><a href=\"https:\/\/www.facebook.com\/Pueblos-y-Comarcas-125437870924169\/?fref=ts\"><em><strong>Pueblosycomarcas.com<\/strong><\/em><\/a><em><strong>;\u00a0<\/strong><\/em><a href=\"https:\/\/twitter.com\/PueblosComarcas\"><em><strong>@PueblosComarcas<\/strong><\/em><\/a><\/p><p>El PSOE en las Cortes de Castilla y Le\u00f3n pide la declaraci\u00f3n de la Leyenda de las Doncellas de Simancas como BIC. Para ello, el Grupo Parlamentario Socialista ha registrado una proposici\u00f3n no de ley para su debate y posterior votaci\u00f3n.<\/p><p>Para el portavoz en el ayuntamiento de Simancas y procurador en las cortes, Pedro Gonz\u00e1lez Reglero <strong>\u201cla aprobaci\u00f3n de esta iniciativa ser\u00eda una magn\u00edfica noticia para Simancas\u201d.<\/strong><\/p><p>La leyenda de las Doncellas de Simancas, que relata el sacrificio de las j\u00f3venes simanquinas frente al llamado \u201ctributo de las cien doncellas\u201d, es uno de los relatos tradicionales m\u00e1s singulares y arraigados en el acervo cultural de la provincia de Valladolid y de nuestra comunidad, de nuestro patrimonio cultural inmaterial y as\u00ed queremos que se reconozca, aseguran desde el Grupo Socialista.<\/p><p>Para los socialistas, esta leyenda de origen medieval no es s\u00f3lo\u00a0un relato de car\u00e1cter m\u00edtico <strong>\u201crepresenta valores que el Grupo Socialista considera fundamentales en la construcci\u00f3n de una sociedad m\u00e1s justa e igualitaria: la resistencia frente a la opresi\u00f3n, la defensa de la dignidad y el papel de las mujeres como protagonistas de la memoria hist\u00f3rica popular\u201d.<\/strong><\/p><p>\u00a0La importancia para la identidad cultural de Simancas de esta leyenda es incuestionable como se manifiesta en las actividades culturales, festividades populares, iniciativas educativas y expresiones art\u00edsticas. \u201c<strong>La declaraci\u00f3n de la leyenda de las doncellas como Bien de Inter\u00e9s Cultural (BIC) permitir\u00e1 afianzar su salvaguarda, reforzar su documentaci\u00f3n y promover pol\u00edticas culturales activas que favorezcan su continuidad y su adecuada difusi\u00f3n\u201d <\/strong>afirman desde el Grupo Socialista.<\/p><p><strong>\u00a0<\/strong>El portavoz Gonz\u00e1lez Reglero declara que <strong>\u201cdesde Simancas debemos ser ambiciosos, la consecuci\u00f3n de este objetivo contribuir\u00eda a fortalecer la identidad cultural de Simancas, dinamizando su vida comunitaria generando oportunidades de desarrollo cultural, social y tur\u00edstico\u201d <\/strong>y a\u00f1ade<strong>\u00a0\u201cesta iniciativa abre una gran ventana de posibilidades para nuestro municipio, Simancas\u201d.<\/strong><\/p><p>Por todo ello, los socialistas consideran imprescindible impulsar la tramitaci\u00f3n que garantice la preservaci\u00f3n de esta leyenda como parte del patrimonio cultural inmaterial de Castilla y Le\u00f3n.<\/p><p><strong>\u00abLa cultura constituye un elemento vertebrador del medio rural y una herramienta esencial para la igualdad de oportunidades y el desarrollo territorial equilibrado. Desde el Grupo Socialista, continuaremos velando por la preservaci\u00f3n y difusi\u00f3n de nuestro patrimonio y trabajando para ponerlo en valor y darlo a conocer, solicitando la implicaci\u00f3n de todas las instituciones\u00bb <\/strong>concluye Pedro Gonz\u00e1lez.<\/p>\t\t\t\t\t\t\t\t<\/div>\n\t\t\t\t\t<\/div>\n\t\t\t\t<\/div>\n\t\t\t\t<\/div>","protected":false},"excerpt":{"rendered":"<p>El PSOE en las Cortes de Castilla y Le\u00f3n pide la declaraci\u00f3n de la Leyenda de las Doncellas de Simancas como BIC Para ello, el Grupo Parlamentario Socialista ha registrado una proposici\u00f3n no de ley para su debate y posterior votaci\u00f3n Pueblosycomarcas.com;\u00a0@PueblosComarcas El PSOE en las Cortes de Castilla y Le\u00f3n pide la declaraci\u00f3n de la Leyenda de las Doncellas de Simancas como BIC. Para ello, el Grupo Parlamentario Socialista ha registrado una proposici\u00f3n no de ley para su debate y posterior votaci\u00f3n. Para el portavoz en el ayuntamiento de Simancas y procurador en las cortes, Pedro Gonz\u00e1lez Reglero \u201cla aprobaci\u00f3n de esta iniciativa ser\u00eda una magn\u00edfica noticia para Simancas\u201d. La leyenda de las Doncellas de Simancas, que relata el sacrificio de las j\u00f3venes simanquinas frente al llamado \u201ctributo de las cien doncellas\u201d, es uno de los relatos tradicionales m\u00e1s singulares y arraigados en el acervo cultural de la provincia de Valladolid y de nuestra comunidad, de nuestro patrimonio cultural inmaterial y as\u00ed queremos que se reconozca, aseguran desde el Grupo Socialista. Para los socialistas, esta leyenda de origen medieval no es s\u00f3lo\u00a0un relato de car\u00e1cter m\u00edtico \u201crepresenta valores que el Grupo Socialista considera fundamentales en la construcci\u00f3n de una sociedad m\u00e1s justa e igualitaria: la resistencia frente a la opresi\u00f3n, la defensa de la dignidad y el papel de las mujeres como protagonistas de la memoria hist\u00f3rica popular\u201d. \u00a0La importancia para la identidad cultural de Simancas de esta leyenda es incuestionable como se manifiesta en las actividades culturales, festividades populares, iniciativas educativas y expresiones art\u00edsticas. \u201cLa declaraci\u00f3n de la leyenda de las doncellas como Bien de Inter\u00e9s Cultural (BIC) permitir\u00e1 afianzar su salvaguarda, reforzar su documentaci\u00f3n y promover pol\u00edticas culturales activas que favorezcan su continuidad y su adecuada difusi\u00f3n\u201d afirman desde el Grupo Socialista. \u00a0El portavoz Gonz\u00e1lez Reglero declara que \u201cdesde Simancas debemos ser ambiciosos, la consecuci\u00f3n de este objetivo contribuir\u00eda a fortalecer la identidad cultural de Simancas, dinamizando su vida comunitaria generando oportunidades de desarrollo cultural, social y tur\u00edstico\u201d y a\u00f1ade\u00a0\u201cesta iniciativa abre una gran ventana de posibilidades para nuestro municipio, Simancas\u201d. Por todo ello, los socialistas consideran imprescindible impulsar la tramitaci\u00f3n que garantice la preservaci\u00f3n de esta leyenda como parte del patrimonio cultural inmaterial de Castilla y Le\u00f3n. \u00abLa cultura constituye un elemento vertebrador del medio rural y una herramienta esencial para la igualdad de oportunidades y el desarrollo territorial equilibrado. Desde el Grupo Socialista, continuaremos velando por la preservaci\u00f3n y difusi\u00f3n de nuestro patrimonio y trabajando para ponerlo en valor y darlo a conocer, solicitando la implicaci\u00f3n de todas las instituciones\u00bb concluye Pedro Gonz\u00e1lez.<\/p>","protected":false},"author":1,"featured_media":3613,"comment_status":"open","ping_status":"closed","sticky":false,"template":"","format":"standard","meta":{"site-sidebar-layout":"default","site-content-layout":"","ast-site-content-layout":"default","site-content-style":"default","site-sidebar-style":"default","ast-global-header-display":"","ast-banner-title-visibility":"","ast-main-header-display":"","ast-hfb-above-header-display":"","ast-hfb-below-header-display":"","ast-hfb-mobile-header-display":"","site-post-title":"disabled","ast-breadcrumbs-content":"","ast-featured-img":"","footer-sml-layout":"","theme-transparent-header-meta":"","adv-header-id-meta":"","stick-header-meta":"","header-above-stick-meta":"","header-main-stick-meta":"","header-below-stick-meta":"","astra-migrate-meta-layouts":"default","ast-page-background-enabled":"default","ast-page-background-meta":{"desktop":{"background-color":"var(--ast-global-color-5)","background-image":"","background-repeat":"repeat","background-position":"center center","background-size":"auto","background-attachment":"scroll","background-type":"","background-media":"","overlay-type":"","overlay-color":"","overlay-opacity":"","overlay-gradient":""},"tablet":{"background-color":"","background-image":"","background-repeat":"repeat","background-position":"center center","background-size":"auto","background-attachment":"scroll","background-type":"","background-media":"","overlay-type":"","overlay-color":"","overlay-opacity":"","overlay-gradient":""},"mobile":{"background-color":"","background-image":"","background-repeat":"repeat","background-position":"center center","background-size":"auto","background-attachment":"scroll","background-type":"","background-media":"","overlay-type":"","overlay-color":"","overlay-opacity":"","overlay-gradient":""}},"ast-content-background-meta":{"desktop":{"background-color":"var(--ast-global-color-4)","background-image":"","background-repeat":"repeat","background-position":"center center","background-size":"auto","background-attachment":"scroll","background-type":"","background-media":"","overlay-type":"","overlay-color":"","overlay-opacity":"","overlay-gradient":""},"tablet":{"background-color":"var(--ast-global-color-4)","background-image":"","background-repeat":"repeat","background-position":"center center","background-size":"auto","background-attachment":"scroll","background-type":"","background-media":"","overlay-type":"","overlay-color":"","overlay-opacity":"","overlay-gradient":""},"mobile":{"background-color":"var(--ast-global-color-4)","background-image":"","background-repeat":"repeat","background-position":"center center","background-size":"auto","background-attachment":"scroll","background-type":"","background-media":"","overlay-type":"","overlay-color":"","overlay-opacity":"","overlay-gradient":""}},"ngg_post_thumbnail":0,"footnotes":""},"categories":[10,16],"tags":[228,226,145,227],"class_list":["post-3612","post","type-post","status-publish","format-standard","has-post-thumbnail","hentry","category-otras-comarcas","category-portada","tag-cortes-de-castilla-y-leon","tag-doncellas","tag-psoe","tag-simacas"],"aioseo_notices":[],"rttpg_featured_image_url":{"full":["https:\/\/pueblosycomarcas.com\/wp-content\/uploads\/2025\/12\/20251203_doncellas_simancas.jpg",800,400,false],"landscape":["https:\/\/pueblosycomarcas.com\/wp-content\/uploads\/2025\/12\/20251203_doncellas_simancas.jpg",800,400,false],"portraits":["https:\/\/pueblosycomarcas.com\/wp-content\/uploads\/2025\/12\/20251203_doncellas_simancas.jpg",800,400,false],"thumbnail":["https:\/\/pueblosycomarcas.com\/wp-content\/uploads\/2025\/12\/20251203_doncellas_simancas-150x150.jpg",150,150,true],"medium":["https:\/\/pueblosycomarcas.com\/wp-content\/uploads\/2025\/12\/20251203_doncellas_simancas-300x150.jpg",300,150,true],"large":["https:\/\/pueblosycomarcas.com\/wp-content\/uploads\/2025\/12\/20251203_doncellas_simancas.jpg",800,400,false],"1536x1536":["https:\/\/pueblosycomarcas.com\/wp-content\/uploads\/2025\/12\/20251203_doncellas_simancas.jpg",800,400,false],"2048x2048":["https:\/\/pueblosycomarcas.com\/wp-content\/uploads\/2025\/12\/20251203_doncellas_simancas.jpg",800,400,false],"trp-custom-language-flag":["https:\/\/pueblosycomarcas.com\/wp-content\/uploads\/2025\/12\/20251203_doncellas_simancas.jpg",18,9,false]},"rttpg_author":{"display_name":"admin","author_link":"https:\/\/pueblosycomarcas.com\/en\/author\/webalquimia\/"},"rttpg_comment":0,"rttpg_category":"<a href=\"https:\/\/pueblosycomarcas.com\/en\/category\/otras-comarcas\/\" rel=\"category tag\">Otras Comarcas<\/a> <a href=\"https:\/\/pueblosycomarcas.com\/en\/category\/portada\/\" rel=\"category tag\">Portada<\/a>","rttpg_excerpt":"El PSOE en las Cortes de Castilla y Le\u00f3n pide la declaraci\u00f3n de la Leyenda de las Doncellas de Simancas como BIC Para ello, el Grupo Parlamentario Socialista ha registrado una proposici\u00f3n no de ley para su debate y posterior votaci\u00f3n Pueblosycomarcas.com;\u00a0@PueblosComarcas El PSOE en las Cortes de Castilla y Le\u00f3n pide la declaraci\u00f3n de&hellip;","_links":{"self":[{"href":"https:\/\/pueblosycomarcas.com\/en\/wp-json\/wp\/v2\/posts\/3612","targetHints":{"allow":["GET"]}}],"collection":[{"href":"https:\/\/pueblosycomarcas.com\/en\/wp-json\/wp\/v2\/posts"}],"about":[{"href":"https:\/\/pueblosycomarcas.com\/en\/wp-json\/wp\/v2\/types\/post"}],"author":[{"embeddable":true,"href":"https:\/\/pueblosycomarcas.com\/en\/wp-json\/wp\/v2\/users\/1"}],"replies":[{"embeddable":true,"href":"https:\/\/pueblosycomarcas.com\/en\/wp-json\/wp\/v2\/comments?post=3612"}],"version-history":[{"count":5,"href":"https:\/\/pueblosycomarcas.com\/en\/wp-json\/wp\/v2\/posts\/3612\/revisions"}],"predecessor-version":[{"id":3618,"href":"https:\/\/pueblosycomarcas.com\/en\/wp-json\/wp\/v2\/posts\/3612\/revisions\/3618"}],"wp:featuredmedia":[{"embeddable":true,"href":"https:\/\/pueblosycomarcas.com\/en\/wp-json\/wp\/v2\/media\/3613"}],"wp:attachment":[{"href":"https:\/\/pueblosycomarcas.com\/en\/wp-json\/wp\/v2\/media?parent=3612"}],"wp:term":[{"taxonomy":"category","embeddable":true,"href":"https:\/\/pueblosycomarcas.com\/en\/wp-json\/wp\/v2\/categories?post=3612"},{"taxonomy":"post_tag","embeddable":true,"href":"https:\/\/pueblosycomarcas.com\/en\/wp-json\/wp\/v2\/tags?post=3612"}],"curies":[{"name":"wp","href":"https:\/\/api.w.org\/{rel}","templated":true}]}}