{"id":3579,"date":"2025-12-02T10:19:39","date_gmt":"2025-12-02T09:19:39","guid":{"rendered":"https:\/\/webalquimia.es\/?p=3579"},"modified":"2025-12-02T10:23:21","modified_gmt":"2025-12-02T09:23:21","slug":"el-paro-baja-en-18-805-personas-en-noviembre-y-se-situa-en-2-424-961","status":"publish","type":"post","link":"https:\/\/pueblosycomarcas.com\/en\/el-paro-baja-en-18-805-personas-en-noviembre-y-se-situa-en-2-424-961\/","title":{"rendered":"El paro baja en 18.805 personas en noviembre y se sit\u00faa en 2.424.961"},"content":{"rendered":"<div data-elementor-type=\"wp-post\" data-elementor-id=\"3579\" class=\"elementor elementor-3579\">\n\t\t\t\t<div class=\"elementor-element elementor-element-6dd43e9 e-flex e-con-boxed wpr-particle-no wpr-jarallax-no wpr-parallax-no wpr-sticky-section-no wpr-equal-height-no e-con e-parent\" data-id=\"6dd43e9\" data-element_type=\"container\" data-e-type=\"container\">\n\t\t\t\t\t<div class=\"e-con-inner\">\n\t\t\t\t<div class=\"elementor-element elementor-element-80b7911 elementor-widget elementor-widget-heading\" data-id=\"80b7911\" data-element_type=\"widget\" data-e-type=\"widget\" data-widget_type=\"heading.default\">\n\t\t\t\t\t<h2 class=\"elementor-heading-title elementor-size-default\">El paro baja en 18.805 personas en noviembre y se sit\u00faa en 2.424.961<\/h2>\t\t\t\t<\/div>\n\t\t\t\t<div class=\"elementor-element elementor-element-3b7735a elementor-widget elementor-widget-text-editor\" data-id=\"3b7735a\" data-element_type=\"widget\" data-e-type=\"widget\" data-widget_type=\"text-editor.default\">\n\t\t\t\t\t\t\t\t\t<ul><li><h6><em><strong>En los \u00faltimos doce meses, el desempleo se reduce en 161.057 personas<\/strong><\/em><\/h6><\/li><\/ul>\t\t\t\t\t\t\t\t<\/div>\n\t\t\t\t<div class=\"elementor-element elementor-element-d0bb44d elementor-widget-divider--view-line elementor-widget elementor-widget-divider\" data-id=\"d0bb44d\" data-element_type=\"widget\" data-e-type=\"widget\" data-widget_type=\"divider.default\">\n\t\t\t\t\t\t\t<div class=\"elementor-divider\">\n\t\t\t<span class=\"elementor-divider-separator\">\n\t\t\t\t\t\t<\/span>\n\t\t<\/div>\n\t\t\t\t\t\t<\/div>\n\t\t\t\t<div class=\"elementor-element elementor-element-7654d73 elementor-widget elementor-widget-image\" data-id=\"7654d73\" data-element_type=\"widget\" data-e-type=\"widget\" data-widget_type=\"image.default\">\n\t\t\t\t\t\t\t\t\t\t\t\t\t\t\t<img fetchpriority=\"high\" decoding=\"async\" width=\"800\" height=\"400\" src=\"https:\/\/pueblosycomarcas.com\/wp-content\/uploads\/2025\/10\/20251017_empleo.jpeg\" class=\"attachment-large size-large wp-image-904\" alt=\"\" srcset=\"https:\/\/pueblosycomarcas.com\/wp-content\/uploads\/2025\/10\/20251017_empleo.jpeg 800w, https:\/\/pueblosycomarcas.com\/wp-content\/uploads\/2025\/10\/20251017_empleo-300x150.jpeg 300w, https:\/\/pueblosycomarcas.com\/wp-content\/uploads\/2025\/10\/20251017_empleo-768x384.jpeg 768w\" sizes=\"(max-width: 800px) 100vw, 800px\" \/>\t\t\t\t\t\t\t\t\t\t\t\t\t\t\t<\/div>\n\t\t\t\t<div class=\"elementor-element elementor-element-99655f5 elementor-widget elementor-widget-text-editor\" data-id=\"99655f5\" data-element_type=\"widget\" data-e-type=\"widget\" data-widget_type=\"text-editor.default\">\n\t\t\t\t\t\t\t\t\t<p><a href=\"https:\/\/www.facebook.com\/Pueblos-y-Comarcas-125437870924169\/?fref=ts\"><strong><em>Pueblosycomarcas.com<\/em><\/strong><\/a><strong><em>;&nbsp;<\/em><\/strong><a href=\"https:\/\/twitter.com\/PueblosComarcas\"><strong><em>@PueblosComarcas<\/em><\/strong><\/a><\/p>\n<p>El n\u00famero de personas desempleadas registradas en las oficinas del Servicio P\u00fablico de Empleo Estatal (SEPE), al finalizar el mes de noviembre, se ha reducido en 18.805 personas en relaci\u00f3n con el mes anterior (-0,77%).<\/p>\n<p>Respecto a noviembre de 2024, el desempleo ha descendido en 161.057 personas (-6,23%). De esta forma, el paro registrado se ha situado en 2.424.961, la cifra m\u00e1s baja para este mes desde 2007.<\/p>\n<p>Respecto a noviembre de 2024, el desempleo ha descendido en 161.057 personas (-6,23%). De esta forma, el paro registrado se ha situado en 2.424.961, la cifra m\u00e1s baja para este mes desde 2007.<\/p>\n<p>En t\u00e9rminos desestacionalizados el paro registrado se reduce en 11.881 personas.<\/p>\n<h4><strong>EL PARO POR SECTORES <\/strong><\/h4>\n<p>El paro se reduce en noviembre en todos los sectores econ\u00f3micos y tambi\u00e9n entre el Colectivo Sin Empleo Anterior.<\/p>\n<p>De esta manera, cae en Servicios en 13.013 personas (-0,73%), en Industria en 1.552 personas (-0,82%), en Agricultura en 1.332 (-1,74%) y en Construcci\u00f3n en 881 (-0,51%). En el caso del Colectivo Sin Empleo Anterior disminuye en 2.027 personas (-0,88%).<\/p>\n<h4><strong>EL PARO POR SEXO Y EDAD <\/strong><\/h4>\n<p>La ca\u00edda del desempleo femenino triplica en t\u00e9rminos absolutos a la del desempleo masculino en el mes de noviembre. De esta manera hay 14.370 (-0,97%) mujeres desempleadas menos en relaci\u00f3n al mes de octubre.<\/p>\n<p>Se trata de una ca\u00edda de 90.705 paradas (-5,83%) respecto a noviembre del a\u00f1o anterior. El total se sit\u00faa en los niveles m\u00e1s bajos para este mes desde 2008.<\/p>\n<p>Por su parte, el desempleo masculino desciende en 4.435 personas (- 0,46%) y se sit\u00faa en un total de 958.866 parados.<\/p>\n<p>Si lo comparamos con noviembre de 2024, el paro masculino baja en 70.352 personas (-6,84%).<\/p>\n<p>El desempleo de los j\u00f3venes menores de 25 a\u00f1os desciende en el mes de noviembre en 5.476 personas (-2,83%) respecto al mes anterior. La ca\u00edda porcentual triplica la de los mayores de esa edad.<\/p>\n<p>El total se sit\u00faa en 188.322, el menor para ese mes de la serie hist\u00f3rica.<\/p>\n<h4><strong>EL PARO POR COMUNIDADES AUT\u00d3NOMAS<\/strong><\/h4>\n<p>El paro registrado en noviembre de 2025 baja en once Comunidades Aut\u00f3nomas, las mayores ca\u00eddas en cifras absolutas se producen en: Andaluc\u00eda (-6.934), Comunidad de Madrid (-3.903) y Catalu\u00f1a (-3.119); se mantiene estable o aumenta moderadamente en las seis comunidades restantes, encabezadas por Illes Balears (2.534) y Castilla y Le\u00f3n (1.035).<\/p>\n<h4><strong>CONTRATOS <\/strong><\/h4>\n<p>El n\u00famero total de contratos registrados durante el mes de noviembre ha sido de 1.296.203. En noviembre de 2025 se han registrado 534.997 contratos de trabajo de car\u00e1cter indefinido que representan el 41,27% de todos los contratos.<\/p>\n<h4><strong>PRESTACIONES DEL MES DE OCTUBRE <\/strong><\/h4>\n<p>Los beneficiarios y las beneficiarias existentes a final del mes fueron 1.773.677, un 0,9% m\u00e1s que el mismo mes del a\u00f1o anterior.<\/p>\n<p>La tasa de cobertura del sistema de protecci\u00f3n por desempleo durante el mes de octubre de 2025 ha sido del 77,71%. Aumenta un 7,7% respecto al mes de octubre del a\u00f1o anterior. Es la cobertura m\u00e1s alta del sistema para un mes de octubre de la serie hist\u00f3rica.<\/p>\n<p>El gasto medio mensual por beneficiario o beneficiaria, sin incluir el subsidio agrario de Andaluc\u00eda y Extremadura, en el mes de octubre ha sido de 1.465,3 euros lo que supone un aumento de 347,8 euros (31,1%) sobre el mismo mes del a\u00f1o anterior.<\/p>\n<p>Los gastos totales de octubre de 2025 ascendieron a 2.006,45 millones de euros.<\/p>\t\t\t\t\t\t\t\t<\/div>\n\t\t\t\t\t<\/div>\n\t\t\t\t<\/div>\n\t\t\t\t<\/div>","protected":false},"excerpt":{"rendered":"<p>El paro baja en 18.805 personas en noviembre y se sit\u00faa en 2.424.961 En los \u00faltimos doce meses, el desempleo se reduce en 161.057 personas Pueblosycomarcas.com;&nbsp;@PueblosComarcas El n\u00famero de personas desempleadas registradas en las oficinas del Servicio P\u00fablico de Empleo Estatal (SEPE), al finalizar el mes de noviembre, se ha reducido en 18.805 personas en relaci\u00f3n con el mes anterior (-0,77%). Respecto a noviembre de 2024, el desempleo ha descendido en 161.057 personas (-6,23%). De esta forma, el paro registrado se ha situado en 2.424.961, la cifra m\u00e1s baja para este mes desde 2007. Respecto a noviembre de 2024, el desempleo ha descendido en 161.057 personas (-6,23%). De esta forma, el paro registrado se ha situado en 2.424.961, la cifra m\u00e1s baja para este mes desde 2007. En t\u00e9rminos desestacionalizados el paro registrado se reduce en 11.881 personas. EL PARO POR SECTORES El paro se reduce en noviembre en todos los sectores econ\u00f3micos y tambi\u00e9n entre el Colectivo Sin Empleo Anterior. De esta manera, cae en Servicios en 13.013 personas (-0,73%), en Industria en 1.552 personas (-0,82%), en Agricultura en 1.332 (-1,74%) y en Construcci\u00f3n en 881 (-0,51%). En el caso del Colectivo Sin Empleo Anterior disminuye en 2.027 personas (-0,88%). EL PARO POR SEXO Y EDAD La ca\u00edda del desempleo femenino triplica en t\u00e9rminos absolutos a la del desempleo masculino en el mes de noviembre. De esta manera hay 14.370 (-0,97%) mujeres desempleadas menos en relaci\u00f3n al mes de octubre. Se trata de una ca\u00edda de 90.705 paradas (-5,83%) respecto a noviembre del a\u00f1o anterior. El total se sit\u00faa en los niveles m\u00e1s bajos para este mes desde 2008. Por su parte, el desempleo masculino desciende en 4.435 personas (- 0,46%) y se sit\u00faa en un total de 958.866 parados. Si lo comparamos con noviembre de 2024, el paro masculino baja en 70.352 personas (-6,84%). El desempleo de los j\u00f3venes menores de 25 a\u00f1os desciende en el mes de noviembre en 5.476 personas (-2,83%) respecto al mes anterior. La ca\u00edda porcentual triplica la de los mayores de esa edad. El total se sit\u00faa en 188.322, el menor para ese mes de la serie hist\u00f3rica. EL PARO POR COMUNIDADES AUT\u00d3NOMAS El paro registrado en noviembre de 2025 baja en once Comunidades Aut\u00f3nomas, las mayores ca\u00eddas en cifras absolutas se producen en: Andaluc\u00eda (-6.934), Comunidad de Madrid (-3.903) y Catalu\u00f1a (-3.119); se mantiene estable o aumenta moderadamente en las seis comunidades restantes, encabezadas por Illes Balears (2.534) y Castilla y Le\u00f3n (1.035). CONTRATOS El n\u00famero total de contratos registrados durante el mes de noviembre ha sido de 1.296.203. En noviembre de 2025 se han registrado 534.997 contratos de trabajo de car\u00e1cter indefinido que representan el 41,27% de todos los contratos. PRESTACIONES DEL MES DE OCTUBRE Los beneficiarios y las beneficiarias existentes a final del mes fueron 1.773.677, un 0,9% m\u00e1s que el mismo mes del a\u00f1o anterior. La tasa de cobertura del sistema de protecci\u00f3n por desempleo durante el mes de octubre de 2025 ha sido del 77,71%. Aumenta un 7,7% respecto al mes de octubre del a\u00f1o anterior. Es la cobertura m\u00e1s alta del sistema para un mes de octubre de la serie hist\u00f3rica. El gasto medio mensual por beneficiario o beneficiaria, sin incluir el subsidio agrario de Andaluc\u00eda y Extremadura, en el mes de octubre ha sido de 1.465,3 euros lo que supone un aumento de 347,8 euros (31,1%) sobre el mismo mes del a\u00f1o anterior. Los gastos totales de octubre de 2025 ascendieron a 2.006,45 millones de euros.<\/p>","protected":false},"author":1,"featured_media":904,"comment_status":"open","ping_status":"closed","sticky":false,"template":"","format":"standard","meta":{"site-sidebar-layout":"default","site-content-layout":"","ast-site-content-layout":"default","site-content-style":"default","site-sidebar-style":"default","ast-global-header-display":"","ast-banner-title-visibility":"","ast-main-header-display":"","ast-hfb-above-header-display":"","ast-hfb-below-header-display":"","ast-hfb-mobile-header-display":"","site-post-title":"disabled","ast-breadcrumbs-content":"","ast-featured-img":"","footer-sml-layout":"","theme-transparent-header-meta":"","adv-header-id-meta":"","stick-header-meta":"","header-above-stick-meta":"","header-main-stick-meta":"","header-below-stick-meta":"","astra-migrate-meta-layouts":"default","ast-page-background-enabled":"default","ast-page-background-meta":{"desktop":{"background-color":"var(--ast-global-color-5)","background-image":"","background-repeat":"repeat","background-position":"center center","background-size":"auto","background-attachment":"scroll","background-type":"","background-media":"","overlay-type":"","overlay-color":"","overlay-opacity":"","overlay-gradient":""},"tablet":{"background-color":"","background-image":"","background-repeat":"repeat","background-position":"center center","background-size":"auto","background-attachment":"scroll","background-type":"","background-media":"","overlay-type":"","overlay-color":"","overlay-opacity":"","overlay-gradient":""},"mobile":{"background-color":"","background-image":"","background-repeat":"repeat","background-position":"center center","background-size":"auto","background-attachment":"scroll","background-type":"","background-media":"","overlay-type":"","overlay-color":"","overlay-opacity":"","overlay-gradient":""}},"ast-content-background-meta":{"desktop":{"background-color":"var(--ast-global-color-4)","background-image":"","background-repeat":"repeat","background-position":"center center","background-size":"auto","background-attachment":"scroll","background-type":"","background-media":"","overlay-type":"","overlay-color":"","overlay-opacity":"","overlay-gradient":""},"tablet":{"background-color":"var(--ast-global-color-4)","background-image":"","background-repeat":"repeat","background-position":"center center","background-size":"auto","background-attachment":"scroll","background-type":"","background-media":"","overlay-type":"","overlay-color":"","overlay-opacity":"","overlay-gradient":""},"mobile":{"background-color":"var(--ast-global-color-4)","background-image":"","background-repeat":"repeat","background-position":"center center","background-size":"auto","background-attachment":"scroll","background-type":"","background-media":"","overlay-type":"","overlay-color":"","overlay-opacity":"","overlay-gradient":""}},"ngg_post_thumbnail":0,"footnotes":""},"categories":[13,16],"tags":[50,224],"class_list":["post-3579","post","type-post","status-publish","format-standard","has-post-thumbnail","hentry","category-educacion-economia-y-empleo","category-portada","tag-castilla-y-leon","tag-paro"],"aioseo_notices":[],"rttpg_featured_image_url":{"full":["https:\/\/pueblosycomarcas.com\/wp-content\/uploads\/2025\/10\/20251017_empleo.jpeg",800,400,false],"landscape":["https:\/\/pueblosycomarcas.com\/wp-content\/uploads\/2025\/10\/20251017_empleo.jpeg",800,400,false],"portraits":["https:\/\/pueblosycomarcas.com\/wp-content\/uploads\/2025\/10\/20251017_empleo.jpeg",800,400,false],"thumbnail":["https:\/\/pueblosycomarcas.com\/wp-content\/uploads\/2025\/10\/20251017_empleo-150x150.jpeg",150,150,true],"medium":["https:\/\/pueblosycomarcas.com\/wp-content\/uploads\/2025\/10\/20251017_empleo-300x150.jpeg",300,150,true],"large":["https:\/\/pueblosycomarcas.com\/wp-content\/uploads\/2025\/10\/20251017_empleo.jpeg",800,400,false],"1536x1536":["https:\/\/pueblosycomarcas.com\/wp-content\/uploads\/2025\/10\/20251017_empleo.jpeg",800,400,false],"2048x2048":["https:\/\/pueblosycomarcas.com\/wp-content\/uploads\/2025\/10\/20251017_empleo.jpeg",800,400,false],"trp-custom-language-flag":["https:\/\/pueblosycomarcas.com\/wp-content\/uploads\/2025\/10\/20251017_empleo.jpeg",18,9,false]},"rttpg_author":{"display_name":"admin","author_link":"https:\/\/pueblosycomarcas.com\/en\/author\/webalquimia\/"},"rttpg_comment":0,"rttpg_category":"<a href=\"https:\/\/pueblosycomarcas.com\/en\/category\/educacion-economia-y-empleo\/\" rel=\"category tag\">Econom\u00eda, Educaci\u00f3n y Empleo<\/a> <a href=\"https:\/\/pueblosycomarcas.com\/en\/category\/portada\/\" rel=\"category tag\">Portada<\/a>","rttpg_excerpt":"El paro baja en 18.805 personas en noviembre y se sit\u00faa en 2.424.961 En los \u00faltimos doce meses, el desempleo se reduce en 161.057 personas Pueblosycomarcas.com;&nbsp;@PueblosComarcas El n\u00famero de personas desempleadas registradas en las oficinas del Servicio P\u00fablico de Empleo Estatal (SEPE), al finalizar el mes de noviembre, se ha reducido en 18.805 personas en&hellip;","_links":{"self":[{"href":"https:\/\/pueblosycomarcas.com\/en\/wp-json\/wp\/v2\/posts\/3579","targetHints":{"allow":["GET"]}}],"collection":[{"href":"https:\/\/pueblosycomarcas.com\/en\/wp-json\/wp\/v2\/posts"}],"about":[{"href":"https:\/\/pueblosycomarcas.com\/en\/wp-json\/wp\/v2\/types\/post"}],"author":[{"embeddable":true,"href":"https:\/\/pueblosycomarcas.com\/en\/wp-json\/wp\/v2\/users\/1"}],"replies":[{"embeddable":true,"href":"https:\/\/pueblosycomarcas.com\/en\/wp-json\/wp\/v2\/comments?post=3579"}],"version-history":[{"count":5,"href":"https:\/\/pueblosycomarcas.com\/en\/wp-json\/wp\/v2\/posts\/3579\/revisions"}],"predecessor-version":[{"id":3584,"href":"https:\/\/pueblosycomarcas.com\/en\/wp-json\/wp\/v2\/posts\/3579\/revisions\/3584"}],"wp:featuredmedia":[{"embeddable":true,"href":"https:\/\/pueblosycomarcas.com\/en\/wp-json\/wp\/v2\/media\/904"}],"wp:attachment":[{"href":"https:\/\/pueblosycomarcas.com\/en\/wp-json\/wp\/v2\/media?parent=3579"}],"wp:term":[{"taxonomy":"category","embeddable":true,"href":"https:\/\/pueblosycomarcas.com\/en\/wp-json\/wp\/v2\/categories?post=3579"},{"taxonomy":"post_tag","embeddable":true,"href":"https:\/\/pueblosycomarcas.com\/en\/wp-json\/wp\/v2\/tags?post=3579"}],"curies":[{"name":"wp","href":"https:\/\/api.w.org\/{rel}","templated":true}]}}