{"id":3572,"date":"2025-12-02T06:06:00","date_gmt":"2025-12-02T05:06:00","guid":{"rendered":"https:\/\/webalquimia.es\/?p=3572"},"modified":"2025-12-01T17:33:04","modified_gmt":"2025-12-01T16:33:04","slug":"cafeteria-joseph-hostal-virgen-del-villar-tecnocasa-y-ecosystem-21-ganadores-de-los-x-premios-empresariales-de-laguna-de-duero","status":"publish","type":"post","link":"https:\/\/pueblosycomarcas.com\/en\/cafeteria-joseph-hostal-virgen-del-villar-tecnocasa-y-ecosystem-21-ganadores-de-los-x-premios-empresariales-de-laguna-de-duero\/","title":{"rendered":"Cafeter\u00eda Joseph, Hostal Virgen del Villar, Tecnocasa y Ecosystem 21, ganadores de los X Premios Empresariales de Laguna de Duero"},"content":{"rendered":"<div data-elementor-type=\"wp-post\" data-elementor-id=\"3572\" class=\"elementor elementor-3572\">\n\t\t\t\t<div class=\"elementor-element elementor-element-a3e73e5 e-flex e-con-boxed wpr-particle-no wpr-jarallax-no wpr-parallax-no wpr-sticky-section-no wpr-equal-height-no e-con e-parent\" data-id=\"a3e73e5\" data-element_type=\"container\" data-e-type=\"container\">\n\t\t\t\t\t<div class=\"e-con-inner\">\n\t\t\t\t<div class=\"elementor-element elementor-element-e320aeb elementor-widget elementor-widget-heading\" data-id=\"e320aeb\" data-element_type=\"widget\" data-e-type=\"widget\" data-widget_type=\"heading.default\">\n\t\t\t\t\t<h2 class=\"elementor-heading-title elementor-size-default\">Cafeter\u00eda Joseph, Hostal Virgen del Villar, Tecnocasa y Ecosystem 21, ganadores de los X Premios Empresariales de Laguna de Duero<\/h2>\t\t\t\t<\/div>\n\t\t\t\t<div class=\"elementor-element elementor-element-8553418 elementor-widget elementor-widget-text-editor\" data-id=\"8553418\" data-element_type=\"widget\" data-e-type=\"widget\" data-widget_type=\"text-editor.default\">\n\t\t\t\t\t\t\t\t\t<ul><li><h6><em><strong>El jurado ha reconocido la trayectoria, valores y esp\u00edritu emprendedor de estas empresas, y ha hecho adem\u00e1s una Menci\u00f3n Especial a Dulces Herma por su larga andadura y arraigo en el municipio<\/strong><\/em><\/h6><\/li><li><h6><em><strong>Todos los galardonados ser\u00e1n protagonistas el pr\u00f3ximo 11 de diciembre en una gala de entrega de premios con acceso libre y que contar\u00e1 con una mesa redonda y una ponencia<\/strong><\/em><\/h6><\/li><\/ul>\t\t\t\t\t\t\t\t<\/div>\n\t\t\t\t<div class=\"elementor-element elementor-element-097456d elementor-widget-divider--view-line elementor-widget elementor-widget-divider\" data-id=\"097456d\" data-element_type=\"widget\" data-e-type=\"widget\" data-widget_type=\"divider.default\">\n\t\t\t\t\t\t\t<div class=\"elementor-divider\">\n\t\t\t<span class=\"elementor-divider-separator\">\n\t\t\t\t\t\t<\/span>\n\t\t<\/div>\n\t\t\t\t\t\t<\/div>\n\t\t\t\t<div class=\"elementor-element elementor-element-3a5bf16 elementor-widget elementor-widget-image\" data-id=\"3a5bf16\" data-element_type=\"widget\" data-e-type=\"widget\" data-widget_type=\"image.default\">\n\t\t\t\t\t\t\t\t\t\t\t\t\t\t\t<img fetchpriority=\"high\" decoding=\"async\" width=\"800\" height=\"400\" src=\"https:\/\/pueblosycomarcas.com\/wp-content\/uploads\/2025\/12\/20251202_jurado_premios_empresariales_laguna.jpg\" class=\"attachment-large size-large wp-image-3573\" alt=\"\" srcset=\"https:\/\/pueblosycomarcas.com\/wp-content\/uploads\/2025\/12\/20251202_jurado_premios_empresariales_laguna.jpg 800w, https:\/\/pueblosycomarcas.com\/wp-content\/uploads\/2025\/12\/20251202_jurado_premios_empresariales_laguna-300x150.jpg 300w, https:\/\/pueblosycomarcas.com\/wp-content\/uploads\/2025\/12\/20251202_jurado_premios_empresariales_laguna-768x384.jpg 768w\" sizes=\"(max-width: 800px) 100vw, 800px\" \/>\t\t\t\t\t\t\t\t\t\t\t\t\t\t\t<\/div>\n\t\t\t\t<div class=\"elementor-element elementor-element-45b5216 elementor-widget elementor-widget-text-editor\" data-id=\"45b5216\" data-element_type=\"widget\" data-e-type=\"widget\" data-widget_type=\"text-editor.default\">\n\t\t\t\t\t\t\t\t\t<p><a href=\"https:\/\/www.facebook.com\/Pueblos-y-Comarcas-125437870924169\/?fref=ts\"><strong><em>Pueblosycomarcas.com<\/em><\/strong><\/a><strong><em>;&nbsp;<\/em><\/strong><a href=\"https:\/\/twitter.com\/PueblosComarcas\"><strong><em>@PueblosComarcas<\/em><\/strong><\/a><\/p>\n<p>El medio de comunicaci\u00f3n Laguna al D\u00eda, junto con el Ayuntamiento de Laguna de Duero, organizan un a\u00f1o m\u00e1s la d\u00e9cima edici\u00f3n de los Premios Empresariales Laguna al D\u00eda-Laguna de Duero, que este a\u00f1o celebrar\u00e1n su gala de entrega el pr\u00f3ximo jueves 11 de diciembre a las 20:00 horas. El jurado, que se ha reunido el pasado 27 de noviembre, ha dado conocer el resultado de sus cavilaciones, premiando en esta edici\u00f3n a Cafeter\u00eda Joseph, Hostal Virgen del Villar, Tecnocasa y Ecosystem 21.<\/p>\n<p>El jurado en concreto estuvo compuesto por representantes de Laguna al D\u00eda, el Ayuntamiento de Laguna de Duero, AICOSLA, la Uni\u00f3n de Hosteleros local, FECOSVA y CEOE Valladolid. Adem\u00e1s, en la reuni\u00f3n de deliberaci\u00f3n estuvo presente el propio alcalde, Avelino \u00c1lvarez, as\u00ed como el concejal de Desarrollo Local, Fernando Vara.<\/p>\n<p><strong>Doble premio a la trayectoria: Cafeter\u00eda Joseph y Hostal Virgen del Villar<\/strong><\/p>\n<p>Este a\u00f1o, y ante la dificultad de elegir entre los candidatos, el premio a la trayectoria consolidada se otorgar\u00e1, ex aequo, a la Cafeter\u00eda Joseph y al Hostal Virgen del Villar. Se da la circunstancia de que ambos establecimientos hosteleros han cumplido recientemente las tres d\u00e9cadas al servicio de los laguneros, una andadura sin duda meritoria.<\/p>\n<p>En el caso de la Cafeter\u00eda Joseph &amp; Royal, ubicada en la Avenida de Madrid y regentada por Jes\u00fas P\u00e9rez y Sonia Herrero, se han valorado estas tres d\u00e9cadas en defensa de una hosteler\u00eda de calidad, con la esencia de siempre y manteniendo el detalle y la atenci\u00f3n personalizada, as\u00ed como su importante apuesta por afianzarse en el sector en plena pandemia.<\/p>\n<p>Por otro lado, se reconoce el esfuerzo, desde su puesta en marcha, del Hostal, Restaurante y Cafeter\u00eda Virgen del Villar, que cuenta actualmente con nada menos que once empleados, siendo un negocio hostelero pionero en el municipio desde su inicio y durante muchos a\u00f1os.<\/p>\n<p><strong>Premio Emprendedor: Tecnocasa<\/strong>&nbsp;<\/p>\n<p>Entre las empresas con una apuesta decidida y reciente en la localidad, este a\u00f1o se ha decidido reconocer la labor de Tecnocasa, una inmobiliaria dirigida por \u00c1ngel Bravo que inici\u00f3 su andadura en 2022 con su nueva oficina ubicada en plena Avenida de Madrid. Con una plantilla superior a las seis personas, esta entidad colabora y patrocina, desde sus inicios, numerosas actividades e iniciativas en la localidad, en la que ofrece servicios de compraventa de inmuebles y productos bancarios vinculados.<\/p>\n<p><strong>Premio Igualdad, Medio Ambiente y Diversidad: Ecosystem 21<\/strong><\/p>\n<p>El Premio Igualdad, Medio Ambiente y Diversidad este a\u00f1o es para Ecosystem 21, una empresa de tratamiento de residuos de aceite de cocina que cuenta con una amplia red log\u00edstica y colaboradores a nivel nacional. Con un trabajo dirigido a la hosteler\u00eda y enfocado a la fabricaci\u00f3n final de biocombustibles, se trata de una empresa consolidada desde 1999, con valores de respeto al entorno, y que adem\u00e1s tiene previsto llevar a cabo una importante inversi\u00f3n focalizada en el suelo industrial del municipio.&nbsp;<\/p>\n<p><strong>Menci\u00f3n Especial Honor\u00edfica: Dulces Herma<\/strong><\/p>\n<p>Este a\u00f1o, el jurado de los Premios Empresariales ha decidido dar una Menci\u00f3n Especial Honor\u00edfica a la empresa Dulces Herma por su amplia trayectoria y su arraigo en el municipio. Fundado en 1952 con un horno de le\u00f1a precisamente en el mismo lugar en el que hoy est\u00e1 el Hostal Virgen del Villar, se trata de un negocio que comenz\u00f3 de la uni\u00f3n de dos hermanos, uni\u00e9ndose m\u00e1s tarde un tercero.<\/p>\n<p>As\u00ed, lleg\u00f3 a ser la empresa m\u00e1s importante de la localidad, llegando a producir a tres turnos diarios de fabricaci\u00f3n de boller\u00eda, pastas, pastelitos \u2013su producto estrella- y tartas. En su \u00e9poca m\u00e1s importante lleg\u00f3 a superar el centenar de empleados, y sus productos ten\u00edan como destino otras zonas de Espa\u00f1a como Andaluc\u00eda o el norte de la pen\u00ednsula. Con los a\u00f1os, los fundadores se jubilaron, pasando el relevo generacional a sus hijos. Tras algunas dificultades por la crisis econ\u00f3mica, la empresa qued\u00f3 reducida a una tienda que ha cerrado definitivamente este mes de octubre por jubilaci\u00f3n, poniendo fin a m\u00e1s de 73 a\u00f1os de actividad, que sin duda ha marcado a generaciones de laguneros.<\/p>\n<h4><strong>GALA DE ENTREGA DE PREMIOS<\/strong><\/h4>\n<p>Las cuatro empresas, as\u00ed como la menci\u00f3n especial, recibir\u00e1n sus galardones el pr\u00f3ximo jueves 11 de diciembre en un acto que tendr\u00e1 lugar a las 20:00 horas en la Casa de las Artes y que estar\u00e1 moderado por la periodista Lidia Veiga.<\/p>\n<p>La entrada ser\u00e1 gratuita hasta completar aforo, contar\u00e1 con una mesa redonda con todos los premiados, y la ponencia de Diego Hern\u00e1ndez, director de operaciones de Olibher, y al t\u00e9rmino del acto los asistentes podr\u00e1n disfrutar de un vino espa\u00f1ol. La cita servir\u00e1 una vez m\u00e1s como encuentro para el tejido empresarial de Laguna de Duero y su \u00e1rea de influencia. Organizados por Laguna al D\u00eda y el Ayuntamiento, los IX Premios Empresariales de Laguna de Duero vuelven a contar adem\u00e1s con el patrocinio de SOYCO Distribuciones y tambi\u00e9n con el de Laboral Kutxa.<\/p>\t\t\t\t\t\t\t\t<\/div>\n\t\t\t\t\t<\/div>\n\t\t\t\t<\/div>\n\t\t\t\t<\/div>","protected":false},"excerpt":{"rendered":"<p>Cafeter\u00eda Joseph, Hostal Virgen del Villar, Tecnocasa y Ecosystem 21, ganadores de los X Premios Empresariales de Laguna de Duero El jurado ha reconocido la trayectoria, valores y esp\u00edritu emprendedor de estas empresas, y ha hecho adem\u00e1s una Menci\u00f3n Especial a Dulces Herma por su larga andadura y arraigo en el municipio Todos los galardonados ser\u00e1n protagonistas el pr\u00f3ximo 11 de diciembre en una gala de entrega de premios con acceso libre y que contar\u00e1 con una mesa redonda y una ponencia Pueblosycomarcas.com;&nbsp;@PueblosComarcas El medio de comunicaci\u00f3n Laguna al D\u00eda, junto con el Ayuntamiento de Laguna de Duero, organizan un a\u00f1o m\u00e1s la d\u00e9cima edici\u00f3n de los Premios Empresariales Laguna al D\u00eda-Laguna de Duero, que este a\u00f1o celebrar\u00e1n su gala de entrega el pr\u00f3ximo jueves 11 de diciembre a las 20:00 horas. El jurado, que se ha reunido el pasado 27 de noviembre, ha dado conocer el resultado de sus cavilaciones, premiando en esta edici\u00f3n a Cafeter\u00eda Joseph, Hostal Virgen del Villar, Tecnocasa y Ecosystem 21. El jurado en concreto estuvo compuesto por representantes de Laguna al D\u00eda, el Ayuntamiento de Laguna de Duero, AICOSLA, la Uni\u00f3n de Hosteleros local, FECOSVA y CEOE Valladolid. Adem\u00e1s, en la reuni\u00f3n de deliberaci\u00f3n estuvo presente el propio alcalde, Avelino \u00c1lvarez, as\u00ed como el concejal de Desarrollo Local, Fernando Vara. Doble premio a la trayectoria: Cafeter\u00eda Joseph y Hostal Virgen del Villar Este a\u00f1o, y ante la dificultad de elegir entre los candidatos, el premio a la trayectoria consolidada se otorgar\u00e1, ex aequo, a la Cafeter\u00eda Joseph y al Hostal Virgen del Villar. Se da la circunstancia de que ambos establecimientos hosteleros han cumplido recientemente las tres d\u00e9cadas al servicio de los laguneros, una andadura sin duda meritoria. En el caso de la Cafeter\u00eda Joseph &amp; Royal, ubicada en la Avenida de Madrid y regentada por Jes\u00fas P\u00e9rez y Sonia Herrero, se han valorado estas tres d\u00e9cadas en defensa de una hosteler\u00eda de calidad, con la esencia de siempre y manteniendo el detalle y la atenci\u00f3n personalizada, as\u00ed como su importante apuesta por afianzarse en el sector en plena pandemia. Por otro lado, se reconoce el esfuerzo, desde su puesta en marcha, del Hostal, Restaurante y Cafeter\u00eda Virgen del Villar, que cuenta actualmente con nada menos que once empleados, siendo un negocio hostelero pionero en el municipio desde su inicio y durante muchos a\u00f1os. Premio Emprendedor: Tecnocasa&nbsp; Entre las empresas con una apuesta decidida y reciente en la localidad, este a\u00f1o se ha decidido reconocer la labor de Tecnocasa, una inmobiliaria dirigida por \u00c1ngel Bravo que inici\u00f3 su andadura en 2022 con su nueva oficina ubicada en plena Avenida de Madrid. Con una plantilla superior a las seis personas, esta entidad colabora y patrocina, desde sus inicios, numerosas actividades e iniciativas en la localidad, en la que ofrece servicios de compraventa de inmuebles y productos bancarios vinculados. Premio Igualdad, Medio Ambiente y Diversidad: Ecosystem 21 El Premio Igualdad, Medio Ambiente y Diversidad este a\u00f1o es para Ecosystem 21, una empresa de tratamiento de residuos de aceite de cocina que cuenta con una amplia red log\u00edstica y colaboradores a nivel nacional. Con un trabajo dirigido a la hosteler\u00eda y enfocado a la fabricaci\u00f3n final de biocombustibles, se trata de una empresa consolidada desde 1999, con valores de respeto al entorno, y que adem\u00e1s tiene previsto llevar a cabo una importante inversi\u00f3n focalizada en el suelo industrial del municipio.&nbsp; Menci\u00f3n Especial Honor\u00edfica: Dulces Herma Este a\u00f1o, el jurado de los Premios Empresariales ha decidido dar una Menci\u00f3n Especial Honor\u00edfica a la empresa Dulces Herma por su amplia trayectoria y su arraigo en el municipio. Fundado en 1952 con un horno de le\u00f1a precisamente en el mismo lugar en el que hoy est\u00e1 el Hostal Virgen del Villar, se trata de un negocio que comenz\u00f3 de la uni\u00f3n de dos hermanos, uni\u00e9ndose m\u00e1s tarde un tercero. As\u00ed, lleg\u00f3 a ser la empresa m\u00e1s importante de la localidad, llegando a producir a tres turnos diarios de fabricaci\u00f3n de boller\u00eda, pastas, pastelitos \u2013su producto estrella- y tartas. En su \u00e9poca m\u00e1s importante lleg\u00f3 a superar el centenar de empleados, y sus productos ten\u00edan como destino otras zonas de Espa\u00f1a como Andaluc\u00eda o el norte de la pen\u00ednsula. Con los a\u00f1os, los fundadores se jubilaron, pasando el relevo generacional a sus hijos. Tras algunas dificultades por la crisis econ\u00f3mica, la empresa qued\u00f3 reducida a una tienda que ha cerrado definitivamente este mes de octubre por jubilaci\u00f3n, poniendo fin a m\u00e1s de 73 a\u00f1os de actividad, que sin duda ha marcado a generaciones de laguneros. GALA DE ENTREGA DE PREMIOS Las cuatro empresas, as\u00ed como la menci\u00f3n especial, recibir\u00e1n sus galardones el pr\u00f3ximo jueves 11 de diciembre en un acto que tendr\u00e1 lugar a las 20:00 horas en la Casa de las Artes y que estar\u00e1 moderado por la periodista Lidia Veiga. La entrada ser\u00e1 gratuita hasta completar aforo, contar\u00e1 con una mesa redonda con todos los premiados, y la ponencia de Diego Hern\u00e1ndez, director de operaciones de Olibher, y al t\u00e9rmino del acto los asistentes podr\u00e1n disfrutar de un vino espa\u00f1ol. La cita servir\u00e1 una vez m\u00e1s como encuentro para el tejido empresarial de Laguna de Duero y su \u00e1rea de influencia. Organizados por Laguna al D\u00eda y el Ayuntamiento, los IX Premios Empresariales de Laguna de Duero vuelven a contar adem\u00e1s con el patrocinio de SOYCO Distribuciones y tambi\u00e9n con el de Laboral Kutxa.<\/p>","protected":false},"author":1,"featured_media":3573,"comment_status":"open","ping_status":"closed","sticky":false,"template":"","format":"standard","meta":{"site-sidebar-layout":"default","site-content-layout":"","ast-site-content-layout":"default","site-content-style":"default","site-sidebar-style":"default","ast-global-header-display":"","ast-banner-title-visibility":"","ast-main-header-display":"","ast-hfb-above-header-display":"","ast-hfb-below-header-display":"","ast-hfb-mobile-header-display":"","site-post-title":"disabled","ast-breadcrumbs-content":"","ast-featured-img":"","footer-sml-layout":"","theme-transparent-header-meta":"","adv-header-id-meta":"","stick-header-meta":"","header-above-stick-meta":"","header-main-stick-meta":"","header-below-stick-meta":"","astra-migrate-meta-layouts":"default","ast-page-background-enabled":"default","ast-page-background-meta":{"desktop":{"background-color":"var(--ast-global-color-5)","background-image":"","background-repeat":"repeat","background-position":"center center","background-size":"auto","background-attachment":"scroll","background-type":"","background-media":"","overlay-type":"","overlay-color":"","overlay-opacity":"","overlay-gradient":""},"tablet":{"background-color":"","background-image":"","background-repeat":"repeat","background-position":"center center","background-size":"auto","background-attachment":"scroll","background-type":"","background-media":"","overlay-type":"","overlay-color":"","overlay-opacity":"","overlay-gradient":""},"mobile":{"background-color":"","background-image":"","background-repeat":"repeat","background-position":"center center","background-size":"auto","background-attachment":"scroll","background-type":"","background-media":"","overlay-type":"","overlay-color":"","overlay-opacity":"","overlay-gradient":""}},"ast-content-background-meta":{"desktop":{"background-color":"var(--ast-global-color-4)","background-image":"","background-repeat":"repeat","background-position":"center center","background-size":"auto","background-attachment":"scroll","background-type":"","background-media":"","overlay-type":"","overlay-color":"","overlay-opacity":"","overlay-gradient":""},"tablet":{"background-color":"var(--ast-global-color-4)","background-image":"","background-repeat":"repeat","background-position":"center center","background-size":"auto","background-attachment":"scroll","background-type":"","background-media":"","overlay-type":"","overlay-color":"","overlay-opacity":"","overlay-gradient":""},"mobile":{"background-color":"var(--ast-global-color-4)","background-image":"","background-repeat":"repeat","background-position":"center center","background-size":"auto","background-attachment":"scroll","background-type":"","background-media":"","overlay-type":"","overlay-color":"","overlay-opacity":"","overlay-gradient":""}},"ngg_post_thumbnail":0,"footnotes":""},"categories":[13,16],"tags":[223,57],"class_list":["post-3572","post","type-post","status-publish","format-standard","has-post-thumbnail","hentry","category-educacion-economia-y-empleo","category-portada","tag-laguna-al-dia","tag-laguna-de-duero"],"aioseo_notices":[],"rttpg_featured_image_url":{"full":["https:\/\/pueblosycomarcas.com\/wp-content\/uploads\/2025\/12\/20251202_jurado_premios_empresariales_laguna.jpg",800,400,false],"landscape":["https:\/\/pueblosycomarcas.com\/wp-content\/uploads\/2025\/12\/20251202_jurado_premios_empresariales_laguna.jpg",800,400,false],"portraits":["https:\/\/pueblosycomarcas.com\/wp-content\/uploads\/2025\/12\/20251202_jurado_premios_empresariales_laguna.jpg",800,400,false],"thumbnail":["https:\/\/pueblosycomarcas.com\/wp-content\/uploads\/2025\/12\/20251202_jurado_premios_empresariales_laguna-150x150.jpg",150,150,true],"medium":["https:\/\/pueblosycomarcas.com\/wp-content\/uploads\/2025\/12\/20251202_jurado_premios_empresariales_laguna-300x150.jpg",300,150,true],"large":["https:\/\/pueblosycomarcas.com\/wp-content\/uploads\/2025\/12\/20251202_jurado_premios_empresariales_laguna.jpg",800,400,false],"1536x1536":["https:\/\/pueblosycomarcas.com\/wp-content\/uploads\/2025\/12\/20251202_jurado_premios_empresariales_laguna.jpg",800,400,false],"2048x2048":["https:\/\/pueblosycomarcas.com\/wp-content\/uploads\/2025\/12\/20251202_jurado_premios_empresariales_laguna.jpg",800,400,false],"trp-custom-language-flag":["https:\/\/pueblosycomarcas.com\/wp-content\/uploads\/2025\/12\/20251202_jurado_premios_empresariales_laguna.jpg",18,9,false]},"rttpg_author":{"display_name":"admin","author_link":"https:\/\/pueblosycomarcas.com\/en\/author\/webalquimia\/"},"rttpg_comment":0,"rttpg_category":"<a href=\"https:\/\/pueblosycomarcas.com\/en\/category\/educacion-economia-y-empleo\/\" rel=\"category tag\">Econom\u00eda, Educaci\u00f3n y Empleo<\/a> <a href=\"https:\/\/pueblosycomarcas.com\/en\/category\/portada\/\" rel=\"category tag\">Portada<\/a>","rttpg_excerpt":"Cafeter\u00eda Joseph, Hostal Virgen del Villar, Tecnocasa y Ecosystem 21, ganadores de los X Premios Empresariales de Laguna de Duero El jurado ha reconocido la trayectoria, valores y esp\u00edritu emprendedor de estas empresas, y ha hecho adem\u00e1s una Menci\u00f3n Especial a Dulces Herma por su larga andadura y arraigo en el municipio Todos los galardonados&hellip;","_links":{"self":[{"href":"https:\/\/pueblosycomarcas.com\/en\/wp-json\/wp\/v2\/posts\/3572","targetHints":{"allow":["GET"]}}],"collection":[{"href":"https:\/\/pueblosycomarcas.com\/en\/wp-json\/wp\/v2\/posts"}],"about":[{"href":"https:\/\/pueblosycomarcas.com\/en\/wp-json\/wp\/v2\/types\/post"}],"author":[{"embeddable":true,"href":"https:\/\/pueblosycomarcas.com\/en\/wp-json\/wp\/v2\/users\/1"}],"replies":[{"embeddable":true,"href":"https:\/\/pueblosycomarcas.com\/en\/wp-json\/wp\/v2\/comments?post=3572"}],"version-history":[{"count":5,"href":"https:\/\/pueblosycomarcas.com\/en\/wp-json\/wp\/v2\/posts\/3572\/revisions"}],"predecessor-version":[{"id":3578,"href":"https:\/\/pueblosycomarcas.com\/en\/wp-json\/wp\/v2\/posts\/3572\/revisions\/3578"}],"wp:featuredmedia":[{"embeddable":true,"href":"https:\/\/pueblosycomarcas.com\/en\/wp-json\/wp\/v2\/media\/3573"}],"wp:attachment":[{"href":"https:\/\/pueblosycomarcas.com\/en\/wp-json\/wp\/v2\/media?parent=3572"}],"wp:term":[{"taxonomy":"category","embeddable":true,"href":"https:\/\/pueblosycomarcas.com\/en\/wp-json\/wp\/v2\/categories?post=3572"},{"taxonomy":"post_tag","embeddable":true,"href":"https:\/\/pueblosycomarcas.com\/en\/wp-json\/wp\/v2\/tags?post=3572"}],"curies":[{"name":"wp","href":"https:\/\/api.w.org\/{rel}","templated":true}]}}