{"id":3453,"date":"2025-11-28T10:17:41","date_gmt":"2025-11-28T09:17:41","guid":{"rendered":"https:\/\/webalquimia.es\/?p=3453"},"modified":"2025-11-28T10:19:58","modified_gmt":"2025-11-28T09:19:58","slug":"la-asociacion-contra-el-cancer-en-valladolid-celebra-su-acto-institucional-con-la-entrega-de-sus-ayudas-de-investigacion-y-los-galardones-2025","status":"publish","type":"post","link":"https:\/\/pueblosycomarcas.com\/en\/la-asociacion-contra-el-cancer-en-valladolid-celebra-su-acto-institucional-con-la-entrega-de-sus-ayudas-de-investigacion-y-los-galardones-2025\/","title":{"rendered":"La Asociaci\u00f3n Contra el C\u00e1ncer en Valladolid celebra su Acto Institucional con la entrega de sus Ayudas de Investigaci\u00f3n y los Galardones 2025"},"content":{"rendered":"<div data-elementor-type=\"wp-post\" data-elementor-id=\"3453\" class=\"elementor elementor-3453\">\n\t\t\t\t<div class=\"elementor-element elementor-element-fae98a0 e-flex e-con-boxed wpr-particle-no wpr-jarallax-no wpr-parallax-no wpr-sticky-section-no wpr-equal-height-no e-con e-parent\" data-id=\"fae98a0\" data-element_type=\"container\" data-e-type=\"container\">\n\t\t\t\t\t<div class=\"e-con-inner\">\n\t\t\t\t<div class=\"elementor-element elementor-element-d574d07 elementor-widget elementor-widget-heading\" data-id=\"d574d07\" data-element_type=\"widget\" data-e-type=\"widget\" data-widget_type=\"heading.default\">\n\t\t\t\t\t<h2 class=\"elementor-heading-title elementor-size-default\">La Asociaci\u00f3n Contra el C\u00e1ncer en Valladolid celebra su Acto Institucional con la entrega de sus Ayudas de Investigaci\u00f3n y los Galardones 2025<\/h2>\t\t\t\t<\/div>\n\t\t\t\t<div class=\"elementor-element elementor-element-654d369 elementor-widget elementor-widget-text-editor\" data-id=\"654d369\" data-element_type=\"widget\" data-e-type=\"widget\" data-widget_type=\"text-editor.default\">\n\t\t\t\t\t\t\t\t\t<ul><li><h6><em><strong>Alejandra M\u00e9ndez y Dami\u00e1n Pena han sido los portadores de sendas Ayudas Predoctorales para sus estudios sobre glioblastoma<\/strong><\/em><\/h6><\/li><\/ul>\t\t\t\t\t\t\t\t<\/div>\n\t\t\t\t<div class=\"elementor-element elementor-element-99e83e5 elementor-widget-divider--view-line elementor-widget elementor-widget-divider\" data-id=\"99e83e5\" data-element_type=\"widget\" data-e-type=\"widget\" data-widget_type=\"divider.default\">\n\t\t\t\t\t\t\t<div class=\"elementor-divider\">\n\t\t\t<span class=\"elementor-divider-separator\">\n\t\t\t\t\t\t<\/span>\n\t\t<\/div>\n\t\t\t\t\t\t<\/div>\n\t\t\t\t<div class=\"elementor-element elementor-element-cf12a66 elementor-widget elementor-widget-image\" data-id=\"cf12a66\" data-element_type=\"widget\" data-e-type=\"widget\" data-widget_type=\"image.default\">\n\t\t\t\t\t\t\t\t\t\t\t\t\t\t\t<img fetchpriority=\"high\" decoding=\"async\" width=\"800\" height=\"400\" src=\"https:\/\/pueblosycomarcas.com\/wp-content\/uploads\/2025\/11\/20251128_aecc_valladolid.jpeg\" class=\"attachment-large size-large wp-image-3454\" alt=\"\" srcset=\"https:\/\/pueblosycomarcas.com\/wp-content\/uploads\/2025\/11\/20251128_aecc_valladolid.jpeg 800w, https:\/\/pueblosycomarcas.com\/wp-content\/uploads\/2025\/11\/20251128_aecc_valladolid-300x150.jpeg 300w, https:\/\/pueblosycomarcas.com\/wp-content\/uploads\/2025\/11\/20251128_aecc_valladolid-768x384.jpeg 768w\" sizes=\"(max-width: 800px) 100vw, 800px\" \/>\t\t\t\t\t\t\t\t\t\t\t\t\t\t\t<\/div>\n\t\t\t\t<div class=\"elementor-element elementor-element-04dc5bf elementor-widget elementor-widget-text-editor\" data-id=\"04dc5bf\" data-element_type=\"widget\" data-e-type=\"widget\" data-widget_type=\"text-editor.default\">\n\t\t\t\t\t\t\t\t\t<p><a href=\"https:\/\/www.facebook.com\/Pueblos-y-Comarcas-125437870924169\/?fref=ts\"><em><strong>Pueblosycomarcas.com<\/strong><\/em><\/a><em><strong>;&nbsp;<\/strong><\/em><a href=\"https:\/\/twitter.com\/PueblosComarcas\"><em><strong>@PueblosComarcas<\/strong><\/em><\/a><\/p>\n<p>La Asociaci\u00f3n en Valladolid ha presentado este jueves, 27 de noviembre, en la Feria de Valladolid,&nbsp;las Ayudas AECC 2025 adjudicadas en esta provincia en su apuesta por impulsar la investigaci\u00f3n oncol\u00f3gica y contribuir a superar el 70% de supervivencia en c\u00e1ncer en 2030. Unas ayudas que tambi\u00e9n suponen un apoyo al talento investigador. Adem\u00e1s, durante el evento&nbsp;se otorgar\u00e1n los Galardones y Distinciones AECC 2025 a entidades y personas destacadas&nbsp;por su contribuci\u00f3n a avanzar contra la enfermedad.<\/p>\n<p><strong>Alejandra M\u00e9ndez ha recibido la Ayuda Predoctoral AECC 2025<\/strong> para financiar su estudio \u2018<em>Glioblastoma. Del an\u00e1lisis gen\u00e9tico a la prevenci\u00f3n<\/em>\u2019, por un importe de 110.660 euros a cuatro a\u00f1os. El proyecto, que lleva a cabo en el IBGM de Valladolid, busca identificar c\u00f3mo las alteraciones en el equilibro del calcio y otras mol\u00e9culas contribuyen a la agresividad del glioblastoma, para desarrollar nuevas estrategias diagn\u00f3sticas y terap\u00e9uticas que mejoren la eficacia del tratamiento y la supervivencia de los pacientes.<\/p>\n<p>Por su parte, <strong>Dami\u00e1n Pena, ha sido el portador de la otra Ayuda Predoctoral AECC 2025<\/strong>, para su estudio \u2018<em>Descifrando el enigma de los tumores cerebrales: en busca de nuevas terapias<\/em>\u2019, con una cuant\u00eda de 110.660 euros a cuatro a\u00f1os, para desarrollar su proyecto en el Centro de Investigaci\u00f3n del C\u00e1ncer en Salamanca. El objetivo de su trabajo es el de frenar un tumor cerebral muy agresivo bloqueando mecanismos en el ARN que le permiten resistir a los tratamientos, con la esperanza de ofrecer nuevas opciones terap\u00e9uticas y mejorar la vida de los pacientes.<\/p>\n<p>Durante el evento se han mencionado las Ayudas de Investigaci\u00f3n que tambi\u00e9n ha otorgado este a\u00f1o la Asociaci\u00f3n en Valladolid, Concretamente, a \u00c1ngel Ugarte la <strong>Ayuda Programa Pr\u00e1cticas Laboratorio Verano AECC 2025\/26<\/strong> y a Pablo Mi\u00f1ambres la <strong>Ayuda Programa Pr\u00e1cticas Laboratorio Curso Acad\u00e9mico AECC 2025\/26<\/strong>.<\/p>\n<p>El Dr. Jos\u00e9 Manuel Mu\u00f1oz F\u00e9lix, portador de una <strong>Ayuda LAB AECC<\/strong>, cuya financiaci\u00f3n es gracias al dinero recaudado en la XIV Valladolid En Marcha, ha explicado en qu\u00e9 consiste su estudio sobre el c\u00e1ncer de pulm\u00f3n y su met\u00e1stasis.<\/p>\n<p>La Asociaci\u00f3n ha hecho entrega tambi\u00e9n de&nbsp;los <strong>Galardones 2025 al Centro de Hemoterapia y Hemodonaci\u00f3n de Castilla y Le\u00f3n y a la Fundaci\u00f3n Alimerka<\/strong>, por su compromiso y colaboraci\u00f3n a la Asociaci\u00f3n Espa\u00f1ola Contra el C\u00e1ncer en Valladolid a lo largo del a\u00f1o. Por su parte, las <strong>Distinciones 2025 <\/strong>las han recibido&nbsp;<strong>Borja Lara Ad\u00e1nez<\/strong>, por su contribuci\u00f3n a la consolidaci\u00f3n de la Marcha Contra el C\u00e1ncer en Valladolid, la m\u00e1s numerosa de toda Espa\u00f1a; y <strong>Laura Cobos Alonso<\/strong>, ingeniera agr\u00f3noma de Sistemas Ambientales, por su apoyo a la creaci\u00f3n del huerto urbano <em>El Vergel de la Asociaci\u00f3n Espa\u00f1ola Contra el C\u00e1ncer.<\/em><\/p>\n<h4><strong>LA INVESTIGACI\u00d3N ONCOL\u00d3GICA UNA PRIORIDAD<\/strong><\/h4>\n<p>En la actualidad en Espa\u00f1a se diagnostica un caso de c\u00e1ncer cada 2 minutos. 1 de cada 2 hombres y 1 de cada 3 mujeres tendr\u00e1 c\u00e1ncer a lo largo de su vida. Impulsar la investigaci\u00f3n oncol\u00f3gica debe ser, por tanto, una prioridad para toda la sociedad, incluyendo gobiernos, empresas e instituciones.<\/p>\n<p>Las Ayudas AECC 2025 cubren todas las fases de la carrera investigadora y sus l\u00edneas estrat\u00e9gicas son: aumentar la financiaci\u00f3n con especial foco en c\u00e1nceres de baja supervivencia, atraer el talento investigador para fomentar la estabilidad laboral de los investigadores e impulsar la innovaci\u00f3n y la investigaci\u00f3n cl\u00ednica para que los resultados lleguen al paciente, adem\u00e1s de fomentar que investigadores espa\u00f1oles formen parte de redes internacionales colaborativas de investigaci\u00f3n.<\/p>\n<p>Actualmente, la Asociaci\u00f3n apoya la mayor red para investigar el c\u00e1ncer en Espa\u00f1a con 2.300 investigadores e investigadoras, distribuidos en 146 centros de investigaci\u00f3n en 38 provincias trabajando en todas las fases del desarrollo del c\u00e1ncer, desde la prevenci\u00f3n hasta la met\u00e1stasis. La Asociaci\u00f3n se mantiene como la entidad que m\u00e1s fondos destina a la investigaci\u00f3n en c\u00e1ncer. A diciembre de 2024 la Asociaci\u00f3n ten\u00eda 143M\u20ac comprometidos en 750 ayudas en desarrollo. La Asociaci\u00f3n lleva m\u00e1s de 50 a\u00f1os impulsando una investigaci\u00f3n con impacto real, centrada en las necesidades de las personas. &nbsp;La investigaci\u00f3n que impulsa la Asociaci\u00f3n cubre todas las fases del desarrollo del c\u00e1ncer.<\/p>\n<p>En la provincia de <strong>Valladolid <\/strong>en 2024 hubo 3.601 diagn\u00f3sticos nuevos en c\u00e1ncer, seg\u00fan estimaciones del Observatorio Contra el C\u00e1ncer. A trav\u00e9s de sus servicios gratuitos que realizan profesionales, la Junta Provincial atendi\u00f3 en 2024 a 1768 personas y a m\u00e1s de 1.900 (hasta la fecha) en 2025. En 2025, la Asociaci\u00f3n en Valladolid ha dedicado una inversi\u00f3n de 1M\u20ac a la investigaci\u00f3n.<\/p>\t\t\t\t\t\t\t\t<\/div>\n\t\t\t\t\t<\/div>\n\t\t\t\t<\/div>\n\t\t\t\t<\/div>","protected":false},"excerpt":{"rendered":"<p>La Asociaci\u00f3n Contra el C\u00e1ncer en Valladolid celebra su Acto Institucional con la entrega de sus Ayudas de Investigaci\u00f3n y los Galardones 2025 Alejandra M\u00e9ndez y Dami\u00e1n Pena han sido los portadores de sendas Ayudas Predoctorales para sus estudios sobre glioblastoma Pueblosycomarcas.com;&nbsp;@PueblosComarcas La Asociaci\u00f3n en Valladolid ha presentado este jueves, 27 de noviembre, en la Feria de Valladolid,&nbsp;las Ayudas AECC 2025 adjudicadas en esta provincia en su apuesta por impulsar la investigaci\u00f3n oncol\u00f3gica y contribuir a superar el 70% de supervivencia en c\u00e1ncer en 2030. Unas ayudas que tambi\u00e9n suponen un apoyo al talento investigador. Adem\u00e1s, durante el evento&nbsp;se otorgar\u00e1n los Galardones y Distinciones AECC 2025 a entidades y personas destacadas&nbsp;por su contribuci\u00f3n a avanzar contra la enfermedad. Alejandra M\u00e9ndez ha recibido la Ayuda Predoctoral AECC 2025 para financiar su estudio \u2018Glioblastoma. Del an\u00e1lisis gen\u00e9tico a la prevenci\u00f3n\u2019, por un importe de 110.660 euros a cuatro a\u00f1os. El proyecto, que lleva a cabo en el IBGM de Valladolid, busca identificar c\u00f3mo las alteraciones en el equilibro del calcio y otras mol\u00e9culas contribuyen a la agresividad del glioblastoma, para desarrollar nuevas estrategias diagn\u00f3sticas y terap\u00e9uticas que mejoren la eficacia del tratamiento y la supervivencia de los pacientes. Por su parte, Dami\u00e1n Pena, ha sido el portador de la otra Ayuda Predoctoral AECC 2025, para su estudio \u2018Descifrando el enigma de los tumores cerebrales: en busca de nuevas terapias\u2019, con una cuant\u00eda de 110.660 euros a cuatro a\u00f1os, para desarrollar su proyecto en el Centro de Investigaci\u00f3n del C\u00e1ncer en Salamanca. El objetivo de su trabajo es el de frenar un tumor cerebral muy agresivo bloqueando mecanismos en el ARN que le permiten resistir a los tratamientos, con la esperanza de ofrecer nuevas opciones terap\u00e9uticas y mejorar la vida de los pacientes. Durante el evento se han mencionado las Ayudas de Investigaci\u00f3n que tambi\u00e9n ha otorgado este a\u00f1o la Asociaci\u00f3n en Valladolid, Concretamente, a \u00c1ngel Ugarte la Ayuda Programa Pr\u00e1cticas Laboratorio Verano AECC 2025\/26 y a Pablo Mi\u00f1ambres la Ayuda Programa Pr\u00e1cticas Laboratorio Curso Acad\u00e9mico AECC 2025\/26. El Dr. Jos\u00e9 Manuel Mu\u00f1oz F\u00e9lix, portador de una Ayuda LAB AECC, cuya financiaci\u00f3n es gracias al dinero recaudado en la XIV Valladolid En Marcha, ha explicado en qu\u00e9 consiste su estudio sobre el c\u00e1ncer de pulm\u00f3n y su met\u00e1stasis. La Asociaci\u00f3n ha hecho entrega tambi\u00e9n de&nbsp;los Galardones 2025 al Centro de Hemoterapia y Hemodonaci\u00f3n de Castilla y Le\u00f3n y a la Fundaci\u00f3n Alimerka, por su compromiso y colaboraci\u00f3n a la Asociaci\u00f3n Espa\u00f1ola Contra el C\u00e1ncer en Valladolid a lo largo del a\u00f1o. Por su parte, las Distinciones 2025 las han recibido&nbsp;Borja Lara Ad\u00e1nez, por su contribuci\u00f3n a la consolidaci\u00f3n de la Marcha Contra el C\u00e1ncer en Valladolid, la m\u00e1s numerosa de toda Espa\u00f1a; y Laura Cobos Alonso, ingeniera agr\u00f3noma de Sistemas Ambientales, por su apoyo a la creaci\u00f3n del huerto urbano El Vergel de la Asociaci\u00f3n Espa\u00f1ola Contra el C\u00e1ncer. LA INVESTIGACI\u00d3N ONCOL\u00d3GICA UNA PRIORIDAD En la actualidad en Espa\u00f1a se diagnostica un caso de c\u00e1ncer cada 2 minutos. 1 de cada 2 hombres y 1 de cada 3 mujeres tendr\u00e1 c\u00e1ncer a lo largo de su vida. Impulsar la investigaci\u00f3n oncol\u00f3gica debe ser, por tanto, una prioridad para toda la sociedad, incluyendo gobiernos, empresas e instituciones. Las Ayudas AECC 2025 cubren todas las fases de la carrera investigadora y sus l\u00edneas estrat\u00e9gicas son: aumentar la financiaci\u00f3n con especial foco en c\u00e1nceres de baja supervivencia, atraer el talento investigador para fomentar la estabilidad laboral de los investigadores e impulsar la innovaci\u00f3n y la investigaci\u00f3n cl\u00ednica para que los resultados lleguen al paciente, adem\u00e1s de fomentar que investigadores espa\u00f1oles formen parte de redes internacionales colaborativas de investigaci\u00f3n. Actualmente, la Asociaci\u00f3n apoya la mayor red para investigar el c\u00e1ncer en Espa\u00f1a con 2.300 investigadores e investigadoras, distribuidos en 146 centros de investigaci\u00f3n en 38 provincias trabajando en todas las fases del desarrollo del c\u00e1ncer, desde la prevenci\u00f3n hasta la met\u00e1stasis. La Asociaci\u00f3n se mantiene como la entidad que m\u00e1s fondos destina a la investigaci\u00f3n en c\u00e1ncer. A diciembre de 2024 la Asociaci\u00f3n ten\u00eda 143M\u20ac comprometidos en 750 ayudas en desarrollo. La Asociaci\u00f3n lleva m\u00e1s de 50 a\u00f1os impulsando una investigaci\u00f3n con impacto real, centrada en las necesidades de las personas. &nbsp;La investigaci\u00f3n que impulsa la Asociaci\u00f3n cubre todas las fases del desarrollo del c\u00e1ncer. En la provincia de Valladolid en 2024 hubo 3.601 diagn\u00f3sticos nuevos en c\u00e1ncer, seg\u00fan estimaciones del Observatorio Contra el C\u00e1ncer. A trav\u00e9s de sus servicios gratuitos que realizan profesionales, la Junta Provincial atendi\u00f3 en 2024 a 1768 personas y a m\u00e1s de 1.900 (hasta la fecha) en 2025. En 2025, la Asociaci\u00f3n en Valladolid ha dedicado una inversi\u00f3n de 1M\u20ac a la investigaci\u00f3n.<\/p>","protected":false},"author":1,"featured_media":3454,"comment_status":"open","ping_status":"closed","sticky":false,"template":"","format":"standard","meta":{"site-sidebar-layout":"default","site-content-layout":"","ast-site-content-layout":"default","site-content-style":"default","site-sidebar-style":"default","ast-global-header-display":"","ast-banner-title-visibility":"","ast-main-header-display":"","ast-hfb-above-header-display":"","ast-hfb-below-header-display":"","ast-hfb-mobile-header-display":"","site-post-title":"disabled","ast-breadcrumbs-content":"","ast-featured-img":"","footer-sml-layout":"","theme-transparent-header-meta":"","adv-header-id-meta":"","stick-header-meta":"","header-above-stick-meta":"","header-main-stick-meta":"","header-below-stick-meta":"","astra-migrate-meta-layouts":"default","ast-page-background-enabled":"default","ast-page-background-meta":{"desktop":{"background-color":"var(--ast-global-color-5)","background-image":"","background-repeat":"repeat","background-position":"center center","background-size":"auto","background-attachment":"scroll","background-type":"","background-media":"","overlay-type":"","overlay-color":"","overlay-opacity":"","overlay-gradient":""},"tablet":{"background-color":"","background-image":"","background-repeat":"repeat","background-position":"center center","background-size":"auto","background-attachment":"scroll","background-type":"","background-media":"","overlay-type":"","overlay-color":"","overlay-opacity":"","overlay-gradient":""},"mobile":{"background-color":"","background-image":"","background-repeat":"repeat","background-position":"center center","background-size":"auto","background-attachment":"scroll","background-type":"","background-media":"","overlay-type":"","overlay-color":"","overlay-opacity":"","overlay-gradient":""}},"ast-content-background-meta":{"desktop":{"background-color":"var(--ast-global-color-4)","background-image":"","background-repeat":"repeat","background-position":"center center","background-size":"auto","background-attachment":"scroll","background-type":"","background-media":"","overlay-type":"","overlay-color":"","overlay-opacity":"","overlay-gradient":""},"tablet":{"background-color":"var(--ast-global-color-4)","background-image":"","background-repeat":"repeat","background-position":"center center","background-size":"auto","background-attachment":"scroll","background-type":"","background-media":"","overlay-type":"","overlay-color":"","overlay-opacity":"","overlay-gradient":""},"mobile":{"background-color":"var(--ast-global-color-4)","background-image":"","background-repeat":"repeat","background-position":"center center","background-size":"auto","background-attachment":"scroll","background-type":"","background-media":"","overlay-type":"","overlay-color":"","overlay-opacity":"","overlay-gradient":""}},"ngg_post_thumbnail":0,"footnotes":""},"categories":[1,16],"tags":[219,22],"class_list":["post-3453","post","type-post","status-publish","format-standard","has-post-thumbnail","hentry","category-magazine","category-portada","tag-aecc","tag-valladolid"],"aioseo_notices":[],"rttpg_featured_image_url":{"full":["https:\/\/pueblosycomarcas.com\/wp-content\/uploads\/2025\/11\/20251128_aecc_valladolid.jpeg",800,400,false],"landscape":["https:\/\/pueblosycomarcas.com\/wp-content\/uploads\/2025\/11\/20251128_aecc_valladolid.jpeg",800,400,false],"portraits":["https:\/\/pueblosycomarcas.com\/wp-content\/uploads\/2025\/11\/20251128_aecc_valladolid.jpeg",800,400,false],"thumbnail":["https:\/\/pueblosycomarcas.com\/wp-content\/uploads\/2025\/11\/20251128_aecc_valladolid-150x150.jpeg",150,150,true],"medium":["https:\/\/pueblosycomarcas.com\/wp-content\/uploads\/2025\/11\/20251128_aecc_valladolid-300x150.jpeg",300,150,true],"large":["https:\/\/pueblosycomarcas.com\/wp-content\/uploads\/2025\/11\/20251128_aecc_valladolid.jpeg",800,400,false],"1536x1536":["https:\/\/pueblosycomarcas.com\/wp-content\/uploads\/2025\/11\/20251128_aecc_valladolid.jpeg",800,400,false],"2048x2048":["https:\/\/pueblosycomarcas.com\/wp-content\/uploads\/2025\/11\/20251128_aecc_valladolid.jpeg",800,400,false],"trp-custom-language-flag":["https:\/\/pueblosycomarcas.com\/wp-content\/uploads\/2025\/11\/20251128_aecc_valladolid.jpeg",18,9,false]},"rttpg_author":{"display_name":"admin","author_link":"https:\/\/pueblosycomarcas.com\/en\/author\/webalquimia\/"},"rttpg_comment":0,"rttpg_category":"<a href=\"https:\/\/pueblosycomarcas.com\/en\/category\/magazine\/\" rel=\"category tag\">Magazine<\/a> <a href=\"https:\/\/pueblosycomarcas.com\/en\/category\/portada\/\" rel=\"category tag\">Portada<\/a>","rttpg_excerpt":"La Asociaci\u00f3n Contra el C\u00e1ncer en Valladolid celebra su Acto Institucional con la entrega de sus Ayudas de Investigaci\u00f3n y los Galardones 2025 Alejandra M\u00e9ndez y Dami\u00e1n Pena han sido los portadores de sendas Ayudas Predoctorales para sus estudios sobre glioblastoma Pueblosycomarcas.com;&nbsp;@PueblosComarcas La Asociaci\u00f3n en Valladolid ha presentado este jueves, 27 de noviembre, en la&hellip;","_links":{"self":[{"href":"https:\/\/pueblosycomarcas.com\/en\/wp-json\/wp\/v2\/posts\/3453","targetHints":{"allow":["GET"]}}],"collection":[{"href":"https:\/\/pueblosycomarcas.com\/en\/wp-json\/wp\/v2\/posts"}],"about":[{"href":"https:\/\/pueblosycomarcas.com\/en\/wp-json\/wp\/v2\/types\/post"}],"author":[{"embeddable":true,"href":"https:\/\/pueblosycomarcas.com\/en\/wp-json\/wp\/v2\/users\/1"}],"replies":[{"embeddable":true,"href":"https:\/\/pueblosycomarcas.com\/en\/wp-json\/wp\/v2\/comments?post=3453"}],"version-history":[{"count":5,"href":"https:\/\/pueblosycomarcas.com\/en\/wp-json\/wp\/v2\/posts\/3453\/revisions"}],"predecessor-version":[{"id":3459,"href":"https:\/\/pueblosycomarcas.com\/en\/wp-json\/wp\/v2\/posts\/3453\/revisions\/3459"}],"wp:featuredmedia":[{"embeddable":true,"href":"https:\/\/pueblosycomarcas.com\/en\/wp-json\/wp\/v2\/media\/3454"}],"wp:attachment":[{"href":"https:\/\/pueblosycomarcas.com\/en\/wp-json\/wp\/v2\/media?parent=3453"}],"wp:term":[{"taxonomy":"category","embeddable":true,"href":"https:\/\/pueblosycomarcas.com\/en\/wp-json\/wp\/v2\/categories?post=3453"},{"taxonomy":"post_tag","embeddable":true,"href":"https:\/\/pueblosycomarcas.com\/en\/wp-json\/wp\/v2\/tags?post=3453"}],"curies":[{"name":"wp","href":"https:\/\/api.w.org\/{rel}","templated":true}]}}