{"id":3410,"date":"2025-11-28T06:06:00","date_gmt":"2025-11-28T05:06:00","guid":{"rendered":"https:\/\/webalquimia.es\/?p=3410"},"modified":"2025-11-27T10:36:58","modified_gmt":"2025-11-27T09:36:58","slug":"abiertas-las-inscripciones-de-la-xvi-carrera-solidaria-el-tejar-memorial-tomas-dominguez-de-boecillo","status":"publish","type":"post","link":"https:\/\/pueblosycomarcas.com\/en\/abiertas-las-inscripciones-de-la-xvi-carrera-solidaria-el-tejar-memorial-tomas-dominguez-de-boecillo\/","title":{"rendered":"Abiertas las inscripciones de la XVI Carrera Solidaria \u2018El Tejar\u2019. Memorial Tom\u00e1s Dom\u00ednguez de Boecillo"},"content":{"rendered":"<div data-elementor-type=\"wp-post\" data-elementor-id=\"3410\" class=\"elementor elementor-3410\">\n\t\t\t\t<div class=\"elementor-element elementor-element-a7e82fc e-flex e-con-boxed wpr-particle-no wpr-jarallax-no wpr-parallax-no wpr-sticky-section-no wpr-equal-height-no e-con e-parent\" data-id=\"a7e82fc\" data-element_type=\"container\" data-e-type=\"container\">\n\t\t\t\t\t<div class=\"e-con-inner\">\n\t\t\t\t<div class=\"elementor-element elementor-element-5827ba3 elementor-widget elementor-widget-heading\" data-id=\"5827ba3\" data-element_type=\"widget\" data-e-type=\"widget\" data-widget_type=\"heading.default\">\n\t\t\t\t\t<h2 class=\"elementor-heading-title elementor-size-default\">Abiertas las inscripciones de la XVI Carrera Solidaria \u2018El Tejar\u2019. Memorial Tom\u00e1s Dom\u00ednguez, de Boecillo<\/h2>\t\t\t\t<\/div>\n\t\t\t\t<div class=\"elementor-element elementor-element-a56692b elementor-widget elementor-widget-text-editor\" data-id=\"a56692b\" data-element_type=\"widget\" data-e-type=\"widget\" data-widget_type=\"text-editor.default\">\n\t\t\t\t\t\t\t\t\t<ul><li><h6><em><strong>La prueba se disputar\u00e1 el s\u00e1bado 13 de diciembre con salida de la Plaza del Vendimiador a las 11:30 horas<\/strong><\/em><\/h6><\/li><\/ul>\t\t\t\t\t\t\t\t<\/div>\n\t\t\t\t<div class=\"elementor-element elementor-element-851894f elementor-widget-divider--view-line elementor-widget elementor-widget-divider\" data-id=\"851894f\" data-element_type=\"widget\" data-e-type=\"widget\" data-widget_type=\"divider.default\">\n\t\t\t\t\t\t\t<div class=\"elementor-divider\">\n\t\t\t<span class=\"elementor-divider-separator\">\n\t\t\t\t\t\t<\/span>\n\t\t<\/div>\n\t\t\t\t\t\t<\/div>\n\t\t\t\t<div class=\"elementor-element elementor-element-1562e86 elementor-widget elementor-widget-image\" data-id=\"1562e86\" data-element_type=\"widget\" data-e-type=\"widget\" data-widget_type=\"image.default\">\n\t\t\t\t\t\t\t\t\t\t\t\t\t\t\t<img fetchpriority=\"high\" decoding=\"async\" width=\"800\" height=\"400\" src=\"https:\/\/pueblosycomarcas.com\/wp-content\/uploads\/2025\/11\/20251128_carrera_tejar_boecillo.jpg\" class=\"attachment-large size-large wp-image-3411\" alt=\"\" srcset=\"https:\/\/pueblosycomarcas.com\/wp-content\/uploads\/2025\/11\/20251128_carrera_tejar_boecillo.jpg 800w, https:\/\/pueblosycomarcas.com\/wp-content\/uploads\/2025\/11\/20251128_carrera_tejar_boecillo-300x150.jpg 300w, https:\/\/pueblosycomarcas.com\/wp-content\/uploads\/2025\/11\/20251128_carrera_tejar_boecillo-768x384.jpg 768w\" sizes=\"(max-width: 800px) 100vw, 800px\" \/>\t\t\t\t\t\t\t\t\t\t\t\t\t\t\t<\/div>\n\t\t\t\t<div class=\"elementor-element elementor-element-0206140 elementor-widget elementor-widget-text-editor\" data-id=\"0206140\" data-element_type=\"widget\" data-e-type=\"widget\" data-widget_type=\"text-editor.default\">\n\t\t\t\t\t\t\t\t\t<p><a href=\"https:\/\/www.facebook.com\/Pueblos-y-Comarcas-125437870924169\/?fref=ts\"><em><strong>Pueblosycomarcas.com<\/strong><\/em><\/a><em><strong>;\u00a0<\/strong><\/em><a href=\"https:\/\/twitter.com\/PueblosComarcas\"><em><strong>@PueblosComarcas<\/strong><\/em><\/a><\/p><p>El Ayuntamiento de Boecillo ya ha abierto las inscripciones de uno de sus cl\u00e1sicos deportivos de la recta final del a\u00f1o como es la Carrera Popular \u2018El Tejar\u2019, rebautizada como Memorial Tom\u00e1s Dom\u00ednguez en recuerdo del concejal fallecido hace unos a\u00f1os, y que este a\u00f1o alcanza su d\u00e9cimo sexta edici\u00f3n.<\/p><p>Esta prueba deportiva se disputar\u00e1 el domingo 13 de diciembre, con salida a las 11:30 horas de la Plaza del Vendimiador de la localidad vallisoletana. Desde la organizaci\u00f3n se ha dise\u00f1ado un recorrido de 7 kil\u00f3metros por el casco urbano de la localidad y, una vez finalizada la carrera de adultos, se dar\u00e1 paso a la competici\u00f3n de los ni\u00f1os.<\/p><p>Los interesados en participar pueden inscribirse hasta el 11 de diciembre a trav\u00e9s de la web de\u00a0<a href=\"https:\/\/inscripciones.runvasport.es\/inscripcion\/16a-carrera-popular-solidaria-el-tejar-memorial-tomas-dominguez-pelayo\/\"><strong>runvasport.es<\/strong><\/a>\u00a0por un precio de 6 euros para la carrera general, y como ya es habitual, sin cuota alguna para la carrera infantil.<\/p><p>Como en a\u00f1os anteriores este evento deportivo tiene car\u00e1cter solidario y de ah\u00ed que los participantes podr\u00e1n aportar su granito de arena entregando un kilo de productos no perecederos en la recogida de dorsales, que ir\u00e1n destinados al Banco de Alimentos de Valladolid.<\/p>\t\t\t\t\t\t\t\t<\/div>\n\t\t\t\t\t<\/div>\n\t\t\t\t<\/div>\n\t\t\t\t<\/div>","protected":false},"excerpt":{"rendered":"<p>Abiertas las inscripciones de la XVI Carrera Solidaria \u2018El Tejar\u2019. Memorial Tom\u00e1s Dom\u00ednguez, de Boecillo La prueba se disputar\u00e1 el s\u00e1bado 13 de diciembre con salida de la Plaza del Vendimiador a las 11:30 horas Pueblosycomarcas.com;\u00a0@PueblosComarcas El Ayuntamiento de Boecillo ya ha abierto las inscripciones de uno de sus cl\u00e1sicos deportivos de la recta final del a\u00f1o como es la Carrera Popular \u2018El Tejar\u2019, rebautizada como Memorial Tom\u00e1s Dom\u00ednguez en recuerdo del concejal fallecido hace unos a\u00f1os, y que este a\u00f1o alcanza su d\u00e9cimo sexta edici\u00f3n. Esta prueba deportiva se disputar\u00e1 el domingo 13 de diciembre, con salida a las 11:30 horas de la Plaza del Vendimiador de la localidad vallisoletana. Desde la organizaci\u00f3n se ha dise\u00f1ado un recorrido de 7 kil\u00f3metros por el casco urbano de la localidad y, una vez finalizada la carrera de adultos, se dar\u00e1 paso a la competici\u00f3n de los ni\u00f1os. Los interesados en participar pueden inscribirse hasta el 11 de diciembre a trav\u00e9s de la web de\u00a0runvasport.es\u00a0por un precio de 6 euros para la carrera general, y como ya es habitual, sin cuota alguna para la carrera infantil. Como en a\u00f1os anteriores este evento deportivo tiene car\u00e1cter solidario y de ah\u00ed que los participantes podr\u00e1n aportar su granito de arena entregando un kilo de productos no perecederos en la recogida de dorsales, que ir\u00e1n destinados al Banco de Alimentos de Valladolid.<\/p>","protected":false},"author":1,"featured_media":3411,"comment_status":"open","ping_status":"closed","sticky":false,"template":"","format":"standard","meta":{"site-sidebar-layout":"default","site-content-layout":"","ast-site-content-layout":"default","site-content-style":"default","site-sidebar-style":"default","ast-global-header-display":"","ast-banner-title-visibility":"","ast-main-header-display":"","ast-hfb-above-header-display":"","ast-hfb-below-header-display":"","ast-hfb-mobile-header-display":"","site-post-title":"disabled","ast-breadcrumbs-content":"","ast-featured-img":"","footer-sml-layout":"","theme-transparent-header-meta":"","adv-header-id-meta":"","stick-header-meta":"","header-above-stick-meta":"","header-main-stick-meta":"","header-below-stick-meta":"","astra-migrate-meta-layouts":"default","ast-page-background-enabled":"default","ast-page-background-meta":{"desktop":{"background-color":"var(--ast-global-color-5)","background-image":"","background-repeat":"repeat","background-position":"center center","background-size":"auto","background-attachment":"scroll","background-type":"","background-media":"","overlay-type":"","overlay-color":"","overlay-opacity":"","overlay-gradient":""},"tablet":{"background-color":"","background-image":"","background-repeat":"repeat","background-position":"center center","background-size":"auto","background-attachment":"scroll","background-type":"","background-media":"","overlay-type":"","overlay-color":"","overlay-opacity":"","overlay-gradient":""},"mobile":{"background-color":"","background-image":"","background-repeat":"repeat","background-position":"center center","background-size":"auto","background-attachment":"scroll","background-type":"","background-media":"","overlay-type":"","overlay-color":"","overlay-opacity":"","overlay-gradient":""}},"ast-content-background-meta":{"desktop":{"background-color":"var(--ast-global-color-4)","background-image":"","background-repeat":"repeat","background-position":"center center","background-size":"auto","background-attachment":"scroll","background-type":"","background-media":"","overlay-type":"","overlay-color":"","overlay-opacity":"","overlay-gradient":""},"tablet":{"background-color":"var(--ast-global-color-4)","background-image":"","background-repeat":"repeat","background-position":"center center","background-size":"auto","background-attachment":"scroll","background-type":"","background-media":"","overlay-type":"","overlay-color":"","overlay-opacity":"","overlay-gradient":""},"mobile":{"background-color":"var(--ast-global-color-4)","background-image":"","background-repeat":"repeat","background-position":"center center","background-size":"auto","background-attachment":"scroll","background-type":"","background-media":"","overlay-type":"","overlay-color":"","overlay-opacity":"","overlay-gradient":""}},"ngg_post_thumbnail":0,"footnotes":""},"categories":[11,16],"tags":[204,62,213],"class_list":["post-3410","post","type-post","status-publish","format-standard","has-post-thumbnail","hentry","category-deportes-y-ocio","category-portada","tag-ayuntamiento-de-boecillo","tag-boecillo","tag-carrera-el-tejar"],"aioseo_notices":[],"rttpg_featured_image_url":{"full":["https:\/\/pueblosycomarcas.com\/wp-content\/uploads\/2025\/11\/20251128_carrera_tejar_boecillo.jpg",800,400,false],"landscape":["https:\/\/pueblosycomarcas.com\/wp-content\/uploads\/2025\/11\/20251128_carrera_tejar_boecillo.jpg",800,400,false],"portraits":["https:\/\/pueblosycomarcas.com\/wp-content\/uploads\/2025\/11\/20251128_carrera_tejar_boecillo.jpg",800,400,false],"thumbnail":["https:\/\/pueblosycomarcas.com\/wp-content\/uploads\/2025\/11\/20251128_carrera_tejar_boecillo-150x150.jpg",150,150,true],"medium":["https:\/\/pueblosycomarcas.com\/wp-content\/uploads\/2025\/11\/20251128_carrera_tejar_boecillo-300x150.jpg",300,150,true],"large":["https:\/\/pueblosycomarcas.com\/wp-content\/uploads\/2025\/11\/20251128_carrera_tejar_boecillo.jpg",800,400,false],"1536x1536":["https:\/\/pueblosycomarcas.com\/wp-content\/uploads\/2025\/11\/20251128_carrera_tejar_boecillo.jpg",800,400,false],"2048x2048":["https:\/\/pueblosycomarcas.com\/wp-content\/uploads\/2025\/11\/20251128_carrera_tejar_boecillo.jpg",800,400,false],"trp-custom-language-flag":["https:\/\/pueblosycomarcas.com\/wp-content\/uploads\/2025\/11\/20251128_carrera_tejar_boecillo.jpg",18,9,false]},"rttpg_author":{"display_name":"admin","author_link":"https:\/\/pueblosycomarcas.com\/en\/author\/webalquimia\/"},"rttpg_comment":0,"rttpg_category":"<a href=\"https:\/\/pueblosycomarcas.com\/en\/category\/deportes-y-ocio\/\" rel=\"category tag\">Deporte y Ocio<\/a> <a href=\"https:\/\/pueblosycomarcas.com\/en\/category\/portada\/\" rel=\"category tag\">Portada<\/a>","rttpg_excerpt":"Abiertas las inscripciones de la XVI Carrera Solidaria \u2018El Tejar\u2019. Memorial Tom\u00e1s Dom\u00ednguez, de Boecillo La prueba se disputar\u00e1 el s\u00e1bado 13 de diciembre con salida de la Plaza del Vendimiador a las 11:30 horas Pueblosycomarcas.com;\u00a0@PueblosComarcas El Ayuntamiento de Boecillo ya ha abierto las inscripciones de uno de sus cl\u00e1sicos deportivos de la recta final&hellip;","_links":{"self":[{"href":"https:\/\/pueblosycomarcas.com\/en\/wp-json\/wp\/v2\/posts\/3410","targetHints":{"allow":["GET"]}}],"collection":[{"href":"https:\/\/pueblosycomarcas.com\/en\/wp-json\/wp\/v2\/posts"}],"about":[{"href":"https:\/\/pueblosycomarcas.com\/en\/wp-json\/wp\/v2\/types\/post"}],"author":[{"embeddable":true,"href":"https:\/\/pueblosycomarcas.com\/en\/wp-json\/wp\/v2\/users\/1"}],"replies":[{"embeddable":true,"href":"https:\/\/pueblosycomarcas.com\/en\/wp-json\/wp\/v2\/comments?post=3410"}],"version-history":[{"count":5,"href":"https:\/\/pueblosycomarcas.com\/en\/wp-json\/wp\/v2\/posts\/3410\/revisions"}],"predecessor-version":[{"id":3416,"href":"https:\/\/pueblosycomarcas.com\/en\/wp-json\/wp\/v2\/posts\/3410\/revisions\/3416"}],"wp:featuredmedia":[{"embeddable":true,"href":"https:\/\/pueblosycomarcas.com\/en\/wp-json\/wp\/v2\/media\/3411"}],"wp:attachment":[{"href":"https:\/\/pueblosycomarcas.com\/en\/wp-json\/wp\/v2\/media?parent=3410"}],"wp:term":[{"taxonomy":"category","embeddable":true,"href":"https:\/\/pueblosycomarcas.com\/en\/wp-json\/wp\/v2\/categories?post=3410"},{"taxonomy":"post_tag","embeddable":true,"href":"https:\/\/pueblosycomarcas.com\/en\/wp-json\/wp\/v2\/tags?post=3410"}],"curies":[{"name":"wp","href":"https:\/\/api.w.org\/{rel}","templated":true}]}}