{"id":3403,"date":"2025-11-27T06:36:28","date_gmt":"2025-11-27T05:36:28","guid":{"rendered":"https:\/\/webalquimia.es\/?p=3403"},"modified":"2025-11-27T06:38:01","modified_gmt":"2025-11-27T05:38:01","slug":"la-junta-impulsa-la-formalizacion-de-una-nueva-zona-basica-de-salud-en-la-cisterniga","status":"publish","type":"post","link":"https:\/\/pueblosycomarcas.com\/en\/la-junta-impulsa-la-formalizacion-de-una-nueva-zona-basica-de-salud-en-la-cisterniga\/","title":{"rendered":"La Junta impulsa la formalizaci\u00f3n de una nueva Zona B\u00e1sica de Salud en La Cist\u00e9rniga"},"content":{"rendered":"<div data-elementor-type=\"wp-post\" data-elementor-id=\"3403\" class=\"elementor elementor-3403\">\n\t\t\t\t<div class=\"elementor-element elementor-element-7d7db76 e-flex e-con-boxed wpr-particle-no wpr-jarallax-no wpr-parallax-no wpr-sticky-section-no wpr-equal-height-no e-con e-parent\" data-id=\"7d7db76\" data-element_type=\"container\" data-e-type=\"container\">\n\t\t\t\t\t<div class=\"e-con-inner\">\n\t\t\t\t<div class=\"elementor-element elementor-element-5a7cc48 elementor-widget elementor-widget-heading\" data-id=\"5a7cc48\" data-element_type=\"widget\" data-e-type=\"widget\" data-widget_type=\"heading.default\">\n\t\t\t\t\t<h2 class=\"elementor-heading-title elementor-size-default\">La Junta impulsa la formalizaci\u00f3n de una nueva Zona B\u00e1sica de Salud en La Cist\u00e9rniga<\/h2>\t\t\t\t<\/div>\n\t\t\t\t<div class=\"elementor-element elementor-element-55d60ce elementor-widget elementor-widget-text-editor\" data-id=\"55d60ce\" data-element_type=\"widget\" data-e-type=\"widget\" data-widget_type=\"text-editor.default\">\n\t\t\t\t\t\t\t\t\t<ul><li><h6><em><strong>La reestructuraci\u00f3n permitir\u00e1 acercar los servicios sanitarios a los m\u00e1s de 8.900 ciudadanos de una zona en crecimiento<\/strong><\/em><\/h6><\/li><\/ul>\t\t\t\t\t\t\t\t<\/div>\n\t\t\t\t<div class=\"elementor-element elementor-element-382f9e6 elementor-widget-divider--view-line elementor-widget elementor-widget-divider\" data-id=\"382f9e6\" data-element_type=\"widget\" data-e-type=\"widget\" data-widget_type=\"divider.default\">\n\t\t\t\t\t\t\t<div class=\"elementor-divider\">\n\t\t\t<span class=\"elementor-divider-separator\">\n\t\t\t\t\t\t<\/span>\n\t\t<\/div>\n\t\t\t\t\t\t<\/div>\n\t\t\t\t<div class=\"elementor-element elementor-element-12cbb4f elementor-widget elementor-widget-image\" data-id=\"12cbb4f\" data-element_type=\"widget\" data-e-type=\"widget\" data-widget_type=\"image.default\">\n\t\t\t\t\t\t\t\t\t\t\t\t\t\t\t<img fetchpriority=\"high\" decoding=\"async\" width=\"800\" height=\"400\" src=\"https:\/\/pueblosycomarcas.com\/wp-content\/uploads\/2025\/11\/20241009_plaza_cisterniga.jpg\" class=\"attachment-large size-large wp-image-3404\" alt=\"\" srcset=\"https:\/\/pueblosycomarcas.com\/wp-content\/uploads\/2025\/11\/20241009_plaza_cisterniga.jpg 800w, https:\/\/pueblosycomarcas.com\/wp-content\/uploads\/2025\/11\/20241009_plaza_cisterniga-300x150.jpg 300w, https:\/\/pueblosycomarcas.com\/wp-content\/uploads\/2025\/11\/20241009_plaza_cisterniga-768x384.jpg 768w\" sizes=\"(max-width: 800px) 100vw, 800px\" \/>\t\t\t\t\t\t\t\t\t\t\t\t\t\t\t<\/div>\n\t\t\t\t<div class=\"elementor-element elementor-element-cc3a7da elementor-widget elementor-widget-text-editor\" data-id=\"cc3a7da\" data-element_type=\"widget\" data-e-type=\"widget\" data-widget_type=\"text-editor.default\">\n\t\t\t\t\t\t\t\t\t<p><a href=\"https:\/\/www.facebook.com\/Pueblos-y-Comarcas-125437870924169\/?fref=ts\"><em><strong>Pueblosycomarcas.com<\/strong><\/em><\/a><em><strong>;\u00a0<\/strong><\/em><a href=\"https:\/\/twitter.com\/PueblosComarcas\"><em><strong>@PueblosComarcas<\/strong><\/em><\/a><\/p><p>La Junta de Castilla y Le\u00f3n ha presentado, en el Consejo Castellano y Leon\u00e9s de Salud, la propuesta de creaci\u00f3n de la nueva Zona B\u00e1sica de Salud (ZBS) de La Cist\u00e9rniga, con el fin de segregarla de la actual modificaci\u00f3n de la actual ZBS Delicias I que cuenta ya con 27.478 tarjetas sanitarias. Todo ello con el fin de ofrecer una atenci\u00f3n sanitaria m\u00e1s accesible, equitativa y adaptada a las necesidades actuales de una poblaci\u00f3n caracterizada por el crecimiento demogr\u00e1fico registrado en los \u00faltimos a\u00f1os, unido al incremento de la demanda asistencial vinculada al envejecimiento poblacional y a la alta prevalencia de enfermedades cr\u00f3nicas.<\/p><p>De este modo la nueva zona, clasificada como urbana, atender\u00e1 a 8.957 tarjetas sanitarias y ser\u00e1 cubierta por el centro de sanitario situado en la Calle Fragua, n\u00famero 14, de La Cist\u00e9rniga. Esta reestructuraci\u00f3n permitir\u00e1 optimizar la coordinaci\u00f3n entre profesionales, mejorar la proximidad de los servicios y ajustar la carga asistencial.<\/p><p>La delimitaci\u00f3n territorial de la ZBS incluir\u00e1 el municipio de La Cist\u00e9rniga y sus entidades singulares, como el Pol\u00edgono Industrial La Mora, las urbanizaciones El P\u00e1ramo y El Paramillo, as\u00ed como diversas fincas y el Centro Ecuestre Vega del Pinar. Por su parte, la ZBS Delicias I mantendr\u00e1 su centro de salud en el Paseo Juan Carlos I, n\u00famero 18, y pasar\u00e1 a atender a 18.521 TSI.<\/p><p>Esta actuaci\u00f3n se fundamenta en lo dispuesto en el Decreto 32\/1988, de 18 de febrero, y en la Ley 8\/2010, de Ordenaci\u00f3n del Sistema de Salud de Castilla y Le\u00f3n, que establecen criterios geogr\u00e1ficos, demogr\u00e1ficos y socioecon\u00f3micos para la organizaci\u00f3n de las zonas b\u00e1sicas de salud. En los pr\u00f3ximos d\u00edas se abrir\u00e1 el tr\u00e1mite de informaci\u00f3n p\u00fablica tanto en el Portal de Gobierno Abierto como en el Bolet\u00edn Oficial de Castilla y Le\u00f3n (BOCyL).<\/p><p><strong>DECRETO DE CREACI\u00d3N DEL REGISTRO DE OBJETORES DE CONCIENCIA<\/strong><\/p><p>Asimismo, se ha dado a conocer al Consejo Castellano y Leon\u00e9s de la Salud la tramitaci\u00f3n del proyecto de Decreto por el que se crea el Registro de profesionales sanitarios objetores de conciencia respecto de la intervenci\u00f3n directa en la pr\u00e1ctica de la interrupci\u00f3n voluntaria del embarazo en Castilla y Le\u00f3n.<\/p><p>Con esta norma, la Junta cumple la previsi\u00f3n contenida en la Ley Org\u00e1nica 1\/2023, de 28 de febrero, por la que se modifica la Ley Org\u00e1nica 2\/2010, de 3 de marzo, de salud sexual y reproductiva y de la interrupci\u00f3n voluntaria del embarazo. \u00a0<\/p><p>La Ley Org\u00e1nica referida reconoce el derecho de los profesionales sanitarios que intervienen directamente en la pr\u00e1ctica de la interrupci\u00f3n voluntaria del embarazo al ejercicio de la objeci\u00f3n de conciencia. En este sentido, se considera que el personal m\u00e9dico especialista en ginecolog\u00eda y obstetricia y anestesiolog\u00eda y reanimaci\u00f3n, as\u00ed como el personal titulado en enfermer\u00eda y matronas pueden presentar su declaraci\u00f3n de objeci\u00f3n de conciencia. De esta manera, se entiende que el rechazo o la negativa a realizar esta intervenci\u00f3n por razones de conciencia es una decisi\u00f3n individual de las personas profesionales sanitarias, que debe manifestarse con antelaci\u00f3n y por escrito.\u00a0<\/p>\t\t\t\t\t\t\t\t<\/div>\n\t\t\t\t\t<\/div>\n\t\t\t\t<\/div>\n\t\t\t\t<\/div>","protected":false},"excerpt":{"rendered":"<p>La Junta impulsa la formalizaci\u00f3n de una nueva Zona B\u00e1sica de Salud en La Cist\u00e9rniga La reestructuraci\u00f3n permitir\u00e1 acercar los servicios sanitarios a los m\u00e1s de 8.900 ciudadanos de una zona en crecimiento Pueblosycomarcas.com;\u00a0@PueblosComarcas La Junta de Castilla y Le\u00f3n ha presentado, en el Consejo Castellano y Leon\u00e9s de Salud, la propuesta de creaci\u00f3n de la nueva Zona B\u00e1sica de Salud (ZBS) de La Cist\u00e9rniga, con el fin de segregarla de la actual modificaci\u00f3n de la actual ZBS Delicias I que cuenta ya con 27.478 tarjetas sanitarias. Todo ello con el fin de ofrecer una atenci\u00f3n sanitaria m\u00e1s accesible, equitativa y adaptada a las necesidades actuales de una poblaci\u00f3n caracterizada por el crecimiento demogr\u00e1fico registrado en los \u00faltimos a\u00f1os, unido al incremento de la demanda asistencial vinculada al envejecimiento poblacional y a la alta prevalencia de enfermedades cr\u00f3nicas. De este modo la nueva zona, clasificada como urbana, atender\u00e1 a 8.957 tarjetas sanitarias y ser\u00e1 cubierta por el centro de sanitario situado en la Calle Fragua, n\u00famero 14, de La Cist\u00e9rniga. Esta reestructuraci\u00f3n permitir\u00e1 optimizar la coordinaci\u00f3n entre profesionales, mejorar la proximidad de los servicios y ajustar la carga asistencial. La delimitaci\u00f3n territorial de la ZBS incluir\u00e1 el municipio de La Cist\u00e9rniga y sus entidades singulares, como el Pol\u00edgono Industrial La Mora, las urbanizaciones El P\u00e1ramo y El Paramillo, as\u00ed como diversas fincas y el Centro Ecuestre Vega del Pinar. Por su parte, la ZBS Delicias I mantendr\u00e1 su centro de salud en el Paseo Juan Carlos I, n\u00famero 18, y pasar\u00e1 a atender a 18.521 TSI. Esta actuaci\u00f3n se fundamenta en lo dispuesto en el Decreto 32\/1988, de 18 de febrero, y en la Ley 8\/2010, de Ordenaci\u00f3n del Sistema de Salud de Castilla y Le\u00f3n, que establecen criterios geogr\u00e1ficos, demogr\u00e1ficos y socioecon\u00f3micos para la organizaci\u00f3n de las zonas b\u00e1sicas de salud. En los pr\u00f3ximos d\u00edas se abrir\u00e1 el tr\u00e1mite de informaci\u00f3n p\u00fablica tanto en el Portal de Gobierno Abierto como en el Bolet\u00edn Oficial de Castilla y Le\u00f3n (BOCyL). DECRETO DE CREACI\u00d3N DEL REGISTRO DE OBJETORES DE CONCIENCIA Asimismo, se ha dado a conocer al Consejo Castellano y Leon\u00e9s de la Salud la tramitaci\u00f3n del proyecto de Decreto por el que se crea el Registro de profesionales sanitarios objetores de conciencia respecto de la intervenci\u00f3n directa en la pr\u00e1ctica de la interrupci\u00f3n voluntaria del embarazo en Castilla y Le\u00f3n. Con esta norma, la Junta cumple la previsi\u00f3n contenida en la Ley Org\u00e1nica 1\/2023, de 28 de febrero, por la que se modifica la Ley Org\u00e1nica 2\/2010, de 3 de marzo, de salud sexual y reproductiva y de la interrupci\u00f3n voluntaria del embarazo. \u00a0 La Ley Org\u00e1nica referida reconoce el derecho de los profesionales sanitarios que intervienen directamente en la pr\u00e1ctica de la interrupci\u00f3n voluntaria del embarazo al ejercicio de la objeci\u00f3n de conciencia. En este sentido, se considera que el personal m\u00e9dico especialista en ginecolog\u00eda y obstetricia y anestesiolog\u00eda y reanimaci\u00f3n, as\u00ed como el personal titulado en enfermer\u00eda y matronas pueden presentar su declaraci\u00f3n de objeci\u00f3n de conciencia. De esta manera, se entiende que el rechazo o la negativa a realizar esta intervenci\u00f3n por razones de conciencia es una decisi\u00f3n individual de las personas profesionales sanitarias, que debe manifestarse con antelaci\u00f3n y por escrito.\u00a0<\/p>","protected":false},"author":1,"featured_media":3404,"comment_status":"open","ping_status":"closed","sticky":false,"template":"","format":"standard","meta":{"site-sidebar-layout":"default","site-content-layout":"","ast-site-content-layout":"default","site-content-style":"default","site-sidebar-style":"default","ast-global-header-display":"","ast-banner-title-visibility":"","ast-main-header-display":"","ast-hfb-above-header-display":"","ast-hfb-below-header-display":"","ast-hfb-mobile-header-display":"","site-post-title":"disabled","ast-breadcrumbs-content":"","ast-featured-img":"","footer-sml-layout":"","theme-transparent-header-meta":"","adv-header-id-meta":"","stick-header-meta":"","header-above-stick-meta":"","header-main-stick-meta":"","header-below-stick-meta":"","astra-migrate-meta-layouts":"default","ast-page-background-enabled":"default","ast-page-background-meta":{"desktop":{"background-color":"var(--ast-global-color-5)","background-image":"","background-repeat":"repeat","background-position":"center center","background-size":"auto","background-attachment":"scroll","background-type":"","background-media":"","overlay-type":"","overlay-color":"","overlay-opacity":"","overlay-gradient":""},"tablet":{"background-color":"","background-image":"","background-repeat":"repeat","background-position":"center center","background-size":"auto","background-attachment":"scroll","background-type":"","background-media":"","overlay-type":"","overlay-color":"","overlay-opacity":"","overlay-gradient":""},"mobile":{"background-color":"","background-image":"","background-repeat":"repeat","background-position":"center center","background-size":"auto","background-attachment":"scroll","background-type":"","background-media":"","overlay-type":"","overlay-color":"","overlay-opacity":"","overlay-gradient":""}},"ast-content-background-meta":{"desktop":{"background-color":"var(--ast-global-color-4)","background-image":"","background-repeat":"repeat","background-position":"center center","background-size":"auto","background-attachment":"scroll","background-type":"","background-media":"","overlay-type":"","overlay-color":"","overlay-opacity":"","overlay-gradient":""},"tablet":{"background-color":"var(--ast-global-color-4)","background-image":"","background-repeat":"repeat","background-position":"center center","background-size":"auto","background-attachment":"scroll","background-type":"","background-media":"","overlay-type":"","overlay-color":"","overlay-opacity":"","overlay-gradient":""},"mobile":{"background-color":"var(--ast-global-color-4)","background-image":"","background-repeat":"repeat","background-position":"center center","background-size":"auto","background-attachment":"scroll","background-type":"","background-media":"","overlay-type":"","overlay-color":"","overlay-opacity":"","overlay-gradient":""}},"ngg_post_thumbnail":0,"footnotes":""},"categories":[10,16],"tags":[55,143],"class_list":["post-3403","post","type-post","status-publish","format-standard","has-post-thumbnail","hentry","category-otras-comarcas","category-portada","tag-junta-de-castilla-y-leon","tag-la-cisterniga"],"aioseo_notices":[],"rttpg_featured_image_url":{"full":["https:\/\/pueblosycomarcas.com\/wp-content\/uploads\/2025\/11\/20241009_plaza_cisterniga.jpg",800,400,false],"landscape":["https:\/\/pueblosycomarcas.com\/wp-content\/uploads\/2025\/11\/20241009_plaza_cisterniga.jpg",800,400,false],"portraits":["https:\/\/pueblosycomarcas.com\/wp-content\/uploads\/2025\/11\/20241009_plaza_cisterniga.jpg",800,400,false],"thumbnail":["https:\/\/pueblosycomarcas.com\/wp-content\/uploads\/2025\/11\/20241009_plaza_cisterniga-150x150.jpg",150,150,true],"medium":["https:\/\/pueblosycomarcas.com\/wp-content\/uploads\/2025\/11\/20241009_plaza_cisterniga-300x150.jpg",300,150,true],"large":["https:\/\/pueblosycomarcas.com\/wp-content\/uploads\/2025\/11\/20241009_plaza_cisterniga.jpg",800,400,false],"1536x1536":["https:\/\/pueblosycomarcas.com\/wp-content\/uploads\/2025\/11\/20241009_plaza_cisterniga.jpg",800,400,false],"2048x2048":["https:\/\/pueblosycomarcas.com\/wp-content\/uploads\/2025\/11\/20241009_plaza_cisterniga.jpg",800,400,false],"trp-custom-language-flag":["https:\/\/pueblosycomarcas.com\/wp-content\/uploads\/2025\/11\/20241009_plaza_cisterniga.jpg",18,9,false]},"rttpg_author":{"display_name":"admin","author_link":"https:\/\/pueblosycomarcas.com\/en\/author\/webalquimia\/"},"rttpg_comment":0,"rttpg_category":"<a href=\"https:\/\/pueblosycomarcas.com\/en\/category\/otras-comarcas\/\" rel=\"category tag\">Otras Comarcas<\/a> <a href=\"https:\/\/pueblosycomarcas.com\/en\/category\/portada\/\" rel=\"category tag\">Portada<\/a>","rttpg_excerpt":"La Junta impulsa la formalizaci\u00f3n de una nueva Zona B\u00e1sica de Salud en La Cist\u00e9rniga La reestructuraci\u00f3n permitir\u00e1 acercar los servicios sanitarios a los m\u00e1s de 8.900 ciudadanos de una zona en crecimiento Pueblosycomarcas.com;\u00a0@PueblosComarcas La Junta de Castilla y Le\u00f3n ha presentado, en el Consejo Castellano y Leon\u00e9s de Salud, la propuesta de creaci\u00f3n de&hellip;","_links":{"self":[{"href":"https:\/\/pueblosycomarcas.com\/en\/wp-json\/wp\/v2\/posts\/3403","targetHints":{"allow":["GET"]}}],"collection":[{"href":"https:\/\/pueblosycomarcas.com\/en\/wp-json\/wp\/v2\/posts"}],"about":[{"href":"https:\/\/pueblosycomarcas.com\/en\/wp-json\/wp\/v2\/types\/post"}],"author":[{"embeddable":true,"href":"https:\/\/pueblosycomarcas.com\/en\/wp-json\/wp\/v2\/users\/1"}],"replies":[{"embeddable":true,"href":"https:\/\/pueblosycomarcas.com\/en\/wp-json\/wp\/v2\/comments?post=3403"}],"version-history":[{"count":5,"href":"https:\/\/pueblosycomarcas.com\/en\/wp-json\/wp\/v2\/posts\/3403\/revisions"}],"predecessor-version":[{"id":3409,"href":"https:\/\/pueblosycomarcas.com\/en\/wp-json\/wp\/v2\/posts\/3403\/revisions\/3409"}],"wp:featuredmedia":[{"embeddable":true,"href":"https:\/\/pueblosycomarcas.com\/en\/wp-json\/wp\/v2\/media\/3404"}],"wp:attachment":[{"href":"https:\/\/pueblosycomarcas.com\/en\/wp-json\/wp\/v2\/media?parent=3403"}],"wp:term":[{"taxonomy":"category","embeddable":true,"href":"https:\/\/pueblosycomarcas.com\/en\/wp-json\/wp\/v2\/categories?post=3403"},{"taxonomy":"post_tag","embeddable":true,"href":"https:\/\/pueblosycomarcas.com\/en\/wp-json\/wp\/v2\/tags?post=3403"}],"curies":[{"name":"wp","href":"https:\/\/api.w.org\/{rel}","templated":true}]}}