{"id":3383,"date":"2025-11-27T10:25:18","date_gmt":"2025-11-27T09:25:18","guid":{"rendered":"https:\/\/webalquimia.es\/?p=3383"},"modified":"2025-11-27T10:25:19","modified_gmt":"2025-11-27T09:25:19","slug":"villabragima-recuerda-un-ano-mas-la-llegada-de-las-tropas-comuneras-a-la-villa-bajo-el-titulo-la-noche-de-las-antorchas","status":"publish","type":"post","link":"https:\/\/pueblosycomarcas.com\/en\/villabragima-recuerda-un-ano-mas-la-llegada-de-las-tropas-comuneras-a-la-villa-bajo-el-titulo-la-noche-de-las-antorchas\/","title":{"rendered":"Villabr\u00e1gima recuerda un a\u00f1o m\u00e1s la llegada de las tropas comuneras a la villa bajo el t\u00edtulo \u2018La noche de las antorchas\u2019"},"content":{"rendered":"<div data-elementor-type=\"wp-post\" data-elementor-id=\"3383\" class=\"elementor elementor-3383\">\n\t\t\t\t<div class=\"elementor-element elementor-element-3dbf619 e-flex e-con-boxed wpr-particle-no wpr-jarallax-no wpr-parallax-no wpr-sticky-section-no wpr-equal-height-no e-con e-parent\" data-id=\"3dbf619\" data-element_type=\"container\" data-e-type=\"container\">\n\t\t\t\t\t<div class=\"e-con-inner\">\n\t\t\t\t<div class=\"elementor-element elementor-element-c1aa19d elementor-widget elementor-widget-heading\" data-id=\"c1aa19d\" data-element_type=\"widget\" data-e-type=\"widget\" data-widget_type=\"heading.default\">\n\t\t\t\t\t<h2 class=\"elementor-heading-title elementor-size-default\">Villabr\u00e1gima recuerda un a\u00f1o m\u00e1s la llegada de las tropas comuneras a la villa bajo el t\u00edtulo \u2018La noche de las antorchas\u2019 <\/h2>\t\t\t\t<\/div>\n\t\t\t\t<div class=\"elementor-element elementor-element-a98d3ea elementor-widget elementor-widget-text-editor\" data-id=\"a98d3ea\" data-element_type=\"widget\" data-e-type=\"widget\" data-widget_type=\"text-editor.default\">\n\t\t\t\t\t\t\t\t\t<ul><li><h6><em><strong>El pr\u00f3ximo s\u00e1bado, 29 de noviembre, a las 19:30 horas se celebrar\u00e1 la recreaci\u00f3n de este hecho hist\u00f3rico sucedido en 1520 en la localidad<\/strong><\/em><\/h6><\/li><\/ul>\t\t\t\t\t\t\t\t<\/div>\n\t\t\t\t<div class=\"elementor-element elementor-element-d7af457 elementor-widget-divider--view-line elementor-widget elementor-widget-divider\" data-id=\"d7af457\" data-element_type=\"widget\" data-e-type=\"widget\" data-widget_type=\"divider.default\">\n\t\t\t\t\t\t\t<div class=\"elementor-divider\">\n\t\t\t<span class=\"elementor-divider-separator\">\n\t\t\t\t\t\t<\/span>\n\t\t<\/div>\n\t\t\t\t\t\t<\/div>\n\t\t\t\t<div class=\"elementor-element elementor-element-383c3e8 elementor-widget elementor-widget-image\" data-id=\"383c3e8\" data-element_type=\"widget\" data-e-type=\"widget\" data-widget_type=\"image.default\">\n\t\t\t\t\t\t\t\t\t\t\t\t\t\t\t<img fetchpriority=\"high\" decoding=\"async\" width=\"800\" height=\"400\" src=\"https:\/\/pueblosycomarcas.com\/wp-content\/uploads\/2025\/11\/20251127_antorchas_villabragima.jpeg\" class=\"attachment-large size-large wp-image-3384\" alt=\"\" srcset=\"https:\/\/pueblosycomarcas.com\/wp-content\/uploads\/2025\/11\/20251127_antorchas_villabragima.jpeg 800w, https:\/\/pueblosycomarcas.com\/wp-content\/uploads\/2025\/11\/20251127_antorchas_villabragima-300x150.jpeg 300w, https:\/\/pueblosycomarcas.com\/wp-content\/uploads\/2025\/11\/20251127_antorchas_villabragima-768x384.jpeg 768w\" sizes=\"(max-width: 800px) 100vw, 800px\" \/>\t\t\t\t\t\t\t\t\t\t\t\t\t\t\t<\/div>\n\t\t\t\t<div class=\"elementor-element elementor-element-fb4e323 elementor-widget elementor-widget-text-editor\" data-id=\"fb4e323\" data-element_type=\"widget\" data-e-type=\"widget\" data-widget_type=\"text-editor.default\">\n\t\t\t\t\t\t\t\t\t<p><a href=\"https:\/\/www.facebook.com\/Pueblos-y-Comarcas-125437870924169\/?fref=ts\"><strong><em>Pueblosycomarcas.com<\/em><\/strong><\/a><strong><em>;\u00a0<\/em><\/strong><a href=\"https:\/\/twitter.com\/PueblosComarcas\"><strong><em>@PueblosComarcas<\/em><\/strong><\/a><\/p><p>Bajo el t\u00edtulo\u00a0<strong>&#8216;La Noche de las Antorchas&#8217;<\/strong>, el pr\u00f3ximo s\u00e1bado 29 de noviembre, a las 19:30 horas, la localidad vallisoletana de Villabr\u00e1gima volver\u00e1 a recrear la llegada de las tropas comuneras a la Villa en 1520, que entraron para que Adriano y parte del Consejo Real renunciasen a sus cargos y\u00a0<strong>reconocieran como \u00fanica reina a Juana I de Castilla<\/strong>.<\/p><p>Va a ser esta poblaci\u00f3n donde se van a llevar a cabo tres reuniones que marcar\u00e1n una decisi\u00f3n fundamental para lo que posteriormente ocurri\u00f3 con la derrota comunera en Villalar. Una primera reuni\u00f3n es la realizada entre los jefes comuneros y don Diego Ram\u00edrez de Villaescusa, presidente de la Real Chanciller\u00eda de Valladolid. Otra la conversaci\u00f3n que en su palacio de Villabr\u00e1gima, sostiene el almirante de Castilla, su esposa Ana de Cabrera y el conde de Benavente con los capitanes comuneros. La \u00faltima, la pl\u00e1tica conocida como El Razonamiento de Villabr\u00e1gima que, en sus Ep\u00edstolas, Fray Antonio de Guevara manifiesta hizo en los m\u00e1s de siete viajes que realiz\u00f3 durante esos d\u00edas a la localidad terracampina.<\/p><p>Tras un d\u00eda cargado de actividades infantiles, que se desarrollar\u00e1n en el colegio CRA Villas del Sequillo, y talleres realizados en la plaza Mayor del pueblo por la Asociaci\u00f3n Santa Hermandad de Medina del Campo, a las 19:30 horas, en la noche del s\u00e1bado 29 de noviembre, el pueblo de Villabr\u00e1gima recrear\u00e1 este hecho hist\u00f3rico, marchando sus habitantes por las calles de la poblaci\u00f3n para recibir a las tropas comuneras.<\/p><p>Lo har\u00e1n vestidos de \u00e9poca y llevando luces (antorchas y faroles) y objetos ruidosos; dando a entender la manifestaci\u00f3n de un pueblo que espera la luz y recibe a los Comuneros como ej\u00e9rcito y comunidad aseguradora de tiempos nuevos, para una Castilla desolada por un rey que no reina y que tiene cautiva a su propia madre.<\/p><p>La recreaci\u00f3n de este hecho hist\u00f3rico, presentada ayer en la Diputaci\u00f3n de Valladolid, \u00a0comenzar\u00e1 en la plaza Mayor y, tras el tr\u00e1nsito por las calles para el recibimiento de las tropas de las Comunidades de Castilla, se realizar\u00e1n diferentes recreaciones de distintos momentos del levantamiento comunero, recordando principalmente el llamado RAZONAMIENTO DE VILLABR\u00c1GIMA, \u00faltima oportunidad real, seg\u00fan cuentas las cr\u00f3nicas, para que los comuneros e imperiales pudieran llegar a un acuerdo antes de la promulgaci\u00f3n del edicto de Worms y la batalla de Villalar. La recreaci\u00f3n finalizar\u00e1 con el preg\u00f3n realizado en la plaza Mayor de la poblaci\u00f3n por el investigador art\u00edstico y pintor Jes\u00fas Hern\u00e1ndez Cocho.<\/p><p>El Ayuntamiento de Villabr\u00e1gima, organizador de esta recreaci\u00f3n con la cooperaci\u00f3n de la Asociaci\u00f3n Cultural El Razonamiento de Villabr\u00e1gima, agradece la colaboraci\u00f3n de la Diputaci\u00f3n Provincial de Valladolid, el Ayuntamiento de Medina de Rioseco, la Asociaci\u00f3n Cultural Torre del Homenaje y la Asociaci\u00f3n Santa Hermandad de Medina del Campo, al igual que la participaci\u00f3n de todas las Asociaciones y vecinos de Villabr\u00e1gima que, un a\u00f1o m\u00e1s, han realizado un impresionante y magn\u00edfico trabajo, confeccionando decoraci\u00f3n para ambientar las calles y balcones, faroles para ser transportados el d\u00eda del evento, escudos para los caballeros que har\u00e1n de figurantes, as\u00ed como la confecci\u00f3n personal de vestuario de \u00e9poca para la propia recreaci\u00f3n.<\/p>\t\t\t\t\t\t\t\t<\/div>\n\t\t\t\t\t<\/div>\n\t\t\t\t<\/div>\n\t\t\t\t<\/div>","protected":false},"excerpt":{"rendered":"<p>Villabr\u00e1gima recuerda un a\u00f1o m\u00e1s la llegada de las tropas comuneras a la villa bajo el t\u00edtulo \u2018La noche de las antorchas\u2019 El pr\u00f3ximo s\u00e1bado, 29 de noviembre, a las 19:30 horas se celebrar\u00e1 la recreaci\u00f3n de este hecho hist\u00f3rico sucedido en 1520 en la localidad Pueblosycomarcas.com;\u00a0@PueblosComarcas Bajo el t\u00edtulo\u00a0&#8216;La Noche de las Antorchas&#8217;, el pr\u00f3ximo s\u00e1bado 29 de noviembre, a las 19:30 horas, la localidad vallisoletana de Villabr\u00e1gima volver\u00e1 a recrear la llegada de las tropas comuneras a la Villa en 1520, que entraron para que Adriano y parte del Consejo Real renunciasen a sus cargos y\u00a0reconocieran como \u00fanica reina a Juana I de Castilla. Va a ser esta poblaci\u00f3n donde se van a llevar a cabo tres reuniones que marcar\u00e1n una decisi\u00f3n fundamental para lo que posteriormente ocurri\u00f3 con la derrota comunera en Villalar. Una primera reuni\u00f3n es la realizada entre los jefes comuneros y don Diego Ram\u00edrez de Villaescusa, presidente de la Real Chanciller\u00eda de Valladolid. Otra la conversaci\u00f3n que en su palacio de Villabr\u00e1gima, sostiene el almirante de Castilla, su esposa Ana de Cabrera y el conde de Benavente con los capitanes comuneros. La \u00faltima, la pl\u00e1tica conocida como El Razonamiento de Villabr\u00e1gima que, en sus Ep\u00edstolas, Fray Antonio de Guevara manifiesta hizo en los m\u00e1s de siete viajes que realiz\u00f3 durante esos d\u00edas a la localidad terracampina. Tras un d\u00eda cargado de actividades infantiles, que se desarrollar\u00e1n en el colegio CRA Villas del Sequillo, y talleres realizados en la plaza Mayor del pueblo por la Asociaci\u00f3n Santa Hermandad de Medina del Campo, a las 19:30 horas, en la noche del s\u00e1bado 29 de noviembre, el pueblo de Villabr\u00e1gima recrear\u00e1 este hecho hist\u00f3rico, marchando sus habitantes por las calles de la poblaci\u00f3n para recibir a las tropas comuneras. Lo har\u00e1n vestidos de \u00e9poca y llevando luces (antorchas y faroles) y objetos ruidosos; dando a entender la manifestaci\u00f3n de un pueblo que espera la luz y recibe a los Comuneros como ej\u00e9rcito y comunidad aseguradora de tiempos nuevos, para una Castilla desolada por un rey que no reina y que tiene cautiva a su propia madre. La recreaci\u00f3n de este hecho hist\u00f3rico, presentada ayer en la Diputaci\u00f3n de Valladolid, \u00a0comenzar\u00e1 en la plaza Mayor y, tras el tr\u00e1nsito por las calles para el recibimiento de las tropas de las Comunidades de Castilla, se realizar\u00e1n diferentes recreaciones de distintos momentos del levantamiento comunero, recordando principalmente el llamado RAZONAMIENTO DE VILLABR\u00c1GIMA, \u00faltima oportunidad real, seg\u00fan cuentas las cr\u00f3nicas, para que los comuneros e imperiales pudieran llegar a un acuerdo antes de la promulgaci\u00f3n del edicto de Worms y la batalla de Villalar. La recreaci\u00f3n finalizar\u00e1 con el preg\u00f3n realizado en la plaza Mayor de la poblaci\u00f3n por el investigador art\u00edstico y pintor Jes\u00fas Hern\u00e1ndez Cocho. El Ayuntamiento de Villabr\u00e1gima, organizador de esta recreaci\u00f3n con la cooperaci\u00f3n de la Asociaci\u00f3n Cultural El Razonamiento de Villabr\u00e1gima, agradece la colaboraci\u00f3n de la Diputaci\u00f3n Provincial de Valladolid, el Ayuntamiento de Medina de Rioseco, la Asociaci\u00f3n Cultural Torre del Homenaje y la Asociaci\u00f3n Santa Hermandad de Medina del Campo, al igual que la participaci\u00f3n de todas las Asociaciones y vecinos de Villabr\u00e1gima que, un a\u00f1o m\u00e1s, han realizado un impresionante y magn\u00edfico trabajo, confeccionando decoraci\u00f3n para ambientar las calles y balcones, faroles para ser transportados el d\u00eda del evento, escudos para los caballeros que har\u00e1n de figurantes, as\u00ed como la confecci\u00f3n personal de vestuario de \u00e9poca para la propia recreaci\u00f3n.<\/p>","protected":false},"author":1,"featured_media":3384,"comment_status":"open","ping_status":"closed","sticky":false,"template":"","format":"standard","meta":{"site-sidebar-layout":"default","site-content-layout":"","ast-site-content-layout":"default","site-content-style":"default","site-sidebar-style":"default","ast-global-header-display":"","ast-banner-title-visibility":"","ast-main-header-display":"","ast-hfb-above-header-display":"","ast-hfb-below-header-display":"","ast-hfb-mobile-header-display":"","site-post-title":"disabled","ast-breadcrumbs-content":"","ast-featured-img":"","footer-sml-layout":"","theme-transparent-header-meta":"","adv-header-id-meta":"","stick-header-meta":"","header-above-stick-meta":"","header-main-stick-meta":"","header-below-stick-meta":"","astra-migrate-meta-layouts":"default","ast-page-background-enabled":"default","ast-page-background-meta":{"desktop":{"background-color":"var(--ast-global-color-5)","background-image":"","background-repeat":"repeat","background-position":"center center","background-size":"auto","background-attachment":"scroll","background-type":"","background-media":"","overlay-type":"","overlay-color":"","overlay-opacity":"","overlay-gradient":""},"tablet":{"background-color":"","background-image":"","background-repeat":"repeat","background-position":"center center","background-size":"auto","background-attachment":"scroll","background-type":"","background-media":"","overlay-type":"","overlay-color":"","overlay-opacity":"","overlay-gradient":""},"mobile":{"background-color":"","background-image":"","background-repeat":"repeat","background-position":"center center","background-size":"auto","background-attachment":"scroll","background-type":"","background-media":"","overlay-type":"","overlay-color":"","overlay-opacity":"","overlay-gradient":""}},"ast-content-background-meta":{"desktop":{"background-color":"var(--ast-global-color-4)","background-image":"","background-repeat":"repeat","background-position":"center center","background-size":"auto","background-attachment":"scroll","background-type":"","background-media":"","overlay-type":"","overlay-color":"","overlay-opacity":"","overlay-gradient":""},"tablet":{"background-color":"var(--ast-global-color-4)","background-image":"","background-repeat":"repeat","background-position":"center center","background-size":"auto","background-attachment":"scroll","background-type":"","background-media":"","overlay-type":"","overlay-color":"","overlay-opacity":"","overlay-gradient":""},"mobile":{"background-color":"var(--ast-global-color-4)","background-image":"","background-repeat":"repeat","background-position":"center center","background-size":"auto","background-attachment":"scroll","background-type":"","background-media":"","overlay-type":"","overlay-color":"","overlay-opacity":"","overlay-gradient":""}},"ngg_post_thumbnail":0,"footnotes":""},"categories":[14,18,16],"tags":[209,115,97],"class_list":["post-3383","post","type-post","status-publish","format-standard","has-post-thumbnail","hentry","category-cultura-y-tradicion","category-ocio","category-portada","tag-comuneros","tag-provincia","tag-villabragima"],"aioseo_notices":[],"rttpg_featured_image_url":{"full":["https:\/\/pueblosycomarcas.com\/wp-content\/uploads\/2025\/11\/20251127_antorchas_villabragima.jpeg",800,400,false],"landscape":["https:\/\/pueblosycomarcas.com\/wp-content\/uploads\/2025\/11\/20251127_antorchas_villabragima.jpeg",800,400,false],"portraits":["https:\/\/pueblosycomarcas.com\/wp-content\/uploads\/2025\/11\/20251127_antorchas_villabragima.jpeg",800,400,false],"thumbnail":["https:\/\/pueblosycomarcas.com\/wp-content\/uploads\/2025\/11\/20251127_antorchas_villabragima-150x150.jpeg",150,150,true],"medium":["https:\/\/pueblosycomarcas.com\/wp-content\/uploads\/2025\/11\/20251127_antorchas_villabragima-300x150.jpeg",300,150,true],"large":["https:\/\/pueblosycomarcas.com\/wp-content\/uploads\/2025\/11\/20251127_antorchas_villabragima.jpeg",800,400,false],"1536x1536":["https:\/\/pueblosycomarcas.com\/wp-content\/uploads\/2025\/11\/20251127_antorchas_villabragima.jpeg",800,400,false],"2048x2048":["https:\/\/pueblosycomarcas.com\/wp-content\/uploads\/2025\/11\/20251127_antorchas_villabragima.jpeg",800,400,false],"trp-custom-language-flag":["https:\/\/pueblosycomarcas.com\/wp-content\/uploads\/2025\/11\/20251127_antorchas_villabragima.jpeg",18,9,false]},"rttpg_author":{"display_name":"admin","author_link":"https:\/\/pueblosycomarcas.com\/en\/author\/webalquimia\/"},"rttpg_comment":0,"rttpg_category":"<a href=\"https:\/\/pueblosycomarcas.com\/en\/category\/cultura-y-tradicion\/\" rel=\"category tag\">Cultura y Tradici\u00f3n<\/a> <a href=\"https:\/\/pueblosycomarcas.com\/en\/category\/ocio\/\" rel=\"category tag\">Ocio<\/a> <a href=\"https:\/\/pueblosycomarcas.com\/en\/category\/portada\/\" rel=\"category tag\">Portada<\/a>","rttpg_excerpt":"Villabr\u00e1gima recuerda un a\u00f1o m\u00e1s la llegada de las tropas comuneras a la villa bajo el t\u00edtulo \u2018La noche de las antorchas\u2019 El pr\u00f3ximo s\u00e1bado, 29 de noviembre, a las 19:30 horas se celebrar\u00e1 la recreaci\u00f3n de este hecho hist\u00f3rico sucedido en 1520 en la localidad Pueblosycomarcas.com;\u00a0@PueblosComarcas Bajo el t\u00edtulo\u00a0&#8216;La Noche de las Antorchas&#8217;, el&hellip;","_links":{"self":[{"href":"https:\/\/pueblosycomarcas.com\/en\/wp-json\/wp\/v2\/posts\/3383","targetHints":{"allow":["GET"]}}],"collection":[{"href":"https:\/\/pueblosycomarcas.com\/en\/wp-json\/wp\/v2\/posts"}],"about":[{"href":"https:\/\/pueblosycomarcas.com\/en\/wp-json\/wp\/v2\/types\/post"}],"author":[{"embeddable":true,"href":"https:\/\/pueblosycomarcas.com\/en\/wp-json\/wp\/v2\/users\/1"}],"replies":[{"embeddable":true,"href":"https:\/\/pueblosycomarcas.com\/en\/wp-json\/wp\/v2\/comments?post=3383"}],"version-history":[{"count":5,"href":"https:\/\/pueblosycomarcas.com\/en\/wp-json\/wp\/v2\/posts\/3383\/revisions"}],"predecessor-version":[{"id":3389,"href":"https:\/\/pueblosycomarcas.com\/en\/wp-json\/wp\/v2\/posts\/3383\/revisions\/3389"}],"wp:featuredmedia":[{"embeddable":true,"href":"https:\/\/pueblosycomarcas.com\/en\/wp-json\/wp\/v2\/media\/3384"}],"wp:attachment":[{"href":"https:\/\/pueblosycomarcas.com\/en\/wp-json\/wp\/v2\/media?parent=3383"}],"wp:term":[{"taxonomy":"category","embeddable":true,"href":"https:\/\/pueblosycomarcas.com\/en\/wp-json\/wp\/v2\/categories?post=3383"},{"taxonomy":"post_tag","embeddable":true,"href":"https:\/\/pueblosycomarcas.com\/en\/wp-json\/wp\/v2\/tags?post=3383"}],"curies":[{"name":"wp","href":"https:\/\/api.w.org\/{rel}","templated":true}]}}