{"id":3355,"date":"2025-11-27T06:06:00","date_gmt":"2025-11-27T05:06:00","guid":{"rendered":"https:\/\/webalquimia.es\/?p=3355"},"modified":"2025-11-26T11:23:50","modified_gmt":"2025-11-26T10:23:50","slug":"la-zaratan-cup-congregara-a-mas-de-7-500-personas-en-una-edicion-con-32-equipos-de-primer-nivel-de-toda-espana","status":"publish","type":"post","link":"https:\/\/pueblosycomarcas.com\/en\/la-zaratan-cup-congregara-a-mas-de-7-500-personas-en-una-edicion-con-32-equipos-de-primer-nivel-de-toda-espana\/","title":{"rendered":"La Zarat\u00e1n Cup congregar\u00e1 a m\u00e1s de 7.500 personas en una edici\u00f3n con 32 equipos de primer nivel de toda Espa\u00f1a"},"content":{"rendered":"<div data-elementor-type=\"wp-post\" data-elementor-id=\"3355\" class=\"elementor elementor-3355\">\n\t\t\t\t<div class=\"elementor-element elementor-element-1a4541d e-flex e-con-boxed wpr-particle-no wpr-jarallax-no wpr-parallax-no wpr-sticky-section-no wpr-equal-height-no e-con e-parent\" data-id=\"1a4541d\" data-element_type=\"container\" data-e-type=\"container\">\n\t\t\t\t\t<div class=\"e-con-inner\">\n\t\t\t\t<div class=\"elementor-element elementor-element-1a53fdd elementor-widget elementor-widget-heading\" data-id=\"1a53fdd\" data-element_type=\"widget\" data-e-type=\"widget\" data-widget_type=\"heading.default\">\n\t\t\t\t\t<h2 class=\"elementor-heading-title elementor-size-default\">La Zarat\u00e1n Cup congregar\u00e1 a m\u00e1s de 7.500 personas en una edici\u00f3n con 32 equipos de primer nivel de toda Espa\u00f1a<\/h2>\t\t\t\t<\/div>\n\t\t\t\t<div class=\"elementor-element elementor-element-954d8d2 elementor-widget elementor-widget-text-editor\" data-id=\"954d8d2\" data-element_type=\"widget\" data-e-type=\"widget\" data-widget_type=\"text-editor.default\">\n\t\t\t\t\t\t\t\t\t<ul><li><h6><em><strong>La competici\u00f3n tendr\u00e1 lugar los d\u00edas 6 y 7 de diciembre y contar\u00e1 de nuevo con canteras de equipos profesionales destacados tanto locales como de otras comunidades<\/strong><\/em><\/h6><\/li><li><h6><em><strong>El evento volver\u00e1 a tener car\u00e1cter solidario y realizar\u00e1 una rifa donde el 50% de los beneficios ir\u00e1n destinados a la Asociaci\u00f3n Campanilla contra el c\u00e1ncer infantil<\/strong><\/em><\/h6><\/li><\/ul>\t\t\t\t\t\t\t\t<\/div>\n\t\t\t\t<div class=\"elementor-element elementor-element-83f37e1 elementor-widget elementor-widget-image\" data-id=\"83f37e1\" data-element_type=\"widget\" data-e-type=\"widget\" data-widget_type=\"image.default\">\n\t\t\t\t\t\t\t\t\t\t\t\t\t\t\t<img fetchpriority=\"high\" decoding=\"async\" width=\"800\" height=\"400\" src=\"https:\/\/pueblosycomarcas.com\/wp-content\/uploads\/2025\/11\/20251127_zaratan_cup.jpg\" class=\"attachment-large size-large wp-image-3356\" alt=\"\" srcset=\"https:\/\/pueblosycomarcas.com\/wp-content\/uploads\/2025\/11\/20251127_zaratan_cup.jpg 800w, https:\/\/pueblosycomarcas.com\/wp-content\/uploads\/2025\/11\/20251127_zaratan_cup-300x150.jpg 300w, https:\/\/pueblosycomarcas.com\/wp-content\/uploads\/2025\/11\/20251127_zaratan_cup-768x384.jpg 768w\" sizes=\"(max-width: 800px) 100vw, 800px\" \/>\t\t\t\t\t\t\t\t\t\t\t\t\t\t\t<\/div>\n\t\t\t\t<div class=\"elementor-element elementor-element-5cec7e4 elementor-widget elementor-widget-text-editor\" data-id=\"5cec7e4\" data-element_type=\"widget\" data-e-type=\"widget\" data-widget_type=\"text-editor.default\">\n\t\t\t\t\t\t\t\t\t<p><a href=\"https:\/\/www.facebook.com\/Pueblos-y-Comarcas-125437870924169\/?fref=ts\"><em><strong>Pueblosycomarcas.com<\/strong><\/em><\/a><em><strong>;&nbsp;<\/strong><\/em><a href=\"https:\/\/twitter.com\/PueblosComarcas\"><em><strong>@PueblosComarcas<\/strong><\/em><\/a><\/p>\n<p>El Ayuntamiento de Zarat\u00e1n y el C.D. Zarat\u00e1n Sport han presentado este martes la cuarta edici\u00f3n del Torneo Zarat\u00e1n Cup, una cita que congregar\u00e1, los d\u00edas 6 y 7 de diciembre, a m\u00e1s de 7.500 personas en los campos de El Plant\u00edo para celebrar este torneo de f\u00fatbol 7 en categor\u00eda alev\u00edn que cada a\u00f1o convierte el municipio en sede del f\u00fatbol formativo, congregando a 32 equipos de toda la geograf\u00eda espa\u00f1ola. Durante la puesta de largo del evento han estado presentes el alcalde del municipio, Roberto Migall\u00f3n, acompa\u00f1ado por el concejal de Deportes, Jonatan Gallego, y el coordinador del evento, Diego Casado, del C.D. Zarat\u00e1n Sport.<\/p>\n<p>El primer edil de Zarat\u00e1n, Roberto Migall\u00f3n, ha destacado la importancia de este evento como \u201cpromotor de la deportividad y las relaciones entre equipos en el f\u00fatbol formativo\u201d. \u201cCada a\u00f1o este torneo convierte nuestro municipio en punto de encuentro para deportistas de diferentes localidades de nuestro pa\u00eds, y por parte del Ayuntamiento les abrimos las puertas, a ellos y a sus familias, no solo de nuestras instalaciones deportivas, sino de nuestro pueblo y de Valladolid para que descubran a trav\u00e9s del deporte todo lo que tenemos que ofrecer\u201d.<\/p>\n<p>\u201cVolvemos a tener el honor de disfrutar del mejor juego y ambiente con 32 de las mejores canteras de todo el territorio nacional. Queremos agradecer a las instituciones, a los patrocinadores y, sobre todo, al C.D. Zarat\u00e1n Sport por su dedicaci\u00f3n para hacer posible este torneo\u201d afirm\u00f3 Gallego, quien invit\u00f3 \u201ca todos, vecinos y visitantes, para disfrutar de este encuentro, y de paso de nuestro entorno, nuestro municipio y nuestra hosteler\u00eda\u201d.<\/p>\n<p>Por su parte, Casado destac\u00f3 \u201cla calidad\u201d de las canteras con las que se vuelve a contar este a\u00f1o, las cu\u00e1les permitir\u00e1n disfrutar \u201cde un ambiente festivo que va mucho m\u00e1s all\u00e1 de la propia competici\u00f3n\u201d.<\/p>\n<p>Seg\u00fan ha explicado Diego, entre los clubes que participan este a\u00f1o se encuentran algunos como el Real Valladolid, Real Oviedo o el Atl\u00e9tico de Madrid, a los que se suman una docena de equipos de primera regional de Castilla y Le\u00f3n y de otras autonom\u00edas, como el Cacere\u00f1o o el Pabell\u00f3n de Orense, adem\u00e1s de los equipos locales. \u201cEn total por el campo de juego pasar\u00e1n unos 600 participantes entre jugadores y t\u00e9cnicos\u201d, ha puntualizado.<\/p>\n<p>Asimismo, Casado ha avanzado que, de nuevo, el formato de juego ser\u00e1 igual al de anteriores ediciones de tal manera que ocho grupos de cuatro equipos cada uno jugar\u00e1n la fase de grupos, y con esas primeras clasificaciones se pasar\u00e1 a la Liga Oro, donde se enfrentar\u00e1n los dos primeros de cada grupo, y la Liga Plata para terceros y cuartos, \u201cde tal manera que se d\u00e9 a los ni\u00f1os otra oportunidad de volver a jugar\u201d.<\/p>\n<p>De este modo, el s\u00e1bado 6 arrancar\u00e1n los partidos a las 10:00 horas y se prolongar\u00e1n durante toda la tarde tras una comida de hermandad en el polideportivo \u2018Los Chicos\u2019 para jugadores y t\u00e9cnicos. Mientras, el domingo se llevar\u00e1n a cabo las finales, tanto de la fase plata como de la fase oro.<\/p>\n<h4><strong>DEPORTE, CULTURA Y SOLIDARIDAD<\/strong><\/h4>\n<p>La Zarat\u00e1n Cup volver\u00e1 a tener una vez m\u00e1s car\u00e1cter cultural, y por ello contar\u00e1 con la tarjeta para visitar museos y hacer uso del bus tur\u00edstico de Valladolid \u201cgracias a la colaboraci\u00f3n del Ayuntamiento de la capital\u201d, seg\u00fan se ha matizado. Adem\u00e1s, para que la espera entre partidos sea \u201cm\u00e1s amena\u201d, aquellos participantes y familiares que no est\u00e9n en el terreno de juego podr\u00e1n disfrutar de una discomovida el s\u00e1bado a media tarde.<\/p>\n<p>Y, como ya es tradici\u00f3n en este evento deportivo, la solidaridad ir\u00e1 de la mano de cada partido, y durante la celebraci\u00f3n de los encuentros del domingo se realizar\u00e1 una rifa para recaudar fondos en favor de la Asociaci\u00f3n Campanilla contra el c\u00e1ncer infantil, de tal manera que el 50% de la recaudaci\u00f3n ir\u00e1 destinado a este fin.&nbsp;<\/p>\n<h4><strong>SORTEO DE LOS GRUPOS<\/strong><\/h4>\n<p>La puesta de largo del torneo sirvi\u00f3 asimismo para acoger el sorteo de los distintos grupos en los que competir\u00e1n los conjuntos participantes. En este sentido, el Grupo A estar\u00e1 integrado por Getafe C.F., C.D. San Viator, U.D. Toresana y C.D. Zaratan Sport.<br>En el Grupo B participar\u00e1n Real Sociedad, C.D. Don Bosco, C.D. Aranda Riber y C.D. Villa de Simancas.<\/p>\n<p>Por su parte, el Grupo C lo componen Real Oviedo, Betis C.F., C.D. Colegios Diocesanos y Sur Atl\u00e9tico, mientras que el Grupo D est\u00e1 formado por Real Valladolid, Atl\u00e9tico Tordesillas, C.D. Guijuelo y Betis C.F. B.<\/p>\n<p>En el Grupo E competir\u00e1n Athletic Club, C.D. Gimn\u00e1stica Medinense, Palencia C.F. y C.D. San P\u00edo X, y en el Grupo F lo har\u00e1n Atl\u00e9tico de Madrid, C.D. Arces, U.D. Sur y C.D. Zaratan Sport B.<\/p>\n<p>Finalmente, el Grupo G est\u00e1 compuesto por Club Polideportivo Cacere\u00f1o, C.D. San Agust\u00edn, Pabell\u00f3n C.F. y C.D. Zaratan Sport C, mientras que el Grupo H incluye a C.D. Coria, Victoria C.F., C.D. Arenas de Frajanas Astillero y C.D. San Jos\u00e9.<\/p>\t\t\t\t\t\t\t\t<\/div>\n\t\t\t\t\t<\/div>\n\t\t\t\t<\/div>\n\t\t\t\t<\/div>","protected":false},"excerpt":{"rendered":"<p>La Zarat\u00e1n Cup congregar\u00e1 a m\u00e1s de 7.500 personas en una edici\u00f3n con 32 equipos de primer nivel de toda Espa\u00f1a La competici\u00f3n tendr\u00e1 lugar los d\u00edas 6 y 7 de diciembre y contar\u00e1 de nuevo con canteras de equipos profesionales destacados tanto locales como de otras comunidades El evento volver\u00e1 a tener car\u00e1cter solidario y realizar\u00e1 una rifa donde el 50% de los beneficios ir\u00e1n destinados a la Asociaci\u00f3n Campanilla contra el c\u00e1ncer infantil Pueblosycomarcas.com;&nbsp;@PueblosComarcas El Ayuntamiento de Zarat\u00e1n y el C.D. Zarat\u00e1n Sport han presentado este martes la cuarta edici\u00f3n del Torneo Zarat\u00e1n Cup, una cita que congregar\u00e1, los d\u00edas 6 y 7 de diciembre, a m\u00e1s de 7.500 personas en los campos de El Plant\u00edo para celebrar este torneo de f\u00fatbol 7 en categor\u00eda alev\u00edn que cada a\u00f1o convierte el municipio en sede del f\u00fatbol formativo, congregando a 32 equipos de toda la geograf\u00eda espa\u00f1ola. Durante la puesta de largo del evento han estado presentes el alcalde del municipio, Roberto Migall\u00f3n, acompa\u00f1ado por el concejal de Deportes, Jonatan Gallego, y el coordinador del evento, Diego Casado, del C.D. Zarat\u00e1n Sport. El primer edil de Zarat\u00e1n, Roberto Migall\u00f3n, ha destacado la importancia de este evento como \u201cpromotor de la deportividad y las relaciones entre equipos en el f\u00fatbol formativo\u201d. \u201cCada a\u00f1o este torneo convierte nuestro municipio en punto de encuentro para deportistas de diferentes localidades de nuestro pa\u00eds, y por parte del Ayuntamiento les abrimos las puertas, a ellos y a sus familias, no solo de nuestras instalaciones deportivas, sino de nuestro pueblo y de Valladolid para que descubran a trav\u00e9s del deporte todo lo que tenemos que ofrecer\u201d. \u201cVolvemos a tener el honor de disfrutar del mejor juego y ambiente con 32 de las mejores canteras de todo el territorio nacional. Queremos agradecer a las instituciones, a los patrocinadores y, sobre todo, al C.D. Zarat\u00e1n Sport por su dedicaci\u00f3n para hacer posible este torneo\u201d afirm\u00f3 Gallego, quien invit\u00f3 \u201ca todos, vecinos y visitantes, para disfrutar de este encuentro, y de paso de nuestro entorno, nuestro municipio y nuestra hosteler\u00eda\u201d. Por su parte, Casado destac\u00f3 \u201cla calidad\u201d de las canteras con las que se vuelve a contar este a\u00f1o, las cu\u00e1les permitir\u00e1n disfrutar \u201cde un ambiente festivo que va mucho m\u00e1s all\u00e1 de la propia competici\u00f3n\u201d. Seg\u00fan ha explicado Diego, entre los clubes que participan este a\u00f1o se encuentran algunos como el Real Valladolid, Real Oviedo o el Atl\u00e9tico de Madrid, a los que se suman una docena de equipos de primera regional de Castilla y Le\u00f3n y de otras autonom\u00edas, como el Cacere\u00f1o o el Pabell\u00f3n de Orense, adem\u00e1s de los equipos locales. \u201cEn total por el campo de juego pasar\u00e1n unos 600 participantes entre jugadores y t\u00e9cnicos\u201d, ha puntualizado. Asimismo, Casado ha avanzado que, de nuevo, el formato de juego ser\u00e1 igual al de anteriores ediciones de tal manera que ocho grupos de cuatro equipos cada uno jugar\u00e1n la fase de grupos, y con esas primeras clasificaciones se pasar\u00e1 a la Liga Oro, donde se enfrentar\u00e1n los dos primeros de cada grupo, y la Liga Plata para terceros y cuartos, \u201cde tal manera que se d\u00e9 a los ni\u00f1os otra oportunidad de volver a jugar\u201d. De este modo, el s\u00e1bado 6 arrancar\u00e1n los partidos a las 10:00 horas y se prolongar\u00e1n durante toda la tarde tras una comida de hermandad en el polideportivo \u2018Los Chicos\u2019 para jugadores y t\u00e9cnicos. Mientras, el domingo se llevar\u00e1n a cabo las finales, tanto de la fase plata como de la fase oro. DEPORTE, CULTURA Y SOLIDARIDAD La Zarat\u00e1n Cup volver\u00e1 a tener una vez m\u00e1s car\u00e1cter cultural, y por ello contar\u00e1 con la tarjeta para visitar museos y hacer uso del bus tur\u00edstico de Valladolid \u201cgracias a la colaboraci\u00f3n del Ayuntamiento de la capital\u201d, seg\u00fan se ha matizado. Adem\u00e1s, para que la espera entre partidos sea \u201cm\u00e1s amena\u201d, aquellos participantes y familiares que no est\u00e9n en el terreno de juego podr\u00e1n disfrutar de una discomovida el s\u00e1bado a media tarde. Y, como ya es tradici\u00f3n en este evento deportivo, la solidaridad ir\u00e1 de la mano de cada partido, y durante la celebraci\u00f3n de los encuentros del domingo se realizar\u00e1 una rifa para recaudar fondos en favor de la Asociaci\u00f3n Campanilla contra el c\u00e1ncer infantil, de tal manera que el 50% de la recaudaci\u00f3n ir\u00e1 destinado a este fin.&nbsp; SORTEO DE LOS GRUPOS La puesta de largo del torneo sirvi\u00f3 asimismo para acoger el sorteo de los distintos grupos en los que competir\u00e1n los conjuntos participantes. En este sentido, el Grupo A estar\u00e1 integrado por Getafe C.F., C.D. San Viator, U.D. Toresana y C.D. Zaratan Sport.En el Grupo B participar\u00e1n Real Sociedad, C.D. Don Bosco, C.D. Aranda Riber y C.D. Villa de Simancas. Por su parte, el Grupo C lo componen Real Oviedo, Betis C.F., C.D. Colegios Diocesanos y Sur Atl\u00e9tico, mientras que el Grupo D est\u00e1 formado por Real Valladolid, Atl\u00e9tico Tordesillas, C.D. Guijuelo y Betis C.F. B. En el Grupo E competir\u00e1n Athletic Club, C.D. Gimn\u00e1stica Medinense, Palencia C.F. y C.D. San P\u00edo X, y en el Grupo F lo har\u00e1n Atl\u00e9tico de Madrid, C.D. Arces, U.D. Sur y C.D. Zaratan Sport B. Finalmente, el Grupo G est\u00e1 compuesto por Club Polideportivo Cacere\u00f1o, C.D. San Agust\u00edn, Pabell\u00f3n C.F. y C.D. Zaratan Sport C, mientras que el Grupo H incluye a C.D. Coria, Victoria C.F., C.D. Arenas de Frajanas Astillero y C.D. San Jos\u00e9.<\/p>","protected":false},"author":1,"featured_media":3356,"comment_status":"open","ping_status":"closed","sticky":false,"template":"","format":"standard","meta":{"site-sidebar-layout":"default","site-content-layout":"","ast-site-content-layout":"default","site-content-style":"default","site-sidebar-style":"default","ast-global-header-display":"","ast-banner-title-visibility":"","ast-main-header-display":"","ast-hfb-above-header-display":"","ast-hfb-below-header-display":"","ast-hfb-mobile-header-display":"","site-post-title":"disabled","ast-breadcrumbs-content":"","ast-featured-img":"","footer-sml-layout":"","theme-transparent-header-meta":"","adv-header-id-meta":"","stick-header-meta":"","header-above-stick-meta":"","header-main-stick-meta":"","header-below-stick-meta":"","astra-migrate-meta-layouts":"default","ast-page-background-enabled":"default","ast-page-background-meta":{"desktop":{"background-color":"var(--ast-global-color-5)","background-image":"","background-repeat":"repeat","background-position":"center center","background-size":"auto","background-attachment":"scroll","background-type":"","background-media":"","overlay-type":"","overlay-color":"","overlay-opacity":"","overlay-gradient":""},"tablet":{"background-color":"","background-image":"","background-repeat":"repeat","background-position":"center center","background-size":"auto","background-attachment":"scroll","background-type":"","background-media":"","overlay-type":"","overlay-color":"","overlay-opacity":"","overlay-gradient":""},"mobile":{"background-color":"","background-image":"","background-repeat":"repeat","background-position":"center center","background-size":"auto","background-attachment":"scroll","background-type":"","background-media":"","overlay-type":"","overlay-color":"","overlay-opacity":"","overlay-gradient":""}},"ast-content-background-meta":{"desktop":{"background-color":"var(--ast-global-color-4)","background-image":"","background-repeat":"repeat","background-position":"center center","background-size":"auto","background-attachment":"scroll","background-type":"","background-media":"","overlay-type":"","overlay-color":"","overlay-opacity":"","overlay-gradient":""},"tablet":{"background-color":"var(--ast-global-color-4)","background-image":"","background-repeat":"repeat","background-position":"center center","background-size":"auto","background-attachment":"scroll","background-type":"","background-media":"","overlay-type":"","overlay-color":"","overlay-opacity":"","overlay-gradient":""},"mobile":{"background-color":"var(--ast-global-color-4)","background-image":"","background-repeat":"repeat","background-position":"center center","background-size":"auto","background-attachment":"scroll","background-type":"","background-media":"","overlay-type":"","overlay-color":"","overlay-opacity":"","overlay-gradient":""}},"ngg_post_thumbnail":0,"footnotes":""},"categories":[11,16],"tags":[107,115,105,208],"class_list":["post-3355","post","type-post","status-publish","format-standard","has-post-thumbnail","hentry","category-deportes-y-ocio","category-portada","tag-ayuntamiento-de-zaratan","tag-provincia","tag-zaratan","tag-zaratan-cup"],"aioseo_notices":[],"rttpg_featured_image_url":{"full":["https:\/\/pueblosycomarcas.com\/wp-content\/uploads\/2025\/11\/20251127_zaratan_cup.jpg",800,400,false],"landscape":["https:\/\/pueblosycomarcas.com\/wp-content\/uploads\/2025\/11\/20251127_zaratan_cup.jpg",800,400,false],"portraits":["https:\/\/pueblosycomarcas.com\/wp-content\/uploads\/2025\/11\/20251127_zaratan_cup.jpg",800,400,false],"thumbnail":["https:\/\/pueblosycomarcas.com\/wp-content\/uploads\/2025\/11\/20251127_zaratan_cup-150x150.jpg",150,150,true],"medium":["https:\/\/pueblosycomarcas.com\/wp-content\/uploads\/2025\/11\/20251127_zaratan_cup-300x150.jpg",300,150,true],"large":["https:\/\/pueblosycomarcas.com\/wp-content\/uploads\/2025\/11\/20251127_zaratan_cup.jpg",800,400,false],"1536x1536":["https:\/\/pueblosycomarcas.com\/wp-content\/uploads\/2025\/11\/20251127_zaratan_cup.jpg",800,400,false],"2048x2048":["https:\/\/pueblosycomarcas.com\/wp-content\/uploads\/2025\/11\/20251127_zaratan_cup.jpg",800,400,false],"trp-custom-language-flag":["https:\/\/pueblosycomarcas.com\/wp-content\/uploads\/2025\/11\/20251127_zaratan_cup.jpg",18,9,false]},"rttpg_author":{"display_name":"admin","author_link":"https:\/\/pueblosycomarcas.com\/en\/author\/webalquimia\/"},"rttpg_comment":0,"rttpg_category":"<a href=\"https:\/\/pueblosycomarcas.com\/en\/category\/deportes-y-ocio\/\" rel=\"category tag\">Deporte y Ocio<\/a> <a href=\"https:\/\/pueblosycomarcas.com\/en\/category\/portada\/\" rel=\"category tag\">Portada<\/a>","rttpg_excerpt":"La Zarat\u00e1n Cup congregar\u00e1 a m\u00e1s de 7.500 personas en una edici\u00f3n con 32 equipos de primer nivel de toda Espa\u00f1a La competici\u00f3n tendr\u00e1 lugar los d\u00edas 6 y 7 de diciembre y contar\u00e1 de nuevo con canteras de equipos profesionales destacados tanto locales como de otras comunidades El evento volver\u00e1 a tener car\u00e1cter solidario&hellip;","_links":{"self":[{"href":"https:\/\/pueblosycomarcas.com\/en\/wp-json\/wp\/v2\/posts\/3355","targetHints":{"allow":["GET"]}}],"collection":[{"href":"https:\/\/pueblosycomarcas.com\/en\/wp-json\/wp\/v2\/posts"}],"about":[{"href":"https:\/\/pueblosycomarcas.com\/en\/wp-json\/wp\/v2\/types\/post"}],"author":[{"embeddable":true,"href":"https:\/\/pueblosycomarcas.com\/en\/wp-json\/wp\/v2\/users\/1"}],"replies":[{"embeddable":true,"href":"https:\/\/pueblosycomarcas.com\/en\/wp-json\/wp\/v2\/comments?post=3355"}],"version-history":[{"count":5,"href":"https:\/\/pueblosycomarcas.com\/en\/wp-json\/wp\/v2\/posts\/3355\/revisions"}],"predecessor-version":[{"id":3361,"href":"https:\/\/pueblosycomarcas.com\/en\/wp-json\/wp\/v2\/posts\/3355\/revisions\/3361"}],"wp:featuredmedia":[{"embeddable":true,"href":"https:\/\/pueblosycomarcas.com\/en\/wp-json\/wp\/v2\/media\/3356"}],"wp:attachment":[{"href":"https:\/\/pueblosycomarcas.com\/en\/wp-json\/wp\/v2\/media?parent=3355"}],"wp:term":[{"taxonomy":"category","embeddable":true,"href":"https:\/\/pueblosycomarcas.com\/en\/wp-json\/wp\/v2\/categories?post=3355"},{"taxonomy":"post_tag","embeddable":true,"href":"https:\/\/pueblosycomarcas.com\/en\/wp-json\/wp\/v2\/tags?post=3355"}],"curies":[{"name":"wp","href":"https:\/\/api.w.org\/{rel}","templated":true}]}}