{"id":3327,"date":"2025-11-25T21:12:31","date_gmt":"2025-11-25T20:12:31","guid":{"rendered":"https:\/\/webalquimia.es\/?p=3327"},"modified":"2025-11-25T21:15:14","modified_gmt":"2025-11-25T20:15:14","slug":"la-policia-nacional-detiene-a-un-joven-por-homicidio-doloso-en-grado-de-tentativa","status":"publish","type":"post","link":"https:\/\/pueblosycomarcas.com\/en\/la-policia-nacional-detiene-a-un-joven-por-homicidio-doloso-en-grado-de-tentativa\/","title":{"rendered":"La Polic\u00eda Nacional detiene a un joven por homicidio doloso en grado de tentativa"},"content":{"rendered":"<div data-elementor-type=\"wp-post\" data-elementor-id=\"3327\" class=\"elementor elementor-3327\">\n\t\t\t\t<div class=\"elementor-element elementor-element-feda265 e-flex e-con-boxed wpr-particle-no wpr-jarallax-no wpr-parallax-no wpr-sticky-section-no wpr-equal-height-no e-con e-parent\" data-id=\"feda265\" data-element_type=\"container\" data-e-type=\"container\">\n\t\t\t\t\t<div class=\"e-con-inner\">\n\t\t\t\t<div class=\"elementor-element elementor-element-510f068 elementor-widget elementor-widget-heading\" data-id=\"510f068\" data-element_type=\"widget\" data-e-type=\"widget\" data-widget_type=\"heading.default\">\n\t\t\t\t\t<h2 class=\"elementor-heading-title elementor-size-default\">\u00a0La Polic\u00eda Nacional detiene a un joven por homicidio doloso en grado de tentativa<\/h2>\t\t\t\t<\/div>\n\t\t\t\t<div class=\"elementor-element elementor-element-2852a10 elementor-widget elementor-widget-text-editor\" data-id=\"2852a10\" data-element_type=\"widget\" data-e-type=\"widget\" data-widget_type=\"text-editor.default\">\n\t\t\t\t\t\t\t\t\t<ul><li><h6><em><strong>Varias dotaciones policiales acudieron a la calle Pedroches por una pelea con arma blanca entre dos personas<\/strong><\/em><\/h6><\/li><\/ul>\t\t\t\t\t\t\t\t<\/div>\n\t\t\t\t<div class=\"elementor-element elementor-element-22ef86b elementor-widget-divider--view-line elementor-widget elementor-widget-divider\" data-id=\"22ef86b\" data-element_type=\"widget\" data-e-type=\"widget\" data-widget_type=\"divider.default\">\n\t\t\t\t\t\t\t<div class=\"elementor-divider\">\n\t\t\t<span class=\"elementor-divider-separator\">\n\t\t\t\t\t\t<\/span>\n\t\t<\/div>\n\t\t\t\t\t\t<\/div>\n\t\t\t\t<div class=\"elementor-element elementor-element-06b8a21 elementor-widget elementor-widget-image\" data-id=\"06b8a21\" data-element_type=\"widget\" data-e-type=\"widget\" data-widget_type=\"image.default\">\n\t\t\t\t\t\t\t\t\t\t\t\t\t\t\t<img fetchpriority=\"high\" decoding=\"async\" width=\"800\" height=\"400\" src=\"https:\/\/pueblosycomarcas.com\/wp-content\/uploads\/2025\/11\/20251125_coche_policia.jpg\" class=\"attachment-large size-large wp-image-3328\" alt=\"\" srcset=\"https:\/\/pueblosycomarcas.com\/wp-content\/uploads\/2025\/11\/20251125_coche_policia.jpg 800w, https:\/\/pueblosycomarcas.com\/wp-content\/uploads\/2025\/11\/20251125_coche_policia-300x150.jpg 300w, https:\/\/pueblosycomarcas.com\/wp-content\/uploads\/2025\/11\/20251125_coche_policia-768x384.jpg 768w\" sizes=\"(max-width: 800px) 100vw, 800px\" \/>\t\t\t\t\t\t\t\t\t\t\t\t\t\t\t<\/div>\n\t\t\t\t<div class=\"elementor-element elementor-element-b5464ec elementor-widget elementor-widget-text-editor\" data-id=\"b5464ec\" data-element_type=\"widget\" data-e-type=\"widget\" data-widget_type=\"text-editor.default\">\n\t\t\t\t\t\t\t\t\t<p><a href=\"https:\/\/www.facebook.com\/Pueblos-y-Comarcas-125437870924169\/?fref=ts\"><em><strong>Pueblosycomarcas.com<\/strong><\/em><\/a><em><strong>;\u00a0<\/strong><\/em><a href=\"https:\/\/twitter.com\/PueblosComarcas\"><em><strong>@PueblosComarcas<\/strong><\/em><\/a><\/p><p>Agentes de la Polic\u00eda Nacional han detenido en Valladolid el d\u00eda de ayer a un joven como presunto autor de un delito de homicidio doloso en grado de tentativa y otro de amenazas.<\/p><p>Varias dotaciones policiales fueron comisionadas por la sala CIMACC 091 sobre las 17:00 horas a la calle Pedroches de Valladolid, donde al parecer se estaba produciendo entre dos personas una pelea con un arma blanca.<\/p><p>Al lugar se desplazaron r\u00e1pidamente dotaciones que se encontraban en servicio de prevenci\u00f3n de seguridad ciudadana para evitar la comisi\u00f3n de hechos delictivos. A la llegada de los agentes, varios testigos les refirieron la pelea que se hab\u00eda producido entre dos j\u00f3venes, habiendo agredido uno de ellos al otro con una navaja. Los dos implicados se hab\u00edan marchado antes de la llegada de los actuantes.<\/p><p>Una de las dotaciones policiales llam\u00f3 a la puerta del domicilio donde la v\u00edctima se hab\u00eda refugiado seg\u00fan los testigos. Tras llamar insistentemente abri\u00f3 la puerta un var\u00f3n quien dijo ser el padre de la v\u00edctima, y relat\u00f3 a los polic\u00edas como momentos antes hab\u00eda entrado en el domicilio su hijo perseguido por otro joven con el que hab\u00eda tenido una discusi\u00f3n.<\/p><p>Los agentes se entrevistaron con la v\u00edctima, apreciando uno de ellos que presentaba una herida inciso punzante con abundante sangrado en el costado izquierdo. El joven relat\u00f3 a los polic\u00edas que la agresi\u00f3n se hab\u00eda producido por el cobro de una deuda por una compra de marihuana. Una ambulancia medicalizada del 112 traslad\u00f3 a la v\u00edctima al Hospital Cl\u00ednico Universitario donde qued\u00f3 ingresado pendiente de intervenci\u00f3n quir\u00fargica en el quir\u00f3fano, para el tratamiento de sus heridas.<\/p><p>Posteriormente los agentes actantes pudieron determinar, en base a los testimonios recabados, que el presunto agresor se hab\u00eda personado en la vivienda de la v\u00edctima amenazando de muerte a padre e hijo con una navaja para cobrar una deuda. La discusi\u00f3n se hab\u00eda trasladado a la v\u00eda p\u00fablica donde se hab\u00eda producido la agresi\u00f3n con el arma blanca, refugi\u00e1ndose la v\u00edctima posteriormente en su domicilio.<\/p><p>Los Polic\u00edas Nacionales realizaron una batida para localizarlo. Un testigo indic\u00f3 donde se hab\u00eda refugiado el agresor acudiendo los agentes en su b\u00fasqueda. Cuando el presunto agresor sali\u00f3 al encuentro de los polic\u00edas, su sudadera estaba totalmente manchada de lo que parec\u00eda ser sangre y dijo a los agentes que se hab\u00eda peleado con un vecino.<\/p><p>Los agentes procedieron en ese momento a la detenci\u00f3n del joven y a su traslado a dependencias de la Comisar\u00eda Provincial de Polic\u00eda Nacional de Valladolid. Una vez all\u00ed se continu\u00f3 con el tr\u00e1mite de las diligencias policiales siendo imputado el detenido como presunto autor de un delito de homicidio doloso en grado de tentativa y otro de amenazas.<\/p><p>El detenido ha sido puesto a disposici\u00f3n de la autoridad judicial que ha decretado su libertad en la tarde de hoy.<\/p>\t\t\t\t\t\t\t\t<\/div>\n\t\t\t\t\t<\/div>\n\t\t\t\t<\/div>\n\t\t\t\t<\/div>","protected":false},"excerpt":{"rendered":"<p>\u00a0La Polic\u00eda Nacional detiene a un joven por homicidio doloso en grado de tentativa Varias dotaciones policiales acudieron a la calle Pedroches por una pelea con arma blanca entre dos personas Pueblosycomarcas.com;\u00a0@PueblosComarcas Agentes de la Polic\u00eda Nacional han detenido en Valladolid el d\u00eda de ayer a un joven como presunto autor de un delito de homicidio doloso en grado de tentativa y otro de amenazas. Varias dotaciones policiales fueron comisionadas por la sala CIMACC 091 sobre las 17:00 horas a la calle Pedroches de Valladolid, donde al parecer se estaba produciendo entre dos personas una pelea con un arma blanca. Al lugar se desplazaron r\u00e1pidamente dotaciones que se encontraban en servicio de prevenci\u00f3n de seguridad ciudadana para evitar la comisi\u00f3n de hechos delictivos. A la llegada de los agentes, varios testigos les refirieron la pelea que se hab\u00eda producido entre dos j\u00f3venes, habiendo agredido uno de ellos al otro con una navaja. Los dos implicados se hab\u00edan marchado antes de la llegada de los actuantes. Una de las dotaciones policiales llam\u00f3 a la puerta del domicilio donde la v\u00edctima se hab\u00eda refugiado seg\u00fan los testigos. Tras llamar insistentemente abri\u00f3 la puerta un var\u00f3n quien dijo ser el padre de la v\u00edctima, y relat\u00f3 a los polic\u00edas como momentos antes hab\u00eda entrado en el domicilio su hijo perseguido por otro joven con el que hab\u00eda tenido una discusi\u00f3n. Los agentes se entrevistaron con la v\u00edctima, apreciando uno de ellos que presentaba una herida inciso punzante con abundante sangrado en el costado izquierdo. El joven relat\u00f3 a los polic\u00edas que la agresi\u00f3n se hab\u00eda producido por el cobro de una deuda por una compra de marihuana. Una ambulancia medicalizada del 112 traslad\u00f3 a la v\u00edctima al Hospital Cl\u00ednico Universitario donde qued\u00f3 ingresado pendiente de intervenci\u00f3n quir\u00fargica en el quir\u00f3fano, para el tratamiento de sus heridas. Posteriormente los agentes actantes pudieron determinar, en base a los testimonios recabados, que el presunto agresor se hab\u00eda personado en la vivienda de la v\u00edctima amenazando de muerte a padre e hijo con una navaja para cobrar una deuda. La discusi\u00f3n se hab\u00eda trasladado a la v\u00eda p\u00fablica donde se hab\u00eda producido la agresi\u00f3n con el arma blanca, refugi\u00e1ndose la v\u00edctima posteriormente en su domicilio. Los Polic\u00edas Nacionales realizaron una batida para localizarlo. Un testigo indic\u00f3 donde se hab\u00eda refugiado el agresor acudiendo los agentes en su b\u00fasqueda. Cuando el presunto agresor sali\u00f3 al encuentro de los polic\u00edas, su sudadera estaba totalmente manchada de lo que parec\u00eda ser sangre y dijo a los agentes que se hab\u00eda peleado con un vecino. Los agentes procedieron en ese momento a la detenci\u00f3n del joven y a su traslado a dependencias de la Comisar\u00eda Provincial de Polic\u00eda Nacional de Valladolid. Una vez all\u00ed se continu\u00f3 con el tr\u00e1mite de las diligencias policiales siendo imputado el detenido como presunto autor de un delito de homicidio doloso en grado de tentativa y otro de amenazas. El detenido ha sido puesto a disposici\u00f3n de la autoridad judicial que ha decretado su libertad en la tarde de hoy.<\/p>","protected":false},"author":1,"featured_media":3328,"comment_status":"open","ping_status":"closed","sticky":false,"template":"","format":"standard","meta":{"site-sidebar-layout":"default","site-content-layout":"","ast-site-content-layout":"default","site-content-style":"default","site-sidebar-style":"default","ast-global-header-display":"","ast-banner-title-visibility":"","ast-main-header-display":"","ast-hfb-above-header-display":"","ast-hfb-below-header-display":"","ast-hfb-mobile-header-display":"","site-post-title":"disabled","ast-breadcrumbs-content":"","ast-featured-img":"","footer-sml-layout":"","theme-transparent-header-meta":"","adv-header-id-meta":"","stick-header-meta":"","header-above-stick-meta":"","header-main-stick-meta":"","header-below-stick-meta":"","astra-migrate-meta-layouts":"default","ast-page-background-enabled":"default","ast-page-background-meta":{"desktop":{"background-color":"var(--ast-global-color-5)","background-image":"","background-repeat":"repeat","background-position":"center center","background-size":"auto","background-attachment":"scroll","background-type":"","background-media":"","overlay-type":"","overlay-color":"","overlay-opacity":"","overlay-gradient":""},"tablet":{"background-color":"","background-image":"","background-repeat":"repeat","background-position":"center center","background-size":"auto","background-attachment":"scroll","background-type":"","background-media":"","overlay-type":"","overlay-color":"","overlay-opacity":"","overlay-gradient":""},"mobile":{"background-color":"","background-image":"","background-repeat":"repeat","background-position":"center center","background-size":"auto","background-attachment":"scroll","background-type":"","background-media":"","overlay-type":"","overlay-color":"","overlay-opacity":"","overlay-gradient":""}},"ast-content-background-meta":{"desktop":{"background-color":"var(--ast-global-color-4)","background-image":"","background-repeat":"repeat","background-position":"center center","background-size":"auto","background-attachment":"scroll","background-type":"","background-media":"","overlay-type":"","overlay-color":"","overlay-opacity":"","overlay-gradient":""},"tablet":{"background-color":"var(--ast-global-color-4)","background-image":"","background-repeat":"repeat","background-position":"center center","background-size":"auto","background-attachment":"scroll","background-type":"","background-media":"","overlay-type":"","overlay-color":"","overlay-opacity":"","overlay-gradient":""},"mobile":{"background-color":"var(--ast-global-color-4)","background-image":"","background-repeat":"repeat","background-position":"center center","background-size":"auto","background-attachment":"scroll","background-type":"","background-media":"","overlay-type":"","overlay-color":"","overlay-opacity":"","overlay-gradient":""}},"ngg_post_thumbnail":0,"footnotes":""},"categories":[10,16],"tags":[23,21,22],"class_list":["post-3327","post","type-post","status-publish","format-standard","has-post-thumbnail","hentry","category-otras-comarcas","category-portada","tag-policia","tag-sucesos","tag-valladolid"],"aioseo_notices":[],"rttpg_featured_image_url":{"full":["https:\/\/pueblosycomarcas.com\/wp-content\/uploads\/2025\/11\/20251125_coche_policia.jpg",800,400,false],"landscape":["https:\/\/pueblosycomarcas.com\/wp-content\/uploads\/2025\/11\/20251125_coche_policia.jpg",800,400,false],"portraits":["https:\/\/pueblosycomarcas.com\/wp-content\/uploads\/2025\/11\/20251125_coche_policia.jpg",800,400,false],"thumbnail":["https:\/\/pueblosycomarcas.com\/wp-content\/uploads\/2025\/11\/20251125_coche_policia-150x150.jpg",150,150,true],"medium":["https:\/\/pueblosycomarcas.com\/wp-content\/uploads\/2025\/11\/20251125_coche_policia-300x150.jpg",300,150,true],"large":["https:\/\/pueblosycomarcas.com\/wp-content\/uploads\/2025\/11\/20251125_coche_policia.jpg",800,400,false],"1536x1536":["https:\/\/pueblosycomarcas.com\/wp-content\/uploads\/2025\/11\/20251125_coche_policia.jpg",800,400,false],"2048x2048":["https:\/\/pueblosycomarcas.com\/wp-content\/uploads\/2025\/11\/20251125_coche_policia.jpg",800,400,false],"trp-custom-language-flag":["https:\/\/pueblosycomarcas.com\/wp-content\/uploads\/2025\/11\/20251125_coche_policia.jpg",18,9,false]},"rttpg_author":{"display_name":"admin","author_link":"https:\/\/pueblosycomarcas.com\/en\/author\/webalquimia\/"},"rttpg_comment":0,"rttpg_category":"<a href=\"https:\/\/pueblosycomarcas.com\/en\/category\/otras-comarcas\/\" rel=\"category tag\">Otras Comarcas<\/a> <a href=\"https:\/\/pueblosycomarcas.com\/en\/category\/portada\/\" rel=\"category tag\">Portada<\/a>","rttpg_excerpt":"\u00a0La Polic\u00eda Nacional detiene a un joven por homicidio doloso en grado de tentativa Varias dotaciones policiales acudieron a la calle Pedroches por una pelea con arma blanca entre dos personas Pueblosycomarcas.com;\u00a0@PueblosComarcas Agentes de la Polic\u00eda Nacional han detenido en Valladolid el d\u00eda de ayer a un joven como presunto autor de un delito de&hellip;","_links":{"self":[{"href":"https:\/\/pueblosycomarcas.com\/en\/wp-json\/wp\/v2\/posts\/3327","targetHints":{"allow":["GET"]}}],"collection":[{"href":"https:\/\/pueblosycomarcas.com\/en\/wp-json\/wp\/v2\/posts"}],"about":[{"href":"https:\/\/pueblosycomarcas.com\/en\/wp-json\/wp\/v2\/types\/post"}],"author":[{"embeddable":true,"href":"https:\/\/pueblosycomarcas.com\/en\/wp-json\/wp\/v2\/users\/1"}],"replies":[{"embeddable":true,"href":"https:\/\/pueblosycomarcas.com\/en\/wp-json\/wp\/v2\/comments?post=3327"}],"version-history":[{"count":5,"href":"https:\/\/pueblosycomarcas.com\/en\/wp-json\/wp\/v2\/posts\/3327\/revisions"}],"predecessor-version":[{"id":3333,"href":"https:\/\/pueblosycomarcas.com\/en\/wp-json\/wp\/v2\/posts\/3327\/revisions\/3333"}],"wp:featuredmedia":[{"embeddable":true,"href":"https:\/\/pueblosycomarcas.com\/en\/wp-json\/wp\/v2\/media\/3328"}],"wp:attachment":[{"href":"https:\/\/pueblosycomarcas.com\/en\/wp-json\/wp\/v2\/media?parent=3327"}],"wp:term":[{"taxonomy":"category","embeddable":true,"href":"https:\/\/pueblosycomarcas.com\/en\/wp-json\/wp\/v2\/categories?post=3327"},{"taxonomy":"post_tag","embeddable":true,"href":"https:\/\/pueblosycomarcas.com\/en\/wp-json\/wp\/v2\/tags?post=3327"}],"curies":[{"name":"wp","href":"https:\/\/api.w.org\/{rel}","templated":true}]}}