{"id":3319,"date":"2025-11-26T06:10:00","date_gmt":"2025-11-26T05:10:00","guid":{"rendered":"https:\/\/webalquimia.es\/?p=3319"},"modified":"2025-11-25T18:43:51","modified_gmt":"2025-11-25T17:43:51","slug":"zaratan-aprueba-el-presupuesto-2026-con-un-importe-de-mas-de-7-600-000-euros","status":"publish","type":"post","link":"https:\/\/pueblosycomarcas.com\/en\/zaratan-aprueba-el-presupuesto-2026-con-un-importe-de-mas-de-7-600-000-euros\/","title":{"rendered":"Zarat\u00e1n aprueba el Presupuesto 2026 con un importe de m\u00e1s de 7.600.000 euros"},"content":{"rendered":"<div data-elementor-type=\"wp-post\" data-elementor-id=\"3319\" class=\"elementor elementor-3319\">\n\t\t\t\t<div class=\"elementor-element elementor-element-7b93e5a e-flex e-con-boxed wpr-particle-no wpr-jarallax-no wpr-parallax-no wpr-sticky-section-no wpr-equal-height-no e-con e-parent\" data-id=\"7b93e5a\" data-element_type=\"container\" data-e-type=\"container\">\n\t\t\t\t\t<div class=\"e-con-inner\">\n\t\t\t\t<div class=\"elementor-element elementor-element-6eb1340 elementor-widget elementor-widget-heading\" data-id=\"6eb1340\" data-element_type=\"widget\" data-e-type=\"widget\" data-widget_type=\"heading.default\">\n\t\t\t\t\t<h2 class=\"elementor-heading-title elementor-size-default\">Zarat\u00e1n aprueba el Presupuesto 2026 con un importe de m\u00e1s de 7.600.000 euros<\/h2>\t\t\t\t<\/div>\n\t\t\t\t<div class=\"elementor-element elementor-element-58c1a09 elementor-widget elementor-widget-text-editor\" data-id=\"58c1a09\" data-element_type=\"widget\" data-e-type=\"widget\" data-widget_type=\"text-editor.default\">\n\t\t\t\t\t\t\t\t\t<ul><li><h6><em><strong>El Pleno del Ayuntamiento aprob\u00f3 este martes las Cuentas con una partida para inversiones que asciende hasta los 1.223.450,52 euros<\/strong><\/em><\/h6><\/li><\/ul>\t\t\t\t\t\t\t\t<\/div>\n\t\t\t\t<div class=\"elementor-element elementor-element-681698b elementor-widget-divider--view-line elementor-widget elementor-widget-divider\" data-id=\"681698b\" data-element_type=\"widget\" data-e-type=\"widget\" data-widget_type=\"divider.default\">\n\t\t\t\t\t\t\t<div class=\"elementor-divider\">\n\t\t\t<span class=\"elementor-divider-separator\">\n\t\t\t\t\t\t<\/span>\n\t\t<\/div>\n\t\t\t\t\t\t<\/div>\n\t\t\t\t<div class=\"elementor-element elementor-element-1ed20a5 elementor-widget elementor-widget-image\" data-id=\"1ed20a5\" data-element_type=\"widget\" data-e-type=\"widget\" data-widget_type=\"image.default\">\n\t\t\t\t\t\t\t\t\t\t\t\t\t\t\t<img fetchpriority=\"high\" decoding=\"async\" width=\"800\" height=\"400\" src=\"https:\/\/pueblosycomarcas.com\/wp-content\/uploads\/2025\/11\/20251126_pleno_zaratan.jpg\" class=\"attachment-large size-large wp-image-3320\" alt=\"\" srcset=\"https:\/\/pueblosycomarcas.com\/wp-content\/uploads\/2025\/11\/20251126_pleno_zaratan.jpg 800w, https:\/\/pueblosycomarcas.com\/wp-content\/uploads\/2025\/11\/20251126_pleno_zaratan-300x150.jpg 300w, https:\/\/pueblosycomarcas.com\/wp-content\/uploads\/2025\/11\/20251126_pleno_zaratan-768x384.jpg 768w\" sizes=\"(max-width: 800px) 100vw, 800px\" \/>\t\t\t\t\t\t\t\t\t\t\t\t\t\t\t<\/div>\n\t\t\t\t<div class=\"elementor-element elementor-element-d81ea37 elementor-widget elementor-widget-text-editor\" data-id=\"d81ea37\" data-element_type=\"widget\" data-e-type=\"widget\" data-widget_type=\"text-editor.default\">\n\t\t\t\t\t\t\t\t\t<p><a href=\"https:\/\/www.facebook.com\/Pueblos-y-Comarcas-125437870924169\/?fref=ts\"><em><strong>Pueblosycomarcas.com<\/strong><\/em><\/a><em><strong>;\u00a0<\/strong><\/em><a href=\"https:\/\/twitter.com\/PueblosComarcas\"><em><strong>@PueblosComarcas<\/strong><\/em><\/a><\/p><p>El Ayuntamiento de Zarat\u00e1n, dentro del pleno municipal correspondiente al mes de noviembre celebrado este martes, ha aprobado los presupuestos municipales para el a\u00f1o 2026; unas Cuentas que el pr\u00f3ximo ejercicio ascienden hasta los 7.604.983,33 euros, lo que supone un incremento del 12% con respecto a 2025, cuando el importe fue de 6.789.457,33 euros. Al igual que el a\u00f1o pasado, este presupuesto cumple con el principio de estabilidad presupuestaria, y tiene el objetivo de seguir mejorando los servicios municipales.<\/p><p>En cuanto a la rama de inversiones, el Consistorio va a destinar un montante total de 1.223.450,52 euros, que en esta ocasi\u00f3n ponen el foco en la mejora de las instalaciones deportivas, el mobiliario urbano y la continuaci\u00f3n de la urbanizaci\u00f3n de calles.<\/p><p>En esta l\u00ednea, destaca el montante de 350.000 euros para las obras de construcci\u00f3n del nuevo front\u00f3n y la colocaci\u00f3n de una bajada que conecte \u201csin peligro\u201d el parque de \u2018El Plant\u00edo\u2019 y las instalaciones deportivas. Asimismo, se van a invertir 205.000 euros en la reforma de los vestuarios de las piscinas municipales, y con la idea de mejorar las infraestructuras municipales, se van a destinar 173.556 euros en la reposici\u00f3n de parques, jardines y zonas verdes, concretamente con la intervenci\u00f3n en los parques del \u2018Jabero\u2019 y \u2018El Plant\u00edo\u2019, adem\u00e1s de realizar una perforaci\u00f3n en el campo de v\u00f3ley playa y la instalaci\u00f3n de una bomba nueva; a lo que se suma una partida de 108.500 euros para la urbanizaci\u00f3n del camino del Prado, calle Carril, calle Ferrocarril y calle Excuevas.<\/p><p>De la misma manera, tambi\u00e9n se ha subrayado la dotaci\u00f3n de 32.000 euros para el mobiliario en el Centro de Mayores, as\u00ed como una partida de 19.000 euros para mejoras en el mobiliario y las infraestructuras de los centros educativos de la localidad, y una aportaci\u00f3n de 16.712,34 euros por parte de la Mancomunidad para la compra de un cami\u00f3n nuevo para la recogida de basuras.<\/p><p>Las cuentas municipales salieron adelante con el voto favorable del grupo municipal popular, con la abstenci\u00f3n del grupo municipal VOX y con el voto en contra del grupo municipal socialista.<\/p>\t\t\t\t\t\t\t\t<\/div>\n\t\t\t\t\t<\/div>\n\t\t\t\t<\/div>\n\t\t\t\t<\/div>","protected":false},"excerpt":{"rendered":"<p>Zarat\u00e1n aprueba el Presupuesto 2026 con un importe de m\u00e1s de 7.600.000 euros El Pleno del Ayuntamiento aprob\u00f3 este martes las Cuentas con una partida para inversiones que asciende hasta los 1.223.450,52 euros Pueblosycomarcas.com;\u00a0@PueblosComarcas El Ayuntamiento de Zarat\u00e1n, dentro del pleno municipal correspondiente al mes de noviembre celebrado este martes, ha aprobado los presupuestos municipales para el a\u00f1o 2026; unas Cuentas que el pr\u00f3ximo ejercicio ascienden hasta los 7.604.983,33 euros, lo que supone un incremento del 12% con respecto a 2025, cuando el importe fue de 6.789.457,33 euros. Al igual que el a\u00f1o pasado, este presupuesto cumple con el principio de estabilidad presupuestaria, y tiene el objetivo de seguir mejorando los servicios municipales. En cuanto a la rama de inversiones, el Consistorio va a destinar un montante total de 1.223.450,52 euros, que en esta ocasi\u00f3n ponen el foco en la mejora de las instalaciones deportivas, el mobiliario urbano y la continuaci\u00f3n de la urbanizaci\u00f3n de calles. En esta l\u00ednea, destaca el montante de 350.000 euros para las obras de construcci\u00f3n del nuevo front\u00f3n y la colocaci\u00f3n de una bajada que conecte \u201csin peligro\u201d el parque de \u2018El Plant\u00edo\u2019 y las instalaciones deportivas. Asimismo, se van a invertir 205.000 euros en la reforma de los vestuarios de las piscinas municipales, y con la idea de mejorar las infraestructuras municipales, se van a destinar 173.556 euros en la reposici\u00f3n de parques, jardines y zonas verdes, concretamente con la intervenci\u00f3n en los parques del \u2018Jabero\u2019 y \u2018El Plant\u00edo\u2019, adem\u00e1s de realizar una perforaci\u00f3n en el campo de v\u00f3ley playa y la instalaci\u00f3n de una bomba nueva; a lo que se suma una partida de 108.500 euros para la urbanizaci\u00f3n del camino del Prado, calle Carril, calle Ferrocarril y calle Excuevas. De la misma manera, tambi\u00e9n se ha subrayado la dotaci\u00f3n de 32.000 euros para el mobiliario en el Centro de Mayores, as\u00ed como una partida de 19.000 euros para mejoras en el mobiliario y las infraestructuras de los centros educativos de la localidad, y una aportaci\u00f3n de 16.712,34 euros por parte de la Mancomunidad para la compra de un cami\u00f3n nuevo para la recogida de basuras. Las cuentas municipales salieron adelante con el voto favorable del grupo municipal popular, con la abstenci\u00f3n del grupo municipal VOX y con el voto en contra del grupo municipal socialista.<\/p>","protected":false},"author":1,"featured_media":3320,"comment_status":"open","ping_status":"closed","sticky":false,"template":"","format":"standard","meta":{"site-sidebar-layout":"default","site-content-layout":"","ast-site-content-layout":"default","site-content-style":"default","site-sidebar-style":"default","ast-global-header-display":"","ast-banner-title-visibility":"","ast-main-header-display":"","ast-hfb-above-header-display":"","ast-hfb-below-header-display":"","ast-hfb-mobile-header-display":"","site-post-title":"disabled","ast-breadcrumbs-content":"","ast-featured-img":"","footer-sml-layout":"","theme-transparent-header-meta":"","adv-header-id-meta":"","stick-header-meta":"","header-above-stick-meta":"","header-main-stick-meta":"","header-below-stick-meta":"","astra-migrate-meta-layouts":"default","ast-page-background-enabled":"default","ast-page-background-meta":{"desktop":{"background-color":"var(--ast-global-color-5)","background-image":"","background-repeat":"repeat","background-position":"center center","background-size":"auto","background-attachment":"scroll","background-type":"","background-media":"","overlay-type":"","overlay-color":"","overlay-opacity":"","overlay-gradient":""},"tablet":{"background-color":"","background-image":"","background-repeat":"repeat","background-position":"center center","background-size":"auto","background-attachment":"scroll","background-type":"","background-media":"","overlay-type":"","overlay-color":"","overlay-opacity":"","overlay-gradient":""},"mobile":{"background-color":"","background-image":"","background-repeat":"repeat","background-position":"center center","background-size":"auto","background-attachment":"scroll","background-type":"","background-media":"","overlay-type":"","overlay-color":"","overlay-opacity":"","overlay-gradient":""}},"ast-content-background-meta":{"desktop":{"background-color":"var(--ast-global-color-4)","background-image":"","background-repeat":"repeat","background-position":"center center","background-size":"auto","background-attachment":"scroll","background-type":"","background-media":"","overlay-type":"","overlay-color":"","overlay-opacity":"","overlay-gradient":""},"tablet":{"background-color":"var(--ast-global-color-4)","background-image":"","background-repeat":"repeat","background-position":"center center","background-size":"auto","background-attachment":"scroll","background-type":"","background-media":"","overlay-type":"","overlay-color":"","overlay-opacity":"","overlay-gradient":""},"mobile":{"background-color":"var(--ast-global-color-4)","background-image":"","background-repeat":"repeat","background-position":"center center","background-size":"auto","background-attachment":"scroll","background-type":"","background-media":"","overlay-type":"","overlay-color":"","overlay-opacity":"","overlay-gradient":""}},"ngg_post_thumbnail":0,"footnotes":""},"categories":[10,16],"tags":[],"class_list":["post-3319","post","type-post","status-publish","format-standard","has-post-thumbnail","hentry","category-otras-comarcas","category-portada"],"aioseo_notices":[],"rttpg_featured_image_url":{"full":["https:\/\/pueblosycomarcas.com\/wp-content\/uploads\/2025\/11\/20251126_pleno_zaratan.jpg",800,400,false],"landscape":["https:\/\/pueblosycomarcas.com\/wp-content\/uploads\/2025\/11\/20251126_pleno_zaratan.jpg",800,400,false],"portraits":["https:\/\/pueblosycomarcas.com\/wp-content\/uploads\/2025\/11\/20251126_pleno_zaratan.jpg",800,400,false],"thumbnail":["https:\/\/pueblosycomarcas.com\/wp-content\/uploads\/2025\/11\/20251126_pleno_zaratan-150x150.jpg",150,150,true],"medium":["https:\/\/pueblosycomarcas.com\/wp-content\/uploads\/2025\/11\/20251126_pleno_zaratan-300x150.jpg",300,150,true],"large":["https:\/\/pueblosycomarcas.com\/wp-content\/uploads\/2025\/11\/20251126_pleno_zaratan.jpg",800,400,false],"1536x1536":["https:\/\/pueblosycomarcas.com\/wp-content\/uploads\/2025\/11\/20251126_pleno_zaratan.jpg",800,400,false],"2048x2048":["https:\/\/pueblosycomarcas.com\/wp-content\/uploads\/2025\/11\/20251126_pleno_zaratan.jpg",800,400,false],"trp-custom-language-flag":["https:\/\/pueblosycomarcas.com\/wp-content\/uploads\/2025\/11\/20251126_pleno_zaratan.jpg",18,9,false]},"rttpg_author":{"display_name":"admin","author_link":"https:\/\/pueblosycomarcas.com\/en\/author\/webalquimia\/"},"rttpg_comment":0,"rttpg_category":"<a href=\"https:\/\/pueblosycomarcas.com\/en\/category\/otras-comarcas\/\" rel=\"category tag\">Otras Comarcas<\/a> <a href=\"https:\/\/pueblosycomarcas.com\/en\/category\/portada\/\" rel=\"category tag\">Portada<\/a>","rttpg_excerpt":"Zarat\u00e1n aprueba el Presupuesto 2026 con un importe de m\u00e1s de 7.600.000 euros El Pleno del Ayuntamiento aprob\u00f3 este martes las Cuentas con una partida para inversiones que asciende hasta los 1.223.450,52 euros Pueblosycomarcas.com;\u00a0@PueblosComarcas El Ayuntamiento de Zarat\u00e1n, dentro del pleno municipal correspondiente al mes de noviembre celebrado este martes, ha aprobado los presupuestos municipales&hellip;","_links":{"self":[{"href":"https:\/\/pueblosycomarcas.com\/en\/wp-json\/wp\/v2\/posts\/3319","targetHints":{"allow":["GET"]}}],"collection":[{"href":"https:\/\/pueblosycomarcas.com\/en\/wp-json\/wp\/v2\/posts"}],"about":[{"href":"https:\/\/pueblosycomarcas.com\/en\/wp-json\/wp\/v2\/types\/post"}],"author":[{"embeddable":true,"href":"https:\/\/pueblosycomarcas.com\/en\/wp-json\/wp\/v2\/users\/1"}],"replies":[{"embeddable":true,"href":"https:\/\/pueblosycomarcas.com\/en\/wp-json\/wp\/v2\/comments?post=3319"}],"version-history":[{"count":5,"href":"https:\/\/pueblosycomarcas.com\/en\/wp-json\/wp\/v2\/posts\/3319\/revisions"}],"predecessor-version":[{"id":3326,"href":"https:\/\/pueblosycomarcas.com\/en\/wp-json\/wp\/v2\/posts\/3319\/revisions\/3326"}],"wp:featuredmedia":[{"embeddable":true,"href":"https:\/\/pueblosycomarcas.com\/en\/wp-json\/wp\/v2\/media\/3320"}],"wp:attachment":[{"href":"https:\/\/pueblosycomarcas.com\/en\/wp-json\/wp\/v2\/media?parent=3319"}],"wp:term":[{"taxonomy":"category","embeddable":true,"href":"https:\/\/pueblosycomarcas.com\/en\/wp-json\/wp\/v2\/categories?post=3319"},{"taxonomy":"post_tag","embeddable":true,"href":"https:\/\/pueblosycomarcas.com\/en\/wp-json\/wp\/v2\/tags?post=3319"}],"curies":[{"name":"wp","href":"https:\/\/api.w.org\/{rel}","templated":true}]}}