{"id":3312,"date":"2025-11-27T06:00:00","date_gmt":"2025-11-27T05:00:00","guid":{"rendered":"https:\/\/webalquimia.es\/?p=3312"},"modified":"2025-11-25T18:32:47","modified_gmt":"2025-11-25T17:32:47","slug":"efemerides-del-27-de-noviembre","status":"publish","type":"post","link":"https:\/\/pueblosycomarcas.com\/en\/efemerides-del-27-de-noviembre\/","title":{"rendered":"Efem\u00e9rides del 27 de noviembre"},"content":{"rendered":"<div data-elementor-type=\"wp-post\" data-elementor-id=\"3312\" class=\"elementor elementor-3312\">\n\t\t\t\t<div class=\"elementor-element elementor-element-f3cbe28 e-flex e-con-boxed wpr-particle-no wpr-jarallax-no wpr-parallax-no wpr-sticky-section-no wpr-equal-height-no e-con e-parent\" data-id=\"f3cbe28\" data-element_type=\"container\" data-e-type=\"container\">\n\t\t\t\t\t<div class=\"e-con-inner\">\n\t\t\t\t<div class=\"elementor-element elementor-element-7624508 elementor-widget elementor-widget-heading\" data-id=\"7624508\" data-element_type=\"widget\" data-e-type=\"widget\" data-widget_type=\"heading.default\">\n\t\t\t\t\t<h2 class=\"elementor-heading-title elementor-size-default\">Efem\u00e9rides del 27 de noviembre<\/h2>\t\t\t\t<\/div>\n\t\t\t\t<div class=\"elementor-element elementor-element-8af0fa1 elementor-widget elementor-widget-text-editor\" data-id=\"8af0fa1\" data-element_type=\"widget\" data-e-type=\"widget\" data-widget_type=\"text-editor.default\">\n\t\t\t\t\t\t\t\t\t<ul><li style=\"text-align: justify;\"><h6><em><span style=\"font-size: 14px;\"><span style=\"font-family: georgia,serif;\"><strong>En 1380, en Medina del Campo, nace Fernando I de Arag\u00f3n, que ser\u00e1 rey de Arag\u00f3n, de Valencia, de Mallorca, de Sicilia, de Cerde\u00f1a y de C\u00f3rcega<\/strong><\/span><\/span><\/em><\/h6><\/li><li style=\"text-align: justify;\"><h6><em><span style=\"font-size: 14px;\"><span style=\"font-family: georgia,serif;\"><strong>\u00c9sta y otras efem\u00e9rides, adem\u00e1s del santoral del d\u00eda y de alguna que otra cosilla, podr\u00e1s encontrar si entras en este art\u00edculo<\/strong><\/span><\/span><\/em><\/h6><\/li><\/ul>\t\t\t\t\t\t\t\t<\/div>\n\t\t\t\t<div class=\"elementor-element elementor-element-041561f elementor-widget-divider--view-line elementor-widget elementor-widget-divider\" data-id=\"041561f\" data-element_type=\"widget\" data-e-type=\"widget\" data-widget_type=\"divider.default\">\n\t\t\t\t\t\t\t<div class=\"elementor-divider\">\n\t\t\t<span class=\"elementor-divider-separator\">\n\t\t\t\t\t\t<\/span>\n\t\t<\/div>\n\t\t\t\t\t\t<\/div>\n\t\t\t\t<div class=\"elementor-element elementor-element-bf48e86 elementor-widget elementor-widget-image\" data-id=\"bf48e86\" data-element_type=\"widget\" data-e-type=\"widget\" data-widget_type=\"image.default\">\n\t\t\t\t\t\t\t\t\t\t\t\t\t\t\t<img fetchpriority=\"high\" decoding=\"async\" width=\"800\" height=\"400\" src=\"https:\/\/pueblosycomarcas.com\/wp-content\/uploads\/2025\/11\/20221127_fernando_antequera.jpg\" class=\"attachment-large size-large wp-image-3313\" alt=\"\" srcset=\"https:\/\/pueblosycomarcas.com\/wp-content\/uploads\/2025\/11\/20221127_fernando_antequera.jpg 800w, https:\/\/pueblosycomarcas.com\/wp-content\/uploads\/2025\/11\/20221127_fernando_antequera-300x150.jpg 300w, https:\/\/pueblosycomarcas.com\/wp-content\/uploads\/2025\/11\/20221127_fernando_antequera-768x384.jpg 768w\" sizes=\"(max-width: 800px) 100vw, 800px\" \/>\t\t\t\t\t\t\t\t\t\t\t\t\t\t\t<\/div>\n\t\t\t\t<div class=\"elementor-element elementor-element-27e3228 elementor-widget elementor-widget-text-editor\" data-id=\"27e3228\" data-element_type=\"widget\" data-e-type=\"widget\" data-widget_type=\"text-editor.default\">\n\t\t\t\t\t\t\t\t\t<p style=\"text-align: justify;\"><span style=\"font-size: 11px;\"><span style=\"font-family: georgia,serif;\"><a href=\"https:\/\/www.facebook.com\/Pueblos-y-Comarcas-125437870924169\/?fref=ts\"><strong><em>Pueblosycomarcas.com<\/em><\/strong><\/a><strong><em>;\u00a0<\/em><\/strong><a href=\"https:\/\/twitter.com\/PueblosComarcas\"><strong><em>@PueblosComarcas<\/em><\/strong><\/a><\/span><\/span><\/p><p style=\"text-align: justify;\"><span style=\"font-size: 14px;\"><span style=\"font-family: georgia,serif;\"><strong>25\u00a0&#8211;<\/strong>\u00a0Luoyang es declarada capital la Dinast\u00eda Han por el emperador Liu Xiu.<\/span><\/span><\/p><p style=\"text-align: justify;\"><span style=\"font-size: 14px;\"><span style=\"font-family: georgia,serif;\"><strong>176\u00a0&#8211;<\/strong>\u00a0el emperador Marco Aurelio concede a su hijo C\u00f3modo el rango de Imperator y comandante supremo de las legiones romanas.<\/span><\/span><\/p><p style=\"text-align: justify;\"><span style=\"font-size: 14px;\"><span style=\"font-family: georgia,serif;\"><strong>395\u00a0&#8211;<\/strong>\u00a0Rufino, prefecto pretoriano del Este, es asesinado por mercenarios godos en Gainas.<\/span><\/span><\/p><p style=\"text-align: justify;\"><span style=\"font-size: 14px;\"><span style=\"font-family: georgia,serif;\"><strong>511\u00a0&#8211;<\/strong>\u00a0el rey Clodoveo I muere en Par\u00eds (Lutetia) y es enterrador en la Abad\u00eda de St. Genevieve. Los merivingios continuar\u00e1 con sus cuatro hijos (Teodorico I, Clodomiro, Childeberto I y Clotario I, que dividen el reino franco en cuatro partesd con capitales en Metz, Orleans, Par\u00eds y Soissons.<\/span><\/span><\/p><p style=\"text-align: justify;\"><span style=\"font-size: 14px;\"><span style=\"font-family: georgia,serif;\"><strong>602\u00a0&#8211;<\/strong>\u00a0el emperador Mauricio es forzado a ver la ejecuci\u00f3n de sus cinco hijos antes de ser decapitado. Sus cuerpos ser\u00e1n lanzados al mar y sus cuerpos exhibidos en Constantinopla.<\/span><\/span><\/p><p style=\"text-align: justify;\"><span style=\"font-size: 14px;\"><span style=\"font-family: georgia,serif;\"><strong>1095\u00a0&#8211;<\/strong>\u00a0en el Concilio de Clermont (Francia), el papa Urbano II convoca a la Primera Cruzada.<\/span><\/span><\/p><p style=\"text-align: justify;\"><span style=\"font-size: 14px;\"><span style=\"font-family: georgia,serif;\"><strong>1295\u00a0&#8211;<\/strong>\u00a0los representantes de Lancashire son llamados al palacio de Westminster por el rey Eduardo I de Inglaterra, llamada que ser\u00eda conocida como \u00abParlamento modelo\u00bb.<\/span><\/span><\/p><p style=\"text-align: justify;\"><span style=\"font-size: 14px;\"><span style=\"font-family: georgia,serif;\"><strong>1380 &#8211;<\/strong>En Medina del Campo (actual Espa\u00f1a), nace Fernando I de Arag\u00f3n, que ser\u00e1 rey de Arag\u00f3n, de Valencia, de Mallorca, de Sicilia, de Cerde\u00f1a y de C\u00f3rcega; duque de Neopatria y de Atenas; conde de Barcelona, de Rosell\u00f3n y de Cerda\u00f1a; y regente de Castilla.<\/span><\/span><\/p><p style=\"text-align: justify;\"><span style=\"font-size: 14px;\"><span style=\"font-family: georgia,serif;\"><strong>1515\u00a0&#8211;<\/strong>\u00a0es fundada la ciudad de Cuman\u00e1, la primera ciudad fundada en Am\u00e9rica.<\/span><\/span><\/p><p style=\"text-align: justify;\"><span style=\"font-size: 14px;\"><span style=\"font-family: georgia,serif;\"><strong>1520\u00a0&#8211;<\/strong>\u00a0en el extremo sur de Am\u00e9rica, Fernando de Magallanes cruza el estrecho que lleva su nombre.<\/span><\/span><\/p><p style=\"text-align: justify;\"><span style=\"font-size: 14px;\"><span style=\"font-family: georgia,serif;\"><strong>1703\u00a0&#8211;<\/strong>\u00a0El faro de Eddystone es destruido por una tormenta.<\/span><\/span><\/p><p style=\"text-align: justify;\"><span style=\"font-size: 14px;\"><span style=\"font-family: georgia,serif;\"><strong>1755\u00a0&#8211;<\/strong>\u00a0en Mequinez (Marruecos) se registra un terremoto que deja un saldo de 3000 muertos.<\/span><\/span><\/p><p style=\"text-align: justify;\"><span style=\"font-size: 14px;\"><span style=\"font-family: georgia,serif;\"><strong>1806\u00a0&#8211;<\/strong>\u00a0en Berl\u00edn, Napole\u00f3n ordena el bloqueo continental de Gran Breta\u00f1a.<\/span><\/span><\/p><p style=\"text-align: justify;\"><span style=\"font-size: 14px;\"><span style=\"font-family: georgia,serif;\"><strong>1807\u00a0&#8211;<\/strong>\u00a0LA familia real portuguesa escapa de Lisboa por las fuerzas napole\u00f3nicas.<\/span><\/span><\/p><p style=\"text-align: justify;\"><span style=\"font-size: 14px;\"><span style=\"font-family: georgia,serif;\"><strong>1810\u00a0&#8211;<\/strong>\u00a0en Espa\u00f1a se crea el primer reglamento de las Cortes de C\u00e1diz.<\/span><\/span><\/p><p style=\"text-align: justify;\"><span style=\"font-size: 14px;\"><span style=\"font-family: georgia,serif;\"><strong>1820\u00a0&#8211;<\/strong>\u00a0en Santa Ana de Trujillo (Venezuela), el general Sim\u00f3n Bol\u00edvar (presidente de la Rep\u00fablica de Gran Colombia) y el general Pablo Morillo (capit\u00e1n de las fuerzas realistas en Venezuela) firman el Tratado de Armisticio y Regularizaci\u00f3n de la Guerra.<\/span><\/span><\/p><p style=\"text-align: justify;\"><span style=\"font-size: 14px;\"><span style=\"font-family: georgia,serif;\"><strong>1830\u00a0&#8211;<\/strong>\u00a0en Par\u00eds, la joven monja francesa Catalina Labour\u00e9 (1806-1876) declara que se le apareci\u00f3 la Virgen de la Medalla Milagrosa.<\/span><\/span><\/p><p style=\"text-align: justify;\"><span style=\"font-size: 14px;\"><span style=\"font-family: georgia,serif;\"><strong>1838\u00a0&#8211;<\/strong>\u00a0se inicia la batalla de San Juan de Ul\u00faa donde las tropas francesas comandados por el almirante Charles Baudin derrotar\u00e1n a al Ej\u00e9rcito Mexicano al mando de los generales Antonio L\u00f3pez de Santa Anna y Mariano Arista en la fortaleza de San Juan de Ul\u00faa en el estado de Veracruz, M\u00e9xico.<\/span><\/span><\/p><p style=\"text-align: justify;\"><span style=\"font-size: 14px;\"><span style=\"font-family: georgia,serif;\"><strong>1839\u00a0&#8211;<\/strong>\u00a0fundaci\u00f3n de la American Statistical Association, en Boston, Massachusetts.<\/span><\/span><\/p><p style=\"text-align: justify;\"><span style=\"font-size: 14px;\"><span style=\"font-family: georgia,serif;\"><strong>1856\u00a0&#8211;<\/strong>\u00a0Un golpe de estado en Luxemburgo adopta una nueva constituci\u00f3n m\u00e1s reaccionaria.<\/span><\/span><\/p><p style=\"text-align: justify;\"><span style=\"font-size: 14px;\"><span style=\"font-family: georgia,serif;\"><strong>1868\u00a0&#8211;<\/strong>\u00a0el Emperador Meiji de Jap\u00f3n traslada su residencia de la ciudad de Kioto a Edo, que en adelante se llamar\u00eda Tokio.<\/span><\/span><\/p><p style=\"text-align: justify;\"><span style=\"font-size: 14px;\"><span style=\"font-family: georgia,serif;\"><strong>1871\u00a0&#8211;<\/strong>\u00a0en La Habana (Cuba) el Gobierno colonial hace fusilar a ocho estudiantes de la c\u00e1tedra de Medicina de la Universidad de La Habana.<\/span><\/span><\/p><p style=\"text-align: justify;\"><span style=\"font-size: 14px;\"><span style=\"font-family: georgia,serif;\"><strong>1879\u00a0&#8211;<\/strong>\u00a0en Tarapac\u00e1, tiene lugar una batalla en la campa\u00f1a terrestre de la Guerra del Pac\u00edfico donde se enfrentan fuerzas chilenas y peruanas, sald\u00e1ndose la batalla con la victoria de estas \u00faltimas.<\/span><\/span><\/p><p style=\"text-align: justify;\"><span style=\"font-size: 14px;\"><span style=\"font-family: georgia,serif;\"><strong>1885\u00a0&#8211;<\/strong>\u00a0en Espa\u00f1a, Sagasta jura el cargo de presidente del Consejo ante la reina regente, Mar\u00eda Cristina de Habsburgo-Lorena.<\/span><\/span><\/p><p style=\"text-align: justify;\"><span style=\"font-size: 14px;\"><span style=\"font-family: georgia,serif;\"><strong>1886\u00a0&#8211;<\/strong>\u00a0El juez alem\u00e1n Emil Hartwich recibe heridas fatales en un duelo, tel\u00f3n de fondo de la novela \u00abEffi Briest\u00bb, un cl\u00e1sico de la literatura alemana.<\/span><\/span><\/p><p style=\"text-align: justify;\"><span style=\"font-size: 14px;\"><span style=\"font-family: georgia,serif;\"><strong>1887\u00a0&#8211;<\/strong>\u00a0en Quilmes (Buenos Aires) se funda el primer club de f\u00fatbol de Argentina, el Quilmes Atl\u00e9tico Club.<\/span><\/span><\/p><p style=\"text-align: justify;\"><span style=\"font-size: 14px;\"><span style=\"font-family: georgia,serif;\"><strong>1895\u00a0&#8211;<\/strong>\u00a0Alfred Nobel dispone en su testamento que las rentas de su fortuna se distribuyan en los cinco premios Nobel.<\/span><\/span><\/p><p style=\"text-align: justify;\"><span style=\"font-size: 14px;\"><span style=\"font-family: georgia,serif;\"><strong>1907\u00a0&#8211;<\/strong>\u00a0en Madrid, el Congreso espa\u00f1ol aprueba una ley para reconstruir la Armada.<\/span><\/span><\/p><p style=\"text-align: justify;\"><span style=\"font-size: 14px;\"><span style=\"font-family: georgia,serif;\"><strong>1912\u00a0&#8211;<\/strong>\u00a0Francia y Espa\u00f1a firman un tratado acerca de Marruecos, que concede a Espa\u00f1a la zona norte del pa\u00eds.<\/span><\/span><\/p><p style=\"text-align: justify;\"><span style=\"font-size: 14px;\"><span style=\"font-family: georgia,serif;\"><strong>1915\u00a0&#8211;<\/strong>\u00a0Alemania lleva a cabo un ataque a\u00e9reo contra Inglaterra.<\/span><\/span><\/p><p style=\"text-align: justify;\"><span style=\"font-size: 14px;\"><span style=\"font-family: georgia,serif;\"><strong>1931\u00a0&#8211;<\/strong>\u00a0en Espa\u00f1a, Niceto Alcal\u00e1 Zamora es elegido miembro de la Real Academia Espa\u00f1ola de la Lengua.<\/span><\/span><\/p><p style=\"text-align: justify;\"><span style=\"font-size: 14px;\"><span style=\"font-family: georgia,serif;\"><strong>1935\u00a0&#8211;<\/strong>\u00a0las tropas japonesas entran en las ciudades chinas de Beiping (actual Pek\u00edn) y de Tianjin.<\/span><\/span><\/p><p style=\"text-align: justify;\"><span style=\"font-size: 14px;\"><span style=\"font-family: georgia,serif;\"><strong>1940\u00a0&#8211;<\/strong>\u00a0En Ruman\u00eda, el partido fascista Guardia de Hierro arresta y ejecuta cerca de 60 exiliados de la corte de Carol II de Ruman\u00eda, entre los que se encuentran el ministro Nicolae Iorga.<\/span><\/span><\/p><p style=\"text-align: justify;\"><span style=\"font-size: 14px;\"><span style=\"font-family: georgia,serif;\"><strong>1940 &#8211;<\/strong>\u00a0Segunda Guerra Mundial: en la Batalla de Cabo Teulada, la Royal Navy derrota la Regia Marina en el Mediterr\u00e1neo.<\/span><\/span><\/p><p style=\"text-align: justify;\"><span style=\"font-size: 14px;\"><span style=\"font-family: georgia,serif;\"><strong>1965\u00a0&#8211;<\/strong>\u00a0Guerra de Vietnam: el Pent\u00e1gono explica al presidente Lyndon B. Johnson sus planes para ganar la guerra. Para ellos se necesita incrementar el n\u00famero de tropas de los 120.000 actuales a 400.000.<\/span><\/span><\/p><p style=\"text-align: justify;\"><span style=\"font-size: 14px;\"><span style=\"font-family: georgia,serif;\"><strong>1966\u00a0&#8211;<\/strong>\u00a0en Uruguay se celebran elecciones generales. Simult\u00e1neamente se realiza un plebiscito constitucional, en el mismo la ciudadan\u00eda decide terminar con el ejecutivo colegiado y volver a la presidencia unipersonal. As\u00ed las cosas, resulta vencedora la f\u00f3rmula \u00d3scar Gestido-Jorge Pacheco Areco.<\/span><\/span><\/p><p style=\"text-align: justify;\"><span style=\"font-size: 14px;\"><span style=\"font-family: georgia,serif;\"><strong>1970\u00a0&#8211;<\/strong>\u00a0en Manila (Filipinas) se realiza un atentado frustrado contra el papa Pablo VI, durante su viaje a Extremo Oriente.<\/span><\/span><\/p><p style=\"text-align: justify;\"><span style=\"font-size: 14px;\"><span style=\"font-family: georgia,serif;\"><strong>1971\u00a0&#8211;<\/strong>\u00a0el programa sovi\u00e9tico Mars 2 intenta el descenso por Marte pero se estrella. Es el primer objeto humano que llega a la superficie del planeta rojo.<\/span><\/span><\/p><p style=\"text-align: justify;\"><span style=\"font-size: 14px;\"><span style=\"font-family: georgia,serif;\"><strong>1975\u00a0&#8211;<\/strong>\u00a0en la Iglesia de San Jer\u00f3nimo el Real (Madrid) se realiza la ceremonia de coronaci\u00f3n de Juan Carlos I como rey de Espa\u00f1a.<\/span><\/span><\/p><p style=\"text-align: justify;\"><span style=\"font-size: 14px;\"><span style=\"font-family: georgia,serif;\"><strong>1978\u00a0&#8211;<\/strong>\u00a0El partido de los Trabajadores de Kurdist\u00e1n (PKK) en fundado en Riha (Urfa) en Turqu\u00eda.<\/span><\/span><\/p><p style=\"text-align: justify;\"><span style=\"font-size: 14px;\"><span style=\"font-family: georgia,serif;\"><strong>1983\u00a0&#8211;<\/strong>\u00a0accidente a\u00e9reo en Madrid del Vuelo 11 de Avianca, un avi\u00f3n Boeing 747 de la aerol\u00ednea Avianca, que cubr\u00eda el vuelo Par\u00eds-Madrid-Bogot\u00e1.<\/span><\/span><\/p><p style=\"text-align: justify;\"><span style=\"font-size: 14px;\"><span style=\"font-family: georgia,serif;\"><strong>1983 &#8211;<\/strong>\u00a0en Uruguay se realiza el Acto del Obelisco, en contra de la dictadura por la que pasaba el pa\u00eds.<\/span><\/span><\/p><p style=\"text-align: justify;\"><span style=\"font-size: 14px;\"><span style=\"font-family: georgia,serif;\"><strong>1984\u00a0&#8211;<\/strong>\u00a0Espa\u00f1a y Gran Breta\u00f1a firman la \u00abDeclaraci\u00f3n de Bruselas\u00bb, en la cual, por primera vez, la parte brit\u00e1nica admite que se abordar\u00e1n cuestiones de soberan\u00eda sobre el contencioso de Gibraltar.<\/span><\/span><\/p><p style=\"text-align: justify;\"><span style=\"font-size: 14px;\"><span style=\"font-family: georgia,serif;\"><strong>1989\u00a0&#8211;<\/strong>\u00a0en Jordania, el rey Hussein inaugura la primera sesi\u00f3n del nuevo parlamento, tras una ausencia de vida parlamentaria en el pa\u00eds de m\u00e1s de 20 a\u00f1os.<\/span><\/span><\/p><p style=\"text-align: justify;\"><span style=\"font-size: 14px;\"><span style=\"font-family: georgia,serif;\"><strong>1989 &#8211;<\/strong>\u00a0en Colombia, el Vuelo 203 de Avianca que volaba de Bogot\u00e1 a Cali, estalla en pleno vuelo. Mueren todos sus ocupantes. Se culpa a Pablo Escobar y a Gonzalo Rodr\u00edguez Gacha.<\/span><\/span><\/p><p style=\"text-align: justify;\"><span style=\"font-size: 14px;\"><span style=\"font-family: georgia,serif;\"><strong>1992\u00a0&#8211;<\/strong>\u00a0en Venezuela, las fuerzas militares intentan otro golpe de estado. Falla igual que el encabezado por Hugo Ch\u00e1vez el 4 de febrero.<\/span><\/span><\/p><p style=\"text-align: justify;\"><span style=\"font-size: 14px;\"><span style=\"font-family: georgia,serif;\"><strong>1994\u00a0&#8211;<\/strong>\u00a0en Uruguay se celebran elecciones generales. Julio Mar\u00eda Sanguinetti gana por segunda vez, en esta ocasi\u00f3n por muy escaso margen; el Parlamento queda inusualmente repartido en tercios.<\/span><\/span><\/p><p style=\"text-align: justify;\"><span style=\"font-size: 14px;\"><span style=\"font-family: georgia,serif;\"><strong>1998\u00a0&#8211;<\/strong>\u00a0el autodenominado grupo de Voluntarios de Orange hace p\u00fablica su formaci\u00f3n como grupo terrorista.<\/span><\/span><\/p><p style=\"text-align: justify;\"><span style=\"font-size: 14px;\"><span style=\"font-family: georgia,serif;\"><strong>2003\u00a0&#8211;<\/strong>\u00a0en un lago de la Rep\u00fablica Democr\u00e1tica del Congo mueren m\u00e1s de 160 personas y desaparecen 100 m\u00e1s en el naufragio de una embarcaci\u00f3n.<\/span><\/span><\/p><p style=\"text-align: justify;\"><span style=\"font-size: 14px;\"><span style=\"font-family: georgia,serif;\"><strong>2005\u00a0&#8211;<\/strong>\u00a0el Sur de Ir\u00e1n es asolado por un terremoto de 5,9 grados en la escala de Richter: diez muertos y cientos de heridos.<\/span><\/span><\/p><p style=\"text-align: justify;\"><span style=\"font-size: 14px;\"><span style=\"font-family: georgia,serif;\"><strong>2009\u00a0&#8211;<\/strong>\u00a0Atentado en un vag\u00f3n del tren que hace la l\u00ednea Mosc\u00fa-San Petersburgo con el resultado de 39 fallecidos.<\/span><\/span><\/p><h4 style=\"text-align: justify;\"><span style=\"font-size: 14px;\"><span style=\"font-family: georgia,serif;\"><strong>SANTORAL<\/strong><\/span><\/span><\/h4><p style=\"text-align: justify;\"><span style=\"font-size: 14px;\"><span style=\"font-family: georgia,serif;\">Nuestra Se\u00f1ora de la Medalla Milagrosa. Santos: Jos\u00e9 de Calasanz, Patrono del Magisterio Espa\u00f1ol. Acacio, Apolinar, Barla\u00e1n, Gustano, Josafat, confesores; Desiderio, Sigfredo, Valeriano, Virgilio, obispos; Facundo, Primitivo, Jacobo, Irenarco, M\u00e1ximo, Oda, m\u00e1rtires; Edvoldo, eremita.<\/span><\/span><\/p>\t\t\t\t\t\t\t\t<\/div>\n\t\t\t\t\t<\/div>\n\t\t\t\t<\/div>\n\t\t\t\t<\/div>","protected":false},"excerpt":{"rendered":"<p>Efem\u00e9rides del 27 de noviembre En 1380, en Medina del Campo, nace Fernando I de Arag\u00f3n, que ser\u00e1 rey de Arag\u00f3n, de Valencia, de Mallorca, de Sicilia, de Cerde\u00f1a y de C\u00f3rcega \u00c9sta y otras efem\u00e9rides, adem\u00e1s del santoral del d\u00eda y de alguna que otra cosilla, podr\u00e1s encontrar si entras en este art\u00edculo Pueblosycomarcas.com;\u00a0@PueblosComarcas 25\u00a0&#8211;\u00a0Luoyang es declarada capital la Dinast\u00eda Han por el emperador Liu Xiu. 176\u00a0&#8211;\u00a0el emperador Marco Aurelio concede a su hijo C\u00f3modo el rango de Imperator y comandante supremo de las legiones romanas. 395\u00a0&#8211;\u00a0Rufino, prefecto pretoriano del Este, es asesinado por mercenarios godos en Gainas. 511\u00a0&#8211;\u00a0el rey Clodoveo I muere en Par\u00eds (Lutetia) y es enterrador en la Abad\u00eda de St. Genevieve. Los merivingios continuar\u00e1 con sus cuatro hijos (Teodorico I, Clodomiro, Childeberto I y Clotario I, que dividen el reino franco en cuatro partesd con capitales en Metz, Orleans, Par\u00eds y Soissons. 602\u00a0&#8211;\u00a0el emperador Mauricio es forzado a ver la ejecuci\u00f3n de sus cinco hijos antes de ser decapitado. Sus cuerpos ser\u00e1n lanzados al mar y sus cuerpos exhibidos en Constantinopla. 1095\u00a0&#8211;\u00a0en el Concilio de Clermont (Francia), el papa Urbano II convoca a la Primera Cruzada. 1295\u00a0&#8211;\u00a0los representantes de Lancashire son llamados al palacio de Westminster por el rey Eduardo I de Inglaterra, llamada que ser\u00eda conocida como \u00abParlamento modelo\u00bb. 1380 &#8211;En Medina del Campo (actual Espa\u00f1a), nace Fernando I de Arag\u00f3n, que ser\u00e1 rey de Arag\u00f3n, de Valencia, de Mallorca, de Sicilia, de Cerde\u00f1a y de C\u00f3rcega; duque de Neopatria y de Atenas; conde de Barcelona, de Rosell\u00f3n y de Cerda\u00f1a; y regente de Castilla. 1515\u00a0&#8211;\u00a0es fundada la ciudad de Cuman\u00e1, la primera ciudad fundada en Am\u00e9rica. 1520\u00a0&#8211;\u00a0en el extremo sur de Am\u00e9rica, Fernando de Magallanes cruza el estrecho que lleva su nombre. 1703\u00a0&#8211;\u00a0El faro de Eddystone es destruido por una tormenta. 1755\u00a0&#8211;\u00a0en Mequinez (Marruecos) se registra un terremoto que deja un saldo de 3000 muertos. 1806\u00a0&#8211;\u00a0en Berl\u00edn, Napole\u00f3n ordena el bloqueo continental de Gran Breta\u00f1a. 1807\u00a0&#8211;\u00a0LA familia real portuguesa escapa de Lisboa por las fuerzas napole\u00f3nicas. 1810\u00a0&#8211;\u00a0en Espa\u00f1a se crea el primer reglamento de las Cortes de C\u00e1diz. 1820\u00a0&#8211;\u00a0en Santa Ana de Trujillo (Venezuela), el general Sim\u00f3n Bol\u00edvar (presidente de la Rep\u00fablica de Gran Colombia) y el general Pablo Morillo (capit\u00e1n de las fuerzas realistas en Venezuela) firman el Tratado de Armisticio y Regularizaci\u00f3n de la Guerra. 1830\u00a0&#8211;\u00a0en Par\u00eds, la joven monja francesa Catalina Labour\u00e9 (1806-1876) declara que se le apareci\u00f3 la Virgen de la Medalla Milagrosa. 1838\u00a0&#8211;\u00a0se inicia la batalla de San Juan de Ul\u00faa donde las tropas francesas comandados por el almirante Charles Baudin derrotar\u00e1n a al Ej\u00e9rcito Mexicano al mando de los generales Antonio L\u00f3pez de Santa Anna y Mariano Arista en la fortaleza de San Juan de Ul\u00faa en el estado de Veracruz, M\u00e9xico. 1839\u00a0&#8211;\u00a0fundaci\u00f3n de la American Statistical Association, en Boston, Massachusetts. 1856\u00a0&#8211;\u00a0Un golpe de estado en Luxemburgo adopta una nueva constituci\u00f3n m\u00e1s reaccionaria. 1868\u00a0&#8211;\u00a0el Emperador Meiji de Jap\u00f3n traslada su residencia de la ciudad de Kioto a Edo, que en adelante se llamar\u00eda Tokio. 1871\u00a0&#8211;\u00a0en La Habana (Cuba) el Gobierno colonial hace fusilar a ocho estudiantes de la c\u00e1tedra de Medicina de la Universidad de La Habana. 1879\u00a0&#8211;\u00a0en Tarapac\u00e1, tiene lugar una batalla en la campa\u00f1a terrestre de la Guerra del Pac\u00edfico donde se enfrentan fuerzas chilenas y peruanas, sald\u00e1ndose la batalla con la victoria de estas \u00faltimas. 1885\u00a0&#8211;\u00a0en Espa\u00f1a, Sagasta jura el cargo de presidente del Consejo ante la reina regente, Mar\u00eda Cristina de Habsburgo-Lorena. 1886\u00a0&#8211;\u00a0El juez alem\u00e1n Emil Hartwich recibe heridas fatales en un duelo, tel\u00f3n de fondo de la novela \u00abEffi Briest\u00bb, un cl\u00e1sico de la literatura alemana. 1887\u00a0&#8211;\u00a0en Quilmes (Buenos Aires) se funda el primer club de f\u00fatbol de Argentina, el Quilmes Atl\u00e9tico Club. 1895\u00a0&#8211;\u00a0Alfred Nobel dispone en su testamento que las rentas de su fortuna se distribuyan en los cinco premios Nobel. 1907\u00a0&#8211;\u00a0en Madrid, el Congreso espa\u00f1ol aprueba una ley para reconstruir la Armada. 1912\u00a0&#8211;\u00a0Francia y Espa\u00f1a firman un tratado acerca de Marruecos, que concede a Espa\u00f1a la zona norte del pa\u00eds. 1915\u00a0&#8211;\u00a0Alemania lleva a cabo un ataque a\u00e9reo contra Inglaterra. 1931\u00a0&#8211;\u00a0en Espa\u00f1a, Niceto Alcal\u00e1 Zamora es elegido miembro de la Real Academia Espa\u00f1ola de la Lengua. 1935\u00a0&#8211;\u00a0las tropas japonesas entran en las ciudades chinas de Beiping (actual Pek\u00edn) y de Tianjin. 1940\u00a0&#8211;\u00a0En Ruman\u00eda, el partido fascista Guardia de Hierro arresta y ejecuta cerca de 60 exiliados de la corte de Carol II de Ruman\u00eda, entre los que se encuentran el ministro Nicolae Iorga. 1940 &#8211;\u00a0Segunda Guerra Mundial: en la Batalla de Cabo Teulada, la Royal Navy derrota la Regia Marina en el Mediterr\u00e1neo. 1965\u00a0&#8211;\u00a0Guerra de Vietnam: el Pent\u00e1gono explica al presidente Lyndon B. Johnson sus planes para ganar la guerra. Para ellos se necesita incrementar el n\u00famero de tropas de los 120.000 actuales a 400.000. 1966\u00a0&#8211;\u00a0en Uruguay se celebran elecciones generales. Simult\u00e1neamente se realiza un plebiscito constitucional, en el mismo la ciudadan\u00eda decide terminar con el ejecutivo colegiado y volver a la presidencia unipersonal. As\u00ed las cosas, resulta vencedora la f\u00f3rmula \u00d3scar Gestido-Jorge Pacheco Areco. 1970\u00a0&#8211;\u00a0en Manila (Filipinas) se realiza un atentado frustrado contra el papa Pablo VI, durante su viaje a Extremo Oriente. 1971\u00a0&#8211;\u00a0el programa sovi\u00e9tico Mars 2 intenta el descenso por Marte pero se estrella. Es el primer objeto humano que llega a la superficie del planeta rojo. 1975\u00a0&#8211;\u00a0en la Iglesia de San Jer\u00f3nimo el Real (Madrid) se realiza la ceremonia de coronaci\u00f3n de Juan Carlos I como rey de Espa\u00f1a. 1978\u00a0&#8211;\u00a0El partido de los Trabajadores de Kurdist\u00e1n (PKK) en fundado en Riha (Urfa) en Turqu\u00eda. 1983\u00a0&#8211;\u00a0accidente a\u00e9reo en Madrid del Vuelo 11 de Avianca, un avi\u00f3n Boeing 747 de la aerol\u00ednea Avianca, que cubr\u00eda el vuelo Par\u00eds-Madrid-Bogot\u00e1. 1983 &#8211;\u00a0en Uruguay se realiza el Acto del Obelisco, en contra de la dictadura por la que pasaba el pa\u00eds. 1984\u00a0&#8211;\u00a0Espa\u00f1a y Gran Breta\u00f1a firman la \u00abDeclaraci\u00f3n de Bruselas\u00bb, en la cual, por primera vez, la parte brit\u00e1nica admite que se abordar\u00e1n cuestiones de soberan\u00eda sobre el contencioso de Gibraltar. 1989\u00a0&#8211;\u00a0en Jordania, el rey Hussein inaugura la primera sesi\u00f3n del nuevo parlamento, tras una ausencia de vida parlamentaria en el<\/p>","protected":false},"author":1,"featured_media":3313,"comment_status":"open","ping_status":"closed","sticky":false,"template":"","format":"standard","meta":{"site-sidebar-layout":"default","site-content-layout":"","ast-site-content-layout":"default","site-content-style":"default","site-sidebar-style":"default","ast-global-header-display":"","ast-banner-title-visibility":"","ast-main-header-display":"","ast-hfb-above-header-display":"","ast-hfb-below-header-display":"","ast-hfb-mobile-header-display":"","site-post-title":"disabled","ast-breadcrumbs-content":"","ast-featured-img":"","footer-sml-layout":"","theme-transparent-header-meta":"","adv-header-id-meta":"","stick-header-meta":"","header-above-stick-meta":"","header-main-stick-meta":"","header-below-stick-meta":"","astra-migrate-meta-layouts":"default","ast-page-background-enabled":"default","ast-page-background-meta":{"desktop":{"background-color":"var(--ast-global-color-5)","background-image":"","background-repeat":"repeat","background-position":"center center","background-size":"auto","background-attachment":"scroll","background-type":"","background-media":"","overlay-type":"","overlay-color":"","overlay-opacity":"","overlay-gradient":""},"tablet":{"background-color":"","background-image":"","background-repeat":"repeat","background-position":"center center","background-size":"auto","background-attachment":"scroll","background-type":"","background-media":"","overlay-type":"","overlay-color":"","overlay-opacity":"","overlay-gradient":""},"mobile":{"background-color":"","background-image":"","background-repeat":"repeat","background-position":"center center","background-size":"auto","background-attachment":"scroll","background-type":"","background-media":"","overlay-type":"","overlay-color":"","overlay-opacity":"","overlay-gradient":""}},"ast-content-background-meta":{"desktop":{"background-color":"var(--ast-global-color-4)","background-image":"","background-repeat":"repeat","background-position":"center center","background-size":"auto","background-attachment":"scroll","background-type":"","background-media":"","overlay-type":"","overlay-color":"","overlay-opacity":"","overlay-gradient":""},"tablet":{"background-color":"var(--ast-global-color-4)","background-image":"","background-repeat":"repeat","background-position":"center center","background-size":"auto","background-attachment":"scroll","background-type":"","background-media":"","overlay-type":"","overlay-color":"","overlay-opacity":"","overlay-gradient":""},"mobile":{"background-color":"var(--ast-global-color-4)","background-image":"","background-repeat":"repeat","background-position":"center center","background-size":"auto","background-attachment":"scroll","background-type":"","background-media":"","overlay-type":"","overlay-color":"","overlay-opacity":"","overlay-gradient":""}},"ngg_post_thumbnail":0,"footnotes":""},"categories":[15,16],"tags":[47],"class_list":["post-3312","post","type-post","status-publish","format-standard","has-post-thumbnail","hentry","category-efemerides","category-portada","tag-efemerides"],"aioseo_notices":[],"rttpg_featured_image_url":{"full":["https:\/\/pueblosycomarcas.com\/wp-content\/uploads\/2025\/11\/20221127_fernando_antequera.jpg",800,400,false],"landscape":["https:\/\/pueblosycomarcas.com\/wp-content\/uploads\/2025\/11\/20221127_fernando_antequera.jpg",800,400,false],"portraits":["https:\/\/pueblosycomarcas.com\/wp-content\/uploads\/2025\/11\/20221127_fernando_antequera.jpg",800,400,false],"thumbnail":["https:\/\/pueblosycomarcas.com\/wp-content\/uploads\/2025\/11\/20221127_fernando_antequera-150x150.jpg",150,150,true],"medium":["https:\/\/pueblosycomarcas.com\/wp-content\/uploads\/2025\/11\/20221127_fernando_antequera-300x150.jpg",300,150,true],"large":["https:\/\/pueblosycomarcas.com\/wp-content\/uploads\/2025\/11\/20221127_fernando_antequera.jpg",800,400,false],"1536x1536":["https:\/\/pueblosycomarcas.com\/wp-content\/uploads\/2025\/11\/20221127_fernando_antequera.jpg",800,400,false],"2048x2048":["https:\/\/pueblosycomarcas.com\/wp-content\/uploads\/2025\/11\/20221127_fernando_antequera.jpg",800,400,false],"trp-custom-language-flag":["https:\/\/pueblosycomarcas.com\/wp-content\/uploads\/2025\/11\/20221127_fernando_antequera.jpg",18,9,false]},"rttpg_author":{"display_name":"admin","author_link":"https:\/\/pueblosycomarcas.com\/en\/author\/webalquimia\/"},"rttpg_comment":0,"rttpg_category":"<a href=\"https:\/\/pueblosycomarcas.com\/en\/category\/efemerides\/\" rel=\"category tag\">Efemerides<\/a> <a href=\"https:\/\/pueblosycomarcas.com\/en\/category\/portada\/\" rel=\"category tag\">Portada<\/a>","rttpg_excerpt":"Efem\u00e9rides del 27 de noviembre En 1380, en Medina del Campo, nace Fernando I de Arag\u00f3n, que ser\u00e1 rey de Arag\u00f3n, de Valencia, de Mallorca, de Sicilia, de Cerde\u00f1a y de C\u00f3rcega \u00c9sta y otras efem\u00e9rides, adem\u00e1s del santoral del d\u00eda y de alguna que otra cosilla, podr\u00e1s encontrar si entras en este art\u00edculo Pueblosycomarcas.com;\u00a0@PueblosComarcas&hellip;","_links":{"self":[{"href":"https:\/\/pueblosycomarcas.com\/en\/wp-json\/wp\/v2\/posts\/3312","targetHints":{"allow":["GET"]}}],"collection":[{"href":"https:\/\/pueblosycomarcas.com\/en\/wp-json\/wp\/v2\/posts"}],"about":[{"href":"https:\/\/pueblosycomarcas.com\/en\/wp-json\/wp\/v2\/types\/post"}],"author":[{"embeddable":true,"href":"https:\/\/pueblosycomarcas.com\/en\/wp-json\/wp\/v2\/users\/1"}],"replies":[{"embeddable":true,"href":"https:\/\/pueblosycomarcas.com\/en\/wp-json\/wp\/v2\/comments?post=3312"}],"version-history":[{"count":5,"href":"https:\/\/pueblosycomarcas.com\/en\/wp-json\/wp\/v2\/posts\/3312\/revisions"}],"predecessor-version":[{"id":3318,"href":"https:\/\/pueblosycomarcas.com\/en\/wp-json\/wp\/v2\/posts\/3312\/revisions\/3318"}],"wp:featuredmedia":[{"embeddable":true,"href":"https:\/\/pueblosycomarcas.com\/en\/wp-json\/wp\/v2\/media\/3313"}],"wp:attachment":[{"href":"https:\/\/pueblosycomarcas.com\/en\/wp-json\/wp\/v2\/media?parent=3312"}],"wp:term":[{"taxonomy":"category","embeddable":true,"href":"https:\/\/pueblosycomarcas.com\/en\/wp-json\/wp\/v2\/categories?post=3312"},{"taxonomy":"post_tag","embeddable":true,"href":"https:\/\/pueblosycomarcas.com\/en\/wp-json\/wp\/v2\/tags?post=3312"}],"curies":[{"name":"wp","href":"https:\/\/api.w.org\/{rel}","templated":true}]}}