{"id":3305,"date":"2025-11-27T06:02:00","date_gmt":"2025-11-27T05:02:00","guid":{"rendered":"https:\/\/webalquimia.es\/?p=3305"},"modified":"2025-11-26T10:12:10","modified_gmt":"2025-11-26T09:12:10","slug":"el-grupo-de-accion-local-campos-y-torozos-firma-catorce-nuevos-contratos-leader-que-movilizan-mas-de-15-millones-de-euros","status":"publish","type":"post","link":"https:\/\/pueblosycomarcas.com\/en\/el-grupo-de-accion-local-campos-y-torozos-firma-catorce-nuevos-contratos-leader-que-movilizan-mas-de-15-millones-de-euros\/","title":{"rendered":"El Grupo de Acci\u00f3n Local \u2018Campos y Torozos\u2019 firma catorce nuevos contratos LEADER que movilizan m\u00e1s de 1,5 millones de euros"},"content":{"rendered":"<div data-elementor-type=\"wp-post\" data-elementor-id=\"3305\" class=\"elementor elementor-3305\">\n\t\t\t\t<div class=\"elementor-element elementor-element-38ff5fd e-flex e-con-boxed wpr-particle-no wpr-jarallax-no wpr-parallax-no wpr-sticky-section-no wpr-equal-height-no e-con e-parent\" data-id=\"38ff5fd\" data-element_type=\"container\" data-e-type=\"container\">\n\t\t\t\t\t<div class=\"e-con-inner\">\n\t\t\t\t<div class=\"elementor-element elementor-element-b885a56 elementor-widget elementor-widget-heading\" data-id=\"b885a56\" data-element_type=\"widget\" data-e-type=\"widget\" data-widget_type=\"heading.default\">\n\t\t\t\t\t<h2 class=\"elementor-heading-title elementor-size-default\">El Grupo de Acci\u00f3n Local \u2018Campos y Torozos\u2019 firma catorce nuevos contratos LEADER que movilizan m\u00e1s de 1,5 millones de euros<\/h2>\t\t\t\t<\/div>\n\t\t\t\t<div class=\"elementor-element elementor-element-b693626 elementor-widget elementor-widget-text-editor\" data-id=\"b693626\" data-element_type=\"widget\" data-e-type=\"widget\" data-widget_type=\"text-editor.default\">\n\t\t\t\t\t\t\t\t\t<ul><li><h6><em><strong>La directora general de la Industria y la Cadena Agroalimentaria, Cristina Fr\u00edas Rivera, asiste al acto de firma de contratos de las ayudas LEADER gestionadas por el Grupo de Acci\u00f3n Local (GAL) \u2018Campos y Torozos\u2019, en el marco del Plan Estrat\u00e9gico de la PAC (2023-2027)<\/strong><\/em><\/h6><\/li><\/ul>\t\t\t\t\t\t\t\t<\/div>\n\t\t\t\t<div class=\"elementor-element elementor-element-a8d72f4 elementor-widget-divider--view-line elementor-widget elementor-widget-divider\" data-id=\"a8d72f4\" data-element_type=\"widget\" data-e-type=\"widget\" data-widget_type=\"divider.default\">\n\t\t\t\t\t\t\t<div class=\"elementor-divider\">\n\t\t\t<span class=\"elementor-divider-separator\">\n\t\t\t\t\t\t<\/span>\n\t\t<\/div>\n\t\t\t\t\t\t<\/div>\n\t\t\t\t<div class=\"elementor-element elementor-element-229d5a7 elementor-widget elementor-widget-image\" data-id=\"229d5a7\" data-element_type=\"widget\" data-e-type=\"widget\" data-widget_type=\"image.default\">\n\t\t\t\t\t\t\t\t\t\t\t\t\t\t\t<img fetchpriority=\"high\" decoding=\"async\" width=\"800\" height=\"400\" src=\"https:\/\/pueblosycomarcas.com\/wp-content\/uploads\/2025\/11\/20251127_gal_campos_torozos.jpg\" class=\"attachment-large size-large wp-image-3306\" alt=\"\" srcset=\"https:\/\/pueblosycomarcas.com\/wp-content\/uploads\/2025\/11\/20251127_gal_campos_torozos.jpg 800w, https:\/\/pueblosycomarcas.com\/wp-content\/uploads\/2025\/11\/20251127_gal_campos_torozos-300x150.jpg 300w, https:\/\/pueblosycomarcas.com\/wp-content\/uploads\/2025\/11\/20251127_gal_campos_torozos-768x384.jpg 768w\" sizes=\"(max-width: 800px) 100vw, 800px\" \/>\t\t\t\t\t\t\t\t\t\t\t\t\t\t\t<\/div>\n\t\t\t\t<div class=\"elementor-element elementor-element-264adf4 elementor-widget elementor-widget-text-editor\" data-id=\"264adf4\" data-element_type=\"widget\" data-e-type=\"widget\" data-widget_type=\"text-editor.default\">\n\t\t\t\t\t\t\t\t\t<p><a href=\"https:\/\/www.facebook.com\/Pueblos-y-Comarcas-125437870924169\/?fref=ts\"><em><strong>Pueblosycomarcas.com<\/strong><\/em><\/a><em><strong>;\u00a0<\/strong><\/em><a href=\"https:\/\/twitter.com\/PueblosComarcas\"><em><strong>@PueblosComarcas<\/strong><\/em><\/a><\/p><p>El Grupo de Acci\u00f3n Local (GAL) \u2018Campos y Torozos\u2019, gestionado por la Asociaci\u00f3n Colectivo para el Desarrollo Rural de Tierra de Campos ha <strong>formalizado la firma de nuevos contratos de ayuda LEADER, inyectando m\u00e1s de 600.000 euros en el territorio para impulsar proyectos productivos y no productivos<\/strong>, con el objetivo prioritario de generar empleo, fijar poblaci\u00f3n y garantizar la sostenibilidad del medio rural. El acto, enmarcado en la intervenci\u00f3n 7119 LEADER del Plan Estrat\u00e9gico de la PAC de Espa\u00f1a (2023-2027), cont\u00f3 con la presencia de la directora general de la Industria y Cadena Agroalimentaria de la Junta de Castilla y Le\u00f3n,<strong> Cristina Fr\u00edas Rivera<\/strong>.<\/p><p>La firma de estos catorce contratos ha logrado movilizar una <strong>inversi\u00f3n total de 1.579.198,56 \u20ac<\/strong> en la comarca. La ayuda total LEADER asignada por el GAL asciende a <strong>602.666,26 \u20ac<\/strong>, repartidos en 528.426,19 \u20ac para iniciativas productivas y 74.240,07 \u20ac para no productivas. Esta importante inyecci\u00f3n de capital se traduce directamente en la dinamizaci\u00f3n del mercado laboral, con la estimaci\u00f3n de la <strong>generaci\u00f3n de 8,56 nuevos empleos<\/strong> y el <strong>mantenimiento de 21,27 puestos de trabajo<\/strong> ya existentes en \u2018Campos y Torozos\u2019. El <strong>impacto territorial de estas ayudas es clave<\/strong>, ya que fortalecen el tejido socioecon\u00f3mico local, diversifican la actividad productiva y aseguran que los pueblos sigan siendo lugares <em>\u00abvivos y din\u00e1micos en los que merece la pena vivir, invertir y emprender\u00bb<\/em>.<\/p><p>El presidente del GAL \u2018Campos y Torozos\u2019, David Esteban Rodr\u00edguez, abri\u00f3 el acto agradeciendo a los promotores su implicaci\u00f3n y resaltando la funci\u00f3n del GAL como motor de cohesi\u00f3n territorial. <strong><em>\u201cEl GAL es un elemento vertebrador que impulsa el desarrollo socioecon\u00f3mico de nuestros municipios\u201d<\/em><\/strong>, afirm\u00f3. Esteban subray\u00f3 tambi\u00e9n la importancia de las asociaciones locales: <em>\u201cSu labor aporta un valor social fundamental, reforzando la vida comunitaria y cultural de nuestros pueblos\u201d<\/em>.<\/p><p>Por su parte, la directora general de la Industria y Cadena Agroalimentaria de la Junta de Castilla y Le\u00f3n, Cristina Fr\u00edas Rivera puso el foco en el respaldo institucional y la relevancia del programa LEADER. <em>\u201cLos Grupos de Acci\u00f3n Local desempe\u00f1an un papel esencial en la dinamizaci\u00f3n del medio rural, adaptando las estrategias de desarrollo local a las necesidades de cada territorio\u201d<\/em>, asegur\u00f3<strong>. Fr\u00edas record\u00f3 que la administraci\u00f3n auton\u00f3mica mantiene un apoyo constante: <em>\u201cQueremos que los GAL puedan seguir actuando con solvencia y cercan\u00eda, asegurando que sus iniciativas tengan impacto real\u201d<\/em><\/strong>.<\/p><p>Finalmente, el gerente del GAL, Javier Paniagua Guti\u00e9rrez ofreci\u00f3 un balance de los proyectos impulsados durante el \u00faltimo a\u00f1o. <strong><em>\u201cLa combinaci\u00f3n de proyectos productivos y no productivos es nuestra fortaleza: nos permite impulsar la econom\u00eda y, al mismo tiempo, reforzar la cohesi\u00f3n social, la cultura y el patrimonio\u201d<\/em><\/strong>, explic\u00f3. Paniagua destac\u00f3 el trabajo de los promotores: <em>\u201cUno de nuestros objetivos es convertir ideas en realidades, y hoy podemos mostrar catorce ejemplos muy claros de ello, que generan oportunidades y dinamizan nuestro territorio\u201d<\/em>.<\/p><p>En este acto se han firmado los contratos de ayuda de diez proyectos productivos correspondientes a: <strong>Agrofuturo S.C.<\/strong>, en Valdenebro de los Valles, para la creaci\u00f3n de una empresa de servicios agr\u00edcolas; <strong>Urb\u00f3n S.L.<\/strong>, en Medina de Rioseco, para la ampliaci\u00f3n de un taller de reparaci\u00f3n y venta de maquinaria agr\u00edcola; <strong>Cereales y Abonos Gonz\u00e1lez Quiroga S.L.<\/strong>, en Medina de Rioseco, para ampliar su empresa de servicios agr\u00edcolas; <strong>Grupo Arvum V S.L.<\/strong>, tambi\u00e9n en Medina de Rioseco, para la ampliaci\u00f3n de un bar especial; <strong>Grupo Puerta Grande JCCA S.L.<\/strong>, en Villabr\u00e1gima, con dos actuaciones destinadas a ampliar su despacho de productos c\u00e1rnicos y su industria c\u00e1rnica; <strong>Dualia Producci\u00f3n &amp; Comunicaci\u00f3n S.L.<\/strong>, en Medina de Rioseco, para la diversificaci\u00f3n de su actividad en el sector audiovisual; <strong>Agroservicios Ceci S.L.<\/strong>, en Villabr\u00e1gima, para la creaci\u00f3n de una empresa de servicios agr\u00edcolas; <strong>Agroservicios Calonge S.L.<\/strong>, en Medina de Rioseco, tambi\u00e9n para la creaci\u00f3n de una empresa de servicios agr\u00edcolas; y <strong>Pistachos Mis Ra\u00edces S.L.<\/strong>, en Villardefrades, para la puesta en marcha de una procesadora de pistachos.<\/p><p>Asimismo, se han firmado cuatro proyectos no productivos impulsados por asociaciones del territorio: la <strong>Asociaci\u00f3n Cultural \u2018Cristo de la Vega\u2019<\/strong>, de Tordehumos, que desarrollar\u00e1 un punto de encuentro asociativo orientado a la digitalizaci\u00f3n y el acceso a nuevas tecnolog\u00edas; la <strong>Asociaci\u00f3n \u2018Los Cantarillones\u2019<\/strong>, de Morales de Campos, que llevar\u00e1 a cabo la restauraci\u00f3n paisaj\u00edstica del entorno natural del Ca\u00f1o Viejo; y la <strong>Asociaci\u00f3n de Aperos de Ayer<\/strong>, de La Santa Espina, que ha presentado dos proyectos dedicados al estudio de saberes y sabores gastron\u00f3micos ancestrales y al an\u00e1lisis de variedades de cultivos tradicionales de \u2018Campos y Torozos\u2019.<\/p><p>La <strong>ayuda p\u00fablica concedida a los catorce proyectos<\/strong>, procede en un <strong>53,00% de la Uni\u00f3n Europea<\/strong> a trav\u00e9s del Fondo Europeo Agr\u00edcola de Desarrollo Rural (FEADER), un <strong>32,93% de la Consejer\u00eda de Agricultura, Ganader\u00eda y Desarrollo Rural<\/strong> de la Junta de Castilla y Le\u00f3n y un <strong>14,07% del Ministerio de Agricultura, Pesca y Alimentaci\u00f3n<\/strong>.<\/p><p>Durante su intervenci\u00f3n final, el presidente del GAL \u2018Campos y Torozos\u2019, David Esteban Rodr\u00edguez, ha agradecido el apoyo institucional de la Junta de Castilla y Le\u00f3n y la confianza de las empresas y entidades promotoras, destacando que <strong><em>\u201ccada euro LEADER invertido en el medio rural multiplica su impacto en t\u00e9rminos de empleo, bienestar y futuro para nuestros pueblos\u201d<\/em><\/strong>. El acto ha concluido con una foto de familia en la Plaza de Santa Mar\u00eda como muestra del trabajo conjunto entre instituciones, empresas y asociaciones para impulsar el desarrollo del territorio.<\/p>\t\t\t\t\t\t\t\t<\/div>\n\t\t\t\t\t<\/div>\n\t\t\t\t<\/div>\n\t\t\t\t<\/div>","protected":false},"excerpt":{"rendered":"<p>El Grupo de Acci\u00f3n Local \u2018Campos y Torozos\u2019 firma catorce nuevos contratos LEADER que movilizan m\u00e1s de 1,5 millones de euros La directora general de la Industria y la Cadena Agroalimentaria, Cristina Fr\u00edas Rivera, asiste al acto de firma de contratos de las ayudas LEADER gestionadas por el Grupo de Acci\u00f3n Local (GAL) \u2018Campos y Torozos\u2019, en el marco del Plan Estrat\u00e9gico de la PAC (2023-2027) Pueblosycomarcas.com;\u00a0@PueblosComarcas El Grupo de Acci\u00f3n Local (GAL) \u2018Campos y Torozos\u2019, gestionado por la Asociaci\u00f3n Colectivo para el Desarrollo Rural de Tierra de Campos ha formalizado la firma de nuevos contratos de ayuda LEADER, inyectando m\u00e1s de 600.000 euros en el territorio para impulsar proyectos productivos y no productivos, con el objetivo prioritario de generar empleo, fijar poblaci\u00f3n y garantizar la sostenibilidad del medio rural. El acto, enmarcado en la intervenci\u00f3n 7119 LEADER del Plan Estrat\u00e9gico de la PAC de Espa\u00f1a (2023-2027), cont\u00f3 con la presencia de la directora general de la Industria y Cadena Agroalimentaria de la Junta de Castilla y Le\u00f3n, Cristina Fr\u00edas Rivera. La firma de estos catorce contratos ha logrado movilizar una inversi\u00f3n total de 1.579.198,56 \u20ac en la comarca. La ayuda total LEADER asignada por el GAL asciende a 602.666,26 \u20ac, repartidos en 528.426,19 \u20ac para iniciativas productivas y 74.240,07 \u20ac para no productivas. Esta importante inyecci\u00f3n de capital se traduce directamente en la dinamizaci\u00f3n del mercado laboral, con la estimaci\u00f3n de la generaci\u00f3n de 8,56 nuevos empleos y el mantenimiento de 21,27 puestos de trabajo ya existentes en \u2018Campos y Torozos\u2019. El impacto territorial de estas ayudas es clave, ya que fortalecen el tejido socioecon\u00f3mico local, diversifican la actividad productiva y aseguran que los pueblos sigan siendo lugares \u00abvivos y din\u00e1micos en los que merece la pena vivir, invertir y emprender\u00bb. El presidente del GAL \u2018Campos y Torozos\u2019, David Esteban Rodr\u00edguez, abri\u00f3 el acto agradeciendo a los promotores su implicaci\u00f3n y resaltando la funci\u00f3n del GAL como motor de cohesi\u00f3n territorial. \u201cEl GAL es un elemento vertebrador que impulsa el desarrollo socioecon\u00f3mico de nuestros municipios\u201d, afirm\u00f3. Esteban subray\u00f3 tambi\u00e9n la importancia de las asociaciones locales: \u201cSu labor aporta un valor social fundamental, reforzando la vida comunitaria y cultural de nuestros pueblos\u201d. Por su parte, la directora general de la Industria y Cadena Agroalimentaria de la Junta de Castilla y Le\u00f3n, Cristina Fr\u00edas Rivera puso el foco en el respaldo institucional y la relevancia del programa LEADER. \u201cLos Grupos de Acci\u00f3n Local desempe\u00f1an un papel esencial en la dinamizaci\u00f3n del medio rural, adaptando las estrategias de desarrollo local a las necesidades de cada territorio\u201d, asegur\u00f3. Fr\u00edas record\u00f3 que la administraci\u00f3n auton\u00f3mica mantiene un apoyo constante: \u201cQueremos que los GAL puedan seguir actuando con solvencia y cercan\u00eda, asegurando que sus iniciativas tengan impacto real\u201d. Finalmente, el gerente del GAL, Javier Paniagua Guti\u00e9rrez ofreci\u00f3 un balance de los proyectos impulsados durante el \u00faltimo a\u00f1o. \u201cLa combinaci\u00f3n de proyectos productivos y no productivos es nuestra fortaleza: nos permite impulsar la econom\u00eda y, al mismo tiempo, reforzar la cohesi\u00f3n social, la cultura y el patrimonio\u201d, explic\u00f3. Paniagua destac\u00f3 el trabajo de los promotores: \u201cUno de nuestros objetivos es convertir ideas en realidades, y hoy podemos mostrar catorce ejemplos muy claros de ello, que generan oportunidades y dinamizan nuestro territorio\u201d. En este acto se han firmado los contratos de ayuda de diez proyectos productivos correspondientes a: Agrofuturo S.C., en Valdenebro de los Valles, para la creaci\u00f3n de una empresa de servicios agr\u00edcolas; Urb\u00f3n S.L., en Medina de Rioseco, para la ampliaci\u00f3n de un taller de reparaci\u00f3n y venta de maquinaria agr\u00edcola; Cereales y Abonos Gonz\u00e1lez Quiroga S.L., en Medina de Rioseco, para ampliar su empresa de servicios agr\u00edcolas; Grupo Arvum V S.L., tambi\u00e9n en Medina de Rioseco, para la ampliaci\u00f3n de un bar especial; Grupo Puerta Grande JCCA S.L., en Villabr\u00e1gima, con dos actuaciones destinadas a ampliar su despacho de productos c\u00e1rnicos y su industria c\u00e1rnica; Dualia Producci\u00f3n &amp; Comunicaci\u00f3n S.L., en Medina de Rioseco, para la diversificaci\u00f3n de su actividad en el sector audiovisual; Agroservicios Ceci S.L., en Villabr\u00e1gima, para la creaci\u00f3n de una empresa de servicios agr\u00edcolas; Agroservicios Calonge S.L., en Medina de Rioseco, tambi\u00e9n para la creaci\u00f3n de una empresa de servicios agr\u00edcolas; y Pistachos Mis Ra\u00edces S.L., en Villardefrades, para la puesta en marcha de una procesadora de pistachos. Asimismo, se han firmado cuatro proyectos no productivos impulsados por asociaciones del territorio: la Asociaci\u00f3n Cultural \u2018Cristo de la Vega\u2019, de Tordehumos, que desarrollar\u00e1 un punto de encuentro asociativo orientado a la digitalizaci\u00f3n y el acceso a nuevas tecnolog\u00edas; la Asociaci\u00f3n \u2018Los Cantarillones\u2019, de Morales de Campos, que llevar\u00e1 a cabo la restauraci\u00f3n paisaj\u00edstica del entorno natural del Ca\u00f1o Viejo; y la Asociaci\u00f3n de Aperos de Ayer, de La Santa Espina, que ha presentado dos proyectos dedicados al estudio de saberes y sabores gastron\u00f3micos ancestrales y al an\u00e1lisis de variedades de cultivos tradicionales de \u2018Campos y Torozos\u2019. La ayuda p\u00fablica concedida a los catorce proyectos, procede en un 53,00% de la Uni\u00f3n Europea a trav\u00e9s del Fondo Europeo Agr\u00edcola de Desarrollo Rural (FEADER), un 32,93% de la Consejer\u00eda de Agricultura, Ganader\u00eda y Desarrollo Rural de la Junta de Castilla y Le\u00f3n y un 14,07% del Ministerio de Agricultura, Pesca y Alimentaci\u00f3n. Durante su intervenci\u00f3n final, el presidente del GAL \u2018Campos y Torozos\u2019, David Esteban Rodr\u00edguez, ha agradecido el apoyo institucional de la Junta de Castilla y Le\u00f3n y la confianza de las empresas y entidades promotoras, destacando que \u201ccada euro LEADER invertido en el medio rural multiplica su impacto en t\u00e9rminos de empleo, bienestar y futuro para nuestros pueblos\u201d. El acto ha concluido con una foto de familia en la Plaza de Santa Mar\u00eda como muestra del trabajo conjunto entre instituciones, empresas y asociaciones para impulsar el desarrollo del territorio.<\/p>","protected":false},"author":1,"featured_media":3306,"comment_status":"open","ping_status":"closed","sticky":false,"template":"","format":"standard","meta":{"site-sidebar-layout":"default","site-content-layout":"","ast-site-content-layout":"default","site-content-style":"default","site-sidebar-style":"default","ast-global-header-display":"","ast-banner-title-visibility":"","ast-main-header-display":"","ast-hfb-above-header-display":"","ast-hfb-below-header-display":"","ast-hfb-mobile-header-display":"","site-post-title":"disabled","ast-breadcrumbs-content":"","ast-featured-img":"","footer-sml-layout":"","theme-transparent-header-meta":"","adv-header-id-meta":"","stick-header-meta":"","header-above-stick-meta":"","header-main-stick-meta":"","header-below-stick-meta":"","astra-migrate-meta-layouts":"default","ast-page-background-enabled":"default","ast-page-background-meta":{"desktop":{"background-color":"var(--ast-global-color-5)","background-image":"","background-repeat":"repeat","background-position":"center center","background-size":"auto","background-attachment":"scroll","background-type":"","background-media":"","overlay-type":"","overlay-color":"","overlay-opacity":"","overlay-gradient":""},"tablet":{"background-color":"","background-image":"","background-repeat":"repeat","background-position":"center center","background-size":"auto","background-attachment":"scroll","background-type":"","background-media":"","overlay-type":"","overlay-color":"","overlay-opacity":"","overlay-gradient":""},"mobile":{"background-color":"","background-image":"","background-repeat":"repeat","background-position":"center center","background-size":"auto","background-attachment":"scroll","background-type":"","background-media":"","overlay-type":"","overlay-color":"","overlay-opacity":"","overlay-gradient":""}},"ast-content-background-meta":{"desktop":{"background-color":"var(--ast-global-color-4)","background-image":"","background-repeat":"repeat","background-position":"center center","background-size":"auto","background-attachment":"scroll","background-type":"","background-media":"","overlay-type":"","overlay-color":"","overlay-opacity":"","overlay-gradient":""},"tablet":{"background-color":"var(--ast-global-color-4)","background-image":"","background-repeat":"repeat","background-position":"center center","background-size":"auto","background-attachment":"scroll","background-type":"","background-media":"","overlay-type":"","overlay-color":"","overlay-opacity":"","overlay-gradient":""},"mobile":{"background-color":"var(--ast-global-color-4)","background-image":"","background-repeat":"repeat","background-position":"center center","background-size":"auto","background-attachment":"scroll","background-type":"","background-media":"","overlay-type":"","overlay-color":"","overlay-opacity":"","overlay-gradient":""}},"ngg_post_thumbnail":0,"footnotes":""},"categories":[10,16],"tags":[207,108],"class_list":["post-3305","post","type-post","status-publish","format-standard","has-post-thumbnail","hentry","category-otras-comarcas","category-portada","tag-gal-campos-y-torozos","tag-medina-de-rioseco"],"aioseo_notices":[],"rttpg_featured_image_url":{"full":["https:\/\/pueblosycomarcas.com\/wp-content\/uploads\/2025\/11\/20251127_gal_campos_torozos.jpg",800,400,false],"landscape":["https:\/\/pueblosycomarcas.com\/wp-content\/uploads\/2025\/11\/20251127_gal_campos_torozos.jpg",800,400,false],"portraits":["https:\/\/pueblosycomarcas.com\/wp-content\/uploads\/2025\/11\/20251127_gal_campos_torozos.jpg",800,400,false],"thumbnail":["https:\/\/pueblosycomarcas.com\/wp-content\/uploads\/2025\/11\/20251127_gal_campos_torozos-150x150.jpg",150,150,true],"medium":["https:\/\/pueblosycomarcas.com\/wp-content\/uploads\/2025\/11\/20251127_gal_campos_torozos-300x150.jpg",300,150,true],"large":["https:\/\/pueblosycomarcas.com\/wp-content\/uploads\/2025\/11\/20251127_gal_campos_torozos.jpg",800,400,false],"1536x1536":["https:\/\/pueblosycomarcas.com\/wp-content\/uploads\/2025\/11\/20251127_gal_campos_torozos.jpg",800,400,false],"2048x2048":["https:\/\/pueblosycomarcas.com\/wp-content\/uploads\/2025\/11\/20251127_gal_campos_torozos.jpg",800,400,false],"trp-custom-language-flag":["https:\/\/pueblosycomarcas.com\/wp-content\/uploads\/2025\/11\/20251127_gal_campos_torozos.jpg",18,9,false]},"rttpg_author":{"display_name":"admin","author_link":"https:\/\/pueblosycomarcas.com\/en\/author\/webalquimia\/"},"rttpg_comment":0,"rttpg_category":"<a href=\"https:\/\/pueblosycomarcas.com\/en\/category\/otras-comarcas\/\" rel=\"category tag\">Otras Comarcas<\/a> <a href=\"https:\/\/pueblosycomarcas.com\/en\/category\/portada\/\" rel=\"category tag\">Portada<\/a>","rttpg_excerpt":"El Grupo de Acci\u00f3n Local \u2018Campos y Torozos\u2019 firma catorce nuevos contratos LEADER que movilizan m\u00e1s de 1,5 millones de euros La directora general de la Industria y la Cadena Agroalimentaria, Cristina Fr\u00edas Rivera, asiste al acto de firma de contratos de las ayudas LEADER gestionadas por el Grupo de Acci\u00f3n Local (GAL) \u2018Campos y&hellip;","_links":{"self":[{"href":"https:\/\/pueblosycomarcas.com\/en\/wp-json\/wp\/v2\/posts\/3305","targetHints":{"allow":["GET"]}}],"collection":[{"href":"https:\/\/pueblosycomarcas.com\/en\/wp-json\/wp\/v2\/posts"}],"about":[{"href":"https:\/\/pueblosycomarcas.com\/en\/wp-json\/wp\/v2\/types\/post"}],"author":[{"embeddable":true,"href":"https:\/\/pueblosycomarcas.com\/en\/wp-json\/wp\/v2\/users\/1"}],"replies":[{"embeddable":true,"href":"https:\/\/pueblosycomarcas.com\/en\/wp-json\/wp\/v2\/comments?post=3305"}],"version-history":[{"count":5,"href":"https:\/\/pueblosycomarcas.com\/en\/wp-json\/wp\/v2\/posts\/3305\/revisions"}],"predecessor-version":[{"id":3311,"href":"https:\/\/pueblosycomarcas.com\/en\/wp-json\/wp\/v2\/posts\/3305\/revisions\/3311"}],"wp:featuredmedia":[{"embeddable":true,"href":"https:\/\/pueblosycomarcas.com\/en\/wp-json\/wp\/v2\/media\/3306"}],"wp:attachment":[{"href":"https:\/\/pueblosycomarcas.com\/en\/wp-json\/wp\/v2\/media?parent=3305"}],"wp:term":[{"taxonomy":"category","embeddable":true,"href":"https:\/\/pueblosycomarcas.com\/en\/wp-json\/wp\/v2\/categories?post=3305"},{"taxonomy":"post_tag","embeddable":true,"href":"https:\/\/pueblosycomarcas.com\/en\/wp-json\/wp\/v2\/tags?post=3305"}],"curies":[{"name":"wp","href":"https:\/\/api.w.org\/{rel}","templated":true}]}}