{"id":3291,"date":"2025-11-26T06:04:00","date_gmt":"2025-11-26T05:04:00","guid":{"rendered":"https:\/\/webalquimia.es\/?p=3291"},"modified":"2025-11-25T13:38:20","modified_gmt":"2025-11-25T12:38:20","slug":"la-asociacion-de-vecinos-de-portillo-organiza-este-fin-de-semana-la-tercera-edicion-de-su-mercado-navideno","status":"publish","type":"post","link":"https:\/\/pueblosycomarcas.com\/en\/la-asociacion-de-vecinos-de-portillo-organiza-este-fin-de-semana-la-tercera-edicion-de-su-mercado-navideno\/","title":{"rendered":"La Asociaci\u00f3n de Vecinos de Portillo organiza este fin de semana la tercera edici\u00f3n de su mercado navide\u00f1o"},"content":{"rendered":"<div data-elementor-type=\"wp-post\" data-elementor-id=\"3291\" class=\"elementor elementor-3291\">\n\t\t\t\t<div class=\"elementor-element elementor-element-7231b24 e-flex e-con-boxed wpr-particle-no wpr-jarallax-no wpr-parallax-no wpr-sticky-section-no wpr-equal-height-no e-con e-parent\" data-id=\"7231b24\" data-element_type=\"container\" data-e-type=\"container\">\n\t\t\t\t\t<div class=\"e-con-inner\">\n\t\t\t\t<div class=\"elementor-element elementor-element-b333ee9 elementor-widget elementor-widget-heading\" data-id=\"b333ee9\" data-element_type=\"widget\" data-e-type=\"widget\" data-widget_type=\"heading.default\">\n\t\t\t\t\t<h2 class=\"elementor-heading-title elementor-size-default\">La Asociaci\u00f3n de Vecinos de Portillo organiza este fin de semana la tercera edici\u00f3n de su mercado navide\u00f1o<\/h2>\t\t\t\t<\/div>\n\t\t\t\t<div class=\"elementor-element elementor-element-7ad88d7 elementor-widget elementor-widget-text-editor\" data-id=\"7ad88d7\" data-element_type=\"widget\" data-e-type=\"widget\" data-widget_type=\"text-editor.default\">\n\t\t\t\t\t\t\t\t\t<ul><li><h6><em><strong>Adem\u00e1s de diferentes puestos de exposici\u00f3n y venta de productos, el colectivo ha dise\u00f1ado un completo programa de actividades para vecinos y visitantes<\/strong><\/em><\/h6><\/li><\/ul>\t\t\t\t\t\t\t\t<\/div>\n\t\t\t\t<div class=\"elementor-element elementor-element-092c938 elementor-widget-divider--view-line elementor-widget elementor-widget-divider\" data-id=\"092c938\" data-element_type=\"widget\" data-e-type=\"widget\" data-widget_type=\"divider.default\">\n\t\t\t\t\t\t\t<div class=\"elementor-divider\">\n\t\t\t<span class=\"elementor-divider-separator\">\n\t\t\t\t\t\t<\/span>\n\t\t<\/div>\n\t\t\t\t\t\t<\/div>\n\t\t\t\t<div class=\"elementor-element elementor-element-c5d0136 elementor-widget elementor-widget-image\" data-id=\"c5d0136\" data-element_type=\"widget\" data-e-type=\"widget\" data-widget_type=\"image.default\">\n\t\t\t\t\t\t\t\t\t\t\t\t\t\t\t<img fetchpriority=\"high\" decoding=\"async\" width=\"800\" height=\"400\" src=\"https:\/\/pueblosycomarcas.com\/wp-content\/uploads\/2025\/11\/20251126_mercado_navideno_portillo.jpg\" class=\"attachment-large size-large wp-image-3292\" alt=\"\" srcset=\"https:\/\/pueblosycomarcas.com\/wp-content\/uploads\/2025\/11\/20251126_mercado_navideno_portillo.jpg 800w, https:\/\/pueblosycomarcas.com\/wp-content\/uploads\/2025\/11\/20251126_mercado_navideno_portillo-300x150.jpg 300w, https:\/\/pueblosycomarcas.com\/wp-content\/uploads\/2025\/11\/20251126_mercado_navideno_portillo-768x384.jpg 768w\" sizes=\"(max-width: 800px) 100vw, 800px\" \/>\t\t\t\t\t\t\t\t\t\t\t\t\t\t\t<\/div>\n\t\t\t\t<div class=\"elementor-element elementor-element-274bf70 elementor-widget elementor-widget-text-editor\" data-id=\"274bf70\" data-element_type=\"widget\" data-e-type=\"widget\" data-widget_type=\"text-editor.default\">\n\t\t\t\t\t\t\t\t\t<p><a href=\"https:\/\/www.facebook.com\/Pueblos-y-Comarcas-125437870924169\/?fref=ts\"><strong><em>Pueblosycomarcas.com<\/em><\/strong><\/a><strong><em>;\u00a0<\/em><\/strong><a href=\"https:\/\/twitter.com\/PueblosComarcas\"><strong><em>@PueblosComarcas<\/em><\/strong><\/a><\/p><p>El pr\u00f3ximo fin de semana, organizado por la Asociaci\u00f3n de Vecinos P\u00edo del R\u00edo y el Ayuntamiento en colaboraci\u00f3n con otros colectivos sociales locales como el de \u00c1guedas o la Asamblea de Cruz Roja, se va a celebrar en Portillo, en su Plaza de la Villa, la tercera edici\u00f3n de su Mercado Navide\u00f1o.<\/p><p>Como destacan desde la asociaci\u00f3n de vecinos, \u201cpor tercer a\u00f1o consecutivo queremos adelantar a cuantos se quieran acercar a Portillo durante este fin de semana, ya sean vecinos o visitantes de otros lugares, unas fechas tan entra\u00f1ables como son las Navidades. Adem\u00e1s, a los 19 puestos de muy diversos sectores -embutidos, juguetes, galletas navide\u00f1as, mantecados de Portillo, encurtido, miel, bisuter\u00eda, velas, libros, etc.- que llenar\u00e1n la plaza, hay que sumar una serie de actividades que se celebrar\u00e1n durante s\u00e1bado y domingo\u201d.<\/p><p>Entrando de lleno en este programa, las propuestas dise\u00f1as por los organizadores dar\u00e1n comienzo a las 12:30 horas del s\u00e1bado 29 de noviembre con la inauguraci\u00f3n del mercado por parte de las autoridades locales y representantes de las asociaciones organizadoras.<\/p><p>Media hora despu\u00e9s, a las 13:00 horas, se desarrollar\u00e1 un taller de manualidades a cargo de la Asamblea Local de Cruz Roja que servir\u00e1 para dar el salto al programa de tarde que se retomar\u00e1 a las 17:30 horas con la representaci\u00f3n, en la propia Plaza de la Villa, de <em>Los duendes de la Navidad <\/em>a cargo de Kamaru Teatro.<\/p><p>El tel\u00f3n a las actividades sabatinas lo pondr\u00e1 la celebraci\u00f3n del Certamen Literario organizado por el Ayuntamiento de Portillo. Ser\u00e1 en el teatro \u00c1lvaro de Luna (Distrito 2) desde las 19:30 horas.<\/p><p>La actividad continuar\u00e1 el domingo 30, a partir de las 12:00 horas, con un taller de adornos navide\u00f1os realizado por la asociaci\u00f3n de vecinos al que le seguir\u00e1, media hora m\u00e1s tarde, otro de galletas en el Juego de Pelotas.<\/p><p>A partir de las 12:45 horas Pap\u00e1 Noel y su elfo visitar\u00e1n el Mercado en la Plaza de la Villa y a las 13.00 horas los voluntarios de la Asamblea Local de Cruz Roja realizar\u00e1n un nuevo taller, esta vez de pintacaras.<\/p><p>La programaci\u00f3n del mercado concluir\u00e1 en la tarde del domingo con un taller de velas navide\u00f1as, desde las cinco, y con las actuaciones del Grupo Municipal de Danza y de la Tuna de Econ\u00f3micas a las seis y a las siete respectivamente.<\/p><p>El punto y final al programa del mercadillo lo pondr\u00e1n el sorteo de una cesta de Navidad.<\/p><p>Por \u00faltimo, se\u00f1alar que diferentes mu\u00f1ecos Disney visitar\u00e1n el mercado a lo largo de estas jornadas.<\/p>\t\t\t\t\t\t\t\t<\/div>\n\t\t\t\t\t<\/div>\n\t\t\t\t<\/div>\n\t\t\t\t<\/div>","protected":false},"excerpt":{"rendered":"<p>La Asociaci\u00f3n de Vecinos de Portillo organiza este fin de semana la tercera edici\u00f3n de su mercado navide\u00f1o Adem\u00e1s de diferentes puestos de exposici\u00f3n y venta de productos, el colectivo ha dise\u00f1ado un completo programa de actividades para vecinos y visitantes Pueblosycomarcas.com;\u00a0@PueblosComarcas El pr\u00f3ximo fin de semana, organizado por la Asociaci\u00f3n de Vecinos P\u00edo del R\u00edo y el Ayuntamiento en colaboraci\u00f3n con otros colectivos sociales locales como el de \u00c1guedas o la Asamblea de Cruz Roja, se va a celebrar en Portillo, en su Plaza de la Villa, la tercera edici\u00f3n de su Mercado Navide\u00f1o. Como destacan desde la asociaci\u00f3n de vecinos, \u201cpor tercer a\u00f1o consecutivo queremos adelantar a cuantos se quieran acercar a Portillo durante este fin de semana, ya sean vecinos o visitantes de otros lugares, unas fechas tan entra\u00f1ables como son las Navidades. Adem\u00e1s, a los 19 puestos de muy diversos sectores -embutidos, juguetes, galletas navide\u00f1as, mantecados de Portillo, encurtido, miel, bisuter\u00eda, velas, libros, etc.- que llenar\u00e1n la plaza, hay que sumar una serie de actividades que se celebrar\u00e1n durante s\u00e1bado y domingo\u201d. Entrando de lleno en este programa, las propuestas dise\u00f1as por los organizadores dar\u00e1n comienzo a las 12:30 horas del s\u00e1bado 29 de noviembre con la inauguraci\u00f3n del mercado por parte de las autoridades locales y representantes de las asociaciones organizadoras. Media hora despu\u00e9s, a las 13:00 horas, se desarrollar\u00e1 un taller de manualidades a cargo de la Asamblea Local de Cruz Roja que servir\u00e1 para dar el salto al programa de tarde que se retomar\u00e1 a las 17:30 horas con la representaci\u00f3n, en la propia Plaza de la Villa, de Los duendes de la Navidad a cargo de Kamaru Teatro. El tel\u00f3n a las actividades sabatinas lo pondr\u00e1 la celebraci\u00f3n del Certamen Literario organizado por el Ayuntamiento de Portillo. Ser\u00e1 en el teatro \u00c1lvaro de Luna (Distrito 2) desde las 19:30 horas. La actividad continuar\u00e1 el domingo 30, a partir de las 12:00 horas, con un taller de adornos navide\u00f1os realizado por la asociaci\u00f3n de vecinos al que le seguir\u00e1, media hora m\u00e1s tarde, otro de galletas en el Juego de Pelotas. A partir de las 12:45 horas Pap\u00e1 Noel y su elfo visitar\u00e1n el Mercado en la Plaza de la Villa y a las 13.00 horas los voluntarios de la Asamblea Local de Cruz Roja realizar\u00e1n un nuevo taller, esta vez de pintacaras. La programaci\u00f3n del mercado concluir\u00e1 en la tarde del domingo con un taller de velas navide\u00f1as, desde las cinco, y con las actuaciones del Grupo Municipal de Danza y de la Tuna de Econ\u00f3micas a las seis y a las siete respectivamente. El punto y final al programa del mercadillo lo pondr\u00e1n el sorteo de una cesta de Navidad. Por \u00faltimo, se\u00f1alar que diferentes mu\u00f1ecos Disney visitar\u00e1n el mercado a lo largo de estas jornadas.<\/p>","protected":false},"author":1,"featured_media":3292,"comment_status":"open","ping_status":"closed","sticky":false,"template":"","format":"standard","meta":{"site-sidebar-layout":"default","site-content-layout":"","ast-site-content-layout":"default","site-content-style":"default","site-sidebar-style":"default","ast-global-header-display":"","ast-banner-title-visibility":"","ast-main-header-display":"","ast-hfb-above-header-display":"","ast-hfb-below-header-display":"","ast-hfb-mobile-header-display":"","site-post-title":"disabled","ast-breadcrumbs-content":"","ast-featured-img":"","footer-sml-layout":"","theme-transparent-header-meta":"","adv-header-id-meta":"","stick-header-meta":"","header-above-stick-meta":"","header-main-stick-meta":"","header-below-stick-meta":"","astra-migrate-meta-layouts":"default","ast-page-background-enabled":"default","ast-page-background-meta":{"desktop":{"background-color":"var(--ast-global-color-5)","background-image":"","background-repeat":"repeat","background-position":"center center","background-size":"auto","background-attachment":"scroll","background-type":"","background-media":"","overlay-type":"","overlay-color":"","overlay-opacity":"","overlay-gradient":""},"tablet":{"background-color":"","background-image":"","background-repeat":"repeat","background-position":"center center","background-size":"auto","background-attachment":"scroll","background-type":"","background-media":"","overlay-type":"","overlay-color":"","overlay-opacity":"","overlay-gradient":""},"mobile":{"background-color":"","background-image":"","background-repeat":"repeat","background-position":"center center","background-size":"auto","background-attachment":"scroll","background-type":"","background-media":"","overlay-type":"","overlay-color":"","overlay-opacity":"","overlay-gradient":""}},"ast-content-background-meta":{"desktop":{"background-color":"var(--ast-global-color-4)","background-image":"","background-repeat":"repeat","background-position":"center center","background-size":"auto","background-attachment":"scroll","background-type":"","background-media":"","overlay-type":"","overlay-color":"","overlay-opacity":"","overlay-gradient":""},"tablet":{"background-color":"var(--ast-global-color-4)","background-image":"","background-repeat":"repeat","background-position":"center center","background-size":"auto","background-attachment":"scroll","background-type":"","background-media":"","overlay-type":"","overlay-color":"","overlay-opacity":"","overlay-gradient":""},"mobile":{"background-color":"var(--ast-global-color-4)","background-image":"","background-repeat":"repeat","background-position":"center center","background-size":"auto","background-attachment":"scroll","background-type":"","background-media":"","overlay-type":"","overlay-color":"","overlay-opacity":"","overlay-gradient":""}},"ngg_post_thumbnail":0,"footnotes":""},"categories":[11,18],"tags":[206,34],"class_list":["post-3291","post","type-post","status-publish","format-standard","has-post-thumbnail","hentry","category-deportes-y-ocio","category-ocio","tag-asociacion-de-vecinos-pio-del-rio-hortega","tag-portillo"],"aioseo_notices":[],"rttpg_featured_image_url":{"full":["https:\/\/pueblosycomarcas.com\/wp-content\/uploads\/2025\/11\/20251126_mercado_navideno_portillo.jpg",800,400,false],"landscape":["https:\/\/pueblosycomarcas.com\/wp-content\/uploads\/2025\/11\/20251126_mercado_navideno_portillo.jpg",800,400,false],"portraits":["https:\/\/pueblosycomarcas.com\/wp-content\/uploads\/2025\/11\/20251126_mercado_navideno_portillo.jpg",800,400,false],"thumbnail":["https:\/\/pueblosycomarcas.com\/wp-content\/uploads\/2025\/11\/20251126_mercado_navideno_portillo-150x150.jpg",150,150,true],"medium":["https:\/\/pueblosycomarcas.com\/wp-content\/uploads\/2025\/11\/20251126_mercado_navideno_portillo-300x150.jpg",300,150,true],"large":["https:\/\/pueblosycomarcas.com\/wp-content\/uploads\/2025\/11\/20251126_mercado_navideno_portillo.jpg",800,400,false],"1536x1536":["https:\/\/pueblosycomarcas.com\/wp-content\/uploads\/2025\/11\/20251126_mercado_navideno_portillo.jpg",800,400,false],"2048x2048":["https:\/\/pueblosycomarcas.com\/wp-content\/uploads\/2025\/11\/20251126_mercado_navideno_portillo.jpg",800,400,false],"trp-custom-language-flag":["https:\/\/pueblosycomarcas.com\/wp-content\/uploads\/2025\/11\/20251126_mercado_navideno_portillo.jpg",18,9,false]},"rttpg_author":{"display_name":"admin","author_link":"https:\/\/pueblosycomarcas.com\/en\/author\/webalquimia\/"},"rttpg_comment":0,"rttpg_category":"<a href=\"https:\/\/pueblosycomarcas.com\/en\/category\/deportes-y-ocio\/\" rel=\"category tag\">Deporte y Ocio<\/a> <a href=\"https:\/\/pueblosycomarcas.com\/en\/category\/ocio\/\" rel=\"category tag\">Ocio<\/a>","rttpg_excerpt":"La Asociaci\u00f3n de Vecinos de Portillo organiza este fin de semana la tercera edici\u00f3n de su mercado navide\u00f1o Adem\u00e1s de diferentes puestos de exposici\u00f3n y venta de productos, el colectivo ha dise\u00f1ado un completo programa de actividades para vecinos y visitantes Pueblosycomarcas.com;\u00a0@PueblosComarcas El pr\u00f3ximo fin de semana, organizado por la Asociaci\u00f3n de Vecinos P\u00edo del&hellip;","_links":{"self":[{"href":"https:\/\/pueblosycomarcas.com\/en\/wp-json\/wp\/v2\/posts\/3291","targetHints":{"allow":["GET"]}}],"collection":[{"href":"https:\/\/pueblosycomarcas.com\/en\/wp-json\/wp\/v2\/posts"}],"about":[{"href":"https:\/\/pueblosycomarcas.com\/en\/wp-json\/wp\/v2\/types\/post"}],"author":[{"embeddable":true,"href":"https:\/\/pueblosycomarcas.com\/en\/wp-json\/wp\/v2\/users\/1"}],"replies":[{"embeddable":true,"href":"https:\/\/pueblosycomarcas.com\/en\/wp-json\/wp\/v2\/comments?post=3291"}],"version-history":[{"count":5,"href":"https:\/\/pueblosycomarcas.com\/en\/wp-json\/wp\/v2\/posts\/3291\/revisions"}],"predecessor-version":[{"id":3297,"href":"https:\/\/pueblosycomarcas.com\/en\/wp-json\/wp\/v2\/posts\/3291\/revisions\/3297"}],"wp:featuredmedia":[{"embeddable":true,"href":"https:\/\/pueblosycomarcas.com\/en\/wp-json\/wp\/v2\/media\/3292"}],"wp:attachment":[{"href":"https:\/\/pueblosycomarcas.com\/en\/wp-json\/wp\/v2\/media?parent=3291"}],"wp:term":[{"taxonomy":"category","embeddable":true,"href":"https:\/\/pueblosycomarcas.com\/en\/wp-json\/wp\/v2\/categories?post=3291"},{"taxonomy":"post_tag","embeddable":true,"href":"https:\/\/pueblosycomarcas.com\/en\/wp-json\/wp\/v2\/tags?post=3291"}],"curies":[{"name":"wp","href":"https:\/\/api.w.org\/{rel}","templated":true}]}}