{"id":3278,"date":"2025-11-26T06:02:00","date_gmt":"2025-11-26T05:02:00","guid":{"rendered":"https:\/\/webalquimia.es\/?p=3278"},"modified":"2025-11-25T11:52:26","modified_gmt":"2025-11-25T10:52:26","slug":"iu-tlp-propone-la-creacion-de-un-nuevo-programa-rural-de-compostaje-comunitario-que-permitira-rebajar-el-coste-de-la-tasa-de-basuras","status":"publish","type":"post","link":"https:\/\/pueblosycomarcas.com\/en\/iu-tlp-propone-la-creacion-de-un-nuevo-programa-rural-de-compostaje-comunitario-que-permitira-rebajar-el-coste-de-la-tasa-de-basuras\/","title":{"rendered":"IU-TLP propone la creaci\u00f3n de un nuevo programa rural de compostaje comunitario que permitir\u00e1 rebajar el coste de la tasa de basuras"},"content":{"rendered":"<div data-elementor-type=\"wp-post\" data-elementor-id=\"3278\" class=\"elementor elementor-3278\">\n\t\t\t\t<div class=\"elementor-element elementor-element-07b7911 e-flex e-con-boxed wpr-particle-no wpr-jarallax-no wpr-parallax-no wpr-sticky-section-no wpr-equal-height-no e-con e-parent\" data-id=\"07b7911\" data-element_type=\"container\" data-e-type=\"container\">\n\t\t\t\t\t<div class=\"e-con-inner\">\n\t\t\t\t<div class=\"elementor-element elementor-element-62437a3 elementor-widget elementor-widget-heading\" data-id=\"62437a3\" data-element_type=\"widget\" data-e-type=\"widget\" data-widget_type=\"heading.default\">\n\t\t\t\t\t<h2 class=\"elementor-heading-title elementor-size-default\">IU-TLP propone la creaci\u00f3n de un nuevo programa rural de compostaje comunitario que permitir\u00e1 rebajar el coste de la tasa de basuras<\/h2>\t\t\t\t<\/div>\n\t\t\t\t<div class=\"elementor-element elementor-element-1f383af elementor-widget elementor-widget-text-editor\" data-id=\"1f383af\" data-element_type=\"widget\" data-e-type=\"widget\" data-widget_type=\"text-editor.default\">\n\t\t\t\t\t\t\t\t\t<ul><li><h6><em><strong>El diputado Julio Pereda registra un total de 12 enmiendas por un importe de 5,5 millones de euros al presupuesto 2026 de la Diputaci\u00f3n Provincial<\/strong><\/em><\/h6><\/li><\/ul>\t\t\t\t\t\t\t\t<\/div>\n\t\t\t\t<div class=\"elementor-element elementor-element-d1b1075 elementor-widget-divider--view-line elementor-widget elementor-widget-divider\" data-id=\"d1b1075\" data-element_type=\"widget\" data-e-type=\"widget\" data-widget_type=\"divider.default\">\n\t\t\t\t\t\t\t<div class=\"elementor-divider\">\n\t\t\t<span class=\"elementor-divider-separator\">\n\t\t\t\t\t\t<\/span>\n\t\t<\/div>\n\t\t\t\t\t\t<\/div>\n\t\t\t\t<div class=\"elementor-element elementor-element-44ec171 elementor-widget elementor-widget-image\" data-id=\"44ec171\" data-element_type=\"widget\" data-e-type=\"widget\" data-widget_type=\"image.default\">\n\t\t\t\t\t\t\t\t\t\t\t\t\t\t\t<img fetchpriority=\"high\" decoding=\"async\" width=\"800\" height=\"400\" src=\"https:\/\/pueblosycomarcas.com\/wp-content\/uploads\/2025\/10\/20251030_julio_pereda_tlp.jpg\" class=\"attachment-large size-large wp-image-1775\" alt=\"\" srcset=\"https:\/\/pueblosycomarcas.com\/wp-content\/uploads\/2025\/10\/20251030_julio_pereda_tlp.jpg 800w, https:\/\/pueblosycomarcas.com\/wp-content\/uploads\/2025\/10\/20251030_julio_pereda_tlp-300x150.jpg 300w, https:\/\/pueblosycomarcas.com\/wp-content\/uploads\/2025\/10\/20251030_julio_pereda_tlp-768x384.jpg 768w\" sizes=\"(max-width: 800px) 100vw, 800px\" \/>\t\t\t\t\t\t\t\t\t\t\t\t\t\t\t<\/div>\n\t\t\t\t<div class=\"elementor-element elementor-element-e667376 elementor-widget elementor-widget-text-editor\" data-id=\"e667376\" data-element_type=\"widget\" data-e-type=\"widget\" data-widget_type=\"text-editor.default\">\n\t\t\t\t\t\t\t\t\t<p><a href=\"https:\/\/www.facebook.com\/Pueblos-y-Comarcas-125437870924169\/?fref=ts\"><em><strong>Pueblosycomarcas.com<\/strong><\/em><\/a><em><strong>;&nbsp;<\/strong><\/em><a href=\"https:\/\/twitter.com\/PueblosComarcas\"><em><strong>@PueblosComarcas<\/strong><\/em><\/a><\/p>\n<p>El pr\u00f3ximo viernes, la instituci\u00f3n provincial debatir\u00e1 el proyecto de presupuestos generales 2026, un plan econ\u00f3mico con el que el grupo IU-TLP se muestra cr\u00edtico, al ser \u201c<em>un m\u00e1s de lo mismo de las pol\u00edticas que est\u00e1n llevando al vaciamiento del medio rural de la provincia, el gran olvidado en este presupuesto<\/em>\u201d, afirma Pereda, quien se muestra en desacuerdo \u201c<em>con la cantidad de fondos que la diputaci\u00f3n destina de forma nominativa a cuestiones que no repercuten en el medio rural<\/em>\u201d. Por este motivo las enmiendas que presenta su grupo van dirigidas principalmente a aumentar la financiaci\u00f3n de los ayuntamientos con el fin de cubrir necesidades b\u00e1sicas de los pueblos de la provincia en materia social, urban\u00edstica, medioambiental y cultural.<\/p>\n<p>Entre las propuestas que Pereda pone sobre la mesa, destaca el establecimiento de un programa de compostaje comunitario con el que los vecinos y vecinas del medio rural puedan reducir la carga de materia org\u00e1nica que se env\u00eda al Centro de Tratamiento de Residuos, lo que permitir\u00eda que, adem\u00e1s de generarse un producto con el que abonar parques, jardines o cultivos en los municipios, se pudiera rebajar la tasa de basuras para el contribuyente al disminuir de forma considerable la generaci\u00f3n de residuos. Una medida con beneficios ecol\u00f3gicos y econ\u00f3micos.<\/p>\n<h4><strong>PLAN DE RUINAS<\/strong><\/h4>\n<p>Otra medida que plantea la formaci\u00f3n de izquierdas es multiplicar por dos el presupuesto que la Diputaci\u00f3n destina al plan de viviendas en ruinas, un programa con el que da soporte econ\u00f3mico y t\u00e9cnico a los ayuntamientos en la resoluci\u00f3n de los conflictos urban\u00edsticos que provocan las ruinas en los municipios. \u201c<em>Este es un plan muy importante para los pueblos, recibe gran demanda de solicitudes pero se queda escaso de medios, lo que hace que est\u00e9 atascado y haya expedientes de ruinas en tramitaci\u00f3n que llevan a\u00f1os en espera de actuaci\u00f3n<\/em>\u201d, expone Pereda, quien incide en que \u201c<em>las ruinas suponen un problema de hondo calado en los municipios y la Diputaci\u00f3n debe mover ficha para aportar las soluciones que muchos ayuntamientos precisan al no tener capacidad de gestionarlas por s\u00ed solos<\/em>\u201d.<\/p>\n<p>En materia de urbanismo IU-TLP propone un incremento de 3,5 millones de euros al programa de planes provinciales, que es el mayor recurso que tienen los ayuntamientos para realizar obras de mejora en sus municipios. De igual manera, dirige otra enmienda al incremento de los fondos de la nueva partida destinada a dar apoyo a los ayuntamientos en la actualizaci\u00f3n de los planes de ordenaci\u00f3n urbana, una partida que Pereda propuso crear en el ejercicio anterior, entonces sin \u00e9xito.<\/p>\n<p>Otras dos iniciativas importantes son la propuesta de la creaci\u00f3n de una partida de subvenciones a ayuntamientos para la instalaci\u00f3n de fotovoltaicas en edificios municipales, iniciativa ligada a la creaci\u00f3n de comunidades energ\u00e9ticas y, por \u00faltimo, una enmienda que propone incremento de fondos para la mejora de escuelas rurales. Esta es una iniciativa que lanz\u00f3 IU-TLP y fue aceptada en el ejercicio anterior, por la que, gracias a ella, los colegios de los pueblos est\u00e1n recibiendo nuevas actuaciones de mantenimiento de instalaciones.<\/p>\n<p>En materia de cultura, TLP apuesta por el incremento del apoyo a las asociaciones culturales locales, que son los colectivos que en la pr\u00e1ctica dinamizan el d\u00eda a d\u00eda del medio rural. Tambi\u00e9n se propone la eliminaci\u00f3n de en torno a 50 subvenciones nominativas en materia de cultura y deporte para, aumentando la partida considerablemente, reconvertirlas en competitivas y abrir el acceso a todos los colectivos y clubs. \u201c<em>No compartimos que se reparta el dinero en funci\u00f3n de haber llamado m\u00e1s fuerte a la puerta del presidente o diputado de turno, eso crea redes de clientelismo que hay que hacer desaparecer. Lo suyo es que las ayudas se concedan teniendo en cuenta un proyecto cultural o deportivo que se rija por unas bases a las que todos los potenciales interesados puedan acceder<\/em>\u201d , sentencia el diputado Pereda.<\/p>\n<h4><strong>AUMENTO DEL COMPROMISO CON EL SAHARA OCCCIDENTAL<\/strong><\/h4>\n<p>En el pasado pleno del mes de octubre, la Diputaci\u00f3n aprob\u00f3 a propuesta de IU-TLP, medidas para un mayor compromiso con el pueblo saharaui. Se han cumplido 50 a\u00f1os de la denominada marcha verde marroqu\u00ed que caus\u00f3 que los habitantes del S\u00e1hara Occidental fueran expulsados violentamente de su territorio para acabar asentados en campos de refugiados, en los que a d\u00eda de hoy siguen viviendo en condiciones de extrema pobreza.&nbsp;<\/p>\n<p>Con la moci\u00f3n, la Diputaci\u00f3n se comprometi\u00f3 a incrementar las ayudas destinadas a financiar el programa \u201cVacaciones en Paz\u201d, para posibilitar que m\u00e1s ni\u00f1os y ni\u00f1as puedan beneficiarse del mismo. Igualmente, se aprob\u00f3 la creaci\u00f3n de programas de informaci\u00f3n y concienciaci\u00f3n en los municipios sobre la situaci\u00f3n del pueblo saharaui, a trav\u00e9s de actos como charlas, exposiciones y documentales.<\/p>\n<p>Por todo ello, otra de las enmiendas que presenta Pereda es la que dobla la ayuda a este colectivo, de 10.000 a 20.000 euros. Un incremento que pese a haber sido aprobado en pleno, no ha sido reflejado en el proyecto de presupuestos.<\/p>\t\t\t\t\t\t\t\t<\/div>\n\t\t\t\t\t<\/div>\n\t\t\t\t<\/div>\n\t\t\t\t<\/div>","protected":false},"excerpt":{"rendered":"<p>IU-TLP propone la creaci\u00f3n de un nuevo programa rural de compostaje comunitario que permitir\u00e1 rebajar el coste de la tasa de basuras El diputado Julio Pereda registra un total de 12 enmiendas por un importe de 5,5 millones de euros al presupuesto 2026 de la Diputaci\u00f3n Provincial Pueblosycomarcas.com;&nbsp;@PueblosComarcas El pr\u00f3ximo viernes, la instituci\u00f3n provincial debatir\u00e1 el proyecto de presupuestos generales 2026, un plan econ\u00f3mico con el que el grupo IU-TLP se muestra cr\u00edtico, al ser \u201cun m\u00e1s de lo mismo de las pol\u00edticas que est\u00e1n llevando al vaciamiento del medio rural de la provincia, el gran olvidado en este presupuesto\u201d, afirma Pereda, quien se muestra en desacuerdo \u201ccon la cantidad de fondos que la diputaci\u00f3n destina de forma nominativa a cuestiones que no repercuten en el medio rural\u201d. Por este motivo las enmiendas que presenta su grupo van dirigidas principalmente a aumentar la financiaci\u00f3n de los ayuntamientos con el fin de cubrir necesidades b\u00e1sicas de los pueblos de la provincia en materia social, urban\u00edstica, medioambiental y cultural. Entre las propuestas que Pereda pone sobre la mesa, destaca el establecimiento de un programa de compostaje comunitario con el que los vecinos y vecinas del medio rural puedan reducir la carga de materia org\u00e1nica que se env\u00eda al Centro de Tratamiento de Residuos, lo que permitir\u00eda que, adem\u00e1s de generarse un producto con el que abonar parques, jardines o cultivos en los municipios, se pudiera rebajar la tasa de basuras para el contribuyente al disminuir de forma considerable la generaci\u00f3n de residuos. Una medida con beneficios ecol\u00f3gicos y econ\u00f3micos. PLAN DE RUINAS Otra medida que plantea la formaci\u00f3n de izquierdas es multiplicar por dos el presupuesto que la Diputaci\u00f3n destina al plan de viviendas en ruinas, un programa con el que da soporte econ\u00f3mico y t\u00e9cnico a los ayuntamientos en la resoluci\u00f3n de los conflictos urban\u00edsticos que provocan las ruinas en los municipios. \u201cEste es un plan muy importante para los pueblos, recibe gran demanda de solicitudes pero se queda escaso de medios, lo que hace que est\u00e9 atascado y haya expedientes de ruinas en tramitaci\u00f3n que llevan a\u00f1os en espera de actuaci\u00f3n\u201d, expone Pereda, quien incide en que \u201clas ruinas suponen un problema de hondo calado en los municipios y la Diputaci\u00f3n debe mover ficha para aportar las soluciones que muchos ayuntamientos precisan al no tener capacidad de gestionarlas por s\u00ed solos\u201d. En materia de urbanismo IU-TLP propone un incremento de 3,5 millones de euros al programa de planes provinciales, que es el mayor recurso que tienen los ayuntamientos para realizar obras de mejora en sus municipios. De igual manera, dirige otra enmienda al incremento de los fondos de la nueva partida destinada a dar apoyo a los ayuntamientos en la actualizaci\u00f3n de los planes de ordenaci\u00f3n urbana, una partida que Pereda propuso crear en el ejercicio anterior, entonces sin \u00e9xito. Otras dos iniciativas importantes son la propuesta de la creaci\u00f3n de una partida de subvenciones a ayuntamientos para la instalaci\u00f3n de fotovoltaicas en edificios municipales, iniciativa ligada a la creaci\u00f3n de comunidades energ\u00e9ticas y, por \u00faltimo, una enmienda que propone incremento de fondos para la mejora de escuelas rurales. Esta es una iniciativa que lanz\u00f3 IU-TLP y fue aceptada en el ejercicio anterior, por la que, gracias a ella, los colegios de los pueblos est\u00e1n recibiendo nuevas actuaciones de mantenimiento de instalaciones. En materia de cultura, TLP apuesta por el incremento del apoyo a las asociaciones culturales locales, que son los colectivos que en la pr\u00e1ctica dinamizan el d\u00eda a d\u00eda del medio rural. Tambi\u00e9n se propone la eliminaci\u00f3n de en torno a 50 subvenciones nominativas en materia de cultura y deporte para, aumentando la partida considerablemente, reconvertirlas en competitivas y abrir el acceso a todos los colectivos y clubs. \u201cNo compartimos que se reparta el dinero en funci\u00f3n de haber llamado m\u00e1s fuerte a la puerta del presidente o diputado de turno, eso crea redes de clientelismo que hay que hacer desaparecer. Lo suyo es que las ayudas se concedan teniendo en cuenta un proyecto cultural o deportivo que se rija por unas bases a las que todos los potenciales interesados puedan acceder\u201d , sentencia el diputado Pereda. AUMENTO DEL COMPROMISO CON EL SAHARA OCCCIDENTAL En el pasado pleno del mes de octubre, la Diputaci\u00f3n aprob\u00f3 a propuesta de IU-TLP, medidas para un mayor compromiso con el pueblo saharaui. Se han cumplido 50 a\u00f1os de la denominada marcha verde marroqu\u00ed que caus\u00f3 que los habitantes del S\u00e1hara Occidental fueran expulsados violentamente de su territorio para acabar asentados en campos de refugiados, en los que a d\u00eda de hoy siguen viviendo en condiciones de extrema pobreza.&nbsp; Con la moci\u00f3n, la Diputaci\u00f3n se comprometi\u00f3 a incrementar las ayudas destinadas a financiar el programa \u201cVacaciones en Paz\u201d, para posibilitar que m\u00e1s ni\u00f1os y ni\u00f1as puedan beneficiarse del mismo. Igualmente, se aprob\u00f3 la creaci\u00f3n de programas de informaci\u00f3n y concienciaci\u00f3n en los municipios sobre la situaci\u00f3n del pueblo saharaui, a trav\u00e9s de actos como charlas, exposiciones y documentales. Por todo ello, otra de las enmiendas que presenta Pereda es la que dobla la ayuda a este colectivo, de 10.000 a 20.000 euros. Un incremento que pese a haber sido aprobado en pleno, no ha sido reflejado en el proyecto de presupuestos.<\/p>","protected":false},"author":1,"featured_media":1775,"comment_status":"open","ping_status":"closed","sticky":false,"template":"","format":"standard","meta":{"site-sidebar-layout":"default","site-content-layout":"","ast-site-content-layout":"default","site-content-style":"default","site-sidebar-style":"default","ast-global-header-display":"","ast-banner-title-visibility":"","ast-main-header-display":"","ast-hfb-above-header-display":"","ast-hfb-below-header-display":"","ast-hfb-mobile-header-display":"","site-post-title":"disabled","ast-breadcrumbs-content":"","ast-featured-img":"","footer-sml-layout":"","theme-transparent-header-meta":"","adv-header-id-meta":"","stick-header-meta":"","header-above-stick-meta":"","header-main-stick-meta":"","header-below-stick-meta":"","astra-migrate-meta-layouts":"default","ast-page-background-enabled":"default","ast-page-background-meta":{"desktop":{"background-color":"var(--ast-global-color-5)","background-image":"","background-repeat":"repeat","background-position":"center center","background-size":"auto","background-attachment":"scroll","background-type":"","background-media":"","overlay-type":"","overlay-color":"","overlay-opacity":"","overlay-gradient":""},"tablet":{"background-color":"","background-image":"","background-repeat":"repeat","background-position":"center center","background-size":"auto","background-attachment":"scroll","background-type":"","background-media":"","overlay-type":"","overlay-color":"","overlay-opacity":"","overlay-gradient":""},"mobile":{"background-color":"","background-image":"","background-repeat":"repeat","background-position":"center center","background-size":"auto","background-attachment":"scroll","background-type":"","background-media":"","overlay-type":"","overlay-color":"","overlay-opacity":"","overlay-gradient":""}},"ast-content-background-meta":{"desktop":{"background-color":"var(--ast-global-color-4)","background-image":"","background-repeat":"repeat","background-position":"center center","background-size":"auto","background-attachment":"scroll","background-type":"","background-media":"","overlay-type":"","overlay-color":"","overlay-opacity":"","overlay-gradient":""},"tablet":{"background-color":"var(--ast-global-color-4)","background-image":"","background-repeat":"repeat","background-position":"center center","background-size":"auto","background-attachment":"scroll","background-type":"","background-media":"","overlay-type":"","overlay-color":"","overlay-opacity":"","overlay-gradient":""},"mobile":{"background-color":"var(--ast-global-color-4)","background-image":"","background-repeat":"repeat","background-position":"center center","background-size":"auto","background-attachment":"scroll","background-type":"","background-media":"","overlay-type":"","overlay-color":"","overlay-opacity":"","overlay-gradient":""}},"ngg_post_thumbnail":0,"footnotes":""},"categories":[16,5],"tags":[26,205],"class_list":["post-3278","post","type-post","status-publish","format-standard","has-post-thumbnail","hentry","category-portada","category-actualidad","tag-diputacion-de-valladolid","tag-toma-la-palabra"],"aioseo_notices":[],"rttpg_featured_image_url":{"full":["https:\/\/pueblosycomarcas.com\/wp-content\/uploads\/2025\/10\/20251030_julio_pereda_tlp.jpg",800,400,false],"landscape":["https:\/\/pueblosycomarcas.com\/wp-content\/uploads\/2025\/10\/20251030_julio_pereda_tlp.jpg",800,400,false],"portraits":["https:\/\/pueblosycomarcas.com\/wp-content\/uploads\/2025\/10\/20251030_julio_pereda_tlp.jpg",800,400,false],"thumbnail":["https:\/\/pueblosycomarcas.com\/wp-content\/uploads\/2025\/10\/20251030_julio_pereda_tlp-150x150.jpg",150,150,true],"medium":["https:\/\/pueblosycomarcas.com\/wp-content\/uploads\/2025\/10\/20251030_julio_pereda_tlp-300x150.jpg",300,150,true],"large":["https:\/\/pueblosycomarcas.com\/wp-content\/uploads\/2025\/10\/20251030_julio_pereda_tlp.jpg",800,400,false],"1536x1536":["https:\/\/pueblosycomarcas.com\/wp-content\/uploads\/2025\/10\/20251030_julio_pereda_tlp.jpg",800,400,false],"2048x2048":["https:\/\/pueblosycomarcas.com\/wp-content\/uploads\/2025\/10\/20251030_julio_pereda_tlp.jpg",800,400,false],"trp-custom-language-flag":["https:\/\/pueblosycomarcas.com\/wp-content\/uploads\/2025\/10\/20251030_julio_pereda_tlp.jpg",18,9,false]},"rttpg_author":{"display_name":"admin","author_link":"https:\/\/pueblosycomarcas.com\/en\/author\/webalquimia\/"},"rttpg_comment":0,"rttpg_category":"<a href=\"https:\/\/pueblosycomarcas.com\/en\/category\/portada\/\" rel=\"category tag\">Portada<\/a> <a href=\"https:\/\/pueblosycomarcas.com\/en\/category\/actualidad\/\" rel=\"category tag\">Tierra de Pinares<\/a>","rttpg_excerpt":"IU-TLP propone la creaci\u00f3n de un nuevo programa rural de compostaje comunitario que permitir\u00e1 rebajar el coste de la tasa de basuras El diputado Julio Pereda registra un total de 12 enmiendas por un importe de 5,5 millones de euros al presupuesto 2026 de la Diputaci\u00f3n Provincial Pueblosycomarcas.com;&nbsp;@PueblosComarcas El pr\u00f3ximo viernes, la instituci\u00f3n provincial debatir\u00e1&hellip;","_links":{"self":[{"href":"https:\/\/pueblosycomarcas.com\/en\/wp-json\/wp\/v2\/posts\/3278","targetHints":{"allow":["GET"]}}],"collection":[{"href":"https:\/\/pueblosycomarcas.com\/en\/wp-json\/wp\/v2\/posts"}],"about":[{"href":"https:\/\/pueblosycomarcas.com\/en\/wp-json\/wp\/v2\/types\/post"}],"author":[{"embeddable":true,"href":"https:\/\/pueblosycomarcas.com\/en\/wp-json\/wp\/v2\/users\/1"}],"replies":[{"embeddable":true,"href":"https:\/\/pueblosycomarcas.com\/en\/wp-json\/wp\/v2\/comments?post=3278"}],"version-history":[{"count":5,"href":"https:\/\/pueblosycomarcas.com\/en\/wp-json\/wp\/v2\/posts\/3278\/revisions"}],"predecessor-version":[{"id":3283,"href":"https:\/\/pueblosycomarcas.com\/en\/wp-json\/wp\/v2\/posts\/3278\/revisions\/3283"}],"wp:featuredmedia":[{"embeddable":true,"href":"https:\/\/pueblosycomarcas.com\/en\/wp-json\/wp\/v2\/media\/1775"}],"wp:attachment":[{"href":"https:\/\/pueblosycomarcas.com\/en\/wp-json\/wp\/v2\/media?parent=3278"}],"wp:term":[{"taxonomy":"category","embeddable":true,"href":"https:\/\/pueblosycomarcas.com\/en\/wp-json\/wp\/v2\/categories?post=3278"},{"taxonomy":"post_tag","embeddable":true,"href":"https:\/\/pueblosycomarcas.com\/en\/wp-json\/wp\/v2\/tags?post=3278"}],"curies":[{"name":"wp","href":"https:\/\/api.w.org\/{rel}","templated":true}]}}