{"id":3204,"date":"2025-11-25T06:00:00","date_gmt":"2025-11-25T05:00:00","guid":{"rendered":"https:\/\/webalquimia.es\/?p=3204"},"modified":"2025-11-24T10:22:19","modified_gmt":"2025-11-24T09:22:19","slug":"efemerides-del-25-de-noviembre","status":"publish","type":"post","link":"https:\/\/pueblosycomarcas.com\/en\/efemerides-del-25-de-noviembre\/","title":{"rendered":"Efem\u00e9rides del 25 de noviembre"},"content":{"rendered":"<div data-elementor-type=\"wp-post\" data-elementor-id=\"3204\" class=\"elementor elementor-3204\">\n\t\t\t\t<div class=\"elementor-element elementor-element-3a9ff63 e-flex e-con-boxed wpr-particle-no wpr-jarallax-no wpr-parallax-no wpr-sticky-section-no wpr-equal-height-no e-con e-parent\" data-id=\"3a9ff63\" data-element_type=\"container\" data-e-type=\"container\">\n\t\t\t\t\t<div class=\"e-con-inner\">\n\t\t\t\t<div class=\"elementor-element elementor-element-89692c1 elementor-widget elementor-widget-heading\" data-id=\"89692c1\" data-element_type=\"widget\" data-e-type=\"widget\" data-widget_type=\"heading.default\">\n\t\t\t\t\t<h2 class=\"elementor-heading-title elementor-size-default\">Efem\u00e9rides del 25 de noviembre<\/h2>\t\t\t\t<\/div>\n\t\t\t\t<div class=\"elementor-element elementor-element-1edaa22 elementor-widget elementor-widget-text-editor\" data-id=\"1edaa22\" data-element_type=\"widget\" data-e-type=\"widget\" data-widget_type=\"text-editor.default\">\n\t\t\t\t\t\t\t\t\t<ul><li><h6><em><span style=\"font-size: 14px;\"><span style=\"font-family: georgia,serif;\"><strong>En 1491,\u00a0en Santa Fe (Reino de Granada), Boabdil y los Reyes Cat\u00f3licos firman las Capitulaciones de Granada<\/strong><\/span><\/span><\/em><\/h6><\/li><li><h6><em><span style=\"font-size: 14px;\"><span style=\"font-family: georgia,serif;\"><strong>\u00c9sta y otras efem\u00e9rides, adem\u00e1s del santoral del d\u00eda y de alguna que otra cosilla, podr\u00e1s encontrar si entras en este art\u00edculo<\/strong><\/span><\/span><\/em><\/h6><\/li><\/ul>\t\t\t\t\t\t\t\t<\/div>\n\t\t\t\t<div class=\"elementor-element elementor-element-dcc6d1c elementor-widget-divider--view-line elementor-widget elementor-widget-divider\" data-id=\"dcc6d1c\" data-element_type=\"widget\" data-e-type=\"widget\" data-widget_type=\"divider.default\">\n\t\t\t\t\t\t\t<div class=\"elementor-divider\">\n\t\t\t<span class=\"elementor-divider-separator\">\n\t\t\t\t\t\t<\/span>\n\t\t<\/div>\n\t\t\t\t\t\t<\/div>\n\t\t\t\t<div class=\"elementor-element elementor-element-0a8ed39 elementor-widget elementor-widget-image\" data-id=\"0a8ed39\" data-element_type=\"widget\" data-e-type=\"widget\" data-widget_type=\"image.default\">\n\t\t\t\t\t\t\t\t\t\t\t\t\t\t\t<img fetchpriority=\"high\" decoding=\"async\" width=\"800\" height=\"400\" src=\"https:\/\/pueblosycomarcas.com\/wp-content\/uploads\/2025\/11\/20221125_rendicion_granada.jpg\" class=\"attachment-large size-large wp-image-3205\" alt=\"\" srcset=\"https:\/\/pueblosycomarcas.com\/wp-content\/uploads\/2025\/11\/20221125_rendicion_granada.jpg 800w, https:\/\/pueblosycomarcas.com\/wp-content\/uploads\/2025\/11\/20221125_rendicion_granada-300x150.jpg 300w, https:\/\/pueblosycomarcas.com\/wp-content\/uploads\/2025\/11\/20221125_rendicion_granada-768x384.jpg 768w\" sizes=\"(max-width: 800px) 100vw, 800px\" \/>\t\t\t\t\t\t\t\t\t\t\t\t\t\t\t<\/div>\n\t\t\t\t<div class=\"elementor-element elementor-element-806f8d3 elementor-widget elementor-widget-text-editor\" data-id=\"806f8d3\" data-element_type=\"widget\" data-e-type=\"widget\" data-widget_type=\"text-editor.default\">\n\t\t\t\t\t\t\t\t\t<p style=\"text-align: justify;\"><span style=\"font-size: 11px;\"><span style=\"font-family: georgia,serif;\"><strong><em><a href=\"https:\/\/www.facebook.com\/Pueblos-y-Comarcas-125437870924169\/?fref=ts\">Pueblosycomarcas.com<\/a>;&nbsp;<a href=\"https:\/\/twitter.com\/PueblosComarcas\">@PueblosComarcas<\/a><\/em><\/strong><\/span><\/span><\/p>\n<p style=\"text-align: justify;\"><span style=\"font-size: 14px;\"><span style=\"font-family: georgia,serif;\"><strong>1491&nbsp;&#8211;<\/strong>&nbsp;en Santa Fe (Reino de Granada), Boabdil y los Reyes Cat\u00f3licos firman las Capitulaciones de Granada.<\/span><\/span><\/p>\n<p style=\"text-align: justify;\"><span style=\"font-size: 14px;\"><span style=\"font-family: georgia,serif;\"><strong>1496&nbsp;&#8211;<\/strong>&nbsp;en Espa\u00f1a, Alonso Fern\u00e1ndez de Lugo es nombrado \u00abadelantado\u00bb de las Islas Canarias.<\/span><\/span><\/p>\n<p style=\"text-align: justify;\"><span style=\"font-size: 14px;\"><span style=\"font-family: georgia,serif;\"><strong>1541&nbsp;&#8211;<\/strong>&nbsp;en Per\u00fa se funda la Villa de Santa Catalina de Guadalc\u00e1zar del Valle de Moquegua (actual Moquegua).<\/span><\/span><\/p>\n<p style=\"text-align: justify;\"><span style=\"font-size: 14px;\"><span style=\"font-family: georgia,serif;\"><strong>1550&nbsp;&#8211;<\/strong>&nbsp;en el Virreinato de Nueva Espa\u00f1a, comienza el gobierno del virrey Luis de Velasco y Ruiz de Alarc\u00f3n.<\/span><\/span><\/p>\n<p style=\"text-align: justify;\"><span style=\"font-size: 14px;\"><span style=\"font-family: georgia,serif;\"><strong>1562 &#8211;<\/strong>Nace en Madrid, el escritor espa\u00f1ol del Siglo de Oro, Lope de Vega Carpio.<\/span><\/span><\/p>\n<p style=\"text-align: justify;\"><span style=\"font-size: 14px;\"><span style=\"font-family: georgia,serif;\"><strong>1578&nbsp;&#8211;<\/strong>&nbsp;en Madrid (Espa\u00f1a), Felipe II ordena a los obispos americanos que castiguen a los cl\u00e9rigos que maltratan a los indios.<\/span><\/span><\/p>\n<p style=\"text-align: justify;\"><span style=\"font-size: 14px;\"><span style=\"font-family: georgia,serif;\"><strong>1601&nbsp;&#8211;<\/strong>&nbsp;en la regi\u00f3n de Zelanda (Pa\u00edses Bajos), una inundaci\u00f3n hace desaparecer para siempre la aldea de Vremdijke (tambi\u00e9n Vroondijk, Vremdic, Frondic o Vrandic).<\/span><\/span><\/p>\n<p style=\"text-align: justify;\"><span style=\"font-size: 14px;\"><span style=\"font-family: georgia,serif;\"><strong>1724&nbsp;&#8211;<\/strong>&nbsp;en Madrid se realiza la primera reuni\u00f3n de las Cortes generales del reino espa\u00f1ol.<\/span><\/span><\/p>\n<p style=\"text-align: justify;\"><span style=\"font-size: 14px;\"><span style=\"font-family: georgia,serif;\"><strong>1741&nbsp;&#8211;<\/strong>&nbsp;Isabel I de Rusia encierra en una prisi\u00f3n al zar ni\u00f1o Iv\u00e1n VI y es nombrada emperatriz de Rusia; ser\u00e1 llamada La Clemente.<\/span><\/span><\/p>\n<p style=\"text-align: justify;\"><span style=\"font-size: 14px;\"><span style=\"font-family: georgia,serif;\"><strong>1776&nbsp;&#8211;<\/strong>&nbsp;en Guayana, el espa\u00f1ol Manuel Centuri\u00f3n toma posesi\u00f3n de su cargo como comandante general.<\/span><\/span><\/p>\n<p style=\"text-align: justify;\"><span style=\"font-size: 14px;\"><span style=\"font-family: georgia,serif;\"><strong>1783&nbsp;&#8211;<\/strong>&nbsp;en Estados Unidos, tras la guerra de independencia, zarpa del puerto de Nueva York el \u00faltimo barco brit\u00e1nico de las colonias norteamericanas.<\/span><\/span><\/p>\n<p style=\"text-align: justify;\"><span style=\"font-size: 14px;\"><span style=\"font-family: georgia,serif;\"><strong>1812&nbsp;&#8211;<\/strong>&nbsp;en M\u00e9xico, patriotas mexicanos toman a los espa\u00f1oles la ciudad de Oaxaca.<\/span><\/span><\/p>\n<p style=\"text-align: justify;\"><span style=\"font-size: 14px;\"><span style=\"font-family: georgia,serif;\"><strong>1821&nbsp;&#8211;<\/strong>&nbsp;en Alajuela (Costa Rica) se proclama la independencia del pa\u00eds.<\/span><\/span><\/p>\n<p style=\"text-align: justify;\"><span style=\"font-size: 14px;\"><span style=\"font-family: georgia,serif;\"><strong>1833&nbsp;&#8211;<\/strong>&nbsp;en el mar al sur de la isla de Sumatra, a 175 km al sur de Padang (Indonesia 2\u00b030\u2032S 100\u00b030\u2032E\/ -2.5, 100.5) a las 20:00 (hora local) se registra un terremoto de 8,9 grados en la escala sismol\u00f3gica de Richter, que dura cinco minutos. Es mucho m\u00e1s duradero y mort\u00edfero que el que sucedi\u00f3 en el mismo sitio 37 a\u00f1os antes. El tsunami resultante produjo un n\u00famero indeterminado de v\u00edctimas en los continentes cercanos. La erupci\u00f3n resultante de dos volcanes produjo una inundaci\u00f3n que sepult\u00f3 varios pueblos bajo 6 m de barro.<\/span><\/span><\/p>\n<p style=\"text-align: justify;\"><span style=\"font-size: 14px;\"><span style=\"font-family: georgia,serif;\"><strong>1839&nbsp;&#8211;<\/strong>&nbsp;en el estado de Andhra Pradesh (India), una marejada cicl\u00f3nica (de 12 m de altura) provocada por un inmenso cicl\u00f3n golpea el puerto de Coringa, destruye 2000 barcos y mata a 20 000 personas. Ya en 1789 hab\u00eda sucedido lo mismo, con la misma cantidad de v\u00edctimas.<\/span><\/span><\/p>\n<p style=\"text-align: justify;\"><span style=\"font-size: 14px;\"><span style=\"font-family: georgia,serif;\"><strong>1842&nbsp;&#8211;<\/strong>&nbsp;en Paraguay se inicia la reuni\u00f3n de un Congreso Nacional, donde se crea la bandera paraguaya. El pa\u00eds declara su independencia definitiva de la Confederaci\u00f3n Argentina.<\/span><\/span><\/p>\n<p style=\"text-align: justify;\"><span style=\"font-size: 14px;\"><span style=\"font-family: georgia,serif;\"><strong>1870&nbsp;&#8211;<\/strong>&nbsp;en Paraguay se jura la Constituci\u00f3n Nacional. Cirilo Antonio Rivarola asume la presidencia constitucional de la Rep\u00fablica. Lo secunda en la vicepresidencia Cayo Miltos.<\/span><\/span><\/p>\n<p style=\"text-align: justify;\"><span style=\"font-size: 14px;\"><span style=\"font-family: georgia,serif;\"><strong>1874&nbsp;&#8211;<\/strong>&nbsp;en Paraguay, Juan Bautista Gill asume la presidencia constitucional de la Rep\u00fablica. Lo secunda Higinio Uriarte. El presidente Gill decreta amnist\u00eda pol\u00edtica y libertad a presos pol\u00edticos.<\/span><\/span><\/p>\n<p style=\"text-align: justify;\"><span style=\"font-size: 14px;\"><span style=\"font-family: georgia,serif;\"><strong>1878&nbsp;&#8211;<\/strong>&nbsp;en Paraguay, C\u00e1ndido Bareiro asume la presidencia constitucional de la Rep\u00fablica. Lo secunda Adolfo Saguier.<\/span><\/span><\/p>\n<p style=\"text-align: justify;\"><span style=\"font-size: 14px;\"><span style=\"font-family: georgia,serif;\"><strong>1881 &#8211;<\/strong>Nace en Sotto il Monte, B\u00e9rgamo (Italia), Angelo Giuseppe Roncalli m\u00e1s conocido como el Papa Juan XXIII.<\/span><\/span><\/p>\n<p style=\"text-align: justify;\"><span style=\"font-size: 14px;\"><span style=\"font-family: georgia,serif;\"><strong>1882&nbsp;&#8211;<\/strong>&nbsp;en Paraguay, Bernardino Caballero asume la presidencia constitucional de la Rep\u00fablica. Lo secunda Juan Antonio Jara.<\/span><\/span><\/p>\n<p style=\"text-align: justify;\"><span style=\"font-size: 14px;\"><span style=\"font-family: georgia,serif;\"><strong>1885&nbsp;&#8211;<\/strong>&nbsp;en Atlanta (Estados Unidos) se vota la \u00abley seca\u00bb, que entrar\u00e1 en vigor en 1886.<\/span><\/span><\/p>\n<p style=\"text-align: justify;\"><span style=\"font-size: 14px;\"><span style=\"font-family: georgia,serif;\"><strong>1885 &#8211;<\/strong>Muere en el palacio de El Pardo (Madrid, Espa\u00f1a) v\u00edctima de la tuberculosis, a los 28 a\u00f1os de edad, el rey Alfonso XII,<\/span><\/span><\/p>\n<p style=\"text-align: justify;\"><span style=\"font-size: 14px;\"><span style=\"font-family: georgia,serif;\"><strong>1886&nbsp;&#8211;<\/strong>&nbsp;en la bah\u00eda de San Sebasti\u00e1n (Tierra del Fuego), soldados argentinos liderados por el capit\u00e1n Ram\u00f3n Lista (1856-1897) matan a 28 indios onas (matanza de playa San Sebasti\u00e1n).<\/span><\/span><\/p>\n<p style=\"text-align: justify;\"><span style=\"font-size: 14px;\"><span style=\"font-family: georgia,serif;\"><strong>1886 &#8211;<\/strong>&nbsp;en Paraguay, Patricio Escobar asume la presidencia constitucional de la Rep\u00fablica. Lo secunda Jos\u00e9 del Rosario Miranda.<\/span><\/span><\/p>\n<p style=\"text-align: justify;\"><span style=\"font-size: 14px;\"><span style=\"font-family: georgia,serif;\"><strong>1890&nbsp;&#8211;<\/strong>&nbsp;en Paraguay, Juan Gualberto Gonz\u00e1lez asume la presidencia constitucional de la Rep\u00fablica. Lo secunda Marcos Mor\u00ednigo.<\/span><\/span><\/p>\n<p style=\"text-align: justify;\"><span style=\"font-size: 14px;\"><span style=\"font-family: georgia,serif;\"><strong>1894&nbsp;&#8211;<\/strong>&nbsp;en Paraguay, Juan Bautista Egusquiza asume la presidencia constitucional de la Rep\u00fablica. Lo secunda Facundo Ynsfr\u00e1n Caballero.<\/span><\/span><\/p>\n<p style=\"text-align: justify;\"><span style=\"font-size: 14px;\"><span style=\"font-family: georgia,serif;\"><strong>1897&nbsp;&#8211;<\/strong>&nbsp;en Madrid, Luis Mu\u00f1oz Rivera recibe la Carta Auton\u00f3mica de Puerto Rico, de manos del presidente del Gobierno espa\u00f1ol, Pr\u00e1xedes Mateo Sagasta.<\/span><\/span><\/p>\n<p style=\"text-align: justify;\"><span style=\"font-size: 14px;\"><span style=\"font-family: georgia,serif;\"><strong>1898&nbsp;&#8211;<\/strong>&nbsp;en Paraguay, Emilio Aceval asume la presidencia constitucional de la Rep\u00fablica. Lo secunda Andr\u00e9s H\u00e9ctor Carvallo Acosta.<\/span><\/span><\/p>\n<p style=\"text-align: justify;\"><span style=\"font-size: 14px;\"><span style=\"font-family: georgia,serif;\"><strong>1902&nbsp;&#8211;<\/strong>&nbsp;en Paraguay, Juan Antonio Escurra asume la presidencia constitucional de la Rep\u00fablica. Lo secunda Manuel Dom\u00ednguez.<\/span><\/span><\/p>\n<p style=\"text-align: justify;\"><span style=\"font-size: 14px;\"><span style=\"font-family: georgia,serif;\"><strong>1902 &#8211;<\/strong>&nbsp;en Chile, se funda por decreto supremo la comuna de Peralillo.<\/span><\/span><\/p>\n<p style=\"text-align: justify;\"><span style=\"font-size: 14px;\"><span style=\"font-family: georgia,serif;\"><strong>1906&nbsp;&#8211;<\/strong>&nbsp;en Paraguay, Benigno Ferreira asume la presidencia constitucional de la Rep\u00fablica. Lo secunda Emiliano Gonz\u00e1lez Navero.<\/span><\/span><\/p>\n<p style=\"text-align: justify;\"><span style=\"font-size: 14px;\"><span style=\"font-family: georgia,serif;\"><strong>1910&nbsp;&#8211;<\/strong>&nbsp;en Paraguay, Manuel Gondra asume la presidencia constitucional de la Rep\u00fablica. Lo secunda Juan Bautista Gaona.<\/span><\/span><\/p>\n<p style=\"text-align: justify;\"><span style=\"font-size: 14px;\"><span style=\"font-family: georgia,serif;\"><strong>1911&nbsp;&#8211;<\/strong>&nbsp;el gobierno brit\u00e1nico publica el tratado secreto con Francia suscrito en 1904, por el que Egipto qued\u00f3 en la zona de influencia brit\u00e1nica y Marruecos en la francesa.<\/span><\/span><\/p>\n<p style=\"text-align: justify;\"><span style=\"font-size: 14px;\"><span style=\"font-family: georgia,serif;\"><strong>1915&nbsp;&#8211;<\/strong>&nbsp;en el marco de la Primera Guerra Mundial, el ej\u00e9rcito de Mackensen conquista Amselfeld (Cosovia). Los restos del ej\u00e9rcito serbio se refugian en Albania.<\/span><\/span><\/p>\n<p style=\"text-align: justify;\"><span style=\"font-size: 14px;\"><span style=\"font-family: georgia,serif;\"><strong>1918&nbsp;&#8211;<\/strong>&nbsp;en el marco de la Primera Guerra Mundial, entra en Estrasburgo el mariscal franc\u00e9s Philippe P\u00e9tain.<\/span><\/span><\/p>\n<p style=\"text-align: justify;\"><span style=\"font-size: 14px;\"><span style=\"font-family: georgia,serif;\"><strong>1919&nbsp;&#8211;<\/strong>&nbsp;en el marco de la Primera Guerra Mundial, Alemania y Polonia firman un tratado sobre el desalojo de Prusia Occidental por parte alemana.<\/span><\/span><\/p>\n<p style=\"text-align: justify;\"><span style=\"font-size: 14px;\"><span style=\"font-family: georgia,serif;\"><strong>1921&nbsp;&#8211;<\/strong>&nbsp;en Jap\u00f3n, el pr\u00edncipe Hirohito (heredero del Imperio japon\u00e9s) se convierte en regente.<\/span><\/span><\/p>\n<p style=\"text-align: justify;\"><span style=\"font-size: 14px;\"><span style=\"font-family: georgia,serif;\"><strong>1922&nbsp;&#8211;<\/strong>&nbsp;en Italia, Benito Mussolini, primer ministro del nuevo Gobierno de coalici\u00f3n, recibe plenos poderes del Parlamento italiano.<\/span><\/span><\/p>\n<p style=\"text-align: justify;\"><span style=\"font-size: 14px;\"><span style=\"font-family: georgia,serif;\"><strong>1933&nbsp;&#8211;<\/strong>&nbsp;en Paraguay, se publica una reconstrucci\u00f3n del Himno Nacional, realizada por Juan Manuel Sosa Escalada.<\/span><\/span><\/p>\n<p style=\"text-align: justify;\"><span style=\"font-size: 14px;\"><span style=\"font-family: georgia,serif;\"><strong>1935&nbsp;&#8211;<\/strong>&nbsp;en Grecia, regresa al pa\u00eds el rey Jorge II, exiliado en 1923.<\/span><\/span><\/p>\n<p style=\"text-align: justify;\"><span style=\"font-size: 14px;\"><span style=\"font-family: georgia,serif;\"><strong>1936&nbsp;&#8211;<\/strong>&nbsp;en Berl\u00edn \u2014en el periodo preliminar a la Segunda Guerra Mundial\u2014 se firma el pacto Antikomintern, acuerdo pol\u00edtico-militar suscrito por Alemania y Jap\u00f3n.<\/span><\/span><\/p>\n<p style=\"text-align: justify;\"><span style=\"font-size: 14px;\"><span style=\"font-family: georgia,serif;\"><strong>1941&nbsp;&#8211;<\/strong>&nbsp;en el marco de la Segunda Guerra Mundial, Bulgaria y el gobierno chino de Nank\u00edn se adhieren al pacto Antikomintern.<\/span><\/span><\/p>\n<p style=\"text-align: justify;\"><span style=\"font-size: 14px;\"><span style=\"font-family: georgia,serif;\"><strong>1945&nbsp;&#8211;<\/strong>&nbsp;en Polonia, Jan Olszewski es nombrado jefe del nuevo Gobierno.<\/span><\/span><\/p>\n<p style=\"text-align: justify;\"><span style=\"font-size: 14px;\"><span style=\"font-family: georgia,serif;\"><strong>1956&nbsp;&#8211;<\/strong>&nbsp;en M\u00e9xico, Fidel Castro, su hermano Ra\u00fal, el Che Guevara y 79 expedicionarios m\u00e1s zarpan del puerto de Tuxpan en el yate Granma para iniciar la Revoluci\u00f3n cubana.<\/span><\/span><\/p>\n<p style=\"text-align: justify;\"><span style=\"font-size: 14px;\"><span style=\"font-family: georgia,serif;\"><strong>1960&nbsp;&#8211;<\/strong>&nbsp;en Rep\u00fablica Dominicana, el asesinato de las hermanas Mirabal, por su oposici\u00f3n al dictador Rafael Le\u00f3nidas Trujillo, supone el comienzo del final de esta dictadura y el motivo de que se elija esta fecha para conmemorar el D\u00eda Internacional de la Eliminaci\u00f3n de la Violencia contra la Mujer.<\/span><\/span><\/p>\n<p style=\"text-align: justify;\"><span style=\"font-size: 14px;\"><span style=\"font-family: georgia,serif;\"><strong>1962&nbsp;&#8211;<\/strong>&nbsp;en Uruguay se celebran elecciones generales. Se renuevan los 9 cargos del Consejo Nacional de Gobierno, cuya mayor\u00eda sigue en manos del Partido Nacional.<\/span><\/span><\/p>\n<p style=\"text-align: justify;\"><span style=\"font-size: 14px;\"><span style=\"font-family: georgia,serif;\"><strong>1965&nbsp;&#8211;<\/strong>&nbsp;Mobutu Sese Seko (jefe de las Fuerzas Armadas) depone al presidente de Zaire, Joseph Kasa-Vubu, y usurpa el poder pol\u00edtico.<\/span><\/span><\/p>\n<p style=\"text-align: justify;\"><span style=\"font-size: 14px;\"><span style=\"font-family: georgia,serif;\"><strong>1970&nbsp;&#8211;<\/strong>&nbsp;en el cuartel general del ej\u00e9rcito japon\u00e9s en Tokio (Jap\u00f3n), el escritor y dramaturgo Yukio Mishima (45) comete el suicidio ritual seppuku.<\/span><\/span><\/p>\n<p style=\"text-align: justify;\"><span style=\"font-size: 14px;\"><span style=\"font-family: georgia,serif;\"><strong>1975&nbsp;&#8211;<\/strong>&nbsp;Surinam se independiza de Pa\u00edses Bajos.<\/span><\/span><\/p>\n<p style=\"text-align: justify;\"><span style=\"font-size: 14px;\"><span style=\"font-family: georgia,serif;\"><strong>1986&nbsp;&#8211;<\/strong>&nbsp;la Unesco declara Patrimonio de la Humanidad las ciudades de Toledo y C\u00e1ceres, el conjunto monumental mud\u00e9jar de Teruel y el Parque Nacional de Garajonay.<\/span><\/span><\/p>\n<p style=\"text-align: justify;\"><span style=\"font-size: 14px;\"><span style=\"font-family: georgia,serif;\"><strong>1992&nbsp;&#8211;<\/strong>&nbsp;en Tayikist\u00e1n se adopta una nueva bandera.<\/span><\/span><\/p>\n<p style=\"text-align: justify;\"><span style=\"font-size: 14px;\"><span style=\"font-family: georgia,serif;\"><strong>1999&nbsp;&#8211;<\/strong>&nbsp;el ni\u00f1o cubano Eli\u00e1n Gonz\u00e1lez es rescatado tras perder a su madre y otras personas al naufragar la lancha en que hu\u00edan hacia Florida; en meses siguientes su caso se convirti\u00f3 en una crisis diplom\u00e1tica.<\/span><\/span><\/p>\n<h4 style=\"text-align: justify;\"><span style=\"font-size: 14px;\"><span style=\"font-family: georgia,serif;\"><strong>SANTORAL<\/strong><\/span><\/span><\/h4>\n<p style=\"text-align: justify;\"><span style=\"font-size: 14px;\"><span style=\"font-family: georgia,serif;\">Santos: Mois\u00e9s, presb\u00edtero; Gonzalo, obispo; Audencio, Dif\u00e1nog, Erasmo, Fin\u00e1n, Jocunda, Pasari\u00f3n, confesores; Mercurio, Maurino, m\u00e1rtires. Santa Catalina de Alejandr\u00eda, virgen y m\u00e1rtir.<\/span><\/span><\/p>\n<h4 style=\"text-align: justify;\"><span style=\"font-size: 14px;\"><span style=\"font-family: georgia,serif;\"><strong>OTRAS CELEBRACIONES<\/strong><\/span><\/span><\/h4>\n<p style=\"text-align: justify;\"><span style=\"font-size: 14px;\"><span style=\"font-family: georgia,serif;\">D\u00eda Internacional de la Eliminaci\u00f3n de la Violencia Contra la Mujer.<\/span><\/span><\/p>\t\t\t\t\t\t\t\t<\/div>\n\t\t\t\t\t<\/div>\n\t\t\t\t<\/div>\n\t\t\t\t<\/div>","protected":false},"excerpt":{"rendered":"<p>Efem\u00e9rides del 25 de noviembre En 1491,\u00a0en Santa Fe (Reino de Granada), Boabdil y los Reyes Cat\u00f3licos firman las Capitulaciones de Granada \u00c9sta y otras efem\u00e9rides, adem\u00e1s del santoral del d\u00eda y de alguna que otra cosilla, podr\u00e1s encontrar si entras en este art\u00edculo Pueblosycomarcas.com;&nbsp;@PueblosComarcas 1491&nbsp;&#8211;&nbsp;en Santa Fe (Reino de Granada), Boabdil y los Reyes Cat\u00f3licos firman las Capitulaciones de Granada. 1496&nbsp;&#8211;&nbsp;en Espa\u00f1a, Alonso Fern\u00e1ndez de Lugo es nombrado \u00abadelantado\u00bb de las Islas Canarias. 1541&nbsp;&#8211;&nbsp;en Per\u00fa se funda la Villa de Santa Catalina de Guadalc\u00e1zar del Valle de Moquegua (actual Moquegua). 1550&nbsp;&#8211;&nbsp;en el Virreinato de Nueva Espa\u00f1a, comienza el gobierno del virrey Luis de Velasco y Ruiz de Alarc\u00f3n. 1562 &#8211;Nace en Madrid, el escritor espa\u00f1ol del Siglo de Oro, Lope de Vega Carpio. 1578&nbsp;&#8211;&nbsp;en Madrid (Espa\u00f1a), Felipe II ordena a los obispos americanos que castiguen a los cl\u00e9rigos que maltratan a los indios. 1601&nbsp;&#8211;&nbsp;en la regi\u00f3n de Zelanda (Pa\u00edses Bajos), una inundaci\u00f3n hace desaparecer para siempre la aldea de Vremdijke (tambi\u00e9n Vroondijk, Vremdic, Frondic o Vrandic). 1724&nbsp;&#8211;&nbsp;en Madrid se realiza la primera reuni\u00f3n de las Cortes generales del reino espa\u00f1ol. 1741&nbsp;&#8211;&nbsp;Isabel I de Rusia encierra en una prisi\u00f3n al zar ni\u00f1o Iv\u00e1n VI y es nombrada emperatriz de Rusia; ser\u00e1 llamada La Clemente. 1776&nbsp;&#8211;&nbsp;en Guayana, el espa\u00f1ol Manuel Centuri\u00f3n toma posesi\u00f3n de su cargo como comandante general. 1783&nbsp;&#8211;&nbsp;en Estados Unidos, tras la guerra de independencia, zarpa del puerto de Nueva York el \u00faltimo barco brit\u00e1nico de las colonias norteamericanas. 1812&nbsp;&#8211;&nbsp;en M\u00e9xico, patriotas mexicanos toman a los espa\u00f1oles la ciudad de Oaxaca. 1821&nbsp;&#8211;&nbsp;en Alajuela (Costa Rica) se proclama la independencia del pa\u00eds. 1833&nbsp;&#8211;&nbsp;en el mar al sur de la isla de Sumatra, a 175 km al sur de Padang (Indonesia 2\u00b030\u2032S 100\u00b030\u2032E\/ -2.5, 100.5) a las 20:00 (hora local) se registra un terremoto de 8,9 grados en la escala sismol\u00f3gica de Richter, que dura cinco minutos. Es mucho m\u00e1s duradero y mort\u00edfero que el que sucedi\u00f3 en el mismo sitio 37 a\u00f1os antes. El tsunami resultante produjo un n\u00famero indeterminado de v\u00edctimas en los continentes cercanos. La erupci\u00f3n resultante de dos volcanes produjo una inundaci\u00f3n que sepult\u00f3 varios pueblos bajo 6 m de barro. 1839&nbsp;&#8211;&nbsp;en el estado de Andhra Pradesh (India), una marejada cicl\u00f3nica (de 12 m de altura) provocada por un inmenso cicl\u00f3n golpea el puerto de Coringa, destruye 2000 barcos y mata a 20 000 personas. Ya en 1789 hab\u00eda sucedido lo mismo, con la misma cantidad de v\u00edctimas. 1842&nbsp;&#8211;&nbsp;en Paraguay se inicia la reuni\u00f3n de un Congreso Nacional, donde se crea la bandera paraguaya. El pa\u00eds declara su independencia definitiva de la Confederaci\u00f3n Argentina. 1870&nbsp;&#8211;&nbsp;en Paraguay se jura la Constituci\u00f3n Nacional. Cirilo Antonio Rivarola asume la presidencia constitucional de la Rep\u00fablica. Lo secunda en la vicepresidencia Cayo Miltos. 1874&nbsp;&#8211;&nbsp;en Paraguay, Juan Bautista Gill asume la presidencia constitucional de la Rep\u00fablica. Lo secunda Higinio Uriarte. El presidente Gill decreta amnist\u00eda pol\u00edtica y libertad a presos pol\u00edticos. 1878&nbsp;&#8211;&nbsp;en Paraguay, C\u00e1ndido Bareiro asume la presidencia constitucional de la Rep\u00fablica. Lo secunda Adolfo Saguier. 1881 &#8211;Nace en Sotto il Monte, B\u00e9rgamo (Italia), Angelo Giuseppe Roncalli m\u00e1s conocido como el Papa Juan XXIII. 1882&nbsp;&#8211;&nbsp;en Paraguay, Bernardino Caballero asume la presidencia constitucional de la Rep\u00fablica. Lo secunda Juan Antonio Jara. 1885&nbsp;&#8211;&nbsp;en Atlanta (Estados Unidos) se vota la \u00abley seca\u00bb, que entrar\u00e1 en vigor en 1886. 1885 &#8211;Muere en el palacio de El Pardo (Madrid, Espa\u00f1a) v\u00edctima de la tuberculosis, a los 28 a\u00f1os de edad, el rey Alfonso XII, 1886&nbsp;&#8211;&nbsp;en la bah\u00eda de San Sebasti\u00e1n (Tierra del Fuego), soldados argentinos liderados por el capit\u00e1n Ram\u00f3n Lista (1856-1897) matan a 28 indios onas (matanza de playa San Sebasti\u00e1n). 1886 &#8211;&nbsp;en Paraguay, Patricio Escobar asume la presidencia constitucional de la Rep\u00fablica. Lo secunda Jos\u00e9 del Rosario Miranda. 1890&nbsp;&#8211;&nbsp;en Paraguay, Juan Gualberto Gonz\u00e1lez asume la presidencia constitucional de la Rep\u00fablica. Lo secunda Marcos Mor\u00ednigo. 1894&nbsp;&#8211;&nbsp;en Paraguay, Juan Bautista Egusquiza asume la presidencia constitucional de la Rep\u00fablica. Lo secunda Facundo Ynsfr\u00e1n Caballero. 1897&nbsp;&#8211;&nbsp;en Madrid, Luis Mu\u00f1oz Rivera recibe la Carta Auton\u00f3mica de Puerto Rico, de manos del presidente del Gobierno espa\u00f1ol, Pr\u00e1xedes Mateo Sagasta. 1898&nbsp;&#8211;&nbsp;en Paraguay, Emilio Aceval asume la presidencia constitucional de la Rep\u00fablica. Lo secunda Andr\u00e9s H\u00e9ctor Carvallo Acosta. 1902&nbsp;&#8211;&nbsp;en Paraguay, Juan Antonio Escurra asume la presidencia constitucional de la Rep\u00fablica. Lo secunda Manuel Dom\u00ednguez. 1902 &#8211;&nbsp;en Chile, se funda por decreto supremo la comuna de Peralillo. 1906&nbsp;&#8211;&nbsp;en Paraguay, Benigno Ferreira asume la presidencia constitucional de la Rep\u00fablica. Lo secunda Emiliano Gonz\u00e1lez Navero. 1910&nbsp;&#8211;&nbsp;en Paraguay, Manuel Gondra asume la presidencia constitucional de la Rep\u00fablica. Lo secunda Juan Bautista Gaona. 1911&nbsp;&#8211;&nbsp;el gobierno brit\u00e1nico publica el tratado secreto con Francia suscrito en 1904, por el que Egipto qued\u00f3 en la zona de influencia brit\u00e1nica y Marruecos en la francesa. 1915&nbsp;&#8211;&nbsp;en el marco de la Primera Guerra Mundial, el ej\u00e9rcito de Mackensen conquista Amselfeld (Cosovia). Los restos del ej\u00e9rcito serbio se refugian en Albania. 1918&nbsp;&#8211;&nbsp;en el marco de la Primera Guerra Mundial, entra en Estrasburgo el mariscal franc\u00e9s Philippe P\u00e9tain. 1919&nbsp;&#8211;&nbsp;en el marco de la Primera Guerra Mundial, Alemania y Polonia firman un tratado sobre el desalojo de Prusia Occidental por parte alemana. 1921&nbsp;&#8211;&nbsp;en Jap\u00f3n, el pr\u00edncipe Hirohito (heredero del Imperio japon\u00e9s) se convierte en regente. 1922&nbsp;&#8211;&nbsp;en Italia, Benito Mussolini, primer ministro del nuevo Gobierno de coalici\u00f3n, recibe plenos poderes del Parlamento italiano. 1933&nbsp;&#8211;&nbsp;en Paraguay, se publica una reconstrucci\u00f3n del Himno Nacional, realizada por Juan Manuel Sosa Escalada. 1935&nbsp;&#8211;&nbsp;en Grecia, regresa al pa\u00eds el rey Jorge II, exiliado en 1923. 1936&nbsp;&#8211;&nbsp;en Berl\u00edn \u2014en el periodo preliminar a la Segunda Guerra Mundial\u2014 se firma el pacto Antikomintern, acuerdo pol\u00edtico-militar suscrito por Alemania y Jap\u00f3n. 1941&nbsp;&#8211;&nbsp;en el marco de la Segunda Guerra Mundial, Bulgaria y el gobierno chino de Nank\u00edn se adhieren al pacto Antikomintern. 1945&nbsp;&#8211;&nbsp;en Polonia, Jan Olszewski es nombrado jefe del nuevo Gobierno. 1956&nbsp;&#8211;&nbsp;en M\u00e9xico, Fidel Castro, su hermano Ra\u00fal, el Che Guevara y 79 expedicionarios m\u00e1s zarpan del puerto de Tuxpan en el yate Granma para iniciar la Revoluci\u00f3n cubana. 1960&nbsp;&#8211;&nbsp;en Rep\u00fablica Dominicana, el asesinato de las hermanas Mirabal, por su oposici\u00f3n al dictador Rafael Le\u00f3nidas Trujillo, supone el comienzo del final de esta dictadura y<\/p>","protected":false},"author":1,"featured_media":3205,"comment_status":"open","ping_status":"closed","sticky":false,"template":"","format":"standard","meta":{"site-sidebar-layout":"default","site-content-layout":"","ast-site-content-layout":"default","site-content-style":"default","site-sidebar-style":"default","ast-global-header-display":"","ast-banner-title-visibility":"","ast-main-header-display":"","ast-hfb-above-header-display":"","ast-hfb-below-header-display":"","ast-hfb-mobile-header-display":"","site-post-title":"disabled","ast-breadcrumbs-content":"","ast-featured-img":"","footer-sml-layout":"","theme-transparent-header-meta":"","adv-header-id-meta":"","stick-header-meta":"","header-above-stick-meta":"","header-main-stick-meta":"","header-below-stick-meta":"","astra-migrate-meta-layouts":"default","ast-page-background-enabled":"default","ast-page-background-meta":{"desktop":{"background-color":"var(--ast-global-color-5)","background-image":"","background-repeat":"repeat","background-position":"center center","background-size":"auto","background-attachment":"scroll","background-type":"","background-media":"","overlay-type":"","overlay-color":"","overlay-opacity":"","overlay-gradient":""},"tablet":{"background-color":"","background-image":"","background-repeat":"repeat","background-position":"center center","background-size":"auto","background-attachment":"scroll","background-type":"","background-media":"","overlay-type":"","overlay-color":"","overlay-opacity":"","overlay-gradient":""},"mobile":{"background-color":"","background-image":"","background-repeat":"repeat","background-position":"center center","background-size":"auto","background-attachment":"scroll","background-type":"","background-media":"","overlay-type":"","overlay-color":"","overlay-opacity":"","overlay-gradient":""}},"ast-content-background-meta":{"desktop":{"background-color":"var(--ast-global-color-4)","background-image":"","background-repeat":"repeat","background-position":"center center","background-size":"auto","background-attachment":"scroll","background-type":"","background-media":"","overlay-type":"","overlay-color":"","overlay-opacity":"","overlay-gradient":""},"tablet":{"background-color":"var(--ast-global-color-4)","background-image":"","background-repeat":"repeat","background-position":"center center","background-size":"auto","background-attachment":"scroll","background-type":"","background-media":"","overlay-type":"","overlay-color":"","overlay-opacity":"","overlay-gradient":""},"mobile":{"background-color":"var(--ast-global-color-4)","background-image":"","background-repeat":"repeat","background-position":"center center","background-size":"auto","background-attachment":"scroll","background-type":"","background-media":"","overlay-type":"","overlay-color":"","overlay-opacity":"","overlay-gradient":""}},"ngg_post_thumbnail":0,"footnotes":""},"categories":[15,16],"tags":[47],"class_list":["post-3204","post","type-post","status-publish","format-standard","has-post-thumbnail","hentry","category-efemerides","category-portada","tag-efemerides"],"aioseo_notices":[],"rttpg_featured_image_url":{"full":["https:\/\/pueblosycomarcas.com\/wp-content\/uploads\/2025\/11\/20221125_rendicion_granada.jpg",800,400,false],"landscape":["https:\/\/pueblosycomarcas.com\/wp-content\/uploads\/2025\/11\/20221125_rendicion_granada.jpg",800,400,false],"portraits":["https:\/\/pueblosycomarcas.com\/wp-content\/uploads\/2025\/11\/20221125_rendicion_granada.jpg",800,400,false],"thumbnail":["https:\/\/pueblosycomarcas.com\/wp-content\/uploads\/2025\/11\/20221125_rendicion_granada-150x150.jpg",150,150,true],"medium":["https:\/\/pueblosycomarcas.com\/wp-content\/uploads\/2025\/11\/20221125_rendicion_granada-300x150.jpg",300,150,true],"large":["https:\/\/pueblosycomarcas.com\/wp-content\/uploads\/2025\/11\/20221125_rendicion_granada.jpg",800,400,false],"1536x1536":["https:\/\/pueblosycomarcas.com\/wp-content\/uploads\/2025\/11\/20221125_rendicion_granada.jpg",800,400,false],"2048x2048":["https:\/\/pueblosycomarcas.com\/wp-content\/uploads\/2025\/11\/20221125_rendicion_granada.jpg",800,400,false],"trp-custom-language-flag":["https:\/\/pueblosycomarcas.com\/wp-content\/uploads\/2025\/11\/20221125_rendicion_granada.jpg",18,9,false]},"rttpg_author":{"display_name":"admin","author_link":"https:\/\/pueblosycomarcas.com\/en\/author\/webalquimia\/"},"rttpg_comment":0,"rttpg_category":"<a href=\"https:\/\/pueblosycomarcas.com\/en\/category\/efemerides\/\" rel=\"category tag\">Efemerides<\/a> <a href=\"https:\/\/pueblosycomarcas.com\/en\/category\/portada\/\" rel=\"category tag\">Portada<\/a>","rttpg_excerpt":"Efem\u00e9rides del 25 de noviembre En 1491,\u00a0en Santa Fe (Reino de Granada), Boabdil y los Reyes Cat\u00f3licos firman las Capitulaciones de Granada \u00c9sta y otras efem\u00e9rides, adem\u00e1s del santoral del d\u00eda y de alguna que otra cosilla, podr\u00e1s encontrar si entras en este art\u00edculo Pueblosycomarcas.com;&nbsp;@PueblosComarcas 1491&nbsp;&#8211;&nbsp;en Santa Fe (Reino de Granada), Boabdil y los Reyes&hellip;","_links":{"self":[{"href":"https:\/\/pueblosycomarcas.com\/en\/wp-json\/wp\/v2\/posts\/3204","targetHints":{"allow":["GET"]}}],"collection":[{"href":"https:\/\/pueblosycomarcas.com\/en\/wp-json\/wp\/v2\/posts"}],"about":[{"href":"https:\/\/pueblosycomarcas.com\/en\/wp-json\/wp\/v2\/types\/post"}],"author":[{"embeddable":true,"href":"https:\/\/pueblosycomarcas.com\/en\/wp-json\/wp\/v2\/users\/1"}],"replies":[{"embeddable":true,"href":"https:\/\/pueblosycomarcas.com\/en\/wp-json\/wp\/v2\/comments?post=3204"}],"version-history":[{"count":8,"href":"https:\/\/pueblosycomarcas.com\/en\/wp-json\/wp\/v2\/posts\/3204\/revisions"}],"predecessor-version":[{"id":3213,"href":"https:\/\/pueblosycomarcas.com\/en\/wp-json\/wp\/v2\/posts\/3204\/revisions\/3213"}],"wp:featuredmedia":[{"embeddable":true,"href":"https:\/\/pueblosycomarcas.com\/en\/wp-json\/wp\/v2\/media\/3205"}],"wp:attachment":[{"href":"https:\/\/pueblosycomarcas.com\/en\/wp-json\/wp\/v2\/media?parent=3204"}],"wp:term":[{"taxonomy":"category","embeddable":true,"href":"https:\/\/pueblosycomarcas.com\/en\/wp-json\/wp\/v2\/categories?post=3204"},{"taxonomy":"post_tag","embeddable":true,"href":"https:\/\/pueblosycomarcas.com\/en\/wp-json\/wp\/v2\/tags?post=3204"}],"curies":[{"name":"wp","href":"https:\/\/api.w.org\/{rel}","templated":true}]}}