{"id":3155,"date":"2025-11-24T06:02:00","date_gmt":"2025-11-24T05:02:00","guid":{"rendered":"https:\/\/webalquimia.es\/?p=3155"},"modified":"2025-11-21T12:17:45","modified_gmt":"2025-11-21T11:17:45","slug":"el-palacio-pimentel-acoge-la-exposicion-del-25o-aniversario-de-la-red-rural-integrada-de-servicios","status":"publish","type":"post","link":"https:\/\/pueblosycomarcas.com\/en\/el-palacio-pimentel-acoge-la-exposicion-del-25o-aniversario-de-la-red-rural-integrada-de-servicios\/","title":{"rendered":"El Palacio Pimentel acoge la exposici\u00f3n del 25\u00ba aniversario de la Red Rural Integrada de Servicios"},"content":{"rendered":"<div data-elementor-type=\"wp-post\" data-elementor-id=\"3155\" class=\"elementor elementor-3155\">\n\t\t\t\t<div class=\"elementor-element elementor-element-39a128f e-flex e-con-boxed wpr-particle-no wpr-jarallax-no wpr-parallax-no wpr-sticky-section-no wpr-equal-height-no e-con e-parent\" data-id=\"39a128f\" data-element_type=\"container\" data-e-type=\"container\">\n\t\t\t\t\t<div class=\"e-con-inner\">\n\t\t\t\t<div class=\"elementor-element elementor-element-5f3431f elementor-widget elementor-widget-heading\" data-id=\"5f3431f\" data-element_type=\"widget\" data-e-type=\"widget\" data-widget_type=\"heading.default\">\n\t\t\t\t\t<h2 class=\"elementor-heading-title elementor-size-default\"><p class=\"MsoNormal\" align=\"center\" style=\"text-align:center\"><b>El Palacio\nPimentel acoge la exposici\u00f3n del 25\u00ba aniversario de la Red Rural Integrada de\nServicios<\/b><\/p><\/h2>\t\t\t\t<\/div>\n\t\t\t\t<div class=\"elementor-element elementor-element-c590694 elementor-widget elementor-widget-text-editor\" data-id=\"c590694\" data-element_type=\"widget\" data-e-type=\"widget\" data-widget_type=\"text-editor.default\">\n\t\t\t\t\t\t\t\t\t<ul><li><h6><em><strong>La Diputaci\u00f3n de Valladolid expone 10 paneles ilustrativos de la Red Rural Integrada de Servicios para Personas con Discapacidad con motivo de sus 25 a\u00f1os de trayectoria<\/strong><\/em><\/h6><\/li><\/ul>\t\t\t\t\t\t\t\t<\/div>\n\t\t\t\t<div class=\"elementor-element elementor-element-8130f83 elementor-widget-divider--view-line elementor-widget elementor-widget-divider\" data-id=\"8130f83\" data-element_type=\"widget\" data-e-type=\"widget\" data-widget_type=\"divider.default\">\n\t\t\t\t\t\t\t<div class=\"elementor-divider\">\n\t\t\t<span class=\"elementor-divider-separator\">\n\t\t\t\t\t\t<\/span>\n\t\t<\/div>\n\t\t\t\t\t\t<\/div>\n\t\t\t\t<div class=\"elementor-element elementor-element-1be242b elementor-widget elementor-widget-image\" data-id=\"1be242b\" data-element_type=\"widget\" data-e-type=\"widget\" data-widget_type=\"image.default\">\n\t\t\t\t\t\t\t\t\t\t\t\t\t\t\t<img fetchpriority=\"high\" decoding=\"async\" width=\"800\" height=\"400\" src=\"https:\/\/pueblosycomarcas.com\/wp-content\/uploads\/2025\/11\/20251124_exposicion_diputacion.jpg\" class=\"attachment-large size-large wp-image-3156\" alt=\"\" srcset=\"https:\/\/pueblosycomarcas.com\/wp-content\/uploads\/2025\/11\/20251124_exposicion_diputacion.jpg 800w, https:\/\/pueblosycomarcas.com\/wp-content\/uploads\/2025\/11\/20251124_exposicion_diputacion-300x150.jpg 300w, https:\/\/pueblosycomarcas.com\/wp-content\/uploads\/2025\/11\/20251124_exposicion_diputacion-768x384.jpg 768w\" sizes=\"(max-width: 800px) 100vw, 800px\" \/>\t\t\t\t\t\t\t\t\t\t\t\t\t\t\t<\/div>\n\t\t\t\t<div class=\"elementor-element elementor-element-73ab2a9 elementor-widget elementor-widget-text-editor\" data-id=\"73ab2a9\" data-element_type=\"widget\" data-e-type=\"widget\" data-widget_type=\"text-editor.default\">\n\t\t\t\t\t\t\t\t\t<p><a href=\"https:\/\/www.facebook.com\/Pueblos-y-Comarcas-125437870924169\/?fref=ts\"><strong><em>Pueblosycomarcas.com<\/em><\/strong><\/a><strong><em>;&nbsp;<\/em><\/strong><a href=\"https:\/\/twitter.com\/PueblosComarcas\"><strong><em>@PueblosComarcas<\/em><\/strong><\/a><\/p>\n<p>El patio del Palacio de Pimentel acoge la exposici\u00f3n conmemorativa del 25\u00ba aniversario de la Red Rural Integrada de Servicios para Personas con Discapacidad, una iniciativa que desde su creaci\u00f3n trabaja para acercar recursos, apoyos y oportunidades a las personas con discapacidad que viven en el medio rural de la provincia.<\/p>\n<p>La muestra, compuesta por 10 paneles divulgativos, lleva por t\u00edtulo \u201c25 a\u00f1os apoyando a las personas con discapacidad de la provincia de Valladolid\u201d y puede visitarse de forma gratuita en el patio del Palacio de Pimentel, ubicado en la calle Angustias n\u00ba 44 de Valladolid.<\/p>\n<p>A trav\u00e9s de fotograf\u00edas hist\u00f3ricas, testimonios, datos de actividad e infograf\u00edas, los paneles ofrecen un recorrido por la evoluci\u00f3n de la Red: sus or\u00edgenes, su modelo organizativo, los servicios que presta como atenci\u00f3n especializada, actividades comunitarias, programas de inclusi\u00f3n o apoyo a familias, y los avances que se han logrado durante estas dos d\u00e9cadas y media de trabajo continuado.<\/p>\n<p>La exposici\u00f3n pretende no solo celebrar esta trayectoria, sino tambi\u00e9n poner en valor el impacto social de un modelo pionero en Castilla y Le\u00f3n, comprometido con garantizar que las personas con discapacidad de los entornos rurales tengan acceso a los mismos derechos, recursos y servicios que quienes viven en zonas urbanas.<\/p>\n<p>La inauguraci\u00f3n oficial tuvo lugar el pasado lunes en el Espacio La Granja, en el marco del Encuentro con Familias, y cont\u00f3 con la participaci\u00f3n del presidente de la Diputaci\u00f3n de Valladolid, Conrado \u00cdscar, junto a representantes de entidades sociales, usuarios y profesionales vinculados a la Red.<\/p>\n<h4><strong>RED INTEGRADA DE ATENCI\u00d3N A PERSONAS CON DISCAPACIDAD<\/strong><\/h4>\n<p>La Red Integrada de Atenci\u00f3n a Personas con Discapacidad tiene el objetivo de constituirse como una red accesible de apoyos para que las personas con discapacidad del \u00e1mbito rural de Valladolid puedan mejorar su proyecto vital y su calidad de vida. Atiende a personas tanto con discapacidad intelectual como con enfermedad mental grave o prolongada.<\/p>\n<p>La Red se organiza en tres tipos de servicios: talleres ocupacionales o prelaborales, centros de d\u00eda y viviendas tuteladas, todos ellos con el objetivo de mejorar la calidad de vida de las personas afectadas e, indirectamente, de sus familias. Para ello cuenta con 70 profesionales que atienden directamente los diferentes centros de la Red y un presupuesto para 2024 de 2,4 millones euros.<\/p>\n<p>La Red atiende a 214 usuarios en los 17 centros que la componen en la actualidad: 4 orientados a personas con enfermedad mental grave, todos ellos talleres prelaborales (Medina de Rioseco, Pe\u00f1afiel, Rueda y Tudela de Duero), y 13 est\u00e1n dirigidos a personas con discapacidad intelectual: 9 talleres ocupacionales (Cigales, \u00cdscar, Medina de Rioseco, Mojados, Nava del Rey, Pe\u00f1afiel, Tordesillas, Tudela de Duero, Villal\u00f3n de Campos), 1 centro de d\u00eda en Villal\u00f3n de Campos y 3 viviendas tuteladas (Nava del Rey, Pe\u00f1afiel y Villal\u00f3n de Campos). A ellos se unir\u00e1 pr\u00f3ximamente una nueva vivienda tutelada en Tordesillas.<\/p>\t\t\t\t\t\t\t\t<\/div>\n\t\t\t\t\t<\/div>\n\t\t\t\t<\/div>\n\t\t\t\t<\/div>","protected":false},"excerpt":{"rendered":"<p>El Palacio Pimentel acoge la exposici\u00f3n del 25\u00ba aniversario de la Red Rural Integrada de Servicios La Diputaci\u00f3n de Valladolid expone 10 paneles ilustrativos de la Red Rural Integrada de Servicios para Personas con Discapacidad con motivo de sus 25 a\u00f1os de trayectoria Pueblosycomarcas.com;&nbsp;@PueblosComarcas El patio del Palacio de Pimentel acoge la exposici\u00f3n conmemorativa del 25\u00ba aniversario de la Red Rural Integrada de Servicios para Personas con Discapacidad, una iniciativa que desde su creaci\u00f3n trabaja para acercar recursos, apoyos y oportunidades a las personas con discapacidad que viven en el medio rural de la provincia. La muestra, compuesta por 10 paneles divulgativos, lleva por t\u00edtulo \u201c25 a\u00f1os apoyando a las personas con discapacidad de la provincia de Valladolid\u201d y puede visitarse de forma gratuita en el patio del Palacio de Pimentel, ubicado en la calle Angustias n\u00ba 44 de Valladolid. A trav\u00e9s de fotograf\u00edas hist\u00f3ricas, testimonios, datos de actividad e infograf\u00edas, los paneles ofrecen un recorrido por la evoluci\u00f3n de la Red: sus or\u00edgenes, su modelo organizativo, los servicios que presta como atenci\u00f3n especializada, actividades comunitarias, programas de inclusi\u00f3n o apoyo a familias, y los avances que se han logrado durante estas dos d\u00e9cadas y media de trabajo continuado. La exposici\u00f3n pretende no solo celebrar esta trayectoria, sino tambi\u00e9n poner en valor el impacto social de un modelo pionero en Castilla y Le\u00f3n, comprometido con garantizar que las personas con discapacidad de los entornos rurales tengan acceso a los mismos derechos, recursos y servicios que quienes viven en zonas urbanas. La inauguraci\u00f3n oficial tuvo lugar el pasado lunes en el Espacio La Granja, en el marco del Encuentro con Familias, y cont\u00f3 con la participaci\u00f3n del presidente de la Diputaci\u00f3n de Valladolid, Conrado \u00cdscar, junto a representantes de entidades sociales, usuarios y profesionales vinculados a la Red. RED INTEGRADA DE ATENCI\u00d3N A PERSONAS CON DISCAPACIDAD La Red Integrada de Atenci\u00f3n a Personas con Discapacidad tiene el objetivo de constituirse como una red accesible de apoyos para que las personas con discapacidad del \u00e1mbito rural de Valladolid puedan mejorar su proyecto vital y su calidad de vida. Atiende a personas tanto con discapacidad intelectual como con enfermedad mental grave o prolongada. La Red se organiza en tres tipos de servicios: talleres ocupacionales o prelaborales, centros de d\u00eda y viviendas tuteladas, todos ellos con el objetivo de mejorar la calidad de vida de las personas afectadas e, indirectamente, de sus familias. Para ello cuenta con 70 profesionales que atienden directamente los diferentes centros de la Red y un presupuesto para 2024 de 2,4 millones euros. La Red atiende a 214 usuarios en los 17 centros que la componen en la actualidad: 4 orientados a personas con enfermedad mental grave, todos ellos talleres prelaborales (Medina de Rioseco, Pe\u00f1afiel, Rueda y Tudela de Duero), y 13 est\u00e1n dirigidos a personas con discapacidad intelectual: 9 talleres ocupacionales (Cigales, \u00cdscar, Medina de Rioseco, Mojados, Nava del Rey, Pe\u00f1afiel, Tordesillas, Tudela de Duero, Villal\u00f3n de Campos), 1 centro de d\u00eda en Villal\u00f3n de Campos y 3 viviendas tuteladas (Nava del Rey, Pe\u00f1afiel y Villal\u00f3n de Campos). A ellos se unir\u00e1 pr\u00f3ximamente una nueva vivienda tutelada en Tordesillas.<\/p>","protected":false},"author":1,"featured_media":3156,"comment_status":"open","ping_status":"closed","sticky":false,"template":"","format":"standard","meta":{"site-sidebar-layout":"default","site-content-layout":"","ast-site-content-layout":"default","site-content-style":"default","site-sidebar-style":"default","ast-global-header-display":"","ast-banner-title-visibility":"","ast-main-header-display":"","ast-hfb-above-header-display":"","ast-hfb-below-header-display":"","ast-hfb-mobile-header-display":"","site-post-title":"disabled","ast-breadcrumbs-content":"","ast-featured-img":"","footer-sml-layout":"","theme-transparent-header-meta":"","adv-header-id-meta":"","stick-header-meta":"","header-above-stick-meta":"","header-main-stick-meta":"","header-below-stick-meta":"","astra-migrate-meta-layouts":"default","ast-page-background-enabled":"default","ast-page-background-meta":{"desktop":{"background-color":"var(--ast-global-color-5)","background-image":"","background-repeat":"repeat","background-position":"center center","background-size":"auto","background-attachment":"scroll","background-type":"","background-media":"","overlay-type":"","overlay-color":"","overlay-opacity":"","overlay-gradient":""},"tablet":{"background-color":"","background-image":"","background-repeat":"repeat","background-position":"center center","background-size":"auto","background-attachment":"scroll","background-type":"","background-media":"","overlay-type":"","overlay-color":"","overlay-opacity":"","overlay-gradient":""},"mobile":{"background-color":"","background-image":"","background-repeat":"repeat","background-position":"center center","background-size":"auto","background-attachment":"scroll","background-type":"","background-media":"","overlay-type":"","overlay-color":"","overlay-opacity":"","overlay-gradient":""}},"ast-content-background-meta":{"desktop":{"background-color":"var(--ast-global-color-4)","background-image":"","background-repeat":"repeat","background-position":"center center","background-size":"auto","background-attachment":"scroll","background-type":"","background-media":"","overlay-type":"","overlay-color":"","overlay-opacity":"","overlay-gradient":""},"tablet":{"background-color":"var(--ast-global-color-4)","background-image":"","background-repeat":"repeat","background-position":"center center","background-size":"auto","background-attachment":"scroll","background-type":"","background-media":"","overlay-type":"","overlay-color":"","overlay-opacity":"","overlay-gradient":""},"mobile":{"background-color":"var(--ast-global-color-4)","background-image":"","background-repeat":"repeat","background-position":"center center","background-size":"auto","background-attachment":"scroll","background-type":"","background-media":"","overlay-type":"","overlay-color":"","overlay-opacity":"","overlay-gradient":""}},"ngg_post_thumbnail":0,"footnotes":""},"categories":[11,18,16],"tags":[26],"class_list":["post-3155","post","type-post","status-publish","format-standard","has-post-thumbnail","hentry","category-deportes-y-ocio","category-ocio","category-portada","tag-diputacion-de-valladolid"],"aioseo_notices":[],"rttpg_featured_image_url":{"full":["https:\/\/pueblosycomarcas.com\/wp-content\/uploads\/2025\/11\/20251124_exposicion_diputacion.jpg",800,400,false],"landscape":["https:\/\/pueblosycomarcas.com\/wp-content\/uploads\/2025\/11\/20251124_exposicion_diputacion.jpg",800,400,false],"portraits":["https:\/\/pueblosycomarcas.com\/wp-content\/uploads\/2025\/11\/20251124_exposicion_diputacion.jpg",800,400,false],"thumbnail":["https:\/\/pueblosycomarcas.com\/wp-content\/uploads\/2025\/11\/20251124_exposicion_diputacion-150x150.jpg",150,150,true],"medium":["https:\/\/pueblosycomarcas.com\/wp-content\/uploads\/2025\/11\/20251124_exposicion_diputacion-300x150.jpg",300,150,true],"large":["https:\/\/pueblosycomarcas.com\/wp-content\/uploads\/2025\/11\/20251124_exposicion_diputacion.jpg",800,400,false],"1536x1536":["https:\/\/pueblosycomarcas.com\/wp-content\/uploads\/2025\/11\/20251124_exposicion_diputacion.jpg",800,400,false],"2048x2048":["https:\/\/pueblosycomarcas.com\/wp-content\/uploads\/2025\/11\/20251124_exposicion_diputacion.jpg",800,400,false],"trp-custom-language-flag":["https:\/\/pueblosycomarcas.com\/wp-content\/uploads\/2025\/11\/20251124_exposicion_diputacion.jpg",18,9,false]},"rttpg_author":{"display_name":"admin","author_link":"https:\/\/pueblosycomarcas.com\/en\/author\/webalquimia\/"},"rttpg_comment":0,"rttpg_category":"<a href=\"https:\/\/pueblosycomarcas.com\/en\/category\/deportes-y-ocio\/\" rel=\"category tag\">Deporte y Ocio<\/a> <a href=\"https:\/\/pueblosycomarcas.com\/en\/category\/ocio\/\" rel=\"category tag\">Ocio<\/a> <a href=\"https:\/\/pueblosycomarcas.com\/en\/category\/portada\/\" rel=\"category tag\">Portada<\/a>","rttpg_excerpt":"El Palacio Pimentel acoge la exposici\u00f3n del 25\u00ba aniversario de la Red Rural Integrada de Servicios La Diputaci\u00f3n de Valladolid expone 10 paneles ilustrativos de la Red Rural Integrada de Servicios para Personas con Discapacidad con motivo de sus 25 a\u00f1os de trayectoria Pueblosycomarcas.com;&nbsp;@PueblosComarcas El patio del Palacio de Pimentel acoge la exposici\u00f3n conmemorativa del&hellip;","_links":{"self":[{"href":"https:\/\/pueblosycomarcas.com\/en\/wp-json\/wp\/v2\/posts\/3155","targetHints":{"allow":["GET"]}}],"collection":[{"href":"https:\/\/pueblosycomarcas.com\/en\/wp-json\/wp\/v2\/posts"}],"about":[{"href":"https:\/\/pueblosycomarcas.com\/en\/wp-json\/wp\/v2\/types\/post"}],"author":[{"embeddable":true,"href":"https:\/\/pueblosycomarcas.com\/en\/wp-json\/wp\/v2\/users\/1"}],"replies":[{"embeddable":true,"href":"https:\/\/pueblosycomarcas.com\/en\/wp-json\/wp\/v2\/comments?post=3155"}],"version-history":[{"count":5,"href":"https:\/\/pueblosycomarcas.com\/en\/wp-json\/wp\/v2\/posts\/3155\/revisions"}],"predecessor-version":[{"id":3161,"href":"https:\/\/pueblosycomarcas.com\/en\/wp-json\/wp\/v2\/posts\/3155\/revisions\/3161"}],"wp:featuredmedia":[{"embeddable":true,"href":"https:\/\/pueblosycomarcas.com\/en\/wp-json\/wp\/v2\/media\/3156"}],"wp:attachment":[{"href":"https:\/\/pueblosycomarcas.com\/en\/wp-json\/wp\/v2\/media?parent=3155"}],"wp:term":[{"taxonomy":"category","embeddable":true,"href":"https:\/\/pueblosycomarcas.com\/en\/wp-json\/wp\/v2\/categories?post=3155"},{"taxonomy":"post_tag","embeddable":true,"href":"https:\/\/pueblosycomarcas.com\/en\/wp-json\/wp\/v2\/tags?post=3155"}],"curies":[{"name":"wp","href":"https:\/\/api.w.org\/{rel}","templated":true}]}}