{"id":3077,"date":"2025-11-20T09:43:05","date_gmt":"2025-11-20T08:43:05","guid":{"rendered":"https:\/\/webalquimia.es\/?p=3077"},"modified":"2025-11-20T09:46:43","modified_gmt":"2025-11-20T08:46:43","slug":"laguna-de-duero-da-un-paso-mas-facilitando-tramites-con-el-padron-de-manera-online-mediante-su-sede-electronica","status":"publish","type":"post","link":"https:\/\/pueblosycomarcas.com\/en\/laguna-de-duero-da-un-paso-mas-facilitando-tramites-con-el-padron-de-manera-online-mediante-su-sede-electronica\/","title":{"rendered":"Laguna de Duero da un paso m\u00e1s facilitando tr\u00e1mites con el padr\u00f3n de manera online mediante su sede electr\u00f3nica"},"content":{"rendered":"<div data-elementor-type=\"wp-post\" data-elementor-id=\"3077\" class=\"elementor elementor-3077\">\n\t\t\t\t<div class=\"elementor-element elementor-element-0767536 e-flex e-con-boxed wpr-particle-no wpr-jarallax-no wpr-parallax-no wpr-sticky-section-no wpr-equal-height-no e-con e-parent\" data-id=\"0767536\" data-element_type=\"container\" data-e-type=\"container\">\n\t\t\t\t\t<div class=\"e-con-inner\">\n\t\t\t\t<div class=\"elementor-element elementor-element-a09e0b3 elementor-widget elementor-widget-heading\" data-id=\"a09e0b3\" data-element_type=\"widget\" data-e-type=\"widget\" data-widget_type=\"heading.default\">\n\t\t\t\t\t<h2 class=\"elementor-heading-title elementor-size-default\">Laguna de Duero da un paso m\u00e1s facilitando tr\u00e1mites con el padr\u00f3n de manera online mediante su sede electr\u00f3nica<\/h2>\t\t\t\t<\/div>\n\t\t\t\t<div class=\"elementor-element elementor-element-7d06e9b elementor-widget elementor-widget-text-editor\" data-id=\"7d06e9b\" data-element_type=\"widget\" data-e-type=\"widget\" data-widget_type=\"text-editor.default\">\n\t\t\t\t\t\t\t\t\t<ul><li><h6><em><strong>Gracias a esta novedad, los ciudadanos ya pueden realizar de manera digital, sencilla y segura todos sus tr\u00e1mites relacionados con el padr\u00f3n municipal, desde el alta de residencia hasta la descarga de certificados o cambios de domicilio, sin esperas ni desplazamientos<\/strong><\/em><\/h6><\/li><\/ul>\t\t\t\t\t\t\t\t<\/div>\n\t\t\t\t<div class=\"elementor-element elementor-element-5fd4630 elementor-widget-divider--view-line elementor-widget elementor-widget-divider\" data-id=\"5fd4630\" data-element_type=\"widget\" data-e-type=\"widget\" data-widget_type=\"divider.default\">\n\t\t\t\t\t\t\t<div class=\"elementor-divider\">\n\t\t\t<span class=\"elementor-divider-separator\">\n\t\t\t\t\t\t<\/span>\n\t\t<\/div>\n\t\t\t\t\t\t<\/div>\n\t\t\t\t<div class=\"elementor-element elementor-element-bc5c693 elementor-widget elementor-widget-image\" data-id=\"bc5c693\" data-element_type=\"widget\" data-e-type=\"widget\" data-widget_type=\"image.default\">\n\t\t\t\t\t\t\t\t\t\t\t\t\t\t\t<img fetchpriority=\"high\" decoding=\"async\" width=\"800\" height=\"400\" src=\"https:\/\/pueblosycomarcas.com\/wp-content\/uploads\/2025\/11\/20251120_avelino_laguna.jpg\" class=\"attachment-large size-large wp-image-3078\" alt=\"\" srcset=\"https:\/\/pueblosycomarcas.com\/wp-content\/uploads\/2025\/11\/20251120_avelino_laguna.jpg 800w, https:\/\/pueblosycomarcas.com\/wp-content\/uploads\/2025\/11\/20251120_avelino_laguna-300x150.jpg 300w, https:\/\/pueblosycomarcas.com\/wp-content\/uploads\/2025\/11\/20251120_avelino_laguna-768x384.jpg 768w\" sizes=\"(max-width: 800px) 100vw, 800px\" \/>\t\t\t\t\t\t\t\t\t\t\t\t\t\t\t<\/div>\n\t\t\t\t<div class=\"elementor-element elementor-element-848a821 elementor-widget elementor-widget-text-editor\" data-id=\"848a821\" data-element_type=\"widget\" data-e-type=\"widget\" data-widget_type=\"text-editor.default\">\n\t\t\t\t\t\t\t\t\t<p><a href=\"https:\/\/www.facebook.com\/Pueblos-y-Comarcas-125437870924169\/?fref=ts\"><em><strong>Pueblosycomarcas.com<\/strong><\/em><\/a><em><strong>;\u00a0<\/strong><\/em><a href=\"https:\/\/twitter.com\/PueblosComarcas\"><em><strong>@PueblosComarcas<\/strong><\/em><\/a><\/p><p>Ayer se present\u00f3 desde la Concejal\u00eda de Innovaci\u00f3n y Nuevas Tecnolog\u00edas un nuevo servicio dentro de la Sede Electr\u00f3nica del Ayuntamiento de Laguna de Duero (plataforma desde la que los vecinos pueden cursar sus tr\u00e1mites municipales online). Gracias a esta novedad, los ciudadanos ya pueden realizar de manera digital, sencilla y segura todos sus tr\u00e1mites relacionados con el padr\u00f3n municipal, desde el alta de residencia hasta la descarga de certificados o cambios de domicilio, sin esperas ni desplazamientos. Se cumple as\u00ed por adelantado con la exigencia que habr\u00e1 desde 2026 por parte del INE de contar con un padr\u00f3n online.<\/p><p>Esta herramienta se utilizar\u00e1 tambi\u00e9n a nivel interno para poder analizar sus par\u00e1metros en diferentes estudios de densidad de poblaci\u00f3n, datos de la misma por sexo, edad, nivel de estudios o n\u00famero de viviendas ocupadas o vac\u00edas en el municipio, entre otros factores. La integraci\u00f3n con Catastro y el INE, sumada a la anal\u00edtica avanzada y mapas interactivos, aporta transparencia, facilidad y protecci\u00f3n de datos, posicionando a Laguna de Duero como referente en la modernizaci\u00f3n de la administraci\u00f3n local y poniendo al ciudadano en el centro de la gesti\u00f3n.\u00a0<\/p><p>Durante la presentaci\u00f3n, el concejal de Innovaci\u00f3n y Nuevas Tecnolog\u00edas, \u00d3scar Luis Iglesias, ha afirmado que \u201cesta soluci\u00f3n digital refuerza el compromiso de Laguna de Duero con la modernizaci\u00f3n, la eficiencia y la proximidad, haciendo la gesti\u00f3n municipal m\u00e1s accesible, \u00e1gil y transparente para todos sus vecinos\u201d.<\/p><p>Por su parte, el alcalde del municipio, Avelino \u00c1lvarez, ha destacado esta novedad como \u201cun paso m\u00e1s en el compromiso con los vecinos para facilitar su acceso a los tr\u00e1mites municipales de una forma intuitiva, c\u00f3moda, evitando esperas y desplazamientos\u201d. Por otro lado, ha manifestado que \u201cse ense\u00f1ar\u00e1 el manejo de esta nueva herramienta en unos cursos que se ofrecer\u00e1n en nuestra sede de Desarrollo Local, en la l\u00ednea de otros que se han hecho hasta ahora para ayudar al ciudadano a manejar la sede electr\u00f3nica\u201d.<\/p>\t\t\t\t\t\t\t\t<\/div>\n\t\t\t\t\t<\/div>\n\t\t\t\t<\/div>\n\t\t\t\t<\/div>","protected":false},"excerpt":{"rendered":"<p>Laguna de Duero da un paso m\u00e1s facilitando tr\u00e1mites con el padr\u00f3n de manera online mediante su sede electr\u00f3nica Gracias a esta novedad, los ciudadanos ya pueden realizar de manera digital, sencilla y segura todos sus tr\u00e1mites relacionados con el padr\u00f3n municipal, desde el alta de residencia hasta la descarga de certificados o cambios de domicilio, sin esperas ni desplazamientos Pueblosycomarcas.com;\u00a0@PueblosComarcas Ayer se present\u00f3 desde la Concejal\u00eda de Innovaci\u00f3n y Nuevas Tecnolog\u00edas un nuevo servicio dentro de la Sede Electr\u00f3nica del Ayuntamiento de Laguna de Duero (plataforma desde la que los vecinos pueden cursar sus tr\u00e1mites municipales online). Gracias a esta novedad, los ciudadanos ya pueden realizar de manera digital, sencilla y segura todos sus tr\u00e1mites relacionados con el padr\u00f3n municipal, desde el alta de residencia hasta la descarga de certificados o cambios de domicilio, sin esperas ni desplazamientos. Se cumple as\u00ed por adelantado con la exigencia que habr\u00e1 desde 2026 por parte del INE de contar con un padr\u00f3n online. Esta herramienta se utilizar\u00e1 tambi\u00e9n a nivel interno para poder analizar sus par\u00e1metros en diferentes estudios de densidad de poblaci\u00f3n, datos de la misma por sexo, edad, nivel de estudios o n\u00famero de viviendas ocupadas o vac\u00edas en el municipio, entre otros factores. La integraci\u00f3n con Catastro y el INE, sumada a la anal\u00edtica avanzada y mapas interactivos, aporta transparencia, facilidad y protecci\u00f3n de datos, posicionando a Laguna de Duero como referente en la modernizaci\u00f3n de la administraci\u00f3n local y poniendo al ciudadano en el centro de la gesti\u00f3n.\u00a0 Durante la presentaci\u00f3n, el concejal de Innovaci\u00f3n y Nuevas Tecnolog\u00edas, \u00d3scar Luis Iglesias, ha afirmado que \u201cesta soluci\u00f3n digital refuerza el compromiso de Laguna de Duero con la modernizaci\u00f3n, la eficiencia y la proximidad, haciendo la gesti\u00f3n municipal m\u00e1s accesible, \u00e1gil y transparente para todos sus vecinos\u201d. Por su parte, el alcalde del municipio, Avelino \u00c1lvarez, ha destacado esta novedad como \u201cun paso m\u00e1s en el compromiso con los vecinos para facilitar su acceso a los tr\u00e1mites municipales de una forma intuitiva, c\u00f3moda, evitando esperas y desplazamientos\u201d. Por otro lado, ha manifestado que \u201cse ense\u00f1ar\u00e1 el manejo de esta nueva herramienta en unos cursos que se ofrecer\u00e1n en nuestra sede de Desarrollo Local, en la l\u00ednea de otros que se han hecho hasta ahora para ayudar al ciudadano a manejar la sede electr\u00f3nica\u201d.<\/p>","protected":false},"author":1,"featured_media":3078,"comment_status":"open","ping_status":"closed","sticky":false,"template":"","format":"standard","meta":{"site-sidebar-layout":"default","site-content-layout":"","ast-site-content-layout":"default","site-content-style":"default","site-sidebar-style":"default","ast-global-header-display":"","ast-banner-title-visibility":"","ast-main-header-display":"","ast-hfb-above-header-display":"","ast-hfb-below-header-display":"","ast-hfb-mobile-header-display":"","site-post-title":"disabled","ast-breadcrumbs-content":"","ast-featured-img":"","footer-sml-layout":"","theme-transparent-header-meta":"","adv-header-id-meta":"","stick-header-meta":"","header-above-stick-meta":"","header-main-stick-meta":"","header-below-stick-meta":"","astra-migrate-meta-layouts":"default","ast-page-background-enabled":"default","ast-page-background-meta":{"desktop":{"background-color":"var(--ast-global-color-5)","background-image":"","background-repeat":"repeat","background-position":"center center","background-size":"auto","background-attachment":"scroll","background-type":"","background-media":"","overlay-type":"","overlay-color":"","overlay-opacity":"","overlay-gradient":""},"tablet":{"background-color":"","background-image":"","background-repeat":"repeat","background-position":"center center","background-size":"auto","background-attachment":"scroll","background-type":"","background-media":"","overlay-type":"","overlay-color":"","overlay-opacity":"","overlay-gradient":""},"mobile":{"background-color":"","background-image":"","background-repeat":"repeat","background-position":"center center","background-size":"auto","background-attachment":"scroll","background-type":"","background-media":"","overlay-type":"","overlay-color":"","overlay-opacity":"","overlay-gradient":""}},"ast-content-background-meta":{"desktop":{"background-color":"var(--ast-global-color-4)","background-image":"","background-repeat":"repeat","background-position":"center center","background-size":"auto","background-attachment":"scroll","background-type":"","background-media":"","overlay-type":"","overlay-color":"","overlay-opacity":"","overlay-gradient":""},"tablet":{"background-color":"var(--ast-global-color-4)","background-image":"","background-repeat":"repeat","background-position":"center center","background-size":"auto","background-attachment":"scroll","background-type":"","background-media":"","overlay-type":"","overlay-color":"","overlay-opacity":"","overlay-gradient":""},"mobile":{"background-color":"var(--ast-global-color-4)","background-image":"","background-repeat":"repeat","background-position":"center center","background-size":"auto","background-attachment":"scroll","background-type":"","background-media":"","overlay-type":"","overlay-color":"","overlay-opacity":"","overlay-gradient":""}},"ngg_post_thumbnail":0,"footnotes":""},"categories":[10,16],"tags":[58,57],"class_list":["post-3077","post","type-post","status-publish","format-standard","has-post-thumbnail","hentry","category-otras-comarcas","category-portada","tag-ayuntamiento-de-laguna-de-duero","tag-laguna-de-duero"],"aioseo_notices":[],"rttpg_featured_image_url":{"full":["https:\/\/pueblosycomarcas.com\/wp-content\/uploads\/2025\/11\/20251120_avelino_laguna.jpg",800,400,false],"landscape":["https:\/\/pueblosycomarcas.com\/wp-content\/uploads\/2025\/11\/20251120_avelino_laguna.jpg",800,400,false],"portraits":["https:\/\/pueblosycomarcas.com\/wp-content\/uploads\/2025\/11\/20251120_avelino_laguna.jpg",800,400,false],"thumbnail":["https:\/\/pueblosycomarcas.com\/wp-content\/uploads\/2025\/11\/20251120_avelino_laguna-150x150.jpg",150,150,true],"medium":["https:\/\/pueblosycomarcas.com\/wp-content\/uploads\/2025\/11\/20251120_avelino_laguna-300x150.jpg",300,150,true],"large":["https:\/\/pueblosycomarcas.com\/wp-content\/uploads\/2025\/11\/20251120_avelino_laguna.jpg",800,400,false],"1536x1536":["https:\/\/pueblosycomarcas.com\/wp-content\/uploads\/2025\/11\/20251120_avelino_laguna.jpg",800,400,false],"2048x2048":["https:\/\/pueblosycomarcas.com\/wp-content\/uploads\/2025\/11\/20251120_avelino_laguna.jpg",800,400,false],"trp-custom-language-flag":["https:\/\/pueblosycomarcas.com\/wp-content\/uploads\/2025\/11\/20251120_avelino_laguna.jpg",18,9,false]},"rttpg_author":{"display_name":"admin","author_link":"https:\/\/pueblosycomarcas.com\/en\/author\/webalquimia\/"},"rttpg_comment":0,"rttpg_category":"<a href=\"https:\/\/pueblosycomarcas.com\/en\/category\/otras-comarcas\/\" rel=\"category tag\">Otras Comarcas<\/a> <a href=\"https:\/\/pueblosycomarcas.com\/en\/category\/portada\/\" rel=\"category tag\">Portada<\/a>","rttpg_excerpt":"Laguna de Duero da un paso m\u00e1s facilitando tr\u00e1mites con el padr\u00f3n de manera online mediante su sede electr\u00f3nica Gracias a esta novedad, los ciudadanos ya pueden realizar de manera digital, sencilla y segura todos sus tr\u00e1mites relacionados con el padr\u00f3n municipal, desde el alta de residencia hasta la descarga de certificados o cambios de&hellip;","_links":{"self":[{"href":"https:\/\/pueblosycomarcas.com\/en\/wp-json\/wp\/v2\/posts\/3077","targetHints":{"allow":["GET"]}}],"collection":[{"href":"https:\/\/pueblosycomarcas.com\/en\/wp-json\/wp\/v2\/posts"}],"about":[{"href":"https:\/\/pueblosycomarcas.com\/en\/wp-json\/wp\/v2\/types\/post"}],"author":[{"embeddable":true,"href":"https:\/\/pueblosycomarcas.com\/en\/wp-json\/wp\/v2\/users\/1"}],"replies":[{"embeddable":true,"href":"https:\/\/pueblosycomarcas.com\/en\/wp-json\/wp\/v2\/comments?post=3077"}],"version-history":[{"count":5,"href":"https:\/\/pueblosycomarcas.com\/en\/wp-json\/wp\/v2\/posts\/3077\/revisions"}],"predecessor-version":[{"id":3083,"href":"https:\/\/pueblosycomarcas.com\/en\/wp-json\/wp\/v2\/posts\/3077\/revisions\/3083"}],"wp:featuredmedia":[{"embeddable":true,"href":"https:\/\/pueblosycomarcas.com\/en\/wp-json\/wp\/v2\/media\/3078"}],"wp:attachment":[{"href":"https:\/\/pueblosycomarcas.com\/en\/wp-json\/wp\/v2\/media?parent=3077"}],"wp:term":[{"taxonomy":"category","embeddable":true,"href":"https:\/\/pueblosycomarcas.com\/en\/wp-json\/wp\/v2\/categories?post=3077"},{"taxonomy":"post_tag","embeddable":true,"href":"https:\/\/pueblosycomarcas.com\/en\/wp-json\/wp\/v2\/tags?post=3077"}],"curies":[{"name":"wp","href":"https:\/\/api.w.org\/{rel}","templated":true}]}}