{"id":3057,"date":"2025-11-19T14:36:06","date_gmt":"2025-11-19T13:36:06","guid":{"rendered":"https:\/\/webalquimia.es\/?p=3057"},"modified":"2025-11-19T14:38:11","modified_gmt":"2025-11-19T13:38:11","slug":"la-guardia-civil-detiene-en-iscar-a-un-hombre-que-habia-amenazado-a-una-mujer-con-arma-blanca-en-pedrajas-de-san-esteban","status":"publish","type":"post","link":"https:\/\/pueblosycomarcas.com\/en\/la-guardia-civil-detiene-en-iscar-a-un-hombre-que-habia-amenazado-a-una-mujer-con-arma-blanca-en-pedrajas-de-san-esteban\/","title":{"rendered":"La Guardia Civil detiene en \u00cdscar a un hombre que hab\u00eda amenazado a una mujer con arma blanca en Pedrajas de San Esteban"},"content":{"rendered":"<div data-elementor-type=\"wp-post\" data-elementor-id=\"3057\" class=\"elementor elementor-3057\">\n\t\t\t\t<div class=\"elementor-element elementor-element-9a0714c e-flex e-con-boxed wpr-particle-no wpr-jarallax-no wpr-parallax-no wpr-sticky-section-no wpr-equal-height-no e-con e-parent\" data-id=\"9a0714c\" data-element_type=\"container\" data-e-type=\"container\">\n\t\t\t\t\t<div class=\"e-con-inner\">\n\t\t\t\t<div class=\"elementor-element elementor-element-3c452b1 elementor-widget elementor-widget-heading\" data-id=\"3c452b1\" data-element_type=\"widget\" data-e-type=\"widget\" data-widget_type=\"heading.default\">\n\t\t\t\t\t<h2 class=\"elementor-heading-title elementor-size-default\">La Guardia Civil detiene en \u00cdscar a un hombre que hab\u00eda amenazado a una mujer con arma blanca en Pedrajas de San Esteban<\/h2>\t\t\t\t<\/div>\n\t\t\t\t<div class=\"elementor-element elementor-element-55949be elementor-widget elementor-widget-text-editor\" data-id=\"55949be\" data-element_type=\"widget\" data-e-type=\"widget\" data-widget_type=\"text-editor.default\">\n\t\t\t\t\t\t\t\t\t<ul><li><h6><em><strong>El detenido habr\u00eda impedido la entrada de una mujer al domicilio, intimid\u00e1ndola con un cuchillo en presencia de testigos<\/strong><\/em><\/h6><\/li><\/ul>\t\t\t\t\t\t\t\t<\/div>\n\t\t\t\t<div class=\"elementor-element elementor-element-2238989 elementor-widget-divider--view-line elementor-widget elementor-widget-divider\" data-id=\"2238989\" data-element_type=\"widget\" data-e-type=\"widget\" data-widget_type=\"divider.default\">\n\t\t\t\t\t\t\t<div class=\"elementor-divider\">\n\t\t\t<span class=\"elementor-divider-separator\">\n\t\t\t\t\t\t<\/span>\n\t\t<\/div>\n\t\t\t\t\t\t<\/div>\n\t\t\t\t<div class=\"elementor-element elementor-element-b0e7ab8 elementor-widget elementor-widget-image\" data-id=\"b0e7ab8\" data-element_type=\"widget\" data-e-type=\"widget\" data-widget_type=\"image.default\">\n\t\t\t\t\t\t\t\t\t\t\t\t\t\t\t<img fetchpriority=\"high\" decoding=\"async\" width=\"800\" height=\"400\" src=\"https:\/\/pueblosycomarcas.com\/wp-content\/uploads\/2025\/11\/20251119_guardia_civil_iscar.jpg\" class=\"attachment-large size-large wp-image-3058\" alt=\"\" srcset=\"https:\/\/pueblosycomarcas.com\/wp-content\/uploads\/2025\/11\/20251119_guardia_civil_iscar.jpg 800w, https:\/\/pueblosycomarcas.com\/wp-content\/uploads\/2025\/11\/20251119_guardia_civil_iscar-300x150.jpg 300w, https:\/\/pueblosycomarcas.com\/wp-content\/uploads\/2025\/11\/20251119_guardia_civil_iscar-768x384.jpg 768w\" sizes=\"(max-width: 800px) 100vw, 800px\" \/>\t\t\t\t\t\t\t\t\t\t\t\t\t\t\t<\/div>\n\t\t\t\t\t<\/div>\n\t\t\t\t<\/div>\n\t\t<div class=\"elementor-element elementor-element-f5c451f e-flex e-con-boxed wpr-particle-no wpr-jarallax-no wpr-parallax-no wpr-sticky-section-no wpr-equal-height-no e-con e-parent\" data-id=\"f5c451f\" data-element_type=\"container\" data-e-type=\"container\">\n\t\t\t\t\t<div class=\"e-con-inner\">\n\t\t\t\t<div class=\"elementor-element elementor-element-9df9b3a elementor-widget elementor-widget-text-editor\" data-id=\"9df9b3a\" data-element_type=\"widget\" data-e-type=\"widget\" data-widget_type=\"text-editor.default\">\n\t\t\t\t\t\t\t\t\t<p><a href=\"https:\/\/www.facebook.com\/Pueblos-y-Comarcas-125437870924169\/?fref=ts\"><em><strong>Pueblosycomarcas.com<\/strong><\/em><\/a><em><strong>;\u00a0<\/strong><\/em><a href=\"https:\/\/twitter.com\/PueblosComarcas\"><em><strong>@PueblosComarcas<\/strong><\/em><\/a><\/p><p>La Guardia Civil de Valladolid ha procedido a la detenci\u00f3n de un hombre de nacionalidad extranjera, en la localidad de \u00cdscar, por un supuesto delito de amenazas con arma blanca, contra una mujer.<\/p><p>Los hechos sucedieron el pasado 12 de noviembre sobre las 14:00 horas, cuando la Central Operativa de Servicio (COS) de la Guardia Civil recibi\u00f3 aviso de una posible agresi\u00f3n con cuchillo en la localidad de <strong>Pedrajas de San Esteban<\/strong>, solicitando la presencia inmediata de una patrulla de Seguridad Ciudadana.<\/p><p>Una vez en el lugar, los agentes se entrevistaron con una mujer, quien relat\u00f3 que hab\u00eda mantenido una discusi\u00f3n con un hombre de su misma nacionalidad quien residente en una vivienda de la localidad de Pedrajas de San Esteban. Seg\u00fan su declaraci\u00f3n, el individuo le impidi\u00f3 acceder al domicilio donde ella cuidaba habitualmente a un beb\u00e9, hijo de una amiga, amenaz\u00e1ndola con un cuchillo para evitar su entrada.<\/p><p>El presunto autor, manifest\u00f3 a los agentes que vive de alquiler en la vivienda junto con otras cinco personas y que no desea la presencia de personas ajenas en la casa, alegando sentirse inc\u00f3modo. Los agentes corroboraron la versi\u00f3n de la denunciante y reforzaron la gravedad de los hechos.<\/p><p>La Guardia Civil tras las investigaciones realizadas, ha podido determinar que entre la v\u00edctima y el presunto autor de los hechos no exist\u00eda ning\u00fan tipo de relaci\u00f3n sentimental ni v\u00ednculo afectivo previo<\/p><p>Ante la evidencia aportada, la Guardia Civil procedi\u00f3 a la detenci\u00f3n del denunciado, quien fue trasladado a dependencias oficiales y puesto a disposici\u00f3n judicial.<\/p>\t\t\t\t\t\t\t\t<\/div>\n\t\t\t\t\t<\/div>\n\t\t\t\t<\/div>\n\t\t\t\t<\/div>","protected":false},"excerpt":{"rendered":"<p>La Guardia Civil detiene en \u00cdscar a un hombre que hab\u00eda amenazado a una mujer con arma blanca en Pedrajas de San Esteban El detenido habr\u00eda impedido la entrada de una mujer al domicilio, intimid\u00e1ndola con un cuchillo en presencia de testigos Pueblosycomarcas.com;\u00a0@PueblosComarcas La Guardia Civil de Valladolid ha procedido a la detenci\u00f3n de un hombre de nacionalidad extranjera, en la localidad de \u00cdscar, por un supuesto delito de amenazas con arma blanca, contra una mujer. Los hechos sucedieron el pasado 12 de noviembre sobre las 14:00 horas, cuando la Central Operativa de Servicio (COS) de la Guardia Civil recibi\u00f3 aviso de una posible agresi\u00f3n con cuchillo en la localidad de Pedrajas de San Esteban, solicitando la presencia inmediata de una patrulla de Seguridad Ciudadana. Una vez en el lugar, los agentes se entrevistaron con una mujer, quien relat\u00f3 que hab\u00eda mantenido una discusi\u00f3n con un hombre de su misma nacionalidad quien residente en una vivienda de la localidad de Pedrajas de San Esteban. Seg\u00fan su declaraci\u00f3n, el individuo le impidi\u00f3 acceder al domicilio donde ella cuidaba habitualmente a un beb\u00e9, hijo de una amiga, amenaz\u00e1ndola con un cuchillo para evitar su entrada. El presunto autor, manifest\u00f3 a los agentes que vive de alquiler en la vivienda junto con otras cinco personas y que no desea la presencia de personas ajenas en la casa, alegando sentirse inc\u00f3modo. Los agentes corroboraron la versi\u00f3n de la denunciante y reforzaron la gravedad de los hechos. La Guardia Civil tras las investigaciones realizadas, ha podido determinar que entre la v\u00edctima y el presunto autor de los hechos no exist\u00eda ning\u00fan tipo de relaci\u00f3n sentimental ni v\u00ednculo afectivo previo Ante la evidencia aportada, la Guardia Civil procedi\u00f3 a la detenci\u00f3n del denunciado, quien fue trasladado a dependencias oficiales y puesto a disposici\u00f3n judicial.<\/p>","protected":false},"author":1,"featured_media":3058,"comment_status":"open","ping_status":"closed","sticky":false,"template":"","format":"standard","meta":{"site-sidebar-layout":"default","site-content-layout":"","ast-site-content-layout":"default","site-content-style":"default","site-sidebar-style":"default","ast-global-header-display":"","ast-banner-title-visibility":"","ast-main-header-display":"","ast-hfb-above-header-display":"","ast-hfb-below-header-display":"","ast-hfb-mobile-header-display":"","site-post-title":"disabled","ast-breadcrumbs-content":"","ast-featured-img":"","footer-sml-layout":"","theme-transparent-header-meta":"","adv-header-id-meta":"","stick-header-meta":"","header-above-stick-meta":"","header-main-stick-meta":"","header-below-stick-meta":"","astra-migrate-meta-layouts":"default","ast-page-background-enabled":"default","ast-page-background-meta":{"desktop":{"background-color":"var(--ast-global-color-5)","background-image":"","background-repeat":"repeat","background-position":"center center","background-size":"auto","background-attachment":"scroll","background-type":"","background-media":"","overlay-type":"","overlay-color":"","overlay-opacity":"","overlay-gradient":""},"tablet":{"background-color":"","background-image":"","background-repeat":"repeat","background-position":"center center","background-size":"auto","background-attachment":"scroll","background-type":"","background-media":"","overlay-type":"","overlay-color":"","overlay-opacity":"","overlay-gradient":""},"mobile":{"background-color":"","background-image":"","background-repeat":"repeat","background-position":"center center","background-size":"auto","background-attachment":"scroll","background-type":"","background-media":"","overlay-type":"","overlay-color":"","overlay-opacity":"","overlay-gradient":""}},"ast-content-background-meta":{"desktop":{"background-color":"var(--ast-global-color-4)","background-image":"","background-repeat":"repeat","background-position":"center center","background-size":"auto","background-attachment":"scroll","background-type":"","background-media":"","overlay-type":"","overlay-color":"","overlay-opacity":"","overlay-gradient":""},"tablet":{"background-color":"var(--ast-global-color-4)","background-image":"","background-repeat":"repeat","background-position":"center center","background-size":"auto","background-attachment":"scroll","background-type":"","background-media":"","overlay-type":"","overlay-color":"","overlay-opacity":"","overlay-gradient":""},"mobile":{"background-color":"var(--ast-global-color-4)","background-image":"","background-repeat":"repeat","background-position":"center center","background-size":"auto","background-attachment":"scroll","background-type":"","background-media":"","overlay-type":"","overlay-color":"","overlay-opacity":"","overlay-gradient":""}},"ngg_post_thumbnail":0,"footnotes":""},"categories":[12,5],"tags":[28,69,42],"class_list":["post-3057","post","type-post","status-publish","format-standard","has-post-thumbnail","hentry","category-sucesos","category-actualidad","tag-guardia-civil","tag-iscar","tag-pedrajas-de-san-esteban"],"aioseo_notices":[],"rttpg_featured_image_url":{"full":["https:\/\/pueblosycomarcas.com\/wp-content\/uploads\/2025\/11\/20251119_guardia_civil_iscar.jpg",800,400,false],"landscape":["https:\/\/pueblosycomarcas.com\/wp-content\/uploads\/2025\/11\/20251119_guardia_civil_iscar.jpg",800,400,false],"portraits":["https:\/\/pueblosycomarcas.com\/wp-content\/uploads\/2025\/11\/20251119_guardia_civil_iscar.jpg",800,400,false],"thumbnail":["https:\/\/pueblosycomarcas.com\/wp-content\/uploads\/2025\/11\/20251119_guardia_civil_iscar-150x150.jpg",150,150,true],"medium":["https:\/\/pueblosycomarcas.com\/wp-content\/uploads\/2025\/11\/20251119_guardia_civil_iscar-300x150.jpg",300,150,true],"large":["https:\/\/pueblosycomarcas.com\/wp-content\/uploads\/2025\/11\/20251119_guardia_civil_iscar.jpg",800,400,false],"1536x1536":["https:\/\/pueblosycomarcas.com\/wp-content\/uploads\/2025\/11\/20251119_guardia_civil_iscar.jpg",800,400,false],"2048x2048":["https:\/\/pueblosycomarcas.com\/wp-content\/uploads\/2025\/11\/20251119_guardia_civil_iscar.jpg",800,400,false],"trp-custom-language-flag":["https:\/\/pueblosycomarcas.com\/wp-content\/uploads\/2025\/11\/20251119_guardia_civil_iscar.jpg",18,9,false]},"rttpg_author":{"display_name":"admin","author_link":"https:\/\/pueblosycomarcas.com\/en\/author\/webalquimia\/"},"rttpg_comment":0,"rttpg_category":"<a href=\"https:\/\/pueblosycomarcas.com\/en\/category\/sucesos\/\" rel=\"category tag\">Sucesos<\/a> <a href=\"https:\/\/pueblosycomarcas.com\/en\/category\/actualidad\/\" rel=\"category tag\">Tierra de Pinares<\/a>","rttpg_excerpt":"La Guardia Civil detiene en \u00cdscar a un hombre que hab\u00eda amenazado a una mujer con arma blanca en Pedrajas de San Esteban El detenido habr\u00eda impedido la entrada de una mujer al domicilio, intimid\u00e1ndola con un cuchillo en presencia de testigos Pueblosycomarcas.com;\u00a0@PueblosComarcas La Guardia Civil de Valladolid ha procedido a la detenci\u00f3n de un&hellip;","_links":{"self":[{"href":"https:\/\/pueblosycomarcas.com\/en\/wp-json\/wp\/v2\/posts\/3057","targetHints":{"allow":["GET"]}}],"collection":[{"href":"https:\/\/pueblosycomarcas.com\/en\/wp-json\/wp\/v2\/posts"}],"about":[{"href":"https:\/\/pueblosycomarcas.com\/en\/wp-json\/wp\/v2\/types\/post"}],"author":[{"embeddable":true,"href":"https:\/\/pueblosycomarcas.com\/en\/wp-json\/wp\/v2\/users\/1"}],"replies":[{"embeddable":true,"href":"https:\/\/pueblosycomarcas.com\/en\/wp-json\/wp\/v2\/comments?post=3057"}],"version-history":[{"count":5,"href":"https:\/\/pueblosycomarcas.com\/en\/wp-json\/wp\/v2\/posts\/3057\/revisions"}],"predecessor-version":[{"id":3063,"href":"https:\/\/pueblosycomarcas.com\/en\/wp-json\/wp\/v2\/posts\/3057\/revisions\/3063"}],"wp:featuredmedia":[{"embeddable":true,"href":"https:\/\/pueblosycomarcas.com\/en\/wp-json\/wp\/v2\/media\/3058"}],"wp:attachment":[{"href":"https:\/\/pueblosycomarcas.com\/en\/wp-json\/wp\/v2\/media?parent=3057"}],"wp:term":[{"taxonomy":"category","embeddable":true,"href":"https:\/\/pueblosycomarcas.com\/en\/wp-json\/wp\/v2\/categories?post=3057"},{"taxonomy":"post_tag","embeddable":true,"href":"https:\/\/pueblosycomarcas.com\/en\/wp-json\/wp\/v2\/tags?post=3057"}],"curies":[{"name":"wp","href":"https:\/\/api.w.org\/{rel}","templated":true}]}}