{"id":3051,"date":"2025-11-19T06:45:00","date_gmt":"2025-11-19T05:45:00","guid":{"rendered":"https:\/\/webalquimia.es\/?p=3051"},"modified":"2025-11-19T12:50:16","modified_gmt":"2025-11-19T11:50:16","slug":"detenido-en-valladolid-el-cabecilla-de-una-operacion-ilegal-de-emigracion-hacia-espana","status":"publish","type":"post","link":"https:\/\/pueblosycomarcas.com\/en\/detenido-en-valladolid-el-cabecilla-de-una-operacion-ilegal-de-emigracion-hacia-espana\/","title":{"rendered":"Detenido en Valladolid el cabecilla de una operaci\u00f3n ilegal de emigraci\u00f3n hacia Espa\u00f1a"},"content":{"rendered":"<div data-elementor-type=\"wp-post\" data-elementor-id=\"3051\" class=\"elementor elementor-3051\">\n\t\t\t\t<div class=\"elementor-element elementor-element-1d6eabe e-flex e-con-boxed wpr-particle-no wpr-jarallax-no wpr-parallax-no wpr-sticky-section-no wpr-equal-height-no e-con e-parent\" data-id=\"1d6eabe\" data-element_type=\"container\" data-e-type=\"container\">\n\t\t\t\t\t<div class=\"e-con-inner\">\n\t\t\t\t<div class=\"elementor-element elementor-element-d59cea0 elementor-widget elementor-widget-heading\" data-id=\"d59cea0\" data-element_type=\"widget\" data-e-type=\"widget\" data-widget_type=\"heading.default\">\n\t\t\t\t\t<h2 class=\"elementor-heading-title elementor-size-default\">Detenido en Valladolid el cabecilla de una operaci\u00f3n ilegal de emigraci\u00f3n hacia Espa\u00f1a<\/h2>\t\t\t\t<\/div>\n\t\t\t\t<div class=\"elementor-element elementor-element-e214105 elementor-widget elementor-widget-text-editor\" data-id=\"e214105\" data-element_type=\"widget\" data-e-type=\"widget\" data-widget_type=\"text-editor.default\">\n\t\t\t\t\t\t\t\t\t<ul><li><h6><em><strong>Investigadores de la Polic\u00eda Nacional estaban tras la pista del detenido por un aviso del Grupo de Localizaci\u00f3n de Fugitivos de la Oficina Central Nacional<\/strong><\/em><\/h6><\/li><\/ul>\t\t\t\t\t\t\t\t<\/div>\n\t\t\t\t<div class=\"elementor-element elementor-element-770cae8 elementor-widget-divider--view-line elementor-widget elementor-widget-divider\" data-id=\"770cae8\" data-element_type=\"widget\" data-e-type=\"widget\" data-widget_type=\"divider.default\">\n\t\t\t\t\t\t\t<div class=\"elementor-divider\">\n\t\t\t<span class=\"elementor-divider-separator\">\n\t\t\t\t\t\t<\/span>\n\t\t<\/div>\n\t\t\t\t\t\t<\/div>\n\t\t\t\t<div class=\"elementor-element elementor-element-99298a1 elementor-widget elementor-widget-image\" data-id=\"99298a1\" data-element_type=\"widget\" data-e-type=\"widget\" data-widget_type=\"image.default\">\n\t\t\t\t\t\t\t\t\t\t\t\t\t\t\t<img fetchpriority=\"high\" decoding=\"async\" width=\"800\" height=\"400\" src=\"https:\/\/pueblosycomarcas.com\/wp-content\/uploads\/2025\/10\/20251029_policia.jpg\" class=\"attachment-large size-large wp-image-1789\" alt=\"\" srcset=\"https:\/\/pueblosycomarcas.com\/wp-content\/uploads\/2025\/10\/20251029_policia.jpg 800w, https:\/\/pueblosycomarcas.com\/wp-content\/uploads\/2025\/10\/20251029_policia-300x150.jpg 300w, https:\/\/pueblosycomarcas.com\/wp-content\/uploads\/2025\/10\/20251029_policia-768x384.jpg 768w\" sizes=\"(max-width: 800px) 100vw, 800px\" \/>\t\t\t\t\t\t\t\t\t\t\t\t\t\t\t<\/div>\n\t\t\t\t<div class=\"elementor-element elementor-element-fed04e9 elementor-widget elementor-widget-text-editor\" data-id=\"fed04e9\" data-element_type=\"widget\" data-e-type=\"widget\" data-widget_type=\"text-editor.default\">\n\t\t\t\t\t\t\t\t\t<p><a href=\"https:\/\/www.facebook.com\/Pueblos-y-Comarcas-125437870924169\/?fref=ts\"><em><strong>Pueblosycomarcas.com<\/strong><\/em><\/a><em><strong>;\u00a0<\/strong><\/em><a href=\"https:\/\/twitter.com\/PueblosComarcas\"><em><strong>@PueblosComarcas<\/strong><\/em><\/a><\/p><p>Investigadores de la Polic\u00eda Nacional en Valladolid han detenido el 17 de noviembre a un hombre sobre el que pesaba una reclamaci\u00f3n judicial internacional emitida por las autoridades de Marruecos.<\/p><p>El Grupo 2\u00ba de la Oficina Central Nacional de Localizaci\u00f3n de Fugitivos puso sobre aviso a los investigadores de Valladolid de que todos los indicios apuntaban a que se encontraba en Valladolid un hombre buscado por las autoridades de Marruecos. El var\u00f3n estaba buscado por los hechos acaecidos en la playa de Ras Rmel en la regi\u00f3n de T\u00e1nger en Marruecos, el 3 de diciembre de 2020. Agentes de las Fuerzas Armadas Reales de Marruecos frustraron una operaci\u00f3n de emigraci\u00f3n ilegal hacia Espa\u00f1a, deteniendo una embarcaci\u00f3n neum\u00e1tica que se dispon\u00eda a zarpar con 22 personas. La investigaci\u00f3n de las autoridades de Marruecos determin\u00f3 la identidad del responsable imputado por delitos de asociaci\u00f3n de malhechores y organizaci\u00f3n de emigraci\u00f3n ilegal. Sobre el hombre se curs\u00f3 una reclamaci\u00f3n judicial internacional, alcanzando una pena m\u00e1xima de 20 a\u00f1os en Marruecos los delitos que se le imputan.<\/p><p>Los investigadores de la Polic\u00eda Nacional en Valladolid, una vez que tuvieron conocimiento de la requisitoria, iniciaron las pesquisas para localizar al hombre de nacionalidad marroqu\u00ed, culminando con su detenci\u00f3n en la calle Prado de la Magdalena en Valladolid, en la tarde del d\u00eda 17 de noviembre. La detenci\u00f3n ha sido comunicada al Juzgado de Instrucci\u00f3n n\u00famero 3 de la Audiencia Nacional, al objeto de poner a disposici\u00f3n de las autoridades marroqu\u00eds al fugitivo detenido.<\/p>\t\t\t\t\t\t\t\t<\/div>\n\t\t\t\t\t<\/div>\n\t\t\t\t<\/div>\n\t\t\t\t<\/div>","protected":false},"excerpt":{"rendered":"<p>Detenido en Valladolid el cabecilla de una operaci\u00f3n ilegal de emigraci\u00f3n hacia Espa\u00f1a Investigadores de la Polic\u00eda Nacional estaban tras la pista del detenido por un aviso del Grupo de Localizaci\u00f3n de Fugitivos de la Oficina Central Nacional Pueblosycomarcas.com;\u00a0@PueblosComarcas Investigadores de la Polic\u00eda Nacional en Valladolid han detenido el 17 de noviembre a un hombre sobre el que pesaba una reclamaci\u00f3n judicial internacional emitida por las autoridades de Marruecos. El Grupo 2\u00ba de la Oficina Central Nacional de Localizaci\u00f3n de Fugitivos puso sobre aviso a los investigadores de Valladolid de que todos los indicios apuntaban a que se encontraba en Valladolid un hombre buscado por las autoridades de Marruecos. El var\u00f3n estaba buscado por los hechos acaecidos en la playa de Ras Rmel en la regi\u00f3n de T\u00e1nger en Marruecos, el 3 de diciembre de 2020. Agentes de las Fuerzas Armadas Reales de Marruecos frustraron una operaci\u00f3n de emigraci\u00f3n ilegal hacia Espa\u00f1a, deteniendo una embarcaci\u00f3n neum\u00e1tica que se dispon\u00eda a zarpar con 22 personas. La investigaci\u00f3n de las autoridades de Marruecos determin\u00f3 la identidad del responsable imputado por delitos de asociaci\u00f3n de malhechores y organizaci\u00f3n de emigraci\u00f3n ilegal. Sobre el hombre se curs\u00f3 una reclamaci\u00f3n judicial internacional, alcanzando una pena m\u00e1xima de 20 a\u00f1os en Marruecos los delitos que se le imputan. Los investigadores de la Polic\u00eda Nacional en Valladolid, una vez que tuvieron conocimiento de la requisitoria, iniciaron las pesquisas para localizar al hombre de nacionalidad marroqu\u00ed, culminando con su detenci\u00f3n en la calle Prado de la Magdalena en Valladolid, en la tarde del d\u00eda 17 de noviembre. La detenci\u00f3n ha sido comunicada al Juzgado de Instrucci\u00f3n n\u00famero 3 de la Audiencia Nacional, al objeto de poner a disposici\u00f3n de las autoridades marroqu\u00eds al fugitivo detenido.<\/p>","protected":false},"author":1,"featured_media":1789,"comment_status":"open","ping_status":"closed","sticky":false,"template":"","format":"standard","meta":{"site-sidebar-layout":"default","site-content-layout":"","ast-site-content-layout":"default","site-content-style":"default","site-sidebar-style":"default","ast-global-header-display":"","ast-banner-title-visibility":"","ast-main-header-display":"","ast-hfb-above-header-display":"","ast-hfb-below-header-display":"","ast-hfb-mobile-header-display":"","site-post-title":"disabled","ast-breadcrumbs-content":"","ast-featured-img":"","footer-sml-layout":"","theme-transparent-header-meta":"","adv-header-id-meta":"","stick-header-meta":"","header-above-stick-meta":"","header-main-stick-meta":"","header-below-stick-meta":"","astra-migrate-meta-layouts":"default","ast-page-background-enabled":"default","ast-page-background-meta":{"desktop":{"background-color":"var(--ast-global-color-5)","background-image":"","background-repeat":"repeat","background-position":"center center","background-size":"auto","background-attachment":"scroll","background-type":"","background-media":"","overlay-type":"","overlay-color":"","overlay-opacity":"","overlay-gradient":""},"tablet":{"background-color":"","background-image":"","background-repeat":"repeat","background-position":"center center","background-size":"auto","background-attachment":"scroll","background-type":"","background-media":"","overlay-type":"","overlay-color":"","overlay-opacity":"","overlay-gradient":""},"mobile":{"background-color":"","background-image":"","background-repeat":"repeat","background-position":"center center","background-size":"auto","background-attachment":"scroll","background-type":"","background-media":"","overlay-type":"","overlay-color":"","overlay-opacity":"","overlay-gradient":""}},"ast-content-background-meta":{"desktop":{"background-color":"var(--ast-global-color-4)","background-image":"","background-repeat":"repeat","background-position":"center center","background-size":"auto","background-attachment":"scroll","background-type":"","background-media":"","overlay-type":"","overlay-color":"","overlay-opacity":"","overlay-gradient":""},"tablet":{"background-color":"var(--ast-global-color-4)","background-image":"","background-repeat":"repeat","background-position":"center center","background-size":"auto","background-attachment":"scroll","background-type":"","background-media":"","overlay-type":"","overlay-color":"","overlay-opacity":"","overlay-gradient":""},"mobile":{"background-color":"var(--ast-global-color-4)","background-image":"","background-repeat":"repeat","background-position":"center center","background-size":"auto","background-attachment":"scroll","background-type":"","background-media":"","overlay-type":"","overlay-color":"","overlay-opacity":"","overlay-gradient":""}},"ngg_post_thumbnail":0,"footnotes":""},"categories":[10,16,12],"tags":[23,22],"class_list":["post-3051","post","type-post","status-publish","format-standard","has-post-thumbnail","hentry","category-otras-comarcas","category-portada","category-sucesos","tag-policia","tag-valladolid"],"aioseo_notices":[],"rttpg_featured_image_url":{"full":["https:\/\/pueblosycomarcas.com\/wp-content\/uploads\/2025\/10\/20251029_policia.jpg",800,400,false],"landscape":["https:\/\/pueblosycomarcas.com\/wp-content\/uploads\/2025\/10\/20251029_policia.jpg",800,400,false],"portraits":["https:\/\/pueblosycomarcas.com\/wp-content\/uploads\/2025\/10\/20251029_policia.jpg",800,400,false],"thumbnail":["https:\/\/pueblosycomarcas.com\/wp-content\/uploads\/2025\/10\/20251029_policia-150x150.jpg",150,150,true],"medium":["https:\/\/pueblosycomarcas.com\/wp-content\/uploads\/2025\/10\/20251029_policia-300x150.jpg",300,150,true],"large":["https:\/\/pueblosycomarcas.com\/wp-content\/uploads\/2025\/10\/20251029_policia.jpg",800,400,false],"1536x1536":["https:\/\/pueblosycomarcas.com\/wp-content\/uploads\/2025\/10\/20251029_policia.jpg",800,400,false],"2048x2048":["https:\/\/pueblosycomarcas.com\/wp-content\/uploads\/2025\/10\/20251029_policia.jpg",800,400,false],"trp-custom-language-flag":["https:\/\/pueblosycomarcas.com\/wp-content\/uploads\/2025\/10\/20251029_policia.jpg",18,9,false]},"rttpg_author":{"display_name":"admin","author_link":"https:\/\/pueblosycomarcas.com\/en\/author\/webalquimia\/"},"rttpg_comment":0,"rttpg_category":"<a href=\"https:\/\/pueblosycomarcas.com\/en\/category\/otras-comarcas\/\" rel=\"category tag\">Otras Comarcas<\/a> <a href=\"https:\/\/pueblosycomarcas.com\/en\/category\/portada\/\" rel=\"category tag\">Portada<\/a> <a href=\"https:\/\/pueblosycomarcas.com\/en\/category\/sucesos\/\" rel=\"category tag\">Sucesos<\/a>","rttpg_excerpt":"Detenido en Valladolid el cabecilla de una operaci\u00f3n ilegal de emigraci\u00f3n hacia Espa\u00f1a Investigadores de la Polic\u00eda Nacional estaban tras la pista del detenido por un aviso del Grupo de Localizaci\u00f3n de Fugitivos de la Oficina Central Nacional Pueblosycomarcas.com;\u00a0@PueblosComarcas Investigadores de la Polic\u00eda Nacional en Valladolid han detenido el 17 de noviembre a un hombre&hellip;","_links":{"self":[{"href":"https:\/\/pueblosycomarcas.com\/en\/wp-json\/wp\/v2\/posts\/3051","targetHints":{"allow":["GET"]}}],"collection":[{"href":"https:\/\/pueblosycomarcas.com\/en\/wp-json\/wp\/v2\/posts"}],"about":[{"href":"https:\/\/pueblosycomarcas.com\/en\/wp-json\/wp\/v2\/types\/post"}],"author":[{"embeddable":true,"href":"https:\/\/pueblosycomarcas.com\/en\/wp-json\/wp\/v2\/users\/1"}],"replies":[{"embeddable":true,"href":"https:\/\/pueblosycomarcas.com\/en\/wp-json\/wp\/v2\/comments?post=3051"}],"version-history":[{"count":5,"href":"https:\/\/pueblosycomarcas.com\/en\/wp-json\/wp\/v2\/posts\/3051\/revisions"}],"predecessor-version":[{"id":3056,"href":"https:\/\/pueblosycomarcas.com\/en\/wp-json\/wp\/v2\/posts\/3051\/revisions\/3056"}],"wp:featuredmedia":[{"embeddable":true,"href":"https:\/\/pueblosycomarcas.com\/en\/wp-json\/wp\/v2\/media\/1789"}],"wp:attachment":[{"href":"https:\/\/pueblosycomarcas.com\/en\/wp-json\/wp\/v2\/media?parent=3051"}],"wp:term":[{"taxonomy":"category","embeddable":true,"href":"https:\/\/pueblosycomarcas.com\/en\/wp-json\/wp\/v2\/categories?post=3051"},{"taxonomy":"post_tag","embeddable":true,"href":"https:\/\/pueblosycomarcas.com\/en\/wp-json\/wp\/v2\/tags?post=3051"}],"curies":[{"name":"wp","href":"https:\/\/api.w.org\/{rel}","templated":true}]}}