{"id":2950,"date":"2025-11-19T06:02:00","date_gmt":"2025-11-19T05:02:00","guid":{"rendered":"https:\/\/webalquimia.es\/?p=2950"},"modified":"2025-11-18T12:15:09","modified_gmt":"2025-11-18T11:15:09","slug":"vecinos-por-arroyo-ofrece-un-modelo-de-recurso-contra-la-nueva-tasa-de-basuras","status":"publish","type":"post","link":"https:\/\/pueblosycomarcas.com\/en\/vecinos-por-arroyo-ofrece-un-modelo-de-recurso-contra-la-nueva-tasa-de-basuras\/","title":{"rendered":"Vecinos por Arroyo ofrece un modelo de recurso contra la nueva tasa de basuras"},"content":{"rendered":"<div data-elementor-type=\"wp-post\" data-elementor-id=\"2950\" class=\"elementor elementor-2950\">\n\t\t\t\t<div class=\"elementor-element elementor-element-ad61484 e-flex e-con-boxed wpr-particle-no wpr-jarallax-no wpr-parallax-no wpr-sticky-section-no wpr-equal-height-no e-con e-parent\" data-id=\"ad61484\" data-element_type=\"container\" data-e-type=\"container\">\n\t\t\t\t\t<div class=\"e-con-inner\">\n\t\t\t\t<div class=\"elementor-element elementor-element-d211229 elementor-widget elementor-widget-heading\" data-id=\"d211229\" data-element_type=\"widget\" data-e-type=\"widget\" data-widget_type=\"heading.default\">\n\t\t\t\t\t<h2 class=\"elementor-heading-title elementor-size-default\">Vecinos por Arroyo ofrece un modelo de recurso contra la nueva tasa de basuras<\/h2>\t\t\t\t<\/div>\n\t\t\t\t<div class=\"elementor-element elementor-element-0450a4f elementor-widget elementor-widget-text-editor\" data-id=\"0450a4f\" data-element_type=\"widget\" data-e-type=\"widget\" data-widget_type=\"text-editor.default\">\n\t\t\t\t\t\t\t\t\t<ul><li><h6><em><strong>Seg\u00fan explica la formaci\u00f3n, esta iniciativa surge tras la entrada en vigor de la ordenanza fiscal que regula la nueva tarifa, \u201cuna tasa que incrementa notablemente la carga econ\u00f3mica sobre los hogares del municipio\u201d, se\u00f1alan<\/strong><\/em><\/h6><\/li><\/ul>\t\t\t\t\t\t\t\t<\/div>\n\t\t\t\t<div class=\"elementor-element elementor-element-0adf77b elementor-widget-divider--view-line elementor-widget elementor-widget-divider\" data-id=\"0adf77b\" data-element_type=\"widget\" data-e-type=\"widget\" data-widget_type=\"divider.default\">\n\t\t\t\t\t\t\t<div class=\"elementor-divider\">\n\t\t\t<span class=\"elementor-divider-separator\">\n\t\t\t\t\t\t<\/span>\n\t\t<\/div>\n\t\t\t\t\t\t<\/div>\n\t\t\t\t<div class=\"elementor-element elementor-element-9caf932 elementor-widget elementor-widget-image\" data-id=\"9caf932\" data-element_type=\"widget\" data-e-type=\"widget\" data-widget_type=\"image.default\">\n\t\t\t\t\t\t\t\t\t\t\t\t\t\t\t<img fetchpriority=\"high\" decoding=\"async\" width=\"800\" height=\"400\" src=\"https:\/\/pueblosycomarcas.com\/wp-content\/uploads\/2025\/11\/20251119_contenedores_arroyo.jpg\" class=\"attachment-large size-large wp-image-2951\" alt=\"\" srcset=\"https:\/\/pueblosycomarcas.com\/wp-content\/uploads\/2025\/11\/20251119_contenedores_arroyo.jpg 800w, https:\/\/pueblosycomarcas.com\/wp-content\/uploads\/2025\/11\/20251119_contenedores_arroyo-300x150.jpg 300w, https:\/\/pueblosycomarcas.com\/wp-content\/uploads\/2025\/11\/20251119_contenedores_arroyo-768x384.jpg 768w\" sizes=\"(max-width: 800px) 100vw, 800px\" \/>\t\t\t\t\t\t\t\t\t\t\t\t\t\t\t<\/div>\n\t\t\t\t<div class=\"elementor-element elementor-element-b26b145 elementor-widget elementor-widget-text-editor\" data-id=\"b26b145\" data-element_type=\"widget\" data-e-type=\"widget\" data-widget_type=\"text-editor.default\">\n\t\t\t\t\t\t\t\t\t<p><a href=\"https:\/\/www.facebook.com\/Pueblos-y-Comarcas-125437870924169\/?fref=ts\"><em><strong>Pueblosycomarcas.com<\/strong><\/em><\/a><em><strong>;\u00a0<\/strong><\/em><a href=\"https:\/\/twitter.com\/PueblosComarcas\"><em><strong>@PueblosComarcas<\/strong><\/em><\/a><\/p><p>El grupo municipal independiente ha puesto a disposici\u00f3n de los vecinos de Arroyo de la Encomienda un modelo de recurso de reposici\u00f3n para permitir que cualquier ciudadano pueda impugnar la liquidaci\u00f3n de la nueva tasa de recogida de basuras.<\/p><p>Seg\u00fan explica la formaci\u00f3n, esta iniciativa surge tras la entrada en vigor de la ordenanza fiscal que regula la nueva tarifa, \u201cuna tasa que incrementa notablemente la carga econ\u00f3mica sobre los hogares del municipio\u201d, se\u00f1alan. Vecinos por Arroyo recuerda adem\u00e1s que fue el \u00fanico partido que vot\u00f3 en contra de esta medida durante el pleno de aprobaci\u00f3n de la nueva ordenanza celebrado en diciembre de 2024.<\/p><p>El modelo, disponible para descargar en la web del grupo municipal del partido, permite a los vecinos presentar un recurso en tres pasos: abonar previamente la tasa, rellenar el modelo de recurso y presentarlo en el Registro Municipal o mediante la sede electr\u00f3nica del Ayuntamiento. El plazo para recurrir finaliza el 24 de noviembre, es decir, un mes despu\u00e9s de la finalizaci\u00f3n del periodo de exposici\u00f3n p\u00fablica del padr\u00f3n cobratorio.<\/p><p>Vecinos por Arroyo afirma que seguir\u00e1 trabajando para que la carga fiscal en el municipio \u201csea razonable y justa\u201d, y subraya que continuar\u00e1 proponiendo medidas compensatorias y alternativas que eviten, seg\u00fan denuncian, \u201cun incremento desproporcionado en los costes que afrontan las familias\u201d.<\/p>\t\t\t\t\t\t\t\t<\/div>\n\t\t\t\t\t<\/div>\n\t\t\t\t<\/div>\n\t\t\t\t<\/div>","protected":false},"excerpt":{"rendered":"<p>Vecinos por Arroyo ofrece un modelo de recurso contra la nueva tasa de basuras Seg\u00fan explica la formaci\u00f3n, esta iniciativa surge tras la entrada en vigor de la ordenanza fiscal que regula la nueva tarifa, \u201cuna tasa que incrementa notablemente la carga econ\u00f3mica sobre los hogares del municipio\u201d, se\u00f1alan Pueblosycomarcas.com;\u00a0@PueblosComarcas El grupo municipal independiente ha puesto a disposici\u00f3n de los vecinos de Arroyo de la Encomienda un modelo de recurso de reposici\u00f3n para permitir que cualquier ciudadano pueda impugnar la liquidaci\u00f3n de la nueva tasa de recogida de basuras. Seg\u00fan explica la formaci\u00f3n, esta iniciativa surge tras la entrada en vigor de la ordenanza fiscal que regula la nueva tarifa, \u201cuna tasa que incrementa notablemente la carga econ\u00f3mica sobre los hogares del municipio\u201d, se\u00f1alan. Vecinos por Arroyo recuerda adem\u00e1s que fue el \u00fanico partido que vot\u00f3 en contra de esta medida durante el pleno de aprobaci\u00f3n de la nueva ordenanza celebrado en diciembre de 2024. El modelo, disponible para descargar en la web del grupo municipal del partido, permite a los vecinos presentar un recurso en tres pasos: abonar previamente la tasa, rellenar el modelo de recurso y presentarlo en el Registro Municipal o mediante la sede electr\u00f3nica del Ayuntamiento. El plazo para recurrir finaliza el 24 de noviembre, es decir, un mes despu\u00e9s de la finalizaci\u00f3n del periodo de exposici\u00f3n p\u00fablica del padr\u00f3n cobratorio. Vecinos por Arroyo afirma que seguir\u00e1 trabajando para que la carga fiscal en el municipio \u201csea razonable y justa\u201d, y subraya que continuar\u00e1 proponiendo medidas compensatorias y alternativas que eviten, seg\u00fan denuncian, \u201cun incremento desproporcionado en los costes que afrontan las familias\u201d.<\/p>","protected":false},"author":1,"featured_media":2951,"comment_status":"open","ping_status":"closed","sticky":false,"template":"","format":"standard","meta":{"site-sidebar-layout":"default","site-content-layout":"","ast-site-content-layout":"default","site-content-style":"default","site-sidebar-style":"default","ast-global-header-display":"","ast-banner-title-visibility":"","ast-main-header-display":"","ast-hfb-above-header-display":"","ast-hfb-below-header-display":"","ast-hfb-mobile-header-display":"","site-post-title":"disabled","ast-breadcrumbs-content":"","ast-featured-img":"","footer-sml-layout":"","theme-transparent-header-meta":"","adv-header-id-meta":"","stick-header-meta":"","header-above-stick-meta":"","header-main-stick-meta":"","header-below-stick-meta":"","astra-migrate-meta-layouts":"default","ast-page-background-enabled":"default","ast-page-background-meta":{"desktop":{"background-color":"var(--ast-global-color-5)","background-image":"","background-repeat":"repeat","background-position":"center center","background-size":"auto","background-attachment":"scroll","background-type":"","background-media":"","overlay-type":"","overlay-color":"","overlay-opacity":"","overlay-gradient":""},"tablet":{"background-color":"","background-image":"","background-repeat":"repeat","background-position":"center center","background-size":"auto","background-attachment":"scroll","background-type":"","background-media":"","overlay-type":"","overlay-color":"","overlay-opacity":"","overlay-gradient":""},"mobile":{"background-color":"","background-image":"","background-repeat":"repeat","background-position":"center center","background-size":"auto","background-attachment":"scroll","background-type":"","background-media":"","overlay-type":"","overlay-color":"","overlay-opacity":"","overlay-gradient":""}},"ast-content-background-meta":{"desktop":{"background-color":"var(--ast-global-color-4)","background-image":"","background-repeat":"repeat","background-position":"center center","background-size":"auto","background-attachment":"scroll","background-type":"","background-media":"","overlay-type":"","overlay-color":"","overlay-opacity":"","overlay-gradient":""},"tablet":{"background-color":"var(--ast-global-color-4)","background-image":"","background-repeat":"repeat","background-position":"center center","background-size":"auto","background-attachment":"scroll","background-type":"","background-media":"","overlay-type":"","overlay-color":"","overlay-opacity":"","overlay-gradient":""},"mobile":{"background-color":"var(--ast-global-color-4)","background-image":"","background-repeat":"repeat","background-position":"center center","background-size":"auto","background-attachment":"scroll","background-type":"","background-media":"","overlay-type":"","overlay-color":"","overlay-opacity":"","overlay-gradient":""}},"ngg_post_thumbnail":0,"footnotes":""},"categories":[10,16],"tags":[25,85],"class_list":["post-2950","post","type-post","status-publish","format-standard","has-post-thumbnail","hentry","category-otras-comarcas","category-portada","tag-arroyo-de-la-encomienda","tag-vecinos-por-arroyo"],"aioseo_notices":[],"rttpg_featured_image_url":{"full":["https:\/\/pueblosycomarcas.com\/wp-content\/uploads\/2025\/11\/20251119_contenedores_arroyo.jpg",800,400,false],"landscape":["https:\/\/pueblosycomarcas.com\/wp-content\/uploads\/2025\/11\/20251119_contenedores_arroyo.jpg",800,400,false],"portraits":["https:\/\/pueblosycomarcas.com\/wp-content\/uploads\/2025\/11\/20251119_contenedores_arroyo.jpg",800,400,false],"thumbnail":["https:\/\/pueblosycomarcas.com\/wp-content\/uploads\/2025\/11\/20251119_contenedores_arroyo-150x150.jpg",150,150,true],"medium":["https:\/\/pueblosycomarcas.com\/wp-content\/uploads\/2025\/11\/20251119_contenedores_arroyo-300x150.jpg",300,150,true],"large":["https:\/\/pueblosycomarcas.com\/wp-content\/uploads\/2025\/11\/20251119_contenedores_arroyo.jpg",800,400,false],"1536x1536":["https:\/\/pueblosycomarcas.com\/wp-content\/uploads\/2025\/11\/20251119_contenedores_arroyo.jpg",800,400,false],"2048x2048":["https:\/\/pueblosycomarcas.com\/wp-content\/uploads\/2025\/11\/20251119_contenedores_arroyo.jpg",800,400,false],"trp-custom-language-flag":["https:\/\/pueblosycomarcas.com\/wp-content\/uploads\/2025\/11\/20251119_contenedores_arroyo.jpg",18,9,false]},"rttpg_author":{"display_name":"admin","author_link":"https:\/\/pueblosycomarcas.com\/en\/author\/webalquimia\/"},"rttpg_comment":0,"rttpg_category":"<a href=\"https:\/\/pueblosycomarcas.com\/en\/category\/otras-comarcas\/\" rel=\"category tag\">Otras Comarcas<\/a> <a href=\"https:\/\/pueblosycomarcas.com\/en\/category\/portada\/\" rel=\"category tag\">Portada<\/a>","rttpg_excerpt":"Vecinos por Arroyo ofrece un modelo de recurso contra la nueva tasa de basuras Seg\u00fan explica la formaci\u00f3n, esta iniciativa surge tras la entrada en vigor de la ordenanza fiscal que regula la nueva tarifa, \u201cuna tasa que incrementa notablemente la carga econ\u00f3mica sobre los hogares del municipio\u201d, se\u00f1alan Pueblosycomarcas.com;\u00a0@PueblosComarcas El grupo municipal independiente ha&hellip;","_links":{"self":[{"href":"https:\/\/pueblosycomarcas.com\/en\/wp-json\/wp\/v2\/posts\/2950","targetHints":{"allow":["GET"]}}],"collection":[{"href":"https:\/\/pueblosycomarcas.com\/en\/wp-json\/wp\/v2\/posts"}],"about":[{"href":"https:\/\/pueblosycomarcas.com\/en\/wp-json\/wp\/v2\/types\/post"}],"author":[{"embeddable":true,"href":"https:\/\/pueblosycomarcas.com\/en\/wp-json\/wp\/v2\/users\/1"}],"replies":[{"embeddable":true,"href":"https:\/\/pueblosycomarcas.com\/en\/wp-json\/wp\/v2\/comments?post=2950"}],"version-history":[{"count":5,"href":"https:\/\/pueblosycomarcas.com\/en\/wp-json\/wp\/v2\/posts\/2950\/revisions"}],"predecessor-version":[{"id":2956,"href":"https:\/\/pueblosycomarcas.com\/en\/wp-json\/wp\/v2\/posts\/2950\/revisions\/2956"}],"wp:featuredmedia":[{"embeddable":true,"href":"https:\/\/pueblosycomarcas.com\/en\/wp-json\/wp\/v2\/media\/2951"}],"wp:attachment":[{"href":"https:\/\/pueblosycomarcas.com\/en\/wp-json\/wp\/v2\/media?parent=2950"}],"wp:term":[{"taxonomy":"category","embeddable":true,"href":"https:\/\/pueblosycomarcas.com\/en\/wp-json\/wp\/v2\/categories?post=2950"},{"taxonomy":"post_tag","embeddable":true,"href":"https:\/\/pueblosycomarcas.com\/en\/wp-json\/wp\/v2\/tags?post=2950"}],"curies":[{"name":"wp","href":"https:\/\/api.w.org\/{rel}","templated":true}]}}