{"id":2943,"date":"2025-11-17T14:38:53","date_gmt":"2025-11-17T13:38:53","guid":{"rendered":"https:\/\/webalquimia.es\/?p=2943"},"modified":"2025-11-17T14:41:34","modified_gmt":"2025-11-17T13:41:34","slug":"la-junta-extiende-la-cirugia-robotica-al-hospital-de-medina-del-campo-y-la-amplia-en-el-rio-hortega","status":"publish","type":"post","link":"https:\/\/pueblosycomarcas.com\/en\/la-junta-extiende-la-cirugia-robotica-al-hospital-de-medina-del-campo-y-la-amplia-en-el-rio-hortega\/","title":{"rendered":"La Junta extiende la cirug\u00eda rob\u00f3tica al hospital de Medina del Campo y la ampl\u00eda en el R\u00edo Hortega"},"content":{"rendered":"<div data-elementor-type=\"wp-post\" data-elementor-id=\"2943\" class=\"elementor elementor-2943\">\n\t\t\t\t<div class=\"elementor-element elementor-element-2a6acc2 e-flex e-con-boxed wpr-particle-no wpr-jarallax-no wpr-parallax-no wpr-sticky-section-no wpr-equal-height-no e-con e-parent\" data-id=\"2a6acc2\" data-element_type=\"container\" data-e-type=\"container\">\n\t\t\t\t\t<div class=\"e-con-inner\">\n\t\t\t\t<div class=\"elementor-element elementor-element-588d190 elementor-widget elementor-widget-heading\" data-id=\"588d190\" data-element_type=\"widget\" data-e-type=\"widget\" data-widget_type=\"heading.default\">\n\t\t\t\t\t<h2 class=\"elementor-heading-title elementor-size-default\">La Junta extiende la cirug\u00eda rob\u00f3tica al hospital de Medina del Campo y la ampl\u00eda en el R\u00edo Hortega\n<\/h2>\t\t\t\t<\/div>\n\t\t\t\t<div class=\"elementor-element elementor-element-ffd1ff1 elementor-widget elementor-widget-text-editor\" data-id=\"ffd1ff1\" data-element_type=\"widget\" data-e-type=\"widget\" data-widget_type=\"text-editor.default\">\n\t\t\t\t\t\t\t\t\t<ul><li><h6><em><strong>La Junta extiende la cirug\u00eda rob\u00f3tica al hospital<\/strong><strong> de Medina del Campo y la ampl\u00eda en el R\u00edo Hortega<\/strong><\/em><\/h6><\/li><\/ul>\t\t\t\t\t\t\t\t<\/div>\n\t\t\t\t\t<\/div>\n\t\t\t\t<\/div>\n\t\t<div class=\"elementor-element elementor-element-57fa3f0 e-flex e-con-boxed wpr-particle-no wpr-jarallax-no wpr-parallax-no wpr-sticky-section-no wpr-equal-height-no e-con e-parent\" data-id=\"57fa3f0\" data-element_type=\"container\" data-e-type=\"container\">\n\t\t\t\t\t<div class=\"e-con-inner\">\n\t\t\t\t<div class=\"elementor-element elementor-element-1081eb2 elementor-widget-divider--view-line elementor-widget elementor-widget-divider\" data-id=\"1081eb2\" data-element_type=\"widget\" data-e-type=\"widget\" data-widget_type=\"divider.default\">\n\t\t\t\t\t\t\t<div class=\"elementor-divider\">\n\t\t\t<span class=\"elementor-divider-separator\">\n\t\t\t\t\t\t<\/span>\n\t\t<\/div>\n\t\t\t\t\t\t<\/div>\n\t\t\t\t\t<\/div>\n\t\t\t\t<\/div>\n\t\t<div class=\"elementor-element elementor-element-234462c e-flex e-con-boxed wpr-particle-no wpr-jarallax-no wpr-parallax-no wpr-sticky-section-no wpr-equal-height-no e-con e-parent\" data-id=\"234462c\" data-element_type=\"container\" data-e-type=\"container\">\n\t\t\t\t\t<div class=\"e-con-inner\">\n\t\t\t\t<div class=\"elementor-element elementor-element-4d1c2af elementor-widget elementor-widget-text-editor\" data-id=\"4d1c2af\" data-element_type=\"widget\" data-e-type=\"widget\" data-widget_type=\"text-editor.default\">\n\t\t\t\t\t\t\t\t\t<p><a href=\"https:\/\/www.facebook.com\/Pueblos-y-Comarcas-125437870924169\/?fref=ts\"><em><strong>Pueblosycomarcas.com<\/strong><\/em><\/a><em><strong>;&nbsp;<\/strong><\/em><a href=\"https:\/\/twitter.com\/PueblosComarcas\"><em><strong>@PueblosComarcas<\/strong><\/em><\/a><\/p>\n<p>El presidente de la Junta de Castilla y Le\u00f3n, Alfonso Fern\u00e1ndez Ma\u00f1ueco, ha participado hoy en Palencia en la jornada \u2018Castilla y Le\u00f3n a la vanguardia de la innovaci\u00f3n en cirug\u00eda rob\u00f3tica\u2019, donde ha reafirmado el compromiso del Ejecutivo auton\u00f3mico de impulsar una sanidad p\u00fablica con tecnolog\u00edas de vanguardia al alcance de todos los ciudadanos, incorporando equipamiento de \u00faltima generaci\u00f3n en todo el territorio. Uno de los ejemplos m\u00e1s destacados es la cirug\u00eda rob\u00f3tica, que permite intervenciones m\u00e1s precisas, seguras y menos invasivas, lo que facilita una recuperaci\u00f3n m\u00e1s r\u00e1pida y mejora los resultados cl\u00ednicos.<\/p>\n<p>El presidente ha destacado que la Junta de Castilla y Le\u00f3n ha puesto ya a disposici\u00f3n 11 robots quir\u00fargicos en todas las \u00e1reas de salud, con una inversi\u00f3n de 12 millones de euros, y ha anunciado que el Ejecutivo auton\u00f3mico dotar\u00e1 progresivamente con esta tecnolog\u00eda a los hospitales de Medina del Campo, en Valladolid, y Aranda de Duero y Miranda de Ebro en Bugos, adem\u00e1s de incorporar un segundo robot en el Hospital R\u00edo Hortega de Valladolid y en el de Salamanca.<\/p>\n<p>En la Comunidad, 327 profesionales cuentan con la acreditaci\u00f3n necesaria para utilizar esta tecnolog\u00eda, y las intervenciones con cirug\u00eda rob\u00f3tica se han multiplicado por siete en los \u00faltimos a\u00f1os. Solo en 2025 se superar\u00e1n las 2.000 operaciones realizadas con esta t\u00e9cnica, y m\u00e1s de 5.000 pacientes han sido intervenidos con \u00e9xito desde su introducci\u00f3n.<\/p>\n<p>La implantaci\u00f3n de la cirug\u00eda rob\u00f3tica en todo el territorio es fruto de la apuesta del Ejecutivo auton\u00f3mico por impulsar un modelo de asistencia sanitaria m\u00e1s innovador, preciso y seguro para todos los ciudadanos. En este sentido, Fern\u00e1ndez Ma\u00f1ueco ha recordado que Castilla y Le\u00f3n dispone de m\u00e1s del doble de equipos de alta tecnolog\u00eda sanitaria que la media nacional, un indicador que refleja el salto cualitativo que la Comunidad ha experimentado en los \u00faltimos a\u00f1os.<\/p>\n<h4><strong>INVERSI\u00d3N EN ALTA TECNOLOG\u00cdA<\/strong><\/h4>\n<p>Durante esta legislatura, la Junta de Castilla y Le\u00f3n ha destinado 181 millones de euros a la incorporaci\u00f3n de casi un centenar de nuevos equipos de alta tecnolog\u00eda sanitaria, reforzando la capacidad diagn\u00f3stica y terap\u00e9utica del sistema de salud auton\u00f3mico. Entre otros ejemplos, destaca la incorporaci\u00f3n de tecnolog\u00eda HIFU para tratar el temblor esencial y el Parkinson; el desarrollo de la Medicina Personalizada de Precisi\u00f3n; los tratamientos oncol\u00f3gicos m\u00e1s avanzados, los exoesqueletos pedi\u00e1tricos o el uso del big data y la inteligencia artificial en los procesos de atenci\u00f3n sanitaria.<\/p>\n<p>Asimismo, el presidente de la Junta ha recordado que el proyecto de Presupuestos de 2026 contempla la mayor dotaci\u00f3n de la historia para Sanidad, con 5.230 millones de euros, lo que permitir\u00e1 continuar reforzando infraestructuras y equipamientos en toda la Comunidad.<\/p>\n<p>La cirug\u00eda rob\u00f3tica es un ejemplo de alta tecnolog\u00eda, aplicada con el objetivo principal de ofrecer una asistencia sanitaria de calidad y seguridad a las personas. Entre sus principales ventajas, ofrece mayor precisi\u00f3n al cirujano y favorece la recuperaci\u00f3n del paciente a trav\u00e9s de incisiones de menor tama\u00f1o minimizando, tambi\u00e9n, el dolor.<\/p>\t\t\t\t\t\t\t\t<\/div>\n\t\t\t\t\t<\/div>\n\t\t\t\t<\/div>\n\t\t\t\t<\/div>","protected":false},"excerpt":{"rendered":"<p>La Junta extiende la cirug\u00eda rob\u00f3tica al hospital de Medina del Campo y la ampl\u00eda en el R\u00edo Hortega La Junta extiende la cirug\u00eda rob\u00f3tica al hospital de Medina del Campo y la ampl\u00eda en el R\u00edo Hortega Pueblosycomarcas.com;&nbsp;@PueblosComarcas El presidente de la Junta de Castilla y Le\u00f3n, Alfonso Fern\u00e1ndez Ma\u00f1ueco, ha participado hoy en Palencia en la jornada \u2018Castilla y Le\u00f3n a la vanguardia de la innovaci\u00f3n en cirug\u00eda rob\u00f3tica\u2019, donde ha reafirmado el compromiso del Ejecutivo auton\u00f3mico de impulsar una sanidad p\u00fablica con tecnolog\u00edas de vanguardia al alcance de todos los ciudadanos, incorporando equipamiento de \u00faltima generaci\u00f3n en todo el territorio. Uno de los ejemplos m\u00e1s destacados es la cirug\u00eda rob\u00f3tica, que permite intervenciones m\u00e1s precisas, seguras y menos invasivas, lo que facilita una recuperaci\u00f3n m\u00e1s r\u00e1pida y mejora los resultados cl\u00ednicos. El presidente ha destacado que la Junta de Castilla y Le\u00f3n ha puesto ya a disposici\u00f3n 11 robots quir\u00fargicos en todas las \u00e1reas de salud, con una inversi\u00f3n de 12 millones de euros, y ha anunciado que el Ejecutivo auton\u00f3mico dotar\u00e1 progresivamente con esta tecnolog\u00eda a los hospitales de Medina del Campo, en Valladolid, y Aranda de Duero y Miranda de Ebro en Bugos, adem\u00e1s de incorporar un segundo robot en el Hospital R\u00edo Hortega de Valladolid y en el de Salamanca. En la Comunidad, 327 profesionales cuentan con la acreditaci\u00f3n necesaria para utilizar esta tecnolog\u00eda, y las intervenciones con cirug\u00eda rob\u00f3tica se han multiplicado por siete en los \u00faltimos a\u00f1os. Solo en 2025 se superar\u00e1n las 2.000 operaciones realizadas con esta t\u00e9cnica, y m\u00e1s de 5.000 pacientes han sido intervenidos con \u00e9xito desde su introducci\u00f3n. La implantaci\u00f3n de la cirug\u00eda rob\u00f3tica en todo el territorio es fruto de la apuesta del Ejecutivo auton\u00f3mico por impulsar un modelo de asistencia sanitaria m\u00e1s innovador, preciso y seguro para todos los ciudadanos. En este sentido, Fern\u00e1ndez Ma\u00f1ueco ha recordado que Castilla y Le\u00f3n dispone de m\u00e1s del doble de equipos de alta tecnolog\u00eda sanitaria que la media nacional, un indicador que refleja el salto cualitativo que la Comunidad ha experimentado en los \u00faltimos a\u00f1os. INVERSI\u00d3N EN ALTA TECNOLOG\u00cdA Durante esta legislatura, la Junta de Castilla y Le\u00f3n ha destinado 181 millones de euros a la incorporaci\u00f3n de casi un centenar de nuevos equipos de alta tecnolog\u00eda sanitaria, reforzando la capacidad diagn\u00f3stica y terap\u00e9utica del sistema de salud auton\u00f3mico. Entre otros ejemplos, destaca la incorporaci\u00f3n de tecnolog\u00eda HIFU para tratar el temblor esencial y el Parkinson; el desarrollo de la Medicina Personalizada de Precisi\u00f3n; los tratamientos oncol\u00f3gicos m\u00e1s avanzados, los exoesqueletos pedi\u00e1tricos o el uso del big data y la inteligencia artificial en los procesos de atenci\u00f3n sanitaria. Asimismo, el presidente de la Junta ha recordado que el proyecto de Presupuestos de 2026 contempla la mayor dotaci\u00f3n de la historia para Sanidad, con 5.230 millones de euros, lo que permitir\u00e1 continuar reforzando infraestructuras y equipamientos en toda la Comunidad. La cirug\u00eda rob\u00f3tica es un ejemplo de alta tecnolog\u00eda, aplicada con el objetivo principal de ofrecer una asistencia sanitaria de calidad y seguridad a las personas. Entre sus principales ventajas, ofrece mayor precisi\u00f3n al cirujano y favorece la recuperaci\u00f3n del paciente a trav\u00e9s de incisiones de menor tama\u00f1o minimizando, tambi\u00e9n, el dolor.<\/p>","protected":false},"author":1,"featured_media":1315,"comment_status":"open","ping_status":"closed","sticky":false,"template":"","format":"standard","meta":{"site-sidebar-layout":"default","site-content-layout":"","ast-site-content-layout":"default","site-content-style":"default","site-sidebar-style":"default","ast-global-header-display":"","ast-banner-title-visibility":"","ast-main-header-display":"","ast-hfb-above-header-display":"","ast-hfb-below-header-display":"","ast-hfb-mobile-header-display":"","site-post-title":"disabled","ast-breadcrumbs-content":"","ast-featured-img":"","footer-sml-layout":"","theme-transparent-header-meta":"","adv-header-id-meta":"","stick-header-meta":"","header-above-stick-meta":"","header-main-stick-meta":"","header-below-stick-meta":"","astra-migrate-meta-layouts":"default","ast-page-background-enabled":"default","ast-page-background-meta":{"desktop":{"background-color":"var(--ast-global-color-5)","background-image":"","background-repeat":"repeat","background-position":"center center","background-size":"auto","background-attachment":"scroll","background-type":"","background-media":"","overlay-type":"","overlay-color":"","overlay-opacity":"","overlay-gradient":""},"tablet":{"background-color":"","background-image":"","background-repeat":"repeat","background-position":"center center","background-size":"auto","background-attachment":"scroll","background-type":"","background-media":"","overlay-type":"","overlay-color":"","overlay-opacity":"","overlay-gradient":""},"mobile":{"background-color":"","background-image":"","background-repeat":"repeat","background-position":"center center","background-size":"auto","background-attachment":"scroll","background-type":"","background-media":"","overlay-type":"","overlay-color":"","overlay-opacity":"","overlay-gradient":""}},"ast-content-background-meta":{"desktop":{"background-color":"var(--ast-global-color-4)","background-image":"","background-repeat":"repeat","background-position":"center center","background-size":"auto","background-attachment":"scroll","background-type":"","background-media":"","overlay-type":"","overlay-color":"","overlay-opacity":"","overlay-gradient":""},"tablet":{"background-color":"var(--ast-global-color-4)","background-image":"","background-repeat":"repeat","background-position":"center center","background-size":"auto","background-attachment":"scroll","background-type":"","background-media":"","overlay-type":"","overlay-color":"","overlay-opacity":"","overlay-gradient":""},"mobile":{"background-color":"var(--ast-global-color-4)","background-image":"","background-repeat":"repeat","background-position":"center center","background-size":"auto","background-attachment":"scroll","background-type":"","background-media":"","overlay-type":"","overlay-color":"","overlay-opacity":"","overlay-gradient":""}},"ngg_post_thumbnail":0,"footnotes":""},"categories":[10,16],"tags":[55,33],"class_list":["post-2943","post","type-post","status-publish","format-standard","has-post-thumbnail","hentry","category-otras-comarcas","category-portada","tag-junta-de-castilla-y-leon","tag-medina-del-campo"],"aioseo_notices":[],"rttpg_featured_image_url":{"full":["https:\/\/pueblosycomarcas.com\/wp-content\/uploads\/2025\/10\/20251023_hospital_medina.jpg",800,400,false],"landscape":["https:\/\/pueblosycomarcas.com\/wp-content\/uploads\/2025\/10\/20251023_hospital_medina.jpg",800,400,false],"portraits":["https:\/\/pueblosycomarcas.com\/wp-content\/uploads\/2025\/10\/20251023_hospital_medina.jpg",800,400,false],"thumbnail":["https:\/\/pueblosycomarcas.com\/wp-content\/uploads\/2025\/10\/20251023_hospital_medina-150x150.jpg",150,150,true],"medium":["https:\/\/pueblosycomarcas.com\/wp-content\/uploads\/2025\/10\/20251023_hospital_medina-300x150.jpg",300,150,true],"large":["https:\/\/pueblosycomarcas.com\/wp-content\/uploads\/2025\/10\/20251023_hospital_medina.jpg",800,400,false],"1536x1536":["https:\/\/pueblosycomarcas.com\/wp-content\/uploads\/2025\/10\/20251023_hospital_medina.jpg",800,400,false],"2048x2048":["https:\/\/pueblosycomarcas.com\/wp-content\/uploads\/2025\/10\/20251023_hospital_medina.jpg",800,400,false],"trp-custom-language-flag":["https:\/\/pueblosycomarcas.com\/wp-content\/uploads\/2025\/10\/20251023_hospital_medina.jpg",18,9,false]},"rttpg_author":{"display_name":"admin","author_link":"https:\/\/pueblosycomarcas.com\/en\/author\/webalquimia\/"},"rttpg_comment":0,"rttpg_category":"<a href=\"https:\/\/pueblosycomarcas.com\/en\/category\/otras-comarcas\/\" rel=\"category tag\">Otras Comarcas<\/a> <a href=\"https:\/\/pueblosycomarcas.com\/en\/category\/portada\/\" rel=\"category tag\">Portada<\/a>","rttpg_excerpt":"La Junta extiende la cirug\u00eda rob\u00f3tica al hospital de Medina del Campo y la ampl\u00eda en el R\u00edo Hortega La Junta extiende la cirug\u00eda rob\u00f3tica al hospital de Medina del Campo y la ampl\u00eda en el R\u00edo Hortega Pueblosycomarcas.com;&nbsp;@PueblosComarcas El presidente de la Junta de Castilla y Le\u00f3n, Alfonso Fern\u00e1ndez Ma\u00f1ueco, ha participado hoy en&hellip;","_links":{"self":[{"href":"https:\/\/pueblosycomarcas.com\/en\/wp-json\/wp\/v2\/posts\/2943","targetHints":{"allow":["GET"]}}],"collection":[{"href":"https:\/\/pueblosycomarcas.com\/en\/wp-json\/wp\/v2\/posts"}],"about":[{"href":"https:\/\/pueblosycomarcas.com\/en\/wp-json\/wp\/v2\/types\/post"}],"author":[{"embeddable":true,"href":"https:\/\/pueblosycomarcas.com\/en\/wp-json\/wp\/v2\/users\/1"}],"replies":[{"embeddable":true,"href":"https:\/\/pueblosycomarcas.com\/en\/wp-json\/wp\/v2\/comments?post=2943"}],"version-history":[{"count":5,"href":"https:\/\/pueblosycomarcas.com\/en\/wp-json\/wp\/v2\/posts\/2943\/revisions"}],"predecessor-version":[{"id":2948,"href":"https:\/\/pueblosycomarcas.com\/en\/wp-json\/wp\/v2\/posts\/2943\/revisions\/2948"}],"wp:featuredmedia":[{"embeddable":true,"href":"https:\/\/pueblosycomarcas.com\/en\/wp-json\/wp\/v2\/media\/1315"}],"wp:attachment":[{"href":"https:\/\/pueblosycomarcas.com\/en\/wp-json\/wp\/v2\/media?parent=2943"}],"wp:term":[{"taxonomy":"category","embeddable":true,"href":"https:\/\/pueblosycomarcas.com\/en\/wp-json\/wp\/v2\/categories?post=2943"},{"taxonomy":"post_tag","embeddable":true,"href":"https:\/\/pueblosycomarcas.com\/en\/wp-json\/wp\/v2\/tags?post=2943"}],"curies":[{"name":"wp","href":"https:\/\/api.w.org\/{rel}","templated":true}]}}