{"id":2908,"date":"2025-11-17T09:56:50","date_gmt":"2025-11-17T08:56:50","guid":{"rendered":"https:\/\/webalquimia.es\/?p=2908"},"modified":"2025-11-17T09:59:44","modified_gmt":"2025-11-17T08:59:44","slug":"dos-heridos-en-un-accidente-en-la-n-601-a-la-altura-de-laguna-de-duero","status":"publish","type":"post","link":"https:\/\/pueblosycomarcas.com\/en\/dos-heridos-en-un-accidente-en-la-n-601-a-la-altura-de-laguna-de-duero\/","title":{"rendered":"Dos heridos en un accidente en la N-601 a la altura de Laguna de Duero"},"content":{"rendered":"<div data-elementor-type=\"wp-post\" data-elementor-id=\"2908\" class=\"elementor elementor-2908\">\n\t\t\t\t<div class=\"elementor-element elementor-element-d97346e e-flex e-con-boxed wpr-particle-no wpr-jarallax-no wpr-parallax-no wpr-sticky-section-no wpr-equal-height-no e-con e-parent\" data-id=\"d97346e\" data-element_type=\"container\" data-e-type=\"container\">\n\t\t\t\t\t<div class=\"e-con-inner\">\n\t\t\t\t<div class=\"elementor-element elementor-element-0aa535d elementor-widget elementor-widget-heading\" data-id=\"0aa535d\" data-element_type=\"widget\" data-e-type=\"widget\" data-widget_type=\"heading.default\">\n\t\t\t\t\t<h2 class=\"elementor-heading-title elementor-size-default\">Dos heridos en un accidente en la N-601 a la altura de Laguna de Duero<\/h2>\t\t\t\t<\/div>\n\t\t\t\t<div class=\"elementor-element elementor-element-ff5623d elementor-widget elementor-widget-text-editor\" data-id=\"ff5623d\" data-element_type=\"widget\" data-e-type=\"widget\" data-widget_type=\"text-editor.default\">\n\t\t\t\t\t\t\t\t\t<ul><li><h6><em><strong>El suceso se registr\u00f3 a las 06:24 horas en el punto kilom\u00e9trico 181<\/strong><\/em><\/h6><\/li><\/ul>\t\t\t\t\t\t\t\t<\/div>\n\t\t\t\t<div class=\"elementor-element elementor-element-afedcea elementor-widget-divider--view-line elementor-widget elementor-widget-divider\" data-id=\"afedcea\" data-element_type=\"widget\" data-e-type=\"widget\" data-widget_type=\"divider.default\">\n\t\t\t\t\t\t\t<div class=\"elementor-divider\">\n\t\t\t<span class=\"elementor-divider-separator\">\n\t\t\t\t\t\t<\/span>\n\t\t<\/div>\n\t\t\t\t\t\t<\/div>\n\t\t\t\t<div class=\"elementor-element elementor-element-f019861 elementor-widget elementor-widget-text-editor\" data-id=\"f019861\" data-element_type=\"widget\" data-e-type=\"widget\" data-widget_type=\"text-editor.default\">\n\t\t\t\t\t\t\t\t\t<p><a href=\"https:\/\/www.facebook.com\/Pueblos-y-Comarcas-125437870924169\/?fref=ts\"><em><strong>Pueblosycomarcas.com<\/strong><\/em><\/a><em><strong>;\u00a0<\/strong><\/em><a href=\"https:\/\/twitter.com\/PueblosComarcas\"><em><strong>@PueblosComarcas<\/strong><\/em><\/a><\/p><p>Dos personas han resultado heridas este lunes tras la salida de v\u00eda de dos turismos en el punto kilom\u00e9trico 181 de la N-601, a la altura de Laguna de Duero y en sentido Valladolid.<\/p><p>El 112 de Castilla y Le\u00f3n ha recibido una llamada a las 06:24 que informaba de la salida de v\u00eda de dos veh\u00edculos donde al menos una persona hab\u00eda resultado herida. El 112 ha dado aviso a Tr\u00e1fico de Valladolid y a Sacyl que ha movilizado dos ambulancias soporte vital b\u00e1sico.<\/p><p>En el lugar del accidente, el personal sanitario ha atendido finalmente a dos personas, un hombre de unos 40 a\u00f1os que ha sido trasladado en ambulancia de soporte vital b\u00e1sico al Hospital Cl\u00ednico Universitario de Valladolid y otro hombre que ha sido evacuado en ambulancia de soporte vital b\u00e1sico al Hospital Universitario\u00a0R\u00edo\u00a0Hortega.<\/p>\t\t\t\t\t\t\t\t<\/div>\n\t\t\t\t\t<\/div>\n\t\t\t\t<\/div>\n\t\t\t\t<\/div>","protected":false},"excerpt":{"rendered":"<p>Dos heridos en un accidente en la N-601 a la altura de Laguna de Duero El suceso se registr\u00f3 a las 06:24 horas en el punto kilom\u00e9trico 181 Pueblosycomarcas.com;\u00a0@PueblosComarcas Dos personas han resultado heridas este lunes tras la salida de v\u00eda de dos turismos en el punto kilom\u00e9trico 181 de la N-601, a la altura de Laguna de Duero y en sentido Valladolid. El 112 de Castilla y Le\u00f3n ha recibido una llamada a las 06:24 que informaba de la salida de v\u00eda de dos veh\u00edculos donde al menos una persona hab\u00eda resultado herida. El 112 ha dado aviso a Tr\u00e1fico de Valladolid y a Sacyl que ha movilizado dos ambulancias soporte vital b\u00e1sico. En el lugar del accidente, el personal sanitario ha atendido finalmente a dos personas, un hombre de unos 40 a\u00f1os que ha sido trasladado en ambulancia de soporte vital b\u00e1sico al Hospital Cl\u00ednico Universitario de Valladolid y otro hombre que ha sido evacuado en ambulancia de soporte vital b\u00e1sico al Hospital Universitario\u00a0R\u00edo\u00a0Hortega.<\/p>","protected":false},"author":1,"featured_media":659,"comment_status":"open","ping_status":"closed","sticky":false,"template":"","format":"standard","meta":{"site-sidebar-layout":"default","site-content-layout":"","ast-site-content-layout":"default","site-content-style":"default","site-sidebar-style":"default","ast-global-header-display":"","ast-banner-title-visibility":"","ast-main-header-display":"","ast-hfb-above-header-display":"","ast-hfb-below-header-display":"","ast-hfb-mobile-header-display":"","site-post-title":"disabled","ast-breadcrumbs-content":"","ast-featured-img":"","footer-sml-layout":"","theme-transparent-header-meta":"","adv-header-id-meta":"","stick-header-meta":"","header-above-stick-meta":"","header-main-stick-meta":"","header-below-stick-meta":"","astra-migrate-meta-layouts":"default","ast-page-background-enabled":"default","ast-page-background-meta":{"desktop":{"background-color":"var(--ast-global-color-5)","background-image":"","background-repeat":"repeat","background-position":"center center","background-size":"auto","background-attachment":"scroll","background-type":"","background-media":"","overlay-type":"","overlay-color":"","overlay-opacity":"","overlay-gradient":""},"tablet":{"background-color":"","background-image":"","background-repeat":"repeat","background-position":"center center","background-size":"auto","background-attachment":"scroll","background-type":"","background-media":"","overlay-type":"","overlay-color":"","overlay-opacity":"","overlay-gradient":""},"mobile":{"background-color":"","background-image":"","background-repeat":"repeat","background-position":"center center","background-size":"auto","background-attachment":"scroll","background-type":"","background-media":"","overlay-type":"","overlay-color":"","overlay-opacity":"","overlay-gradient":""}},"ast-content-background-meta":{"desktop":{"background-color":"var(--ast-global-color-4)","background-image":"","background-repeat":"repeat","background-position":"center center","background-size":"auto","background-attachment":"scroll","background-type":"","background-media":"","overlay-type":"","overlay-color":"","overlay-opacity":"","overlay-gradient":""},"tablet":{"background-color":"var(--ast-global-color-4)","background-image":"","background-repeat":"repeat","background-position":"center center","background-size":"auto","background-attachment":"scroll","background-type":"","background-media":"","overlay-type":"","overlay-color":"","overlay-opacity":"","overlay-gradient":""},"mobile":{"background-color":"var(--ast-global-color-4)","background-image":"","background-repeat":"repeat","background-position":"center center","background-size":"auto","background-attachment":"scroll","background-type":"","background-media":"","overlay-type":"","overlay-color":"","overlay-opacity":"","overlay-gradient":""}},"ngg_post_thumbnail":0,"footnotes":""},"categories":[10,16,12],"tags":[149,57],"class_list":["post-2908","post","type-post","status-publish","format-standard","has-post-thumbnail","hentry","category-otras-comarcas","category-portada","category-sucesos","tag-accidente","tag-laguna-de-duero"],"aioseo_notices":[],"rttpg_featured_image_url":{"full":["https:\/\/pueblosycomarcas.com\/wp-content\/uploads\/2025\/10\/20220528_ambulancia.jpeg",800,400,false],"landscape":["https:\/\/pueblosycomarcas.com\/wp-content\/uploads\/2025\/10\/20220528_ambulancia.jpeg",800,400,false],"portraits":["https:\/\/pueblosycomarcas.com\/wp-content\/uploads\/2025\/10\/20220528_ambulancia.jpeg",800,400,false],"thumbnail":["https:\/\/pueblosycomarcas.com\/wp-content\/uploads\/2025\/10\/20220528_ambulancia-150x150.jpeg",150,150,true],"medium":["https:\/\/pueblosycomarcas.com\/wp-content\/uploads\/2025\/10\/20220528_ambulancia-300x150.jpeg",300,150,true],"large":["https:\/\/pueblosycomarcas.com\/wp-content\/uploads\/2025\/10\/20220528_ambulancia.jpeg",800,400,false],"1536x1536":["https:\/\/pueblosycomarcas.com\/wp-content\/uploads\/2025\/10\/20220528_ambulancia.jpeg",800,400,false],"2048x2048":["https:\/\/pueblosycomarcas.com\/wp-content\/uploads\/2025\/10\/20220528_ambulancia.jpeg",800,400,false],"trp-custom-language-flag":["https:\/\/pueblosycomarcas.com\/wp-content\/uploads\/2025\/10\/20220528_ambulancia.jpeg",18,9,false]},"rttpg_author":{"display_name":"admin","author_link":"https:\/\/pueblosycomarcas.com\/en\/author\/webalquimia\/"},"rttpg_comment":0,"rttpg_category":"<a href=\"https:\/\/pueblosycomarcas.com\/en\/category\/otras-comarcas\/\" rel=\"category tag\">Otras Comarcas<\/a> <a href=\"https:\/\/pueblosycomarcas.com\/en\/category\/portada\/\" rel=\"category tag\">Portada<\/a> <a href=\"https:\/\/pueblosycomarcas.com\/en\/category\/sucesos\/\" rel=\"category tag\">Sucesos<\/a>","rttpg_excerpt":"Dos heridos en un accidente en la N-601 a la altura de Laguna de Duero El suceso se registr\u00f3 a las 06:24 horas en el punto kilom\u00e9trico 181 Pueblosycomarcas.com;\u00a0@PueblosComarcas Dos personas han resultado heridas este lunes tras la salida de v\u00eda de dos turismos en el punto kilom\u00e9trico 181 de la N-601, a la altura&hellip;","_links":{"self":[{"href":"https:\/\/pueblosycomarcas.com\/en\/wp-json\/wp\/v2\/posts\/2908","targetHints":{"allow":["GET"]}}],"collection":[{"href":"https:\/\/pueblosycomarcas.com\/en\/wp-json\/wp\/v2\/posts"}],"about":[{"href":"https:\/\/pueblosycomarcas.com\/en\/wp-json\/wp\/v2\/types\/post"}],"author":[{"embeddable":true,"href":"https:\/\/pueblosycomarcas.com\/en\/wp-json\/wp\/v2\/users\/1"}],"replies":[{"embeddable":true,"href":"https:\/\/pueblosycomarcas.com\/en\/wp-json\/wp\/v2\/comments?post=2908"}],"version-history":[{"count":5,"href":"https:\/\/pueblosycomarcas.com\/en\/wp-json\/wp\/v2\/posts\/2908\/revisions"}],"predecessor-version":[{"id":2913,"href":"https:\/\/pueblosycomarcas.com\/en\/wp-json\/wp\/v2\/posts\/2908\/revisions\/2913"}],"wp:featuredmedia":[{"embeddable":true,"href":"https:\/\/pueblosycomarcas.com\/en\/wp-json\/wp\/v2\/media\/659"}],"wp:attachment":[{"href":"https:\/\/pueblosycomarcas.com\/en\/wp-json\/wp\/v2\/media?parent=2908"}],"wp:term":[{"taxonomy":"category","embeddable":true,"href":"https:\/\/pueblosycomarcas.com\/en\/wp-json\/wp\/v2\/categories?post=2908"},{"taxonomy":"post_tag","embeddable":true,"href":"https:\/\/pueblosycomarcas.com\/en\/wp-json\/wp\/v2\/tags?post=2908"}],"curies":[{"name":"wp","href":"https:\/\/api.w.org\/{rel}","templated":true}]}}