{"id":2858,"date":"2025-11-15T11:37:29","date_gmt":"2025-11-15T10:37:29","guid":{"rendered":"https:\/\/webalquimia.es\/?p=2858"},"modified":"2025-11-15T11:39:48","modified_gmt":"2025-11-15T10:39:48","slug":"cigales-presenta-en-intur-su-campana-12-meses-mil-razones-para-volver","status":"publish","type":"post","link":"https:\/\/pueblosycomarcas.com\/en\/cigales-presenta-en-intur-su-campana-12-meses-mil-razones-para-volver\/","title":{"rendered":"Cigales presenta en Intur su campa\u00f1a \u201c12 meses, mil razones para volver\u201d"},"content":{"rendered":"<div data-elementor-type=\"wp-post\" data-elementor-id=\"2858\" class=\"elementor elementor-2858\">\n\t\t\t\t<div class=\"elementor-element elementor-element-cd5c4e1 e-flex e-con-boxed wpr-particle-no wpr-jarallax-no wpr-parallax-no wpr-sticky-section-no wpr-equal-height-no e-con e-parent\" data-id=\"cd5c4e1\" data-element_type=\"container\" data-e-type=\"container\">\n\t\t\t\t\t<div class=\"e-con-inner\">\n\t\t\t\t<div class=\"elementor-element elementor-element-66fb3d0 elementor-widget elementor-widget-heading\" data-id=\"66fb3d0\" data-element_type=\"widget\" data-e-type=\"widget\" data-widget_type=\"heading.default\">\n\t\t\t\t\t<h2 class=\"elementor-heading-title elementor-size-default\">Cigales presenta en Intur su campa\u00f1a \u201c12 meses, mil razones para volver\u201d<\/h2>\t\t\t\t<\/div>\n\t\t\t\t<div class=\"elementor-element elementor-element-dad218e elementor-widget elementor-widget-text-editor\" data-id=\"dad218e\" data-element_type=\"widget\" data-e-type=\"widget\" data-widget_type=\"text-editor.default\">\n\t\t\t\t\t\t\t\t\t<ul><li><h6><em><strong>La iniciativa invita a residentes y visitantes a disfrutar de experiencias \u00fanicas durante todo el a\u00f1o, poniendo en valor la riqueza tur\u00edstica de la Villa del Clarete fomentando la participaci\u00f3n activa de todos<\/strong><\/em><\/h6><\/li><\/ul>\t\t\t\t\t\t\t\t<\/div>\n\t\t\t\t<div class=\"elementor-element elementor-element-4033ce6 elementor-widget-divider--view-line elementor-widget elementor-widget-divider\" data-id=\"4033ce6\" data-element_type=\"widget\" data-e-type=\"widget\" data-widget_type=\"divider.default\">\n\t\t\t\t\t\t\t<div class=\"elementor-divider\">\n\t\t\t<span class=\"elementor-divider-separator\">\n\t\t\t\t\t\t<\/span>\n\t\t<\/div>\n\t\t\t\t\t\t<\/div>\n\t\t\t\t<div class=\"elementor-element elementor-element-d4f8c7e elementor-widget elementor-widget-image\" data-id=\"d4f8c7e\" data-element_type=\"widget\" data-e-type=\"widget\" data-widget_type=\"image.default\">\n\t\t\t\t\t\t\t\t\t\t\t\t\t\t\t<img fetchpriority=\"high\" decoding=\"async\" width=\"800\" height=\"400\" src=\"https:\/\/pueblosycomarcas.com\/wp-content\/uploads\/2025\/11\/20251115_turismo_cigales.jpeg\" class=\"attachment-large size-large wp-image-2859\" alt=\"\" srcset=\"https:\/\/pueblosycomarcas.com\/wp-content\/uploads\/2025\/11\/20251115_turismo_cigales.jpeg 800w, https:\/\/pueblosycomarcas.com\/wp-content\/uploads\/2025\/11\/20251115_turismo_cigales-300x150.jpeg 300w, https:\/\/pueblosycomarcas.com\/wp-content\/uploads\/2025\/11\/20251115_turismo_cigales-768x384.jpeg 768w\" sizes=\"(max-width: 800px) 100vw, 800px\" \/>\t\t\t\t\t\t\t\t\t\t\t\t\t\t\t<\/div>\n\t\t\t\t<div class=\"elementor-element elementor-element-384bea8 elementor-widget elementor-widget-text-editor\" data-id=\"384bea8\" data-element_type=\"widget\" data-e-type=\"widget\" data-widget_type=\"text-editor.default\">\n\t\t\t\t\t\t\t\t\t<p><a href=\"https:\/\/www.facebook.com\/Pueblos-y-Comarcas-125437870924169\/?fref=ts\"><strong><em>Pueblosycomarcas.com<\/em><\/strong><\/a><strong><em>;\u00a0<\/em><\/strong><a href=\"https:\/\/twitter.com\/PueblosComarcas\"><strong><em>@PueblosComarcas<\/em><\/strong><\/a><\/p><p>El Ayuntamiento de Cigales ha presentado en el stand de la Diputaci\u00f3n Provincial de Valladolid en la Feria Internacional de Turismo de Interior (Intur) su campa\u00f1a Cigales \u201c12 meses, mil razones para volver\u201d<\/p><p>El alcalde de Cigales, Jaime Rodr\u00edguez Ferrero, acompa\u00f1ado del responsable de la Oficina Municipal de Turismo cigale\u00f1a presentaron esta campa\u00f1a, definida como \u201cuna invitaci\u00f3n a vivir el territorio durante todo el a\u00f1o, en cada mes una experiencia y en cada copa una emoci\u00f3n\u201d.<\/p><p>En este contexto, la localidad ha presentado su nuevo calendario anual de actividades tur\u00edsticas, una gu\u00eda mes a mes que re\u00fane lo mejor de su cultura, gastronom\u00eda, patrimonio, deporte y por supuesto actividades ecotur\u00edsticas. La iniciativa invita a residentes y visitantes a disfrutar de experiencias \u00fanicas durante todo el a\u00f1o, poniendo en valor la riqueza tur\u00edstica de la Villa del Clarete fomentando la participaci\u00f3n activa de todos.<\/p><p>A trav\u00e9s de su vino, su patrimonio, su naturaleza y sus gentes, Cigales ofrece una experiencia completa que cambia con las estaciones, pero mantiene siempre el mismo sabor aut\u00e9ntico donde el visitante no solo viene a degustar vino: viene a sentir, descubrir, aprender y brindar con cada momento.<\/p><p>\u201cUn a\u00f1o lleno de experiencias te espera en Cigales, no dejes que te lo cuenten, doce meses para disfrutar en la Cuna del Clarete, os esperamos\u201d\u00a0han a\u00f1adido los organizadores.<\/p>\t\t\t\t\t\t\t\t<\/div>\n\t\t\t\t\t<\/div>\n\t\t\t\t<\/div>\n\t\t\t\t<\/div>","protected":false},"excerpt":{"rendered":"<p>Cigales presenta en Intur su campa\u00f1a \u201c12 meses, mil razones para volver\u201d La iniciativa invita a residentes y visitantes a disfrutar de experiencias \u00fanicas durante todo el a\u00f1o, poniendo en valor la riqueza tur\u00edstica de la Villa del Clarete fomentando la participaci\u00f3n activa de todos Pueblosycomarcas.com;\u00a0@PueblosComarcas El Ayuntamiento de Cigales ha presentado en el stand de la Diputaci\u00f3n Provincial de Valladolid en la Feria Internacional de Turismo de Interior (Intur) su campa\u00f1a Cigales \u201c12 meses, mil razones para volver\u201d El alcalde de Cigales, Jaime Rodr\u00edguez Ferrero, acompa\u00f1ado del responsable de la Oficina Municipal de Turismo cigale\u00f1a presentaron esta campa\u00f1a, definida como \u201cuna invitaci\u00f3n a vivir el territorio durante todo el a\u00f1o, en cada mes una experiencia y en cada copa una emoci\u00f3n\u201d. En este contexto, la localidad ha presentado su nuevo calendario anual de actividades tur\u00edsticas, una gu\u00eda mes a mes que re\u00fane lo mejor de su cultura, gastronom\u00eda, patrimonio, deporte y por supuesto actividades ecotur\u00edsticas. La iniciativa invita a residentes y visitantes a disfrutar de experiencias \u00fanicas durante todo el a\u00f1o, poniendo en valor la riqueza tur\u00edstica de la Villa del Clarete fomentando la participaci\u00f3n activa de todos. A trav\u00e9s de su vino, su patrimonio, su naturaleza y sus gentes, Cigales ofrece una experiencia completa que cambia con las estaciones, pero mantiene siempre el mismo sabor aut\u00e9ntico donde el visitante no solo viene a degustar vino: viene a sentir, descubrir, aprender y brindar con cada momento. \u201cUn a\u00f1o lleno de experiencias te espera en Cigales, no dejes que te lo cuenten, doce meses para disfrutar en la Cuna del Clarete, os esperamos\u201d\u00a0han a\u00f1adido los organizadores.<\/p>","protected":false},"author":1,"featured_media":2859,"comment_status":"open","ping_status":"closed","sticky":false,"template":"","format":"standard","meta":{"site-sidebar-layout":"default","site-content-layout":"","ast-site-content-layout":"default","site-content-style":"default","site-sidebar-style":"default","ast-global-header-display":"","ast-banner-title-visibility":"","ast-main-header-display":"","ast-hfb-above-header-display":"","ast-hfb-below-header-display":"","ast-hfb-mobile-header-display":"","site-post-title":"disabled","ast-breadcrumbs-content":"","ast-featured-img":"","footer-sml-layout":"","theme-transparent-header-meta":"","adv-header-id-meta":"","stick-header-meta":"","header-above-stick-meta":"","header-main-stick-meta":"","header-below-stick-meta":"","astra-migrate-meta-layouts":"default","ast-page-background-enabled":"default","ast-page-background-meta":{"desktop":{"background-color":"var(--ast-global-color-5)","background-image":"","background-repeat":"repeat","background-position":"center center","background-size":"auto","background-attachment":"scroll","background-type":"","background-media":"","overlay-type":"","overlay-color":"","overlay-opacity":"","overlay-gradient":""},"tablet":{"background-color":"","background-image":"","background-repeat":"repeat","background-position":"center center","background-size":"auto","background-attachment":"scroll","background-type":"","background-media":"","overlay-type":"","overlay-color":"","overlay-opacity":"","overlay-gradient":""},"mobile":{"background-color":"","background-image":"","background-repeat":"repeat","background-position":"center center","background-size":"auto","background-attachment":"scroll","background-type":"","background-media":"","overlay-type":"","overlay-color":"","overlay-opacity":"","overlay-gradient":""}},"ast-content-background-meta":{"desktop":{"background-color":"var(--ast-global-color-4)","background-image":"","background-repeat":"repeat","background-position":"center center","background-size":"auto","background-attachment":"scroll","background-type":"","background-media":"","overlay-type":"","overlay-color":"","overlay-opacity":"","overlay-gradient":""},"tablet":{"background-color":"var(--ast-global-color-4)","background-image":"","background-repeat":"repeat","background-position":"center center","background-size":"auto","background-attachment":"scroll","background-type":"","background-media":"","overlay-type":"","overlay-color":"","overlay-opacity":"","overlay-gradient":""},"mobile":{"background-color":"var(--ast-global-color-4)","background-image":"","background-repeat":"repeat","background-position":"center center","background-size":"auto","background-attachment":"scroll","background-type":"","background-media":"","overlay-type":"","overlay-color":"","overlay-opacity":"","overlay-gradient":""}},"ngg_post_thumbnail":0,"footnotes":""},"categories":[11,18],"tags":[104,163],"class_list":["post-2858","post","type-post","status-publish","format-standard","has-post-thumbnail","hentry","category-deportes-y-ocio","category-ocio","tag-cigales","tag-intur"],"aioseo_notices":[],"rttpg_featured_image_url":{"full":["https:\/\/pueblosycomarcas.com\/wp-content\/uploads\/2025\/11\/20251115_turismo_cigales.jpeg",800,400,false],"landscape":["https:\/\/pueblosycomarcas.com\/wp-content\/uploads\/2025\/11\/20251115_turismo_cigales.jpeg",800,400,false],"portraits":["https:\/\/pueblosycomarcas.com\/wp-content\/uploads\/2025\/11\/20251115_turismo_cigales.jpeg",800,400,false],"thumbnail":["https:\/\/pueblosycomarcas.com\/wp-content\/uploads\/2025\/11\/20251115_turismo_cigales-150x150.jpeg",150,150,true],"medium":["https:\/\/pueblosycomarcas.com\/wp-content\/uploads\/2025\/11\/20251115_turismo_cigales-300x150.jpeg",300,150,true],"large":["https:\/\/pueblosycomarcas.com\/wp-content\/uploads\/2025\/11\/20251115_turismo_cigales.jpeg",800,400,false],"1536x1536":["https:\/\/pueblosycomarcas.com\/wp-content\/uploads\/2025\/11\/20251115_turismo_cigales.jpeg",800,400,false],"2048x2048":["https:\/\/pueblosycomarcas.com\/wp-content\/uploads\/2025\/11\/20251115_turismo_cigales.jpeg",800,400,false],"trp-custom-language-flag":["https:\/\/pueblosycomarcas.com\/wp-content\/uploads\/2025\/11\/20251115_turismo_cigales.jpeg",18,9,false]},"rttpg_author":{"display_name":"admin","author_link":"https:\/\/pueblosycomarcas.com\/en\/author\/webalquimia\/"},"rttpg_comment":0,"rttpg_category":"<a href=\"https:\/\/pueblosycomarcas.com\/en\/category\/deportes-y-ocio\/\" rel=\"category tag\">Deporte y Ocio<\/a> <a href=\"https:\/\/pueblosycomarcas.com\/en\/category\/ocio\/\" rel=\"category tag\">Ocio<\/a>","rttpg_excerpt":"Cigales presenta en Intur su campa\u00f1a \u201c12 meses, mil razones para volver\u201d La iniciativa invita a residentes y visitantes a disfrutar de experiencias \u00fanicas durante todo el a\u00f1o, poniendo en valor la riqueza tur\u00edstica de la Villa del Clarete fomentando la participaci\u00f3n activa de todos Pueblosycomarcas.com;\u00a0@PueblosComarcas El Ayuntamiento de Cigales ha presentado en el stand&hellip;","_links":{"self":[{"href":"https:\/\/pueblosycomarcas.com\/en\/wp-json\/wp\/v2\/posts\/2858","targetHints":{"allow":["GET"]}}],"collection":[{"href":"https:\/\/pueblosycomarcas.com\/en\/wp-json\/wp\/v2\/posts"}],"about":[{"href":"https:\/\/pueblosycomarcas.com\/en\/wp-json\/wp\/v2\/types\/post"}],"author":[{"embeddable":true,"href":"https:\/\/pueblosycomarcas.com\/en\/wp-json\/wp\/v2\/users\/1"}],"replies":[{"embeddable":true,"href":"https:\/\/pueblosycomarcas.com\/en\/wp-json\/wp\/v2\/comments?post=2858"}],"version-history":[{"count":5,"href":"https:\/\/pueblosycomarcas.com\/en\/wp-json\/wp\/v2\/posts\/2858\/revisions"}],"predecessor-version":[{"id":2864,"href":"https:\/\/pueblosycomarcas.com\/en\/wp-json\/wp\/v2\/posts\/2858\/revisions\/2864"}],"wp:featuredmedia":[{"embeddable":true,"href":"https:\/\/pueblosycomarcas.com\/en\/wp-json\/wp\/v2\/media\/2859"}],"wp:attachment":[{"href":"https:\/\/pueblosycomarcas.com\/en\/wp-json\/wp\/v2\/media?parent=2858"}],"wp:term":[{"taxonomy":"category","embeddable":true,"href":"https:\/\/pueblosycomarcas.com\/en\/wp-json\/wp\/v2\/categories?post=2858"},{"taxonomy":"post_tag","embeddable":true,"href":"https:\/\/pueblosycomarcas.com\/en\/wp-json\/wp\/v2\/tags?post=2858"}],"curies":[{"name":"wp","href":"https:\/\/api.w.org\/{rel}","templated":true}]}}