{"id":2845,"date":"2025-11-15T09:37:43","date_gmt":"2025-11-15T08:37:43","guid":{"rendered":"https:\/\/webalquimia.es\/?p=2845"},"modified":"2025-11-15T09:40:03","modified_gmt":"2025-11-15T08:40:03","slug":"laguna-presenta-su-navidad-en-intur-con-el-belen-viviente-como-uno-de-sus-protagonistas","status":"publish","type":"post","link":"https:\/\/pueblosycomarcas.com\/en\/laguna-presenta-su-navidad-en-intur-con-el-belen-viviente-como-uno-de-sus-protagonistas\/","title":{"rendered":"Laguna presenta su Navidad en INTUR con el Bel\u00e9n Viviente como uno de sus protagonistas"},"content":{"rendered":"<div data-elementor-type=\"wp-post\" data-elementor-id=\"2845\" class=\"elementor elementor-2845\">\n\t\t\t\t<div class=\"elementor-element elementor-element-cc8c39e e-flex e-con-boxed wpr-particle-no wpr-jarallax-no wpr-parallax-no wpr-sticky-section-no wpr-equal-height-no e-con e-parent\" data-id=\"cc8c39e\" data-element_type=\"container\" data-e-type=\"container\">\n\t\t\t\t\t<div class=\"e-con-inner\">\n\t\t\t\t<div class=\"elementor-element elementor-element-f0d6567 elementor-widget elementor-widget-heading\" data-id=\"f0d6567\" data-element_type=\"widget\" data-e-type=\"widget\" data-widget_type=\"heading.default\">\n\t\t\t\t\t<h2 class=\"elementor-heading-title elementor-size-default\">Laguna presenta su Navidad en INTUR con el Bel\u00e9n Viviente como uno de sus protagonistas<\/h2>\t\t\t\t<\/div>\n\t\t\t\t<div class=\"elementor-element elementor-element-061ba47 elementor-widget elementor-widget-text-editor\" data-id=\"061ba47\" data-element_type=\"widget\" data-e-type=\"widget\" data-widget_type=\"text-editor.default\">\n\t\t\t\t\t\t\t\t\t<ul><li><h6><em><strong>Ha sido declarado Fiesta de Inter\u00e9s Tur\u00edstico de Castilla y Le\u00f3n en este 2025, a\u00f1o en el que cumple 25 ediciones<\/strong><\/em><\/h6><\/li><\/ul>\t\t\t\t\t\t\t\t<\/div>\n\t\t\t\t<div class=\"elementor-element elementor-element-316b478 elementor-widget-divider--view-line elementor-widget elementor-widget-divider\" data-id=\"316b478\" data-element_type=\"widget\" data-e-type=\"widget\" data-widget_type=\"divider.default\">\n\t\t\t\t\t\t\t<div class=\"elementor-divider\">\n\t\t\t<span class=\"elementor-divider-separator\">\n\t\t\t\t\t\t<\/span>\n\t\t<\/div>\n\t\t\t\t\t\t<\/div>\n\t\t\t\t<div class=\"elementor-element elementor-element-1e86985 elementor-widget elementor-widget-image\" data-id=\"1e86985\" data-element_type=\"widget\" data-e-type=\"widget\" data-widget_type=\"image.default\">\n\t\t\t\t\t\t\t\t\t\t\t\t\t\t\t<img fetchpriority=\"high\" decoding=\"async\" width=\"800\" height=\"400\" src=\"https:\/\/pueblosycomarcas.com\/wp-content\/uploads\/2025\/11\/20251115_laguna_INTUR.jpg\" class=\"attachment-large size-large wp-image-2846\" alt=\"\" srcset=\"https:\/\/pueblosycomarcas.com\/wp-content\/uploads\/2025\/11\/20251115_laguna_INTUR.jpg 800w, https:\/\/pueblosycomarcas.com\/wp-content\/uploads\/2025\/11\/20251115_laguna_INTUR-300x150.jpg 300w, https:\/\/pueblosycomarcas.com\/wp-content\/uploads\/2025\/11\/20251115_laguna_INTUR-768x384.jpg 768w\" sizes=\"(max-width: 800px) 100vw, 800px\" \/>\t\t\t\t\t\t\t\t\t\t\t\t\t\t\t<\/div>\n\t\t\t\t<div class=\"elementor-element elementor-element-ee5a531 elementor-widget elementor-widget-text-editor\" data-id=\"ee5a531\" data-element_type=\"widget\" data-e-type=\"widget\" data-widget_type=\"text-editor.default\">\n\t\t\t\t\t\t\t\t\t<p><a href=\"https:\/\/www.facebook.com\/Pueblos-y-Comarcas-125437870924169\/?fref=ts\"><strong><em>Pueblosycomarcas.com<\/em><\/strong><\/a><strong><em>;&nbsp;<\/em><\/strong><a href=\"https:\/\/twitter.com\/PueblosComarcas\"><strong><em>@PueblosComarcas<\/em><\/strong><\/a><\/p>\n<p>La Navidad se va acercando y Laguna de Duero ha querido hacerla protagonista de su intervenci\u00f3n en INTUR, la Feria Internacional de Turismo de Interior que se celebra durante estos d\u00edas en Valladolid.<\/p>\n<p>Con el stand de la Diputaci\u00f3n Provincial como escenario y una muestra de los 130 actores que dan vida al Bel\u00e9n Viviente ambient\u00e1ndolo, se ha presentado lo m\u00e1s destacado para el programa de Navidad de este a\u00f1o en Laguna de Duero.<\/p>\n<p>El encendido navide\u00f1o ser\u00e1 la cita que marque el comienzo de las diferentes actividades pensadas para ni\u00f1os y mayores. Tendr\u00e1 lugar el pr\u00f3ximo 7 de diciembre en la Plaza Mayor del municipio, en un evento que har\u00e1 de ese momento algo m\u00e1gico. Adem\u00e1s, como novedad, el entorno del lago ser\u00e1 el lugar donde se instale \u201cEl Bosque de las maravillas\u201d, donde los m\u00e1s peque\u00f1os podr\u00e1n jugar a buscar duendecillos. La Plaza Mayor se convertir\u00e1 en el \u201cCampamento de los Reyes Magos\u201d desde el 7 de diciembre hasta el 6 de enero, con un sal\u00f3n del trono, un cartero real, un establo para camellos y una f\u00e1brica de juguetes.<\/p>\n<p>El fin de semana del 20 y 21 de diciembre se celebrar\u00e1 un mercado navide\u00f1o con productos artesanos, gastronom\u00eda local y actividades infantiles, en el que se dar\u00e1 prioridad al comercio local para fomentar su impulso.<\/p>\n<p>Dos de los momentos m\u00e1s esperados, que volver\u00e1n a reunir a cientos de personas en unos desfiles llenos de magia, ser\u00e1n las Cabalgatas de Pap\u00e1 Noel y Reyes. La primera se celebrar\u00e1 el 23 de diciembre y estar\u00e1 ambientada en el Cascanueces. El 5 de enero ser\u00e1 el momento de los Reyes Magos, que este a\u00f1o tendr\u00e1n como hilo conductor de su cabalgata a sus oficios: la astronom\u00eda, alquimia y bot\u00e1nica.<\/p>\n<p>La Nochevieja tendr\u00e1 celebraci\u00f3n para los m\u00e1s peque\u00f1os el d\u00eda 27 de diciembre en la \u201cNochevieja Infantil\u201d en la Plaza Mayor, y los m\u00e1s j\u00f3venes podr\u00e1n disfrutar dando la bienvenida al 2026 con una discomovida en la Carpa Municipal.<\/p>\n<h4><strong>CITAS TRADICIONALES<\/strong><\/h4>\n<p>Laguna de Duero tambi\u00e9n tiene tradiciones durante las navidades, y una de ellas es la Muestra de Villancicos con la agrupaci\u00f3n musical El Abrojo, que este a\u00f1o ofrecer\u00e1 su muestra de villancicos n\u00famero 20. Llenar\u00e1n de m\u00fasica navide\u00f1a las Iglesias de Nuestra Se\u00f1ora de la Asunci\u00f3n y San Pedro Regalado los d\u00edas 20 y 21 de diciembre. La m\u00fasica tendr\u00e1 su momento tambi\u00e9n en el tradicional Concierto de a\u00f1o nuevo el 3 de enero, con la Banda de M\u00fasica de Laguna de Duero.<\/p>\n<p>Por otro lado, el Bel\u00e9n Viviente de Laguna de Duero celebrar\u00e1 sus 25 a\u00f1os de actuaciones en un a\u00f1o muy importante, ya que en este 2025 han recibido la distinci\u00f3n de ser Fiesta de Inter\u00e9s Tur\u00edstico de Castilla y Le\u00f3n. Se podr\u00e1 disfrutar de sus actuaciones los d\u00edas 25, 27 de diciembre, 4 y 6 de enero en cuanto al general, y en cuanto al infantil los d\u00edas 28 de diciembre y 3 de enero.<\/p>\n<p>En la presentaci\u00f3n en Intur han estado presentes los protagonistas de estas 3 citas, junto con el vicepresidente de la Diputaci\u00f3n de Valladolid, V\u00edctor Alonso, encargado de abrir el acto, Estela Crespo, concejala de Turismo, Fernando Vara, edil que representaba al alcalde, Avelino \u00c1lvarez, y el concejal \u00d3scar Luis Iglesias.<\/p>\t\t\t\t\t\t\t\t<\/div>\n\t\t\t\t\t<\/div>\n\t\t\t\t<\/div>\n\t\t\t\t<\/div>","protected":false},"excerpt":{"rendered":"<p>Laguna presenta su Navidad en INTUR con el Bel\u00e9n Viviente como uno de sus protagonistas Ha sido declarado Fiesta de Inter\u00e9s Tur\u00edstico de Castilla y Le\u00f3n en este 2025, a\u00f1o en el que cumple 25 ediciones Pueblosycomarcas.com;&nbsp;@PueblosComarcas La Navidad se va acercando y Laguna de Duero ha querido hacerla protagonista de su intervenci\u00f3n en INTUR, la Feria Internacional de Turismo de Interior que se celebra durante estos d\u00edas en Valladolid. Con el stand de la Diputaci\u00f3n Provincial como escenario y una muestra de los 130 actores que dan vida al Bel\u00e9n Viviente ambient\u00e1ndolo, se ha presentado lo m\u00e1s destacado para el programa de Navidad de este a\u00f1o en Laguna de Duero. El encendido navide\u00f1o ser\u00e1 la cita que marque el comienzo de las diferentes actividades pensadas para ni\u00f1os y mayores. Tendr\u00e1 lugar el pr\u00f3ximo 7 de diciembre en la Plaza Mayor del municipio, en un evento que har\u00e1 de ese momento algo m\u00e1gico. Adem\u00e1s, como novedad, el entorno del lago ser\u00e1 el lugar donde se instale \u201cEl Bosque de las maravillas\u201d, donde los m\u00e1s peque\u00f1os podr\u00e1n jugar a buscar duendecillos. La Plaza Mayor se convertir\u00e1 en el \u201cCampamento de los Reyes Magos\u201d desde el 7 de diciembre hasta el 6 de enero, con un sal\u00f3n del trono, un cartero real, un establo para camellos y una f\u00e1brica de juguetes. El fin de semana del 20 y 21 de diciembre se celebrar\u00e1 un mercado navide\u00f1o con productos artesanos, gastronom\u00eda local y actividades infantiles, en el que se dar\u00e1 prioridad al comercio local para fomentar su impulso. Dos de los momentos m\u00e1s esperados, que volver\u00e1n a reunir a cientos de personas en unos desfiles llenos de magia, ser\u00e1n las Cabalgatas de Pap\u00e1 Noel y Reyes. La primera se celebrar\u00e1 el 23 de diciembre y estar\u00e1 ambientada en el Cascanueces. El 5 de enero ser\u00e1 el momento de los Reyes Magos, que este a\u00f1o tendr\u00e1n como hilo conductor de su cabalgata a sus oficios: la astronom\u00eda, alquimia y bot\u00e1nica. La Nochevieja tendr\u00e1 celebraci\u00f3n para los m\u00e1s peque\u00f1os el d\u00eda 27 de diciembre en la \u201cNochevieja Infantil\u201d en la Plaza Mayor, y los m\u00e1s j\u00f3venes podr\u00e1n disfrutar dando la bienvenida al 2026 con una discomovida en la Carpa Municipal. CITAS TRADICIONALES Laguna de Duero tambi\u00e9n tiene tradiciones durante las navidades, y una de ellas es la Muestra de Villancicos con la agrupaci\u00f3n musical El Abrojo, que este a\u00f1o ofrecer\u00e1 su muestra de villancicos n\u00famero 20. Llenar\u00e1n de m\u00fasica navide\u00f1a las Iglesias de Nuestra Se\u00f1ora de la Asunci\u00f3n y San Pedro Regalado los d\u00edas 20 y 21 de diciembre. La m\u00fasica tendr\u00e1 su momento tambi\u00e9n en el tradicional Concierto de a\u00f1o nuevo el 3 de enero, con la Banda de M\u00fasica de Laguna de Duero. Por otro lado, el Bel\u00e9n Viviente de Laguna de Duero celebrar\u00e1 sus 25 a\u00f1os de actuaciones en un a\u00f1o muy importante, ya que en este 2025 han recibido la distinci\u00f3n de ser Fiesta de Inter\u00e9s Tur\u00edstico de Castilla y Le\u00f3n. Se podr\u00e1 disfrutar de sus actuaciones los d\u00edas 25, 27 de diciembre, 4 y 6 de enero en cuanto al general, y en cuanto al infantil los d\u00edas 28 de diciembre y 3 de enero. En la presentaci\u00f3n en Intur han estado presentes los protagonistas de estas 3 citas, junto con el vicepresidente de la Diputaci\u00f3n de Valladolid, V\u00edctor Alonso, encargado de abrir el acto, Estela Crespo, concejala de Turismo, Fernando Vara, edil que representaba al alcalde, Avelino \u00c1lvarez, y el concejal \u00d3scar Luis Iglesias.<\/p>","protected":false},"author":1,"featured_media":2846,"comment_status":"open","ping_status":"closed","sticky":false,"template":"","format":"standard","meta":{"site-sidebar-layout":"default","site-content-layout":"","ast-site-content-layout":"default","site-content-style":"default","site-sidebar-style":"default","ast-global-header-display":"","ast-banner-title-visibility":"","ast-main-header-display":"","ast-hfb-above-header-display":"","ast-hfb-below-header-display":"","ast-hfb-mobile-header-display":"","site-post-title":"disabled","ast-breadcrumbs-content":"","ast-featured-img":"","footer-sml-layout":"","theme-transparent-header-meta":"","adv-header-id-meta":"","stick-header-meta":"","header-above-stick-meta":"","header-main-stick-meta":"","header-below-stick-meta":"","astra-migrate-meta-layouts":"default","ast-page-background-enabled":"default","ast-page-background-meta":{"desktop":{"background-color":"var(--ast-global-color-5)","background-image":"","background-repeat":"repeat","background-position":"center center","background-size":"auto","background-attachment":"scroll","background-type":"","background-media":"","overlay-type":"","overlay-color":"","overlay-opacity":"","overlay-gradient":""},"tablet":{"background-color":"","background-image":"","background-repeat":"repeat","background-position":"center center","background-size":"auto","background-attachment":"scroll","background-type":"","background-media":"","overlay-type":"","overlay-color":"","overlay-opacity":"","overlay-gradient":""},"mobile":{"background-color":"","background-image":"","background-repeat":"repeat","background-position":"center center","background-size":"auto","background-attachment":"scroll","background-type":"","background-media":"","overlay-type":"","overlay-color":"","overlay-opacity":"","overlay-gradient":""}},"ast-content-background-meta":{"desktop":{"background-color":"var(--ast-global-color-4)","background-image":"","background-repeat":"repeat","background-position":"center center","background-size":"auto","background-attachment":"scroll","background-type":"","background-media":"","overlay-type":"","overlay-color":"","overlay-opacity":"","overlay-gradient":""},"tablet":{"background-color":"var(--ast-global-color-4)","background-image":"","background-repeat":"repeat","background-position":"center center","background-size":"auto","background-attachment":"scroll","background-type":"","background-media":"","overlay-type":"","overlay-color":"","overlay-opacity":"","overlay-gradient":""},"mobile":{"background-color":"var(--ast-global-color-4)","background-image":"","background-repeat":"repeat","background-position":"center center","background-size":"auto","background-attachment":"scroll","background-type":"","background-media":"","overlay-type":"","overlay-color":"","overlay-opacity":"","overlay-gradient":""}},"ngg_post_thumbnail":0,"footnotes":""},"categories":[14,18,16],"tags":[26,163,57],"class_list":["post-2845","post","type-post","status-publish","format-standard","has-post-thumbnail","hentry","category-cultura-y-tradicion","category-ocio","category-portada","tag-diputacion-de-valladolid","tag-intur","tag-laguna-de-duero"],"aioseo_notices":[],"rttpg_featured_image_url":{"full":["https:\/\/pueblosycomarcas.com\/wp-content\/uploads\/2025\/11\/20251115_laguna_INTUR.jpg",800,400,false],"landscape":["https:\/\/pueblosycomarcas.com\/wp-content\/uploads\/2025\/11\/20251115_laguna_INTUR.jpg",800,400,false],"portraits":["https:\/\/pueblosycomarcas.com\/wp-content\/uploads\/2025\/11\/20251115_laguna_INTUR.jpg",800,400,false],"thumbnail":["https:\/\/pueblosycomarcas.com\/wp-content\/uploads\/2025\/11\/20251115_laguna_INTUR-150x150.jpg",150,150,true],"medium":["https:\/\/pueblosycomarcas.com\/wp-content\/uploads\/2025\/11\/20251115_laguna_INTUR-300x150.jpg",300,150,true],"large":["https:\/\/pueblosycomarcas.com\/wp-content\/uploads\/2025\/11\/20251115_laguna_INTUR.jpg",800,400,false],"1536x1536":["https:\/\/pueblosycomarcas.com\/wp-content\/uploads\/2025\/11\/20251115_laguna_INTUR.jpg",800,400,false],"2048x2048":["https:\/\/pueblosycomarcas.com\/wp-content\/uploads\/2025\/11\/20251115_laguna_INTUR.jpg",800,400,false],"trp-custom-language-flag":["https:\/\/pueblosycomarcas.com\/wp-content\/uploads\/2025\/11\/20251115_laguna_INTUR.jpg",18,9,false]},"rttpg_author":{"display_name":"admin","author_link":"https:\/\/pueblosycomarcas.com\/en\/author\/webalquimia\/"},"rttpg_comment":0,"rttpg_category":"<a href=\"https:\/\/pueblosycomarcas.com\/en\/category\/cultura-y-tradicion\/\" rel=\"category tag\">Cultura y Tradici\u00f3n<\/a> <a href=\"https:\/\/pueblosycomarcas.com\/en\/category\/ocio\/\" rel=\"category tag\">Ocio<\/a> <a href=\"https:\/\/pueblosycomarcas.com\/en\/category\/portada\/\" rel=\"category tag\">Portada<\/a>","rttpg_excerpt":"Laguna presenta su Navidad en INTUR con el Bel\u00e9n Viviente como uno de sus protagonistas Ha sido declarado Fiesta de Inter\u00e9s Tur\u00edstico de Castilla y Le\u00f3n en este 2025, a\u00f1o en el que cumple 25 ediciones Pueblosycomarcas.com;&nbsp;@PueblosComarcas La Navidad se va acercando y Laguna de Duero ha querido hacerla protagonista de su intervenci\u00f3n en INTUR,&hellip;","_links":{"self":[{"href":"https:\/\/pueblosycomarcas.com\/en\/wp-json\/wp\/v2\/posts\/2845","targetHints":{"allow":["GET"]}}],"collection":[{"href":"https:\/\/pueblosycomarcas.com\/en\/wp-json\/wp\/v2\/posts"}],"about":[{"href":"https:\/\/pueblosycomarcas.com\/en\/wp-json\/wp\/v2\/types\/post"}],"author":[{"embeddable":true,"href":"https:\/\/pueblosycomarcas.com\/en\/wp-json\/wp\/v2\/users\/1"}],"replies":[{"embeddable":true,"href":"https:\/\/pueblosycomarcas.com\/en\/wp-json\/wp\/v2\/comments?post=2845"}],"version-history":[{"count":5,"href":"https:\/\/pueblosycomarcas.com\/en\/wp-json\/wp\/v2\/posts\/2845\/revisions"}],"predecessor-version":[{"id":2851,"href":"https:\/\/pueblosycomarcas.com\/en\/wp-json\/wp\/v2\/posts\/2845\/revisions\/2851"}],"wp:featuredmedia":[{"embeddable":true,"href":"https:\/\/pueblosycomarcas.com\/en\/wp-json\/wp\/v2\/media\/2846"}],"wp:attachment":[{"href":"https:\/\/pueblosycomarcas.com\/en\/wp-json\/wp\/v2\/media?parent=2845"}],"wp:term":[{"taxonomy":"category","embeddable":true,"href":"https:\/\/pueblosycomarcas.com\/en\/wp-json\/wp\/v2\/categories?post=2845"},{"taxonomy":"post_tag","embeddable":true,"href":"https:\/\/pueblosycomarcas.com\/en\/wp-json\/wp\/v2\/tags?post=2845"}],"curies":[{"name":"wp","href":"https:\/\/api.w.org\/{rel}","templated":true}]}}