{"id":2838,"date":"2025-11-15T09:28:01","date_gmt":"2025-11-15T08:28:01","guid":{"rendered":"https:\/\/webalquimia.es\/?p=2838"},"modified":"2025-11-15T09:32:52","modified_gmt":"2025-11-15T08:32:52","slug":"diputacion-de-valladolid-refuerza-su-apoyo-a-los-grupos-de-accion-local-y-traslada-sus-inquietudes-al-parlamento-europeo-ante-el-nuevo-marco-comun-europeo","status":"publish","type":"post","link":"https:\/\/pueblosycomarcas.com\/en\/diputacion-de-valladolid-refuerza-su-apoyo-a-los-grupos-de-accion-local-y-traslada-sus-inquietudes-al-parlamento-europeo-ante-el-nuevo-marco-comun-europeo\/","title":{"rendered":"Diputaci\u00f3n de Valladolid refuerza su apoyo a los Grupos de Acci\u00f3n Local y traslada sus inquietudes al Parlamento Europeo ante el nuevo Marco Com\u00fan Europeo"},"content":{"rendered":"<div data-elementor-type=\"wp-post\" data-elementor-id=\"2838\" class=\"elementor elementor-2838\">\n\t\t\t\t<div class=\"elementor-element elementor-element-baa9002 e-flex e-con-boxed wpr-particle-no wpr-jarallax-no wpr-parallax-no wpr-sticky-section-no wpr-equal-height-no e-con e-parent\" data-id=\"baa9002\" data-element_type=\"container\" data-e-type=\"container\">\n\t\t\t\t\t<div class=\"e-con-inner\">\n\t\t\t\t<div class=\"elementor-element elementor-element-3afe11b elementor-widget elementor-widget-heading\" data-id=\"3afe11b\" data-element_type=\"widget\" data-e-type=\"widget\" data-widget_type=\"heading.default\">\n\t\t\t\t\t<h2 class=\"elementor-heading-title elementor-size-default\">Diputaci\u00f3n de Valladolid refuerza su apoyo a los Grupos de Acci\u00f3n Local y traslada sus inquietudes al Parlamento Europeo ante el nuevo Marco Com\u00fan Europeo<\/h2>\t\t\t\t<\/div>\n\t\t\t\t<div class=\"elementor-element elementor-element-e4f686c elementor-widget elementor-widget-text-editor\" data-id=\"e4f686c\" data-element_type=\"widget\" data-e-type=\"widget\" data-widget_type=\"text-editor.default\">\n\t\t\t\t\t\t\t\t\t<ul><li><h6><em><strong>La Diputaci\u00f3n de Valladolid incrementa un 20% la dotaci\u00f3n presupuestaria para los Grupos de Acci\u00f3n Local de la provincia<\/strong><\/em><\/h6><\/li><li><h6><em><strong>El eurodiputado Ra\u00fal de la Hoz ha participado en la reuni\u00f3n para recoger sus inquietudes y elevarlas ante las instituciones europeas<\/strong><\/em><\/h6><\/li><\/ul>\t\t\t\t\t\t\t\t<\/div>\n\t\t\t\t<div class=\"elementor-element elementor-element-de24620 elementor-widget-divider--view-line elementor-widget elementor-widget-divider\" data-id=\"de24620\" data-element_type=\"widget\" data-e-type=\"widget\" data-widget_type=\"divider.default\">\n\t\t\t\t\t\t\t<div class=\"elementor-divider\">\n\t\t\t<span class=\"elementor-divider-separator\">\n\t\t\t\t\t\t<\/span>\n\t\t<\/div>\n\t\t\t\t\t\t<\/div>\n\t\t\t\t<div class=\"elementor-element elementor-element-b0441d1 elementor-widget elementor-widget-image\" data-id=\"b0441d1\" data-element_type=\"widget\" data-e-type=\"widget\" data-widget_type=\"image.default\">\n\t\t\t\t\t\t\t\t\t\t\t\t\t\t\t<img fetchpriority=\"high\" decoding=\"async\" width=\"800\" height=\"400\" src=\"https:\/\/pueblosycomarcas.com\/wp-content\/uploads\/2025\/11\/20251115_reunion_grupos_accion_local.jpeg\" class=\"attachment-large size-large wp-image-2839\" alt=\"\" srcset=\"https:\/\/pueblosycomarcas.com\/wp-content\/uploads\/2025\/11\/20251115_reunion_grupos_accion_local.jpeg 800w, https:\/\/pueblosycomarcas.com\/wp-content\/uploads\/2025\/11\/20251115_reunion_grupos_accion_local-300x150.jpeg 300w, https:\/\/pueblosycomarcas.com\/wp-content\/uploads\/2025\/11\/20251115_reunion_grupos_accion_local-768x384.jpeg 768w\" sizes=\"(max-width: 800px) 100vw, 800px\" \/>\t\t\t\t\t\t\t\t\t\t\t\t\t\t\t<\/div>\n\t\t\t\t<div class=\"elementor-element elementor-element-cced21b elementor-widget elementor-widget-text-editor\" data-id=\"cced21b\" data-element_type=\"widget\" data-e-type=\"widget\" data-widget_type=\"text-editor.default\">\n\t\t\t\t\t\t\t\t\t<p><a href=\"https:\/\/www.facebook.com\/Pueblos-y-Comarcas-125437870924169\/?fref=ts\"><em><strong>Pueblosycomarcas.com<\/strong><\/em><\/a><em><strong>;&nbsp;<\/strong><\/em><a href=\"https:\/\/twitter.com\/PueblosComarcas\"><em><strong>@PueblosComarcas<\/strong><\/em><\/a><\/p>\n<p>El presidente de la Diputaci\u00f3n de Valladolid, Conrado \u00cdscar, mantuvo ayer viernes una reuni\u00f3n de trabajo con los presidentes de los cinco Grupos de Acci\u00f3n Local (GAL) de la provincia, en un encuentro celebrado en el Palacio de Pimentel y en el que han participado tambi\u00e9n el eurodiputado Ra\u00fal de la Hoz y la directora general de Industria y Cadena Agroalimentaria, Cristina Fr\u00edas.<\/p>\n<p>En la reuni\u00f3n estuvieron presentes los representantes de los cinco Grupos de Acci\u00f3n Local: David Esteban, presidente de Campos y Torozos; Roberto D\u00edez, gerente del Grupo Duero Esgueva; Alfonso Romo, presidente del Grupo Ruta Mud\u00e9jar; Jos\u00e9 Andr\u00e9s Garc\u00eda, presidente del ADRI Valladolid Zona Norte; y Miguel \u00c1ngel Oliveira, presidente del Valladolid Zona Centro.<\/p>\n<p>Durante el encuentro se ha abordado principalmente la aplicaci\u00f3n del Plan Estrat\u00e9gico de la PAC en Castilla y Le\u00f3n, con especial atenci\u00f3n a las Estrategias de Desarrollo Local relacionadas con los fondos LEADER, fundamentales para promover emprendimiento, fijar poblaci\u00f3n y mejorar los servicios en el medio rural y que despierta incertidumbre entre los representantes de los GAL porque seg\u00fan han asegurado \u201cla siguiente asignaci\u00f3n de estos fondos todav\u00eda no est\u00e1 asegurada\u201d con el consiguiente perjuicio para el medio rural de nuestra provincia.<\/p>\n<h4><strong>COMPROMISOS CUMPLIDOS<\/strong><\/h4>\n<p>La reuni\u00f3n ha servido tambi\u00e9n para hacer seguimiento de los compromisos adquiridos por Conrado \u00cdscar unas semanas con los Grupos de Acci\u00f3n Local.<\/p>\n<p>En relaci\u00f3n con la petici\u00f3n de aumentar la asignaci\u00f3n presupuestaria, el presidente ha hecho efectivo este compromiso con un incremento del 20 % en la dotaci\u00f3n econ\u00f3mica destinada a los GAL, reflejado en el proyecto de presupuestos para 2026, presentado la semana pasada.<\/p>\n<p>Del mismo modo, los representantes de los grupos hab\u00edan trasladado su preocupaci\u00f3n por la incertidumbre respecto al futuro de los fondos LEADER y solicitaron una interlocuci\u00f3n directa con el Parlamento Europeo. Este compromiso tambi\u00e9n se ha cumplido, y por ello el eurodiputado Ra\u00fal de la Hoz ha participado en la reuni\u00f3n de hoy para recoger sus inquietudes y elevarlas ante las instituciones europeas.<\/p>\n<p>La directora general Cristina Fr\u00edas ha reafirmado durante el encuentro el compromiso de la Junta de Castilla y Le\u00f3n con los Grupos de Acci\u00f3n Local y con la continuidad de las pol\u00edticas de desarrollo rural.<\/p>\t\t\t\t\t\t\t\t<\/div>\n\t\t\t\t\t<\/div>\n\t\t\t\t<\/div>\n\t\t\t\t<\/div>","protected":false},"excerpt":{"rendered":"<p>Diputaci\u00f3n de Valladolid refuerza su apoyo a los Grupos de Acci\u00f3n Local y traslada sus inquietudes al Parlamento Europeo ante el nuevo Marco Com\u00fan Europeo La Diputaci\u00f3n de Valladolid incrementa un 20% la dotaci\u00f3n presupuestaria para los Grupos de Acci\u00f3n Local de la provincia El eurodiputado Ra\u00fal de la Hoz ha participado en la reuni\u00f3n para recoger sus inquietudes y elevarlas ante las instituciones europeas Pueblosycomarcas.com;&nbsp;@PueblosComarcas El presidente de la Diputaci\u00f3n de Valladolid, Conrado \u00cdscar, mantuvo ayer viernes una reuni\u00f3n de trabajo con los presidentes de los cinco Grupos de Acci\u00f3n Local (GAL) de la provincia, en un encuentro celebrado en el Palacio de Pimentel y en el que han participado tambi\u00e9n el eurodiputado Ra\u00fal de la Hoz y la directora general de Industria y Cadena Agroalimentaria, Cristina Fr\u00edas. En la reuni\u00f3n estuvieron presentes los representantes de los cinco Grupos de Acci\u00f3n Local: David Esteban, presidente de Campos y Torozos; Roberto D\u00edez, gerente del Grupo Duero Esgueva; Alfonso Romo, presidente del Grupo Ruta Mud\u00e9jar; Jos\u00e9 Andr\u00e9s Garc\u00eda, presidente del ADRI Valladolid Zona Norte; y Miguel \u00c1ngel Oliveira, presidente del Valladolid Zona Centro. Durante el encuentro se ha abordado principalmente la aplicaci\u00f3n del Plan Estrat\u00e9gico de la PAC en Castilla y Le\u00f3n, con especial atenci\u00f3n a las Estrategias de Desarrollo Local relacionadas con los fondos LEADER, fundamentales para promover emprendimiento, fijar poblaci\u00f3n y mejorar los servicios en el medio rural y que despierta incertidumbre entre los representantes de los GAL porque seg\u00fan han asegurado \u201cla siguiente asignaci\u00f3n de estos fondos todav\u00eda no est\u00e1 asegurada\u201d con el consiguiente perjuicio para el medio rural de nuestra provincia. COMPROMISOS CUMPLIDOS La reuni\u00f3n ha servido tambi\u00e9n para hacer seguimiento de los compromisos adquiridos por Conrado \u00cdscar unas semanas con los Grupos de Acci\u00f3n Local. En relaci\u00f3n con la petici\u00f3n de aumentar la asignaci\u00f3n presupuestaria, el presidente ha hecho efectivo este compromiso con un incremento del 20 % en la dotaci\u00f3n econ\u00f3mica destinada a los GAL, reflejado en el proyecto de presupuestos para 2026, presentado la semana pasada. Del mismo modo, los representantes de los grupos hab\u00edan trasladado su preocupaci\u00f3n por la incertidumbre respecto al futuro de los fondos LEADER y solicitaron una interlocuci\u00f3n directa con el Parlamento Europeo. Este compromiso tambi\u00e9n se ha cumplido, y por ello el eurodiputado Ra\u00fal de la Hoz ha participado en la reuni\u00f3n de hoy para recoger sus inquietudes y elevarlas ante las instituciones europeas. La directora general Cristina Fr\u00edas ha reafirmado durante el encuentro el compromiso de la Junta de Castilla y Le\u00f3n con los Grupos de Acci\u00f3n Local y con la continuidad de las pol\u00edticas de desarrollo rural.<\/p>","protected":false},"author":1,"featured_media":2839,"comment_status":"open","ping_status":"closed","sticky":false,"template":"","format":"standard","meta":{"site-sidebar-layout":"default","site-content-layout":"","ast-site-content-layout":"default","site-content-style":"default","site-sidebar-style":"default","ast-global-header-display":"","ast-banner-title-visibility":"","ast-main-header-display":"","ast-hfb-above-header-display":"","ast-hfb-below-header-display":"","ast-hfb-mobile-header-display":"","site-post-title":"disabled","ast-breadcrumbs-content":"","ast-featured-img":"","footer-sml-layout":"","theme-transparent-header-meta":"","adv-header-id-meta":"","stick-header-meta":"","header-above-stick-meta":"","header-main-stick-meta":"","header-below-stick-meta":"","astra-migrate-meta-layouts":"default","ast-page-background-enabled":"default","ast-page-background-meta":{"desktop":{"background-color":"var(--ast-global-color-5)","background-image":"","background-repeat":"repeat","background-position":"center center","background-size":"auto","background-attachment":"scroll","background-type":"","background-media":"","overlay-type":"","overlay-color":"","overlay-opacity":"","overlay-gradient":""},"tablet":{"background-color":"","background-image":"","background-repeat":"repeat","background-position":"center center","background-size":"auto","background-attachment":"scroll","background-type":"","background-media":"","overlay-type":"","overlay-color":"","overlay-opacity":"","overlay-gradient":""},"mobile":{"background-color":"","background-image":"","background-repeat":"repeat","background-position":"center center","background-size":"auto","background-attachment":"scroll","background-type":"","background-media":"","overlay-type":"","overlay-color":"","overlay-opacity":"","overlay-gradient":""}},"ast-content-background-meta":{"desktop":{"background-color":"var(--ast-global-color-4)","background-image":"","background-repeat":"repeat","background-position":"center center","background-size":"auto","background-attachment":"scroll","background-type":"","background-media":"","overlay-type":"","overlay-color":"","overlay-opacity":"","overlay-gradient":""},"tablet":{"background-color":"var(--ast-global-color-4)","background-image":"","background-repeat":"repeat","background-position":"center center","background-size":"auto","background-attachment":"scroll","background-type":"","background-media":"","overlay-type":"","overlay-color":"","overlay-opacity":"","overlay-gradient":""},"mobile":{"background-color":"var(--ast-global-color-4)","background-image":"","background-repeat":"repeat","background-position":"center center","background-size":"auto","background-attachment":"scroll","background-type":"","background-media":"","overlay-type":"","overlay-color":"","overlay-opacity":"","overlay-gradient":""}},"ngg_post_thumbnail":0,"footnotes":""},"categories":[16,5],"tags":[26],"class_list":["post-2838","post","type-post","status-publish","format-standard","has-post-thumbnail","hentry","category-portada","category-actualidad","tag-diputacion-de-valladolid"],"aioseo_notices":[],"rttpg_featured_image_url":{"full":["https:\/\/pueblosycomarcas.com\/wp-content\/uploads\/2025\/11\/20251115_reunion_grupos_accion_local.jpeg",800,400,false],"landscape":["https:\/\/pueblosycomarcas.com\/wp-content\/uploads\/2025\/11\/20251115_reunion_grupos_accion_local.jpeg",800,400,false],"portraits":["https:\/\/pueblosycomarcas.com\/wp-content\/uploads\/2025\/11\/20251115_reunion_grupos_accion_local.jpeg",800,400,false],"thumbnail":["https:\/\/pueblosycomarcas.com\/wp-content\/uploads\/2025\/11\/20251115_reunion_grupos_accion_local-150x150.jpeg",150,150,true],"medium":["https:\/\/pueblosycomarcas.com\/wp-content\/uploads\/2025\/11\/20251115_reunion_grupos_accion_local-300x150.jpeg",300,150,true],"large":["https:\/\/pueblosycomarcas.com\/wp-content\/uploads\/2025\/11\/20251115_reunion_grupos_accion_local.jpeg",800,400,false],"1536x1536":["https:\/\/pueblosycomarcas.com\/wp-content\/uploads\/2025\/11\/20251115_reunion_grupos_accion_local.jpeg",800,400,false],"2048x2048":["https:\/\/pueblosycomarcas.com\/wp-content\/uploads\/2025\/11\/20251115_reunion_grupos_accion_local.jpeg",800,400,false],"trp-custom-language-flag":["https:\/\/pueblosycomarcas.com\/wp-content\/uploads\/2025\/11\/20251115_reunion_grupos_accion_local.jpeg",18,9,false]},"rttpg_author":{"display_name":"admin","author_link":"https:\/\/pueblosycomarcas.com\/en\/author\/webalquimia\/"},"rttpg_comment":0,"rttpg_category":"<a href=\"https:\/\/pueblosycomarcas.com\/en\/category\/portada\/\" rel=\"category tag\">Portada<\/a> <a href=\"https:\/\/pueblosycomarcas.com\/en\/category\/actualidad\/\" rel=\"category tag\">Tierra de Pinares<\/a>","rttpg_excerpt":"Diputaci\u00f3n de Valladolid refuerza su apoyo a los Grupos de Acci\u00f3n Local y traslada sus inquietudes al Parlamento Europeo ante el nuevo Marco Com\u00fan Europeo La Diputaci\u00f3n de Valladolid incrementa un 20% la dotaci\u00f3n presupuestaria para los Grupos de Acci\u00f3n Local de la provincia El eurodiputado Ra\u00fal de la Hoz ha participado en la reuni\u00f3n&hellip;","_links":{"self":[{"href":"https:\/\/pueblosycomarcas.com\/en\/wp-json\/wp\/v2\/posts\/2838","targetHints":{"allow":["GET"]}}],"collection":[{"href":"https:\/\/pueblosycomarcas.com\/en\/wp-json\/wp\/v2\/posts"}],"about":[{"href":"https:\/\/pueblosycomarcas.com\/en\/wp-json\/wp\/v2\/types\/post"}],"author":[{"embeddable":true,"href":"https:\/\/pueblosycomarcas.com\/en\/wp-json\/wp\/v2\/users\/1"}],"replies":[{"embeddable":true,"href":"https:\/\/pueblosycomarcas.com\/en\/wp-json\/wp\/v2\/comments?post=2838"}],"version-history":[{"count":5,"href":"https:\/\/pueblosycomarcas.com\/en\/wp-json\/wp\/v2\/posts\/2838\/revisions"}],"predecessor-version":[{"id":2844,"href":"https:\/\/pueblosycomarcas.com\/en\/wp-json\/wp\/v2\/posts\/2838\/revisions\/2844"}],"wp:featuredmedia":[{"embeddable":true,"href":"https:\/\/pueblosycomarcas.com\/en\/wp-json\/wp\/v2\/media\/2839"}],"wp:attachment":[{"href":"https:\/\/pueblosycomarcas.com\/en\/wp-json\/wp\/v2\/media?parent=2838"}],"wp:term":[{"taxonomy":"category","embeddable":true,"href":"https:\/\/pueblosycomarcas.com\/en\/wp-json\/wp\/v2\/categories?post=2838"},{"taxonomy":"post_tag","embeddable":true,"href":"https:\/\/pueblosycomarcas.com\/en\/wp-json\/wp\/v2\/tags?post=2838"}],"curies":[{"name":"wp","href":"https:\/\/api.w.org\/{rel}","templated":true}]}}